{"id":101176,"date":"2026-06-06T13:38:56","date_gmt":"2026-06-06T13:38:56","guid":{"rendered":"https:\/\/www.shqiperia.com\/blog\/?p=101176"},"modified":"2026-06-06T13:38:56","modified_gmt":"2026-06-06T13:38:56","slug":"proteste-edhe-ne-londer-shqiptaret-e-diaspores-kunder-qeverise-rama","status":"publish","type":"post","link":"https:\/\/www.shqiperia.com\/blog\/proteste-edhe-ne-londer-shqiptaret-e-diaspores-kunder-qeverise-rama\/","title":{"rendered":"Protest\u00eb edhe n\u00eb Lond\u00ebr, shqiptar\u00ebt e diaspor\u00ebs kund\u00ebr qeveris\u00eb Rama"},"content":{"rendered":"<p><img data-recalc-dims=\"1\" loading=\"lazy\" decoding=\"async\" data-attachment-id=\"101177\" data-permalink=\"https:\/\/www.shqiperia.com\/blog\/proteste-edhe-ne-londer-shqiptaret-e-diaspores-kunder-qeverise-rama\/londer-proteste\/\" data-orig-file=\"https:\/\/i0.wp.com\/www.shqiperia.com\/blog\/wp-content\/uploads\/2026\/06\/londer-proteste.jpg?fit=900%2C503&amp;ssl=1\" data-orig-size=\"900,503\" data-comments-opened=\"1\" data-image-meta=\"{&quot;aperture&quot;:&quot;0&quot;,&quot;credit&quot;:&quot;&quot;,&quot;camera&quot;:&quot;&quot;,&quot;caption&quot;:&quot;&quot;,&quot;created_timestamp&quot;:&quot;0&quot;,&quot;copyright&quot;:&quot;&quot;,&quot;focal_length&quot;:&quot;0&quot;,&quot;iso&quot;:&quot;0&quot;,&quot;shutter_speed&quot;:&quot;0&quot;,&quot;title&quot;:&quot;&quot;,&quot;orientation&quot;:&quot;0&quot;}\" data-image-title=\"londer-proteste\" data-image-description=\"\" data-image-caption=\"\" data-medium-file=\"https:\/\/i0.wp.com\/www.shqiperia.com\/blog\/wp-content\/uploads\/2026\/06\/londer-proteste.jpg?fit=300%2C168&amp;ssl=1\" data-large-file=\"https:\/\/i0.wp.com\/www.shqiperia.com\/blog\/wp-content\/uploads\/2026\/06\/londer-proteste.jpg?fit=900%2C503&amp;ssl=1\" class=\"alignnone  wp-image-101177\" alt=\"\" src=\"https:\/\/i0.wp.com\/www.shqiperia.com\/blog\/wp-content\/uploads\/2026\/06\/londer-proteste.jpg?resize=580%2C325&#038;ssl=1\" width=\"580\" height=\"325\" srcset=\"https:\/\/i0.wp.com\/www.shqiperia.com\/blog\/wp-content\/uploads\/2026\/06\/londer-proteste.jpg?resize=300%2C168&amp;ssl=1 300w, https:\/\/i0.wp.com\/www.shqiperia.com\/blog\/wp-content\/uploads\/2026\/06\/londer-proteste.jpg?resize=768%2C429&amp;ssl=1 768w, https:\/\/i0.wp.com\/www.shqiperia.com\/blog\/wp-content\/uploads\/2026\/06\/londer-proteste.jpg?resize=450%2C252&amp;ssl=1 450w, https:\/\/i0.wp.com\/www.shqiperia.com\/blog\/wp-content\/uploads\/2026\/06\/londer-proteste.jpg?resize=600%2C335&amp;ssl=1 600w, https:\/\/i0.wp.com\/www.shqiperia.com\/blog\/wp-content\/uploads\/2026\/06\/londer-proteste.jpg?resize=400%2C224&amp;ssl=1 400w, https:\/\/i0.wp.com\/www.shqiperia.com\/blog\/wp-content\/uploads\/2026\/06\/londer-proteste.jpg?w=900&amp;ssl=1 900w\" sizes=\"auto, (max-width: 580px) 100vw, 580px\" \/><\/p>\n<p><em><strong>6 Qershor 2026<\/strong><\/em><\/p>\n<p><em><strong>Nd\u00ebrsa protesta t\u00eb diaspor\u00ebs shqiptare po zhvillohen paralelisht n\u00eb disa qytete t\u00eb Europ\u00ebs dhe Amerik\u00ebs s\u00eb Veriut, edhe Londra \u00ebsht\u00eb b\u00ebr\u00eb pjes\u00eb e k\u00ebsaj vale reagimi kund\u00ebr politikave t\u00eb qeveris\u00eb s\u00eb kryeministrit Edi Rama.<\/strong><\/em><\/p>\n<p>Qindra shqiptar\u00eb jan\u00eb mbledhur n\u00eb kryeqytetin britanik me flamuj komb\u00ebtar\u00eb dhe pankarta, duke shprehur pak\u00ebnaq\u00ebsin\u00eb e tyre p\u00ebr qeverin\u00eb.<\/p>\n<p>Tubimi n\u00eb Lond\u00ebr po zhvillohet n\u00eb t\u00eb nj\u00ebjt\u00ebn koh\u00eb me protesta t\u00eb ngjashme n\u00eb qytete t\u00eb tjera ku jeton nj\u00eb komunitet i madh shqiptar, duke treguar se pak\u00ebnaq\u00ebsia ndaj situat\u00ebs n\u00eb Shqip\u00ebri po shprehet edhe jasht\u00eb vendit.<\/p>\n","protected":false},"excerpt":{"rendered":"<p>6 Qershor 2026 Nd\u00ebrsa protesta t\u00eb diaspor\u00ebs shqiptare po zhvillohen paralelisht n\u00eb disa qytete t\u00eb Europ\u00ebs dhe Amerik\u00ebs s\u00eb Veriut, edhe Londra \u00ebsht\u00eb b\u00ebr\u00eb pjes\u00eb e k\u00ebsaj vale reagimi kund\u00ebr politikave t\u00eb qeveris\u00eb s\u00eb kryeministrit Edi Rama. Qindra shqiptar\u00eb jan\u00eb mbledhur n\u00eb kryeqytetin britanik me flamuj komb\u00ebtar\u00eb dhe pankarta, duke shprehur pak\u00ebnaq\u00ebsin\u00eb e tyre p\u00ebr [&hellip;]<\/p>\n","protected":false},"author":9,"featured_media":101177,"comment_status":"open","ping_status":"open","sticky":false,"template":"","format":"standard","meta":{"jetpack_post_was_ever_published":false,"_jetpack_newsletter_access":"","_jetpack_dont_email_post_to_subs":false,"_jetpack_newsletter_tier_id":0,"_jetpack_memberships_contains_paywalled_content":false,"_jetpack_memberships_contains_paid_content":false,"footnotes":"","jetpack_publicize_message":"","jetpack_publicize_feature_enabled":true,"jetpack_social_post_already_shared":true,"jetpack_social_options":{"image_generator_settings":{"template":"highway","default_image_id":0,"font":"","enabled":false},"version":2}},"categories":[27,2],"tags":[],"class_list":["post-101176","post","type-post","status-publish","format-standard","has-post-thumbnail","hentry","category-blogu-i-udhetarit","category-politika"],"jetpack_publicize_connections":[],"jetpack_featured_media_url":"https:\/\/i0.wp.com\/www.shqiperia.com\/blog\/wp-content\/uploads\/2026\/06\/londer-proteste.jpg?fit=900%2C503&ssl=1","jetpack_sharing_enabled":true,"jetpack_shortlink":"https:\/\/wp.me\/p5Z6wp-qjS","jetpack-related-posts":[{"id":104559,"url":"https:\/\/www.shqiperia.com\/blog\/sonte-qytetaret-dhe-pjesetaret-e-diaspores-pritet-te-mblidhen-serish-ne-shesh\/","url_meta":{"origin":101176,"position":0},"title":"Sonte qytetar\u00ebt dhe pjes\u00ebtar\u00ebt e diaspor\u00ebs pritet t\u00eb mblidhen s\u00ebrish n\u00eb shesh","author":"Kurt Farka","date":"August 16, 2026","format":false,"excerpt":"16 Gusht 2026 Protesta e 78-t\u00eb masive kund\u00ebr qeveris\u00eb dhe kryeministrit, diaspora i bashkohet s\u00ebrish sot qytetar\u00ebve n\u00eb shesh: Rama, jep dor\u00ebheqjen! Protesta qytetare kund\u00ebr qeveris\u00eb dhe kryeministrit Edi Rama sh\u00ebnon sot, 16 gusht, dit\u00ebn e 78-t\u00eb t\u00eb saj, nd\u00ebrsa n\u00eb shesh pritet s\u00ebrish nj\u00eb pjes\u00ebmarrje e konsiderueshme edhe nga\u2026","rel":"","context":"In &quot;Blogu i Udh\u00ebtarit&quot;","block_context":{"text":"Blogu i Udh\u00ebtarit","link":"https:\/\/www.shqiperia.com\/blog\/category\/blogu-i-udhetarit\/"},"img":{"alt_text":"","src":"https:\/\/i0.wp.com\/www.shqiperia.com\/blog\/wp-content\/uploads\/2026\/08\/protesta-dita-e-77-diaspora-14.jpeg?fit=1200%2C900&ssl=1&resize=350%2C200","width":350,"height":200,"srcset":"https:\/\/i0.wp.com\/www.shqiperia.com\/blog\/wp-content\/uploads\/2026\/08\/protesta-dita-e-77-diaspora-14.jpeg?fit=1200%2C900&ssl=1&resize=350%2C200 1x, https:\/\/i0.wp.com\/www.shqiperia.com\/blog\/wp-content\/uploads\/2026\/08\/protesta-dita-e-77-diaspora-14.jpeg?fit=1200%2C900&ssl=1&resize=525%2C300 1.5x, https:\/\/i0.wp.com\/www.shqiperia.com\/blog\/wp-content\/uploads\/2026\/08\/protesta-dita-e-77-diaspora-14.jpeg?fit=1200%2C900&ssl=1&resize=700%2C400 2x, https:\/\/i0.wp.com\/www.shqiperia.com\/blog\/wp-content\/uploads\/2026\/08\/protesta-dita-e-77-diaspora-14.jpeg?fit=1200%2C900&ssl=1&resize=1050%2C600 3x"},"classes":[]},{"id":104606,"url":"https:\/\/www.shqiperia.com\/blog\/nata-78-nga-gjermania-zvicra-e-shba-diaspora-ne-krye-te-marshimit\/","url_meta":{"origin":101176,"position":1},"title":"Nata 78\/ Nga Gjermania, Zvicra e SHBA, Diaspora n\u00eb krye t\u00eb marshimit","author":"Kurt Farka","date":"August 17, 2026","format":false,"excerpt":"17 Gusht 2026 Protesta e 78-t\u00eb kund\u00ebr qeveris\u00eb vijon n\u00eb Tiran\u00eb, nd\u00ebrsa qytetar\u00eb dhe pjes\u00ebtar\u00eb t\u00eb diaspor\u00ebs shqiptare jan\u00eb b\u00ebr\u00eb pjes\u00eb e marshimit t\u00eb madh n\u00eb rrug\u00ebt e kryeqytetit. Pas grumbullimit dhe protest\u00ebs p\u00ebrpara Kryeministris\u00eb, protestuesit kan\u00eb nisur marshimin n\u00ebp\u00ebr bulevardet dhe rrug\u00ebt e Tiran\u00ebs, duke mbushur hap\u00ebsirat e kryeqytetit.\u2026","rel":"","context":"In &quot;Blogu i Udh\u00ebtarit&quot;","block_context":{"text":"Blogu i Udh\u00ebtarit","link":"https:\/\/www.shqiperia.com\/blog\/category\/blogu-i-udhetarit\/"},"img":{"alt_text":"","src":"https:\/\/i0.wp.com\/www.shqiperia.com\/blog\/wp-content\/uploads\/2026\/08\/800-0-img-6559-6a821aadd8dfe.jpeg?fit=800%2C719&ssl=1&resize=350%2C200","width":350,"height":200,"srcset":"https:\/\/i0.wp.com\/www.shqiperia.com\/blog\/wp-content\/uploads\/2026\/08\/800-0-img-6559-6a821aadd8dfe.jpeg?fit=800%2C719&ssl=1&resize=350%2C200 1x, https:\/\/i0.wp.com\/www.shqiperia.com\/blog\/wp-content\/uploads\/2026\/08\/800-0-img-6559-6a821aadd8dfe.jpeg?fit=800%2C719&ssl=1&resize=525%2C300 1.5x, https:\/\/i0.wp.com\/www.shqiperia.com\/blog\/wp-content\/uploads\/2026\/08\/800-0-img-6559-6a821aadd8dfe.jpeg?fit=800%2C719&ssl=1&resize=700%2C400 2x"},"classes":[]},{"id":102107,"url":"https:\/\/www.shqiperia.com\/blog\/rama-pritet-me-protesta-edhe-ne-gjermani-shqiptaret-tubim-ne-dusseldorf-jepe-doreheqjen\/","url_meta":{"origin":101176,"position":2},"title":"Rama pritet me protesta edhe n\u00eb Gjermani, shqiptar\u00ebt tubim n\u00eb D\u00fcsseldorf: Jepe dor\u00ebheqjen!","author":"Kurt Farka","date":"July 1, 2026","format":false,"excerpt":"1 Korrik 2026 Kryeministri Edi Rama u prit me protesta pasi shkoi n\u00eb D\u00fcsseldorf t\u00eb Gjermanis\u00eb p\u00ebr nj\u00eb takim me Kryeministrin e Landit t\u00eb Nordrhein-Westfalen, Hendrik W\u00fcst. N\u00eb nisje t\u00eb takimit, nj\u00eb grup protestuesish shqiptar\u00eb, me simbole komb\u00ebtare dhe thirrje p\u00ebr dor\u00ebheqjen e Ram\u00ebs kan\u00eb ngritur z\u00ebrin kund\u00ebr veprimeve t\u00eb\u2026","rel":"","context":"In &quot;Blogu i Udh\u00ebtarit&quot;","block_context":{"text":"Blogu i Udh\u00ebtarit","link":"https:\/\/www.shqiperia.com\/blog\/category\/blogu-i-udhetarit\/"},"img":{"alt_text":"","src":"https:\/\/i0.wp.com\/www.shqiperia.com\/blog\/wp-content\/uploads\/2026\/07\/yrtyrty.jpg?fit=1114%2C629&ssl=1&resize=350%2C200","width":350,"height":200,"srcset":"https:\/\/i0.wp.com\/www.shqiperia.com\/blog\/wp-content\/uploads\/2026\/07\/yrtyrty.jpg?fit=1114%2C629&ssl=1&resize=350%2C200 1x, https:\/\/i0.wp.com\/www.shqiperia.com\/blog\/wp-content\/uploads\/2026\/07\/yrtyrty.jpg?fit=1114%2C629&ssl=1&resize=525%2C300 1.5x, https:\/\/i0.wp.com\/www.shqiperia.com\/blog\/wp-content\/uploads\/2026\/07\/yrtyrty.jpg?fit=1114%2C629&ssl=1&resize=700%2C400 2x, https:\/\/i0.wp.com\/www.shqiperia.com\/blog\/wp-content\/uploads\/2026\/07\/yrtyrty.jpg?fit=1114%2C629&ssl=1&resize=1050%2C600 3x"},"classes":[]},{"id":104501,"url":"https:\/\/www.shqiperia.com\/blog\/bulevardi-kuq-e-zi-dje-nga-diaspora\/","url_meta":{"origin":101176,"position":3},"title":"Bulevardi kuq e zi dje nga Diaspora","author":"Kurt Farka","date":"August 15, 2026","format":false,"excerpt":"13 Gusht 2026 Sot mbahet protesta e 77-t\u00eb kund\u00ebr qeveris\u00eb s\u00eb Edi Ram\u00ebs, me qytetar\u00ebt q\u00eb k\u00ebrkojn\u00eb dor\u00ebheqjen e kryeministrit dhe t\u00eb qeveris\u00eb s\u00eb tij. Ashtu si mbr\u00ebmjen e djeshme, protesta e radh\u00ebs do t\u00eb nis\u00eb n\u00eb or\u00ebn 19:30, nd\u00ebrsa pritet nj\u00eb pjes\u00ebmarrje e konsiderueshme edhe nga diaspora shqiptare. Dje,\u2026","rel":"","context":"In &quot;Blogu i Udh\u00ebtarit&quot;","block_context":{"text":"Blogu i Udh\u00ebtarit","link":"https:\/\/www.shqiperia.com\/blog\/category\/blogu-i-udhetarit\/"},"img":{"alt_text":"","src":"https:\/\/i0.wp.com\/www.shqiperia.com\/blog\/wp-content\/uploads\/2026\/08\/354345345345.jpg?fit=996%2C549&ssl=1&resize=350%2C200","width":350,"height":200,"srcset":"https:\/\/i0.wp.com\/www.shqiperia.com\/blog\/wp-content\/uploads\/2026\/08\/354345345345.jpg?fit=996%2C549&ssl=1&resize=350%2C200 1x, https:\/\/i0.wp.com\/www.shqiperia.com\/blog\/wp-content\/uploads\/2026\/08\/354345345345.jpg?fit=996%2C549&ssl=1&resize=525%2C300 1.5x, https:\/\/i0.wp.com\/www.shqiperia.com\/blog\/wp-content\/uploads\/2026\/08\/354345345345.jpg?fit=996%2C549&ssl=1&resize=700%2C400 2x"},"classes":[]},{"id":101179,"url":"https:\/\/www.shqiperia.com\/blog\/rama-ik-milano-ngrihet-mijra-emigrant-kunder-qeverise-rama\/","url_meta":{"origin":101176,"position":4},"title":"&#8216;Rama ik&#8217;\/ Milano ngrihet mijra emigrant kund\u00ebr qeveris\u00eb Rama","author":"Kurt Farka","date":"June 6, 2026","format":false,"excerpt":"6 Qershor 2026 Nj\u00eb val\u00eb protestash t\u00eb organizuara nga shqiptar\u00ebt e diaspor\u00ebs ka p\u00ebrfshir\u00eb disa nga qytetet m\u00eb t\u00eb m\u00ebdha t\u00eb Europ\u00ebs dhe Amerik\u00ebs s\u00eb Veriut, duke nxjerr\u00eb n\u00eb pah pak\u00ebnaq\u00ebsin\u00eb n\u00eb rritje ndaj qeveris\u00eb s\u00eb kryeministrit Edi Rama dhe situat\u00ebs s\u00eb r\u00ebnduar sociale e ekonomike n\u00eb vend. N\u00eb sheshe\u2026","rel":"","context":"In &quot;Blogu i Udh\u00ebtarit&quot;","block_context":{"text":"Blogu i Udh\u00ebtarit","link":"https:\/\/www.shqiperia.com\/blog\/category\/blogu-i-udhetarit\/"},"img":{"alt_text":"","src":"https:\/\/i0.wp.com\/www.shqiperia.com\/blog\/wp-content\/uploads\/2026\/06\/Protesta-Mulani.jpg?fit=900%2C512&ssl=1&resize=350%2C200","width":350,"height":200,"srcset":"https:\/\/i0.wp.com\/www.shqiperia.com\/blog\/wp-content\/uploads\/2026\/06\/Protesta-Mulani.jpg?fit=900%2C512&ssl=1&resize=350%2C200 1x, https:\/\/i0.wp.com\/www.shqiperia.com\/blog\/wp-content\/uploads\/2026\/06\/Protesta-Mulani.jpg?fit=900%2C512&ssl=1&resize=525%2C300 1.5x, https:\/\/i0.wp.com\/www.shqiperia.com\/blog\/wp-content\/uploads\/2026\/06\/Protesta-Mulani.jpg?fit=900%2C512&ssl=1&resize=700%2C400 2x"},"classes":[]},{"id":15351,"url":"https:\/\/www.shqiperia.com\/blog\/protesta-e-diaspores-nethirrje-kunder-rames\/","url_meta":{"origin":101176,"position":5},"title":"Protesta e diaspor\u00ebs n\u00ebThirrje kund\u00ebr Ram\u00ebs.-","author":"Kurt Farka","date":"December 28, 2018","format":false,"excerpt":"Protesta e diaspor\u00ebs n\u00ebThirrje kund\u00ebr Ram\u00ebs.- FOTO\/ Student\u00ebt rr\u00ebzuan gjysm\u00ebn e qeveris\u00eb Rama.\u00a0 - Lajmi b\u00ebn buj\u00eb n\u00ebp\u00ebr bot\u00eb 28\/12\/2018 Mij\u00ebra shqiptar\u00eb i jan\u00eb bashkuar protest\u00ebs s\u00eb sotme t\u00eb diaspor\u00ebs q\u00eb po zhvillohet tek kryeministria. T\u00eb ardhur nga vende t\u00eb ndryshme Europiane edhe nga Amerika, emigrant\u00ebve u jan\u00eb bashkuar edhe\u2026","rel":"","context":"In &quot;Blogu i Udh\u00ebtarit&quot;","block_context":{"text":"Blogu i Udh\u00ebtarit","link":"https:\/\/www.shqiperia.com\/blog\/category\/blogu-i-udhetarit\/"},"img":{"alt_text":"","src":"https:\/\/i0.wp.com\/www.shqiperia.com\/blog\/wp-content\/uploads\/2018\/12\/49343368_1997748903858595_2119125439233392640_n-1-675x450.jpg?fit=675%2C374&ssl=1&resize=350%2C200","width":350,"height":200,"srcset":"https:\/\/i0.wp.com\/www.shqiperia.com\/blog\/wp-content\/uploads\/2018\/12\/49343368_1997748903858595_2119125439233392640_n-1-675x450.jpg?fit=675%2C374&ssl=1&resize=350%2C200 1x, https:\/\/i0.wp.com\/www.shqiperia.com\/blog\/wp-content\/uploads\/2018\/12\/49343368_1997748903858595_2119125439233392640_n-1-675x450.jpg?fit=675%2C374&ssl=1&resize=525%2C300 1.5x"},"classes":[]}],"_links":{"self":[{"href":"https:\/\/www.shqiperia.com\/blog\/wp-json\/wp\/v2\/posts\/101176","targetHints":{"allow":["GET"]}}],"collection":[{"href":"https:\/\/www.shqiperia.com\/blog\/wp-json\/wp\/v2\/posts"}],"about":[{"href":"https:\/\/www.shqiperia.com\/blog\/wp-json\/wp\/v2\/types\/post"}],"author":[{"embeddable":true,"href":"https:\/\/www.shqiperia.com\/blog\/wp-json\/wp\/v2\/users\/9"}],"replies":[{"embeddable":true,"href":"https:\/\/www.shqiperia.com\/blog\/wp-json\/wp\/v2\/comments?post=101176"}],"version-history":[{"count":1,"href":"https:\/\/www.shqiperia.com\/blog\/wp-json\/wp\/v2\/posts\/101176\/revisions"}],"predecessor-version":[{"id":101178,"href":"https:\/\/www.shqiperia.com\/blog\/wp-json\/wp\/v2\/posts\/101176\/revisions\/101178"}],"wp:featuredmedia":[{"embeddable":true,"href":"https:\/\/www.shqiperia.com\/blog\/wp-json\/wp\/v2\/media\/101177"}],"wp:attachment":[{"href":"https:\/\/www.shqiperia.com\/blog\/wp-json\/wp\/v2\/media?parent=101176"}],"wp:term":[{"taxonomy":"category","embeddable":true,"href":"https:\/\/www.shqiperia.com\/blog\/wp-json\/wp\/v2\/categories?post=101176"},{"taxonomy":"post_tag","embeddable":true,"href":"https:\/\/www.shqiperia.com\/blog\/wp-json\/wp\/v2\/tags?post=101176"}],"curies":[{"name":"wp","href":"https:\/\/api.w.org\/{rel}","templated":true}]}}