{"id":101172,"date":"2026-06-06T09:42:28","date_gmt":"2026-06-06T09:42:28","guid":{"rendered":"https:\/\/www.shqiperia.com\/blog\/?p=101172"},"modified":"2026-06-06T09:42:53","modified_gmt":"2026-06-06T09:42:53","slug":"kur-rinia-cohet-qeveria-rrezohet-shit-zeqinene-po-deshe","status":"publish","type":"post","link":"https:\/\/www.shqiperia.com\/blog\/kur-rinia-cohet-qeveria-rrezohet-shit-zeqinene-po-deshe\/","title":{"rendered":"\u2018Kur rinia \u00e7ohet, qeveria rr\u00ebzohet\u2019, &#8211; Shit Zeqinen\u00eb po deshe."},"content":{"rendered":"<div id=\"attachment_101173\" style=\"width: 594px\" class=\"wp-caption alignnone\"><img data-recalc-dims=\"1\" loading=\"lazy\" decoding=\"async\" aria-describedby=\"caption-attachment-101173\" data-attachment-id=\"101173\" data-permalink=\"https:\/\/www.shqiperia.com\/blog\/kur-rinia-cohet-qeveria-rrezohet-shit-zeqinene-po-deshe\/shit-zeqinene-po-deshe\/\" data-orig-file=\"https:\/\/i0.wp.com\/www.shqiperia.com\/blog\/wp-content\/uploads\/2026\/06\/Shit-Zeqinene-po-deshe.jpeg?fit=900%2C666&amp;ssl=1\" data-orig-size=\"900,666\" data-comments-opened=\"1\" data-image-meta=\"{&quot;aperture&quot;:&quot;0&quot;,&quot;credit&quot;:&quot;&quot;,&quot;camera&quot;:&quot;&quot;,&quot;caption&quot;:&quot;&quot;,&quot;created_timestamp&quot;:&quot;0&quot;,&quot;copyright&quot;:&quot;&quot;,&quot;focal_length&quot;:&quot;0&quot;,&quot;iso&quot;:&quot;0&quot;,&quot;shutter_speed&quot;:&quot;0&quot;,&quot;title&quot;:&quot;&quot;,&quot;orientation&quot;:&quot;0&quot;}\" data-image-title=\"Shit Zeqinene po deshe\" data-image-description=\"\" data-image-caption=\"&lt;p&gt;Shit Zeqinene po deshe&lt;\/p&gt;\n\" data-medium-file=\"https:\/\/i0.wp.com\/www.shqiperia.com\/blog\/wp-content\/uploads\/2026\/06\/Shit-Zeqinene-po-deshe.jpeg?fit=300%2C222&amp;ssl=1\" data-large-file=\"https:\/\/i0.wp.com\/www.shqiperia.com\/blog\/wp-content\/uploads\/2026\/06\/Shit-Zeqinene-po-deshe.jpeg?fit=900%2C666&amp;ssl=1\" class=\" wp-image-101173\" alt=\"\" src=\"https:\/\/i0.wp.com\/www.shqiperia.com\/blog\/wp-content\/uploads\/2026\/06\/Shit-Zeqinene-po-deshe.jpeg?resize=584%2C432&#038;ssl=1\" width=\"584\" height=\"432\" srcset=\"https:\/\/i0.wp.com\/www.shqiperia.com\/blog\/wp-content\/uploads\/2026\/06\/Shit-Zeqinene-po-deshe.jpeg?resize=300%2C222&amp;ssl=1 300w, https:\/\/i0.wp.com\/www.shqiperia.com\/blog\/wp-content\/uploads\/2026\/06\/Shit-Zeqinene-po-deshe.jpeg?resize=768%2C568&amp;ssl=1 768w, https:\/\/i0.wp.com\/www.shqiperia.com\/blog\/wp-content\/uploads\/2026\/06\/Shit-Zeqinene-po-deshe.jpeg?resize=450%2C333&amp;ssl=1 450w, https:\/\/i0.wp.com\/www.shqiperia.com\/blog\/wp-content\/uploads\/2026\/06\/Shit-Zeqinene-po-deshe.jpeg?resize=600%2C444&amp;ssl=1 600w, https:\/\/i0.wp.com\/www.shqiperia.com\/blog\/wp-content\/uploads\/2026\/06\/Shit-Zeqinene-po-deshe.jpeg?resize=400%2C296&amp;ssl=1 400w, https:\/\/i0.wp.com\/www.shqiperia.com\/blog\/wp-content\/uploads\/2026\/06\/Shit-Zeqinene-po-deshe.jpeg?w=900&amp;ssl=1 900w\" sizes=\"auto, (max-width: 584px) 100vw, 584px\" \/><p id=\"caption-attachment-101173\" class=\"wp-caption-text\">Shit Zeqinene po deshe<\/p><\/div>\n<p>6 Qershor 2026<\/p>\n<p><em><strong>Edhe n\u00eb dit\u00ebn e gjasht\u00eb t\u00eb protest\u00ebs qytetare kund\u00ebr qeveris\u00eb s\u00eb Edi Ram\u00ebs, qindra protestues kan\u00eb dal\u00eb n\u00eb shesh duke mbajtur n\u00eb duar pankarta me mesazhe t\u00eb forta kund\u00ebr kryeministrit dhe kabinetit qeveritar.<\/strong><\/em><\/p>\n<p>Qytetar\u00ebt k\u00ebrkojn\u00eb dor\u00ebheqjen e Edi Ram\u00ebs dhe largimin e qeveris\u00eb s\u00eb tij, nd\u00ebrsa p\u00ebrmes pankartave kan\u00eb shprehur pak\u00ebnaq\u00ebsin\u00eb dhe revolt\u00ebn ndaj situat\u00ebs n\u00eb vend.<\/p>\n<p><em>\u201cShit Zeqinen po deshe, jo Zv\u00ebrnecin\u201d,<\/em><span>\u00a0<\/span>ishte nj\u00eb prej pankartave q\u00eb t\u00ebrhoqi v\u00ebmendjen gjat\u00eb protest\u00ebs.<\/p>\n<p>Mes pankartave t\u00eb shumta u pa edhe shkrimi:<span>\u00a0<\/span><em>\u201c\u00c7una, p\u00ebrsh\u00ebndetje, shitet Rama, kafshim populli\u201d.<\/em><\/p>\n<div id=\"attachment_101174\" style=\"width: 789px\" class=\"wp-caption alignnone\"><img data-recalc-dims=\"1\" loading=\"lazy\" decoding=\"async\" aria-describedby=\"caption-attachment-101174\" data-attachment-id=\"101174\" data-permalink=\"https:\/\/www.shqiperia.com\/blog\/kur-rinia-cohet-qeveria-rrezohet-shit-zeqinene-po-deshe\/shit-zeqinene-po-deshe-2\/\" data-orig-file=\"https:\/\/i0.wp.com\/www.shqiperia.com\/blog\/wp-content\/uploads\/2026\/06\/Shit-Zeqinene-po-deshe-2.jpeg?fit=900%2C1042&amp;ssl=1\" data-orig-size=\"900,1042\" data-comments-opened=\"1\" data-image-meta=\"{&quot;aperture&quot;:&quot;0&quot;,&quot;credit&quot;:&quot;&quot;,&quot;camera&quot;:&quot;&quot;,&quot;caption&quot;:&quot;&quot;,&quot;created_timestamp&quot;:&quot;0&quot;,&quot;copyright&quot;:&quot;&quot;,&quot;focal_length&quot;:&quot;0&quot;,&quot;iso&quot;:&quot;0&quot;,&quot;shutter_speed&quot;:&quot;0&quot;,&quot;title&quot;:&quot;&quot;,&quot;orientation&quot;:&quot;0&quot;}\" data-image-title=\"Shit Zeqinene po deshe\" data-image-description=\"\" data-image-caption=\"&lt;p&gt;Shit Zeqinene po deshe&lt;\/p&gt;\n\" data-medium-file=\"https:\/\/i0.wp.com\/www.shqiperia.com\/blog\/wp-content\/uploads\/2026\/06\/Shit-Zeqinene-po-deshe-2.jpeg?fit=259%2C300&amp;ssl=1\" data-large-file=\"https:\/\/i0.wp.com\/www.shqiperia.com\/blog\/wp-content\/uploads\/2026\/06\/Shit-Zeqinene-po-deshe-2.jpeg?fit=884%2C1024&amp;ssl=1\" class=\" wp-image-101174\" alt=\"\" src=\"https:\/\/i0.wp.com\/www.shqiperia.com\/blog\/wp-content\/uploads\/2026\/06\/Shit-Zeqinene-po-deshe-2.jpeg?resize=779%2C902&#038;ssl=1\" width=\"779\" height=\"902\" srcset=\"https:\/\/i0.wp.com\/www.shqiperia.com\/blog\/wp-content\/uploads\/2026\/06\/Shit-Zeqinene-po-deshe-2.jpeg?resize=259%2C300&amp;ssl=1 259w, https:\/\/i0.wp.com\/www.shqiperia.com\/blog\/wp-content\/uploads\/2026\/06\/Shit-Zeqinene-po-deshe-2.jpeg?resize=884%2C1024&amp;ssl=1 884w, https:\/\/i0.wp.com\/www.shqiperia.com\/blog\/wp-content\/uploads\/2026\/06\/Shit-Zeqinene-po-deshe-2.jpeg?resize=768%2C889&amp;ssl=1 768w, https:\/\/i0.wp.com\/www.shqiperia.com\/blog\/wp-content\/uploads\/2026\/06\/Shit-Zeqinene-po-deshe-2.jpeg?resize=450%2C521&amp;ssl=1 450w, https:\/\/i0.wp.com\/www.shqiperia.com\/blog\/wp-content\/uploads\/2026\/06\/Shit-Zeqinene-po-deshe-2.jpeg?resize=600%2C695&amp;ssl=1 600w, https:\/\/i0.wp.com\/www.shqiperia.com\/blog\/wp-content\/uploads\/2026\/06\/Shit-Zeqinene-po-deshe-2.jpeg?resize=400%2C463&amp;ssl=1 400w, https:\/\/i0.wp.com\/www.shqiperia.com\/blog\/wp-content\/uploads\/2026\/06\/Shit-Zeqinene-po-deshe-2.jpeg?w=900&amp;ssl=1 900w\" sizes=\"auto, (max-width: 779px) 100vw, 779px\" \/><p id=\"caption-attachment-101174\" class=\"wp-caption-text\">Shit Zeqinene po deshe<\/p><\/div>\n<p>Nd\u00ebrkoh\u00eb, nj\u00eb tjet\u00ebr pankart\u00eb me tone ironike mbante mbishkrimin:<span>\u00a0<\/span><em>\u201cSe dalim n\u00eb negativa pastaj, po s\u2019jemi o zemra\u201d.<\/em><\/p>\n<div class=\"fotogaleri\">\n<div class=\"bx-wrapper\">\n<div class=\"bx-viewport\"><\/div>\n<\/div>\n<\/div>\n","protected":false},"excerpt":{"rendered":"<p>6 Qershor 2026 Edhe n\u00eb dit\u00ebn e gjasht\u00eb t\u00eb protest\u00ebs qytetare kund\u00ebr qeveris\u00eb s\u00eb Edi Ram\u00ebs, qindra protestues kan\u00eb dal\u00eb n\u00eb shesh duke mbajtur n\u00eb duar pankarta me mesazhe t\u00eb forta kund\u00ebr kryeministrit dhe kabinetit qeveritar. Qytetar\u00ebt k\u00ebrkojn\u00eb dor\u00ebheqjen e Edi Ram\u00ebs dhe largimin e qeveris\u00eb s\u00eb tij, nd\u00ebrsa p\u00ebrmes pankartave kan\u00eb shprehur pak\u00ebnaq\u00ebsin\u00eb dhe [&hellip;]<\/p>\n","protected":false},"author":9,"featured_media":101173,"comment_status":"open","ping_status":"open","sticky":false,"template":"","format":"standard","meta":{"jetpack_post_was_ever_published":false,"_jetpack_newsletter_access":"","_jetpack_dont_email_post_to_subs":false,"_jetpack_newsletter_tier_id":0,"_jetpack_memberships_contains_paywalled_content":false,"_jetpack_memberships_contains_paid_content":false,"footnotes":"","jetpack_publicize_message":"","jetpack_publicize_feature_enabled":true,"jetpack_social_post_already_shared":true,"jetpack_social_options":{"image_generator_settings":{"template":"highway","default_image_id":0,"font":"","enabled":false},"version":2}},"categories":[27,14,35],"tags":[],"class_list":["post-101172","post","type-post","status-publish","format-standard","has-post-thumbnail","hentry","category-blogu-i-udhetarit","category-press-releases","category-shoqerore"],"jetpack_publicize_connections":[],"jetpack_featured_media_url":"https:\/\/i0.wp.com\/www.shqiperia.com\/blog\/wp-content\/uploads\/2026\/06\/Shit-Zeqinene-po-deshe.jpeg?fit=900%2C666&ssl=1","jetpack_sharing_enabled":true,"jetpack_shortlink":"https:\/\/wp.me\/p5Z6wp-qjO","jetpack-related-posts":[{"id":103166,"url":"https:\/\/www.shqiperia.com\/blog\/jepi-besen-rames-te-pasurohet-belinda-e-te-ngreje-vila-zeqineja-pankartat-pikante-godasin-kryeministrin-edhe-sa-here-do-na-presesh-ne-bese\/","url_meta":{"origin":101172,"position":0},"title":"\u201cJepi bes\u00ebn Ram\u00ebs, t\u00eb pasurohet Belinda e t\u00eb ngrej\u00eb vila Zeqineja\u201d- Pankartat pikante godasin kryeministrin: Edhe sa her\u00eb do na pres\u00ebsh n\u00eb bes\u00eb?","author":"Kurt Farka","date":"July 24, 2026","format":false,"excerpt":"24 Korrik 2026 N\u00eb protest\u00ebn e 55-t\u00eb kund\u00ebr kryeministrit Edi Rama dhe mazhoranc\u00ebs, qytetar\u00ebt kan\u00eb ironizuar me pankartat e tyre dokumentin e prezantuar sot nga kryeministri para grupit parlamentar t\u00eb Partis\u00eb Socialiste. Rama tha se e ka pag\u00ebzuar \u201clibrin\u201d me emrin \u201cBesa\u201d dhe sipas tij\u00a0p\u00ebrfaq\u00ebson nj\u00eb reflektim t\u00eb thell\u00eb p\u00ebr\u2026","rel":"","context":"In &quot;Blogu i Udh\u00ebtarit&quot;","block_context":{"text":"Blogu i Udh\u00ebtarit","link":"https:\/\/www.shqiperia.com\/blog\/category\/blogu-i-udhetarit\/"},"img":{"alt_text":"","src":"https:\/\/i0.wp.com\/www.shqiperia.com\/blog\/wp-content\/uploads\/2026\/07\/edi-rama-pankarta-protesta-55-besa-18-1.jpeg?fit=837%2C490&ssl=1&resize=350%2C200","width":350,"height":200,"srcset":"https:\/\/i0.wp.com\/www.shqiperia.com\/blog\/wp-content\/uploads\/2026\/07\/edi-rama-pankarta-protesta-55-besa-18-1.jpeg?fit=837%2C490&ssl=1&resize=350%2C200 1x, https:\/\/i0.wp.com\/www.shqiperia.com\/blog\/wp-content\/uploads\/2026\/07\/edi-rama-pankarta-protesta-55-besa-18-1.jpeg?fit=837%2C490&ssl=1&resize=525%2C300 1.5x, https:\/\/i0.wp.com\/www.shqiperia.com\/blog\/wp-content\/uploads\/2026\/07\/edi-rama-pankarta-protesta-55-besa-18-1.jpeg?fit=837%2C490&ssl=1&resize=700%2C400 2x"},"classes":[]},{"id":105919,"url":"https:\/\/www.shqiperia.com\/blog\/besprem-edi-rama-dorehiqu-mesazhet-nepermjet-pankartave-ne-diten-e-96-te-revoltes-qytetare\/","url_meta":{"origin":101172,"position":1},"title":"\u201cBesprem, Edi Rama dor\u00ebhiqu\u201d, mesazhet n\u00ebp\u00ebrmjet pankartave n\u00eb dit\u00ebn e 96 t\u00eb revolt\u00ebs qytetare","author":"Kurt Farka","date":"September 4, 2026","format":false,"excerpt":"4 Shtator 2026 N\u00eb dit\u00ebn e 96-t\u00eb t\u00eb revolt\u00ebs qytetare, protestuesit kan\u00eb p\u00ebrcjell\u00eb mesazhet e tyre edhe p\u00ebrmes pankartave n\u00eb shesh. Kritikat ndaj qeveris\u00eb dhe kryeministrit Edi Rama kan\u00eb qen\u00eb t\u00eb pranishme n\u00eb nj\u00eb pjes\u00eb t\u00eb pankartave, nd\u00ebrsa nj\u00eb tjet\u00ebr fokus i protestuesve ka qen\u00eb situata n\u00eb sistemin sh\u00ebndet\u00ebsor. \u201cBesprem,\u2026","rel":"","context":"In &quot;Arte&quot;","block_context":{"text":"Arte","link":"https:\/\/www.shqiperia.com\/blog\/category\/arte\/"},"img":{"alt_text":"","src":"https:\/\/i0.wp.com\/www.shqiperia.com\/blog\/wp-content\/uploads\/2026\/09\/Besprem-Edi-Rama-dorehiqu-6.jpg?fit=1040%2C748&ssl=1&resize=350%2C200","width":350,"height":200,"srcset":"https:\/\/i0.wp.com\/www.shqiperia.com\/blog\/wp-content\/uploads\/2026\/09\/Besprem-Edi-Rama-dorehiqu-6.jpg?fit=1040%2C748&ssl=1&resize=350%2C200 1x, https:\/\/i0.wp.com\/www.shqiperia.com\/blog\/wp-content\/uploads\/2026\/09\/Besprem-Edi-Rama-dorehiqu-6.jpg?fit=1040%2C748&ssl=1&resize=525%2C300 1.5x, https:\/\/i0.wp.com\/www.shqiperia.com\/blog\/wp-content\/uploads\/2026\/09\/Besprem-Edi-Rama-dorehiqu-6.jpg?fit=1040%2C748&ssl=1&resize=700%2C400 2x"},"classes":[]},{"id":103955,"url":"https:\/\/www.shqiperia.com\/blog\/me-te-bashkuar-se-kurre-pankartat-nga-protesta-e-69-te-qytetaret-i-drejtohen-rames-nuk-eshte-prona\/","url_meta":{"origin":101172,"position":2},"title":"\u201cM\u00eb t\u00eb bashkuar se kurr\u00eb!\u201d, pankartat nga protesta e 69-t\u00eb, qytetar\u00ebt i drejtohen Ram\u00ebs: &#8211; Nuk \u00ebsht\u00eb prona\u2026","author":"Kurt Farka","date":"August 7, 2026","format":false,"excerpt":"7 Gusht 2026 Edhe k\u00ebt\u00eb t\u00eb premte, n\u00eb protest\u00ebn e 69-t\u00eb kund\u00ebr qeveris\u00eb, qytetar\u00ebt kan\u00eb p\u00ebrcjell\u00eb mesazhet e tyre p\u00ebrmes pankartave t\u00eb shfaqura n\u00eb shesh. Nj\u00eb prej pankartave mbante mbishkrimin: \u201c69, m\u00eb t\u00eb fort\u00eb se kurr\u00eb\u201d, nd\u00ebrsa nj\u00eb tjet\u00ebr pankart\u00eb, e shoq\u00ebruar me imazhin e nj\u00eb tufe korbash, shkruante: \u201cEnde\u2026","rel":"","context":"In &quot;Blogu i Udh\u00ebtarit&quot;","block_context":{"text":"Blogu i Udh\u00ebtarit","link":"https:\/\/www.shqiperia.com\/blog\/category\/blogu-i-udhetarit\/"},"img":{"alt_text":"","src":"https:\/\/i0.wp.com\/www.shqiperia.com\/blog\/wp-content\/uploads\/2026\/08\/pankarta-69-433x300-1.jpg?fit=433%2C300&ssl=1&resize=350%2C200","width":350,"height":200},"classes":[]},{"id":105320,"url":"https:\/\/www.shqiperia.com\/blog\/protesta-e-89-te-per-arrestimin-e-agasit-terhiq-kemben-zvarre-per-ramen-balluku-prangat-i-ka-gati\/","url_meta":{"origin":101172,"position":3},"title":"Protesta e 89-t\u00eb p\u00ebr arrestimin e Agasit: &#8211; T\u00ebrhiq k\u00ebmb\u00ebn zvarr\u00eb p\u00ebr Ram\u00ebn, Balluku prangat i ka gati!","author":"Kurt Farka","date":"August 27, 2026","format":false,"excerpt":"27 Gusht 2026 N\u00eb protest\u00ebn e 89-t\u00eb qytetare kund\u00ebr qeveris\u00eb dhe kryeministrit Edi Rama, qytetar\u00ebt kan\u00eb sjell\u00eb n\u00eb shesh pankarta me mesazhe t\u00eb forta dhe ironike, duke sh\u00ebnjestruar qeverin\u00eb, korrupsionin dhe zhvillimet e fundit n\u00eb vend. Nj\u00eb pjes\u00eb e pankartave i referohen edhe arrestimit t\u00eb Ergys Agasit, nd\u00ebrsa n\u00eb disa\u2026","rel":"","context":"In &quot;Blogu i Udh\u00ebtarit&quot;","block_context":{"text":"Blogu i Udh\u00ebtarit","link":"https:\/\/www.shqiperia.com\/blog\/category\/blogu-i-udhetarit\/"},"img":{"alt_text":"","src":"https:\/\/i0.wp.com\/www.shqiperia.com\/blog\/wp-content\/uploads\/2026\/08\/Screenokshot-2026-08-27-194722.jpg?fit=1200%2C544&ssl=1&resize=350%2C200","width":350,"height":200,"srcset":"https:\/\/i0.wp.com\/www.shqiperia.com\/blog\/wp-content\/uploads\/2026\/08\/Screenokshot-2026-08-27-194722.jpg?fit=1200%2C544&ssl=1&resize=350%2C200 1x, https:\/\/i0.wp.com\/www.shqiperia.com\/blog\/wp-content\/uploads\/2026\/08\/Screenokshot-2026-08-27-194722.jpg?fit=1200%2C544&ssl=1&resize=525%2C300 1.5x, https:\/\/i0.wp.com\/www.shqiperia.com\/blog\/wp-content\/uploads\/2026\/08\/Screenokshot-2026-08-27-194722.jpg?fit=1200%2C544&ssl=1&resize=700%2C400 2x, https:\/\/i0.wp.com\/www.shqiperia.com\/blog\/wp-content\/uploads\/2026\/08\/Screenokshot-2026-08-27-194722.jpg?fit=1200%2C544&ssl=1&resize=1050%2C600 3x"},"classes":[]},{"id":105595,"url":"https:\/\/www.shqiperia.com\/blog\/rama-lamtumire-shqiptaret-nuk-ndalen-dita-e-93-te-e-protestes-kunder-edi-rames\/","url_meta":{"origin":101172,"position":4},"title":"\u2018Rama Lamtumir\u00eb\/ Shqiptar\u00ebt nuk ndalen, dita e 93-t\u00eb e protest\u00ebs kund\u00ebr Edi Ram\u00ebs","author":"Kurt Farka","date":"August 31, 2026","format":false,"excerpt":"31 Gusht 2926 Protesta qytetare kund\u00ebr qeveris\u00eb Rama hyn sot n\u00eb dit\u00ebn e saj t\u00eb 93-t\u00eb radhazi, duke sh\u00ebnuar mbi tre muaj mobilizim t\u00eb pand\u00ebrprer\u00eb n\u00eb rrug\u00ebt e Tiran\u00ebs. Qytetar\u00ebt pritet t\u00eb mblidhen s\u00ebrish n\u00eb sheshin \u2018Sk\u00ebnderbej\u2019, p\u00ebr t\u00eb marshuar m\u00eb pas p\u00ebrgjat\u00eb Bulevardit \u2018D\u00ebshmor\u00ebt e Kombit\u2019 drejt Kryeministris\u00eb, aty\u2026","rel":"","context":"In &quot;Blogu i Udh\u00ebtarit&quot;","block_context":{"text":"Blogu i Udh\u00ebtarit","link":"https:\/\/www.shqiperia.com\/blog\/category\/blogu-i-udhetarit\/"},"img":{"alt_text":"","src":"https:\/\/i0.wp.com\/www.shqiperia.com\/blog\/wp-content\/uploads\/2026\/08\/auto_protesta-1-11788193327.jpg?fit=900%2C602&ssl=1&resize=350%2C200","width":350,"height":200,"srcset":"https:\/\/i0.wp.com\/www.shqiperia.com\/blog\/wp-content\/uploads\/2026\/08\/auto_protesta-1-11788193327.jpg?fit=900%2C602&ssl=1&resize=350%2C200 1x, https:\/\/i0.wp.com\/www.shqiperia.com\/blog\/wp-content\/uploads\/2026\/08\/auto_protesta-1-11788193327.jpg?fit=900%2C602&ssl=1&resize=525%2C300 1.5x, https:\/\/i0.wp.com\/www.shqiperia.com\/blog\/wp-content\/uploads\/2026\/08\/auto_protesta-1-11788193327.jpg?fit=900%2C602&ssl=1&resize=700%2C400 2x"},"classes":[]},{"id":103929,"url":"https:\/\/www.shqiperia.com\/blog\/mbyllet-protesta-e-68-te-kunder-qeverise-paralajmerojne-pershkallezim-dhe-bllokim-rrugesh\/","url_meta":{"origin":101172,"position":5},"title":"Mbyllet protesta e 68-t\u00eb kund\u00ebr qeveris\u00eb. &#8211;  Paralajm\u00ebrojn\u00eb p\u00ebrshkall\u00ebzim dhe bllokim rrug\u00ebsh","author":"Kurt Farka","date":"August 7, 2026","format":false,"excerpt":"7 Gusht 2026 Pas nj\u00eb marshimi t\u00eb gjat\u00eb n\u00eb rrug\u00ebt e kryeqytetit dhe me nj\u00eb pjes\u00ebmarrje masive t\u00eb qytetar\u00ebve, \u00ebsht\u00eb mbyllur protesta e sotme. Shqiptar\u00ebt prej 68 dit\u00ebsh kan\u00eb protestuar kund\u00ebr qeveris\u00eb, duke b\u00ebr\u00eb thirrje p\u00ebr largimin e kryeministrit Edi Rama. Qytetar\u00ebt jan\u00eb shprehur t\u00eb vendosur se nuk do t\u00eb\u2026","rel":"","context":"In &quot;Blogu i Udh\u00ebtarit&quot;","block_context":{"text":"Blogu i Udh\u00ebtarit","link":"https:\/\/www.shqiperia.com\/blog\/category\/blogu-i-udhetarit\/"},"img":{"alt_text":"","src":"https:\/\/i0.wp.com\/www.shqiperia.com\/blog\/wp-content\/uploads\/2026\/08\/750439618_4639048496318417_4366432659659716152_n.jpg?fit=720%2C540&ssl=1&resize=350%2C200","width":350,"height":200,"srcset":"https:\/\/i0.wp.com\/www.shqiperia.com\/blog\/wp-content\/uploads\/2026\/08\/750439618_4639048496318417_4366432659659716152_n.jpg?fit=720%2C540&ssl=1&resize=350%2C200 1x, https:\/\/i0.wp.com\/www.shqiperia.com\/blog\/wp-content\/uploads\/2026\/08\/750439618_4639048496318417_4366432659659716152_n.jpg?fit=720%2C540&ssl=1&resize=525%2C300 1.5x, https:\/\/i0.wp.com\/www.shqiperia.com\/blog\/wp-content\/uploads\/2026\/08\/750439618_4639048496318417_4366432659659716152_n.jpg?fit=720%2C540&ssl=1&resize=700%2C400 2x"},"classes":[]}],"_links":{"self":[{"href":"https:\/\/www.shqiperia.com\/blog\/wp-json\/wp\/v2\/posts\/101172","targetHints":{"allow":["GET"]}}],"collection":[{"href":"https:\/\/www.shqiperia.com\/blog\/wp-json\/wp\/v2\/posts"}],"about":[{"href":"https:\/\/www.shqiperia.com\/blog\/wp-json\/wp\/v2\/types\/post"}],"author":[{"embeddable":true,"href":"https:\/\/www.shqiperia.com\/blog\/wp-json\/wp\/v2\/users\/9"}],"replies":[{"embeddable":true,"href":"https:\/\/www.shqiperia.com\/blog\/wp-json\/wp\/v2\/comments?post=101172"}],"version-history":[{"count":1,"href":"https:\/\/www.shqiperia.com\/blog\/wp-json\/wp\/v2\/posts\/101172\/revisions"}],"predecessor-version":[{"id":101175,"href":"https:\/\/www.shqiperia.com\/blog\/wp-json\/wp\/v2\/posts\/101172\/revisions\/101175"}],"wp:featuredmedia":[{"embeddable":true,"href":"https:\/\/www.shqiperia.com\/blog\/wp-json\/wp\/v2\/media\/101173"}],"wp:attachment":[{"href":"https:\/\/www.shqiperia.com\/blog\/wp-json\/wp\/v2\/media?parent=101172"}],"wp:term":[{"taxonomy":"category","embeddable":true,"href":"https:\/\/www.shqiperia.com\/blog\/wp-json\/wp\/v2\/categories?post=101172"},{"taxonomy":"post_tag","embeddable":true,"href":"https:\/\/www.shqiperia.com\/blog\/wp-json\/wp\/v2\/tags?post=101172"}],"curies":[{"name":"wp","href":"https:\/\/api.w.org\/{rel}","templated":true}]}}