{"id":101169,"date":"2026-06-06T09:34:35","date_gmt":"2026-06-06T09:34:35","guid":{"rendered":"https:\/\/www.shqiperia.com\/blog\/?p=101169"},"modified":"2026-06-06T09:35:00","modified_gmt":"2026-06-06T09:35:00","slug":"profesori-i-njohur-austriakrama-si-vucici-te-dy-jane-autokrate-arrogante-dhe-te-korruptuar","status":"publish","type":"post","link":"https:\/\/www.shqiperia.com\/blog\/profesori-i-njohur-austriakrama-si-vucici-te-dy-jane-autokrate-arrogante-dhe-te-korruptuar\/","title":{"rendered":"Profesori i njohur austriak:Rama si Vu\u00e7i\u00e7i, t\u00eb dy jan\u00eb autokrat\u00eb, arrogant\u00eb dhe t\u00eb korruptuar"},"content":{"rendered":"<p><img data-recalc-dims=\"1\" loading=\"lazy\" decoding=\"async\" data-attachment-id=\"101170\" data-permalink=\"https:\/\/www.shqiperia.com\/blog\/profesori-i-njohur-austriakrama-si-vucici-te-dy-jane-autokrate-arrogante-dhe-te-korruptuar\/poslovni-forum-srbija-albanija-2\/\" data-orig-file=\"https:\/\/i0.wp.com\/www.shqiperia.com\/blog\/wp-content\/uploads\/2026\/06\/Beta-9vr63ref86.jpg?fit=2000%2C1431&amp;ssl=1\" data-orig-size=\"2000,1431\" data-comments-opened=\"1\" data-image-meta=\"{&quot;aperture&quot;:&quot;6.3&quot;,&quot;credit&quot;:&quot;BETAPHOTO&quot;,&quot;camera&quot;:&quot;Canon EOS 7D&quot;,&quot;caption&quot;:&quot;Nis, 14.10.2016. -Prmijer Srbije Aleksandar Vucic i premijer Albanije Edi Rama razgovaraju na poslovnom forumu Srbija-Albanija, danas u Oficirskom domu u Nisu. (BETAPHOTO\\\/SASA DJORDJEVIC\\\/MO)&quot;,&quot;created_timestamp&quot;:&quot;1476436614&quot;,&quot;copyright&quot;:&quot;&quot;,&quot;focal_length&quot;:&quot;150&quot;,&quot;iso&quot;:&quot;2000&quot;,&quot;shutter_speed&quot;:&quot;0.005&quot;,&quot;title&quot;:&quot;POSLOVNI FORUM SRBIJA - ALBANIJA&quot;,&quot;orientation&quot;:&quot;1&quot;}\" data-image-title=\"POSLOVNI FORUM SRBIJA &#8211; ALBANIJA\" data-image-description=\"\" data-image-caption=\"&lt;p&gt;Nis, 14.10.2016. -Prmijer Srbije Aleksandar Vucic i premijer Albanije Edi Rama razgovaraju na poslovnom forumu Srbija-Albanija, danas u Oficirskom domu u Nisu. (BETAPHOTO\/SASA DJORDJEVIC\/MO)&lt;\/p&gt;\n\" data-medium-file=\"https:\/\/i0.wp.com\/www.shqiperia.com\/blog\/wp-content\/uploads\/2026\/06\/Beta-9vr63ref86.jpg?fit=300%2C215&amp;ssl=1\" data-large-file=\"https:\/\/i0.wp.com\/www.shqiperia.com\/blog\/wp-content\/uploads\/2026\/06\/Beta-9vr63ref86.jpg?fit=1024%2C733&amp;ssl=1\" class=\" wp-image-101170\" alt=\"\" src=\"https:\/\/i0.wp.com\/www.shqiperia.com\/blog\/wp-content\/uploads\/2026\/06\/Beta-9vr63ref86.jpg?resize=633%2C454&#038;ssl=1\" width=\"633\" height=\"454\" srcset=\"https:\/\/i0.wp.com\/www.shqiperia.com\/blog\/wp-content\/uploads\/2026\/06\/Beta-9vr63ref86.jpg?resize=300%2C215&amp;ssl=1 300w, https:\/\/i0.wp.com\/www.shqiperia.com\/blog\/wp-content\/uploads\/2026\/06\/Beta-9vr63ref86.jpg?resize=1024%2C733&amp;ssl=1 1024w, https:\/\/i0.wp.com\/www.shqiperia.com\/blog\/wp-content\/uploads\/2026\/06\/Beta-9vr63ref86.jpg?resize=768%2C550&amp;ssl=1 768w, https:\/\/i0.wp.com\/www.shqiperia.com\/blog\/wp-content\/uploads\/2026\/06\/Beta-9vr63ref86.jpg?resize=1536%2C1099&amp;ssl=1 1536w, https:\/\/i0.wp.com\/www.shqiperia.com\/blog\/wp-content\/uploads\/2026\/06\/Beta-9vr63ref86.jpg?resize=450%2C322&amp;ssl=1 450w, https:\/\/i0.wp.com\/www.shqiperia.com\/blog\/wp-content\/uploads\/2026\/06\/Beta-9vr63ref86.jpg?resize=600%2C429&amp;ssl=1 600w, https:\/\/i0.wp.com\/www.shqiperia.com\/blog\/wp-content\/uploads\/2026\/06\/Beta-9vr63ref86.jpg?resize=1500%2C1073&amp;ssl=1 1500w, https:\/\/i0.wp.com\/www.shqiperia.com\/blog\/wp-content\/uploads\/2026\/06\/Beta-9vr63ref86.jpg?resize=1300%2C930&amp;ssl=1 1300w, https:\/\/i0.wp.com\/www.shqiperia.com\/blog\/wp-content\/uploads\/2026\/06\/Beta-9vr63ref86.jpg?resize=400%2C286&amp;ssl=1 400w, https:\/\/i0.wp.com\/www.shqiperia.com\/blog\/wp-content\/uploads\/2026\/06\/Beta-9vr63ref86.jpg?w=2000&amp;ssl=1 2000w\" sizes=\"auto, (max-width: 633px) 100vw, 633px\" \/><\/p>\n<p>6 Qershor 2026<\/p>\n<p>Profesori i njohur i universitetit t\u00eb Gracit n\u00eb Austri, Florian Bieber, reagoi pas intervist\u00ebs skandaloze t\u00eb Edi Ram\u00ebs n\u00eb CNN.<\/p>\n<p>Bieber shkruan se Edi Rama \u00ebsht\u00eb si Aleksand\u00ebr Vu\u00e7i\u00e7i n\u00eb \u00e7do aspekt.<\/p>\n<p><em>\u201cRama ting\u00ebllon si Vu\u00e7i\u00e7i. Ai nuk ka durim p\u00ebr gazetar\u00ebt, flet p\u00ebr luft\u00ebn hibride dhe armiqt\u00eb e jasht\u00ebm.<\/em><\/p>\n<p><em>Nuk ofron hap\u00ebsir\u00eb \u200b\u200bp\u00ebr nj\u00eb debat serioz. Ky \u00ebsht\u00eb manuali i zakonsh\u00ebm.<\/em><\/p>\n<p><em>M\u00eb kujtohet debati i tyre n\u00eb Vjen\u00eb n\u00eb samitin e Procesit t\u00eb Berlinit n\u00eb vitin 2015 dhe ndjeva se ishin personalitete t\u00eb ndryshme, por t\u00eb dy ishin t\u00eb pam\u00ebshirsh\u00ebm, arrogant\u00eb dhe t\u00eb vendosur p\u00ebr t\u00eb sunduar.<\/em><\/p>\n<p><em>Ata erdh\u00ebn n\u00eb pushtet af\u00ebrsisht n\u00eb t\u00eb nj\u00ebjt\u00ebn koh\u00eb; tani, t\u00eb dy sfidohen nga l\u00ebvizje t\u00eb ngjashme kund\u00ebr abuzimit me pushtetin, korrupsionit dhe sundimit autokratik,\u201d<span>\u00a0<\/span><\/em>shkruan profesori i njohur.<\/p>\n","protected":false},"excerpt":{"rendered":"<p>6 Qershor 2026 Profesori i njohur i universitetit t\u00eb Gracit n\u00eb Austri, Florian Bieber, reagoi pas intervist\u00ebs skandaloze t\u00eb Edi Ram\u00ebs n\u00eb CNN. Bieber shkruan se Edi Rama \u00ebsht\u00eb si Aleksand\u00ebr Vu\u00e7i\u00e7i n\u00eb \u00e7do aspekt. \u201cRama ting\u00ebllon si Vu\u00e7i\u00e7i. Ai nuk ka durim p\u00ebr gazetar\u00ebt, flet p\u00ebr luft\u00ebn hibride dhe armiqt\u00eb e jasht\u00ebm. Nuk ofron [&hellip;]<\/p>\n","protected":false},"author":9,"featured_media":101170,"comment_status":"open","ping_status":"open","sticky":false,"template":"","format":"standard","meta":{"jetpack_post_was_ever_published":false,"_jetpack_newsletter_access":"","_jetpack_dont_email_post_to_subs":false,"_jetpack_newsletter_tier_id":0,"_jetpack_memberships_contains_paywalled_content":false,"_jetpack_memberships_contains_paid_content":false,"footnotes":"","jetpack_publicize_message":"","jetpack_publicize_feature_enabled":true,"jetpack_social_post_already_shared":true,"jetpack_social_options":{"image_generator_settings":{"template":"highway","default_image_id":0,"font":"","enabled":false},"version":2}},"categories":[27,2],"tags":[],"class_list":["post-101169","post","type-post","status-publish","format-standard","has-post-thumbnail","hentry","category-blogu-i-udhetarit","category-politika"],"jetpack_publicize_connections":[],"jetpack_featured_media_url":"https:\/\/i0.wp.com\/www.shqiperia.com\/blog\/wp-content\/uploads\/2026\/06\/Beta-9vr63ref86.jpg?fit=2000%2C1431&ssl=1","jetpack_sharing_enabled":true,"jetpack_shortlink":"https:\/\/wp.me\/p5Z6wp-qjL","jetpack-related-posts":[{"id":105244,"url":"https:\/\/www.shqiperia.com\/blog\/spartak-ngjela-shqiperia-ende-nuk-po-drejtohet-nga-patrotizmi-shqiptar-por-nga-ish-renegatet-shqiptare\/","url_meta":{"origin":101169,"position":0},"title":"Spartak Ngjela: &#8211; Shqip\u00ebria ende nuk po drejtohet nga patrotizmi shqiptar, por nga ish renegatet shqiptar\u00eb","author":"Kurt Farka","date":"August 26, 2026","format":false,"excerpt":"26 Gusht 2026 Spartak Ngjela zb\u00ebrthen prapaskenat e forta dhe nxjerr zbuluar loj\u00ebn e Tiran\u00ebs, ja si frika nga SHBA dhe faktorizimi i shqiptar\u00ebve ka trembur Edi Ram\u00ebn Avokat i njohur, Spartak Ngjela ka zb\u00ebrthyer prapaskenat e forta politike, duke nxjerr\u00eb zbuluar loj\u00ebn e Tiran\u00ebs zyrtare dhe frik\u00ebn e saj\u2026","rel":"","context":"In &quot;Kultura&quot;","block_context":{"text":"Kultura","link":"https:\/\/www.shqiperia.com\/blog\/category\/kultura\/"},"img":{"alt_text":"","src":"https:\/\/i0.wp.com\/www.shqiperia.com\/blog\/wp-content\/uploads\/2026\/08\/ajdss-6a8ea84e2f7cd-1.png?fit=622%2C386&ssl=1&resize=350%2C200","width":350,"height":200,"srcset":"https:\/\/i0.wp.com\/www.shqiperia.com\/blog\/wp-content\/uploads\/2026\/08\/ajdss-6a8ea84e2f7cd-1.png?fit=622%2C386&ssl=1&resize=350%2C200 1x, https:\/\/i0.wp.com\/www.shqiperia.com\/blog\/wp-content\/uploads\/2026\/08\/ajdss-6a8ea84e2f7cd-1.png?fit=622%2C386&ssl=1&resize=525%2C300 1.5x"},"classes":[]},{"id":105028,"url":"https:\/\/www.shqiperia.com\/blog\/profesori-amerikan-steve-hanke-thirrje-rames-te-largohet-eshte-koha-te-beni-gati-valixhet\/","url_meta":{"origin":101169,"position":1},"title":"Profesori amerikan Steve Hanke thirrje Ram\u00ebs t\u00eb largohet: &#8211; \u00cbsht\u00eb koha t\u00eb b\u00ebni gati valixhet","author":"Kurt Farka","date":"August 23, 2026","format":false,"excerpt":"23 Gusht 2026 Profesori amerikan i ekonomis\u00eb Steve Hanke ka reaguar s\u00ebrish n\u00eb lidhje me protestat n\u00eb Shqip\u00ebri, duke b\u00ebr\u00eb thirrje p\u00ebr largimin e kryeministrit Edi Rama. N\u00eb nj\u00eb postim n\u00eb platform\u00ebn \u201cX\u201d, Hanke shkruan: \u201cRevolucioni i Flamingove ka k\u00ebmb\u00eb. \u00cbsht\u00eb koha q\u00eb kryeministri Rama t\u00eb b\u00ebj\u00eb gati valixhet. Hanke\u2026","rel":"","context":"In &quot;Blogu i Udh\u00ebtarit&quot;","block_context":{"text":"Blogu i Udh\u00ebtarit","link":"https:\/\/www.shqiperia.com\/blog\/category\/blogu-i-udhetarit\/"},"img":{"alt_text":"","src":"https:\/\/i0.wp.com\/www.shqiperia.com\/blog\/wp-content\/uploads\/2026\/08\/steve-hanke-protestat-1.jpg?fit=780%2C521&ssl=1&resize=350%2C200","width":350,"height":200,"srcset":"https:\/\/i0.wp.com\/www.shqiperia.com\/blog\/wp-content\/uploads\/2026\/08\/steve-hanke-protestat-1.jpg?fit=780%2C521&ssl=1&resize=350%2C200 1x, https:\/\/i0.wp.com\/www.shqiperia.com\/blog\/wp-content\/uploads\/2026\/08\/steve-hanke-protestat-1.jpg?fit=780%2C521&ssl=1&resize=525%2C300 1.5x, https:\/\/i0.wp.com\/www.shqiperia.com\/blog\/wp-content\/uploads\/2026\/08\/steve-hanke-protestat-1.jpg?fit=780%2C521&ssl=1&resize=700%2C400 2x"},"classes":[]},{"id":102279,"url":"https:\/\/www.shqiperia.com\/blog\/protesta-e-te-shtunes-me-arkivolin-e-edi-rames-mesazh-kercenues-me-simbolin-e-rrezimit-te\/","url_meta":{"origin":101169,"position":2},"title":"Protesta e t\u00eb shtun\u00ebs me arkivolin e Edi Ram\u00ebs, mesazh k\u00ebrc\u00ebnues me simbolin e rr\u00ebzimit t\u00eb","author":"Kurt Farka","date":"July 6, 2026","format":false,"excerpt":"6 Korrik 2026 Pasi protestuesit nxor\u00ebn k\u00ebt\u00eb fundjav\u00eb (t\u00eb shtun\u00ebn e 4 korrikut) n\u00eb bulevard arkivolin me mbishkrimin \u201cArkivoli politik i Edi Ram\u00ebs\u201d, kryeministri duket se \u00ebsht\u00eb n\u00eb panik dhe i d\u00ebshp\u00ebruar n\u00eb reagimin e tij t\u00eb par\u00eb mbi ngjarjen.\u00a0 Z. Rama, i cili deri dje i p\u00ebrshkruante protestat si\u2026","rel":"","context":"In &quot;Blogu i Udh\u00ebtarit&quot;","block_context":{"text":"Blogu i Udh\u00ebtarit","link":"https:\/\/www.shqiperia.com\/blog\/category\/blogu-i-udhetarit\/"},"img":{"alt_text":"","src":"https:\/\/i0.wp.com\/www.shqiperia.com\/blog\/wp-content\/uploads\/2026\/07\/foto-4-1-1140x570-1.jpg?fit=1140%2C570&ssl=1&resize=350%2C200","width":350,"height":200,"srcset":"https:\/\/i0.wp.com\/www.shqiperia.com\/blog\/wp-content\/uploads\/2026\/07\/foto-4-1-1140x570-1.jpg?fit=1140%2C570&ssl=1&resize=350%2C200 1x, https:\/\/i0.wp.com\/www.shqiperia.com\/blog\/wp-content\/uploads\/2026\/07\/foto-4-1-1140x570-1.jpg?fit=1140%2C570&ssl=1&resize=525%2C300 1.5x, https:\/\/i0.wp.com\/www.shqiperia.com\/blog\/wp-content\/uploads\/2026\/07\/foto-4-1-1140x570-1.jpg?fit=1140%2C570&ssl=1&resize=700%2C400 2x, https:\/\/i0.wp.com\/www.shqiperia.com\/blog\/wp-content\/uploads\/2026\/07\/foto-4-1-1140x570-1.jpg?fit=1140%2C570&ssl=1&resize=1050%2C600 3x"},"classes":[]},{"id":101125,"url":"https:\/\/www.shqiperia.com\/blog\/3-qershor-rama-publikon-projektin-5-qershor-thote-nuk-ka-projekt-cilin-edi-rama-te-besojme\/","url_meta":{"origin":101169,"position":3},"title":"3 Qershor- Rama Publikon projektin. 5 Qershor, thote nuk ka Projekt. &#8211; Cilin Edi Rama te besojme?","author":"Kurt Farka","date":"June 5, 2026","format":false,"excerpt":"5 Qershor 2026 \u2018Zv\u00ebrneci\u2019- Rama publikon pamjet e 2 projekteve t\u00eb realizuara nga 2 v\u00ebllez\u00ebrit nga Katari: K\u00ebshtu e kuptojn\u00eb zhvillimin n\u00eb harmoni me natyr\u00ebn ata q\u00eb trondit\u00ebn armiqt\u00eb e Shqip\u00ebris\u00eb europiane. (3 Qershor 2026). Kryeministri Edi Rama ka publikuar n\u00eb rrjetet sociale 2 projekte t\u00eb realizuara n\u00eb shtete t\u00eb\u2026","rel":"","context":"In &quot;Arte&quot;","block_context":{"text":"Arte","link":"https:\/\/www.shqiperia.com\/blog\/category\/arte\/"},"img":{"alt_text":"","src":"https:\/\/i0.wp.com\/www.shqiperia.com\/blog\/wp-content\/uploads\/2026\/06\/1780653587_edirama_sd.webp?fit=1200%2C675&ssl=1&resize=350%2C200","width":350,"height":200,"srcset":"https:\/\/i0.wp.com\/www.shqiperia.com\/blog\/wp-content\/uploads\/2026\/06\/1780653587_edirama_sd.webp?fit=1200%2C675&ssl=1&resize=350%2C200 1x, https:\/\/i0.wp.com\/www.shqiperia.com\/blog\/wp-content\/uploads\/2026\/06\/1780653587_edirama_sd.webp?fit=1200%2C675&ssl=1&resize=525%2C300 1.5x, https:\/\/i0.wp.com\/www.shqiperia.com\/blog\/wp-content\/uploads\/2026\/06\/1780653587_edirama_sd.webp?fit=1200%2C675&ssl=1&resize=700%2C400 2x, https:\/\/i0.wp.com\/www.shqiperia.com\/blog\/wp-content\/uploads\/2026\/06\/1780653587_edirama_sd.webp?fit=1200%2C675&ssl=1&resize=1050%2C600 3x"},"classes":[]},{"id":104450,"url":"https:\/\/www.shqiperia.com\/blog\/gazeta-zvicerane-rama-e-drejton-personalisht-bumin-e-ndertimeve-libri-albanian-files-u-botua-ne-zyrih\/","url_meta":{"origin":101169,"position":4},"title":"Gazeta zvicerane: &#8211; Rama e drejton personalisht bumin e nd\u00ebrtimeve.   \u201cLibri \u2018Albanian Files\u2019 u botua n\u00eb Zyrih\u201d","author":"Kurt Farka","date":"August 14, 2026","format":false,"excerpt":"14 Gusht 2026 Gazeta e njohur zvicerane \u2018Tages Anzeiger\u2019 publikoi nj\u00eb shkrim t\u00eb gjat\u00eb n\u00eb lidhje me zhvillimet e fundit n\u00eb Shqip\u00ebri. Gazeta ndalet tek projekti i investimit n\u00eb Zv\u00ebrnec, duke theksuar se nuk ka asnj\u00eb mund\u00ebsi q\u00eb Edi Rama t\u00eb mos e dinte se \u00e7far\u00eb po ndodh, pasi ai\u2026","rel":"","context":"In &quot;Blogu i Udh\u00ebtarit&quot;","block_context":{"text":"Blogu i Udh\u00ebtarit","link":"https:\/\/www.shqiperia.com\/blog\/category\/blogu-i-udhetarit\/"},"img":{"alt_text":"","src":"https:\/\/i0.wp.com\/www.shqiperia.com\/blog\/wp-content\/uploads\/2026\/08\/Edi-Rama-albanian-files1-558x350-1.jpg?fit=558%2C350&ssl=1&resize=350%2C200","width":350,"height":200,"srcset":"https:\/\/i0.wp.com\/www.shqiperia.com\/blog\/wp-content\/uploads\/2026\/08\/Edi-Rama-albanian-files1-558x350-1.jpg?fit=558%2C350&ssl=1&resize=350%2C200 1x, https:\/\/i0.wp.com\/www.shqiperia.com\/blog\/wp-content\/uploads\/2026\/08\/Edi-Rama-albanian-files1-558x350-1.jpg?fit=558%2C350&ssl=1&resize=525%2C300 1.5x"},"classes":[]},{"id":101724,"url":"https:\/\/www.shqiperia.com\/blog\/edi-rama-ne-panik-1-miliard-dollare-te-zbuluara-nga-agjencite-amerikane-ne-dubai-robert-papa-zbardh-prapaskenat\/","url_meta":{"origin":101169,"position":5},"title":"Edi Rama n\u00eb panik, 1 miliard dollar\u00eb t\u00eb zbuluara nga agjencit\u00eb amerikane n\u00eb Dubai, Robert Papa zbardh prapaskenat\u2026","author":"Kurt Farka","date":"June 23, 2026","format":false,"excerpt":"23 Qershor 2026 Gazetari Robert Papa shprehet se kryeministri Edi Rama ndodhet n\u00eb nj\u00eb situat\u00eb t\u00eb v\u00ebshtir\u00eb p\u00ebr shkak t\u00eb protestave masive t\u00eb qytetar\u00ebve, t\u00eb cil\u00ebt k\u00ebrkojn\u00eb ndryshimin e qeverisjes. Sipas tij, agjencit\u00eb amerikane q\u00eb monitorojn\u00eb pastrimin e parave kan\u00eb zbuluar shuma marramend\u00ebse parash t\u00eb lidhura me njer\u00ebz t\u00eb af\u00ebrt\u2026","rel":"","context":"In &quot;Blogu i Udh\u00ebtarit&quot;","block_context":{"text":"Blogu i Udh\u00ebtarit","link":"https:\/\/www.shqiperia.com\/blog\/category\/blogu-i-udhetarit\/"},"img":{"alt_text":"","src":"https:\/\/i0.wp.com\/www.shqiperia.com\/blog\/wp-content\/uploads\/2026\/06\/a8auaa-962x570-1.jpg?fit=962%2C570&ssl=1&resize=350%2C200","width":350,"height":200,"srcset":"https:\/\/i0.wp.com\/www.shqiperia.com\/blog\/wp-content\/uploads\/2026\/06\/a8auaa-962x570-1.jpg?fit=962%2C570&ssl=1&resize=350%2C200 1x, https:\/\/i0.wp.com\/www.shqiperia.com\/blog\/wp-content\/uploads\/2026\/06\/a8auaa-962x570-1.jpg?fit=962%2C570&ssl=1&resize=525%2C300 1.5x, https:\/\/i0.wp.com\/www.shqiperia.com\/blog\/wp-content\/uploads\/2026\/06\/a8auaa-962x570-1.jpg?fit=962%2C570&ssl=1&resize=700%2C400 2x"},"classes":[]}],"_links":{"self":[{"href":"https:\/\/www.shqiperia.com\/blog\/wp-json\/wp\/v2\/posts\/101169","targetHints":{"allow":["GET"]}}],"collection":[{"href":"https:\/\/www.shqiperia.com\/blog\/wp-json\/wp\/v2\/posts"}],"about":[{"href":"https:\/\/www.shqiperia.com\/blog\/wp-json\/wp\/v2\/types\/post"}],"author":[{"embeddable":true,"href":"https:\/\/www.shqiperia.com\/blog\/wp-json\/wp\/v2\/users\/9"}],"replies":[{"embeddable":true,"href":"https:\/\/www.shqiperia.com\/blog\/wp-json\/wp\/v2\/comments?post=101169"}],"version-history":[{"count":1,"href":"https:\/\/www.shqiperia.com\/blog\/wp-json\/wp\/v2\/posts\/101169\/revisions"}],"predecessor-version":[{"id":101171,"href":"https:\/\/www.shqiperia.com\/blog\/wp-json\/wp\/v2\/posts\/101169\/revisions\/101171"}],"wp:featuredmedia":[{"embeddable":true,"href":"https:\/\/www.shqiperia.com\/blog\/wp-json\/wp\/v2\/media\/101170"}],"wp:attachment":[{"href":"https:\/\/www.shqiperia.com\/blog\/wp-json\/wp\/v2\/media?parent=101169"}],"wp:term":[{"taxonomy":"category","embeddable":true,"href":"https:\/\/www.shqiperia.com\/blog\/wp-json\/wp\/v2\/categories?post=101169"},{"taxonomy":"post_tag","embeddable":true,"href":"https:\/\/www.shqiperia.com\/blog\/wp-json\/wp\/v2\/tags?post=101169"}],"curies":[{"name":"wp","href":"https:\/\/api.w.org\/{rel}","templated":true}]}}