{"id":101157,"date":"2026-06-06T08:53:59","date_gmt":"2026-06-06T08:53:59","guid":{"rendered":"https:\/\/www.shqiperia.com\/blog\/?p=101157"},"modified":"2026-06-06T08:53:59","modified_gmt":"2026-06-06T08:53:59","slug":"shqiptaret-proteste-ne-berlin-vala-e-revoltes-qytetare-kunder-qeverise-dhe-rames-kapercen-kufijte","status":"publish","type":"post","link":"https:\/\/www.shqiperia.com\/blog\/shqiptaret-proteste-ne-berlin-vala-e-revoltes-qytetare-kunder-qeverise-dhe-rames-kapercen-kufijte\/","title":{"rendered":"Shqiptaret protest\u00eb n\u00eb Berlin.  &#8211; Vala e revolt\u00ebs qytetare kund\u00ebr qeveris\u00eb dhe Ram\u00ebs kap\u00ebrcen kufijt\u00eb"},"content":{"rendered":"<p><img data-recalc-dims=\"1\" loading=\"lazy\" decoding=\"async\" data-attachment-id=\"101158\" data-permalink=\"https:\/\/www.shqiperia.com\/blog\/shqiptaret-proteste-ne-berlin-vala-e-revoltes-qytetare-kunder-qeverise-dhe-rames-kapercen-kufijte\/photo-output-4-1536x1154\/\" data-orig-file=\"https:\/\/i0.wp.com\/www.shqiperia.com\/blog\/wp-content\/uploads\/2026\/06\/photo-output-4-1536x1154-1.jpeg?fit=1536%2C1154&amp;ssl=1\" data-orig-size=\"1536,1154\" data-comments-opened=\"1\" data-image-meta=\"{&quot;aperture&quot;:&quot;0&quot;,&quot;credit&quot;:&quot;&quot;,&quot;camera&quot;:&quot;&quot;,&quot;caption&quot;:&quot;&quot;,&quot;created_timestamp&quot;:&quot;0&quot;,&quot;copyright&quot;:&quot;&quot;,&quot;focal_length&quot;:&quot;0&quot;,&quot;iso&quot;:&quot;0&quot;,&quot;shutter_speed&quot;:&quot;0&quot;,&quot;title&quot;:&quot;&quot;,&quot;orientation&quot;:&quot;1&quot;}\" data-image-title=\"photo-output-4-1536&#215;1154\" data-image-description=\"\" data-image-caption=\"\" data-medium-file=\"https:\/\/i0.wp.com\/www.shqiperia.com\/blog\/wp-content\/uploads\/2026\/06\/photo-output-4-1536x1154-1.jpeg?fit=300%2C225&amp;ssl=1\" data-large-file=\"https:\/\/i0.wp.com\/www.shqiperia.com\/blog\/wp-content\/uploads\/2026\/06\/photo-output-4-1536x1154-1.jpeg?fit=1024%2C769&amp;ssl=1\" class=\"alignnone  wp-image-101158\" alt=\"\" src=\"https:\/\/i0.wp.com\/www.shqiperia.com\/blog\/wp-content\/uploads\/2026\/06\/photo-output-4-1536x1154-1.jpeg?resize=691%2C518&#038;ssl=1\" width=\"691\" height=\"518\" srcset=\"https:\/\/i0.wp.com\/www.shqiperia.com\/blog\/wp-content\/uploads\/2026\/06\/photo-output-4-1536x1154-1.jpeg?resize=300%2C225&amp;ssl=1 300w, https:\/\/i0.wp.com\/www.shqiperia.com\/blog\/wp-content\/uploads\/2026\/06\/photo-output-4-1536x1154-1.jpeg?resize=1024%2C769&amp;ssl=1 1024w, https:\/\/i0.wp.com\/www.shqiperia.com\/blog\/wp-content\/uploads\/2026\/06\/photo-output-4-1536x1154-1.jpeg?resize=768%2C577&amp;ssl=1 768w, https:\/\/i0.wp.com\/www.shqiperia.com\/blog\/wp-content\/uploads\/2026\/06\/photo-output-4-1536x1154-1.jpeg?resize=450%2C338&amp;ssl=1 450w, https:\/\/i0.wp.com\/www.shqiperia.com\/blog\/wp-content\/uploads\/2026\/06\/photo-output-4-1536x1154-1.jpeg?resize=600%2C451&amp;ssl=1 600w, https:\/\/i0.wp.com\/www.shqiperia.com\/blog\/wp-content\/uploads\/2026\/06\/photo-output-4-1536x1154-1.jpeg?resize=1500%2C1127&amp;ssl=1 1500w, https:\/\/i0.wp.com\/www.shqiperia.com\/blog\/wp-content\/uploads\/2026\/06\/photo-output-4-1536x1154-1.jpeg?resize=1300%2C977&amp;ssl=1 1300w, https:\/\/i0.wp.com\/www.shqiperia.com\/blog\/wp-content\/uploads\/2026\/06\/photo-output-4-1536x1154-1.jpeg?resize=400%2C301&amp;ssl=1 400w, https:\/\/i0.wp.com\/www.shqiperia.com\/blog\/wp-content\/uploads\/2026\/06\/photo-output-4-1536x1154-1.jpeg?w=1536&amp;ssl=1 1536w\" sizes=\"auto, (max-width: 691px) 100vw, 691px\" \/><\/p>\n<p><span>6 Qershor 2026<\/span><\/p>\n<p><span>N\u00eb Berlin u mbajt nj\u00eb protest\u00eb kund\u00ebr Qeveris\u00eb, n\u00eb vijim t\u00eb tubimeve q\u00eb kan\u00eb p\u00ebrfshir\u00eb Tiran\u00ebn prej pak\u00ebnaq\u00ebsis\u00eb n\u00eb rritje ndan pushtetit. Pjes\u00ebmarr\u00ebsit k\u00ebrkuan largimin e qeveris\u00eb, transparenc\u00eb p\u00ebr Zv\u00ebrnecin dhe llogaridh\u00ebnie nga institucionet. Vala e protestave p\u00ebr Zv\u00ebrnecin ka kap\u00ebrcyer kufijt\u00eb. <\/span><\/p>\n<p><span>Organizator\u00ebt e paraqit\u00ebn tubimin si nj\u00eb reagim qytetar t\u00eb diaspor\u00ebs, me mesazhin se protesta ishte kund\u00ebr qeveris\u00eb shqiptare dhe kryeministrit Edi Rama.<\/span><\/p>\n","protected":false},"excerpt":{"rendered":"<p>6 Qershor 2026 N\u00eb Berlin u mbajt nj\u00eb protest\u00eb kund\u00ebr Qeveris\u00eb, n\u00eb vijim t\u00eb tubimeve q\u00eb kan\u00eb p\u00ebrfshir\u00eb Tiran\u00ebn prej pak\u00ebnaq\u00ebsis\u00eb n\u00eb rritje ndan pushtetit. Pjes\u00ebmarr\u00ebsit k\u00ebrkuan largimin e qeveris\u00eb, transparenc\u00eb p\u00ebr Zv\u00ebrnecin dhe llogaridh\u00ebnie nga institucionet. Vala e protestave p\u00ebr Zv\u00ebrnecin ka kap\u00ebrcyer kufijt\u00eb. Organizator\u00ebt e paraqit\u00ebn tubimin si nj\u00eb reagim qytetar t\u00eb diaspor\u00ebs, [&hellip;]<\/p>\n","protected":false},"author":9,"featured_media":101158,"comment_status":"open","ping_status":"open","sticky":false,"template":"","format":"standard","meta":{"jetpack_post_was_ever_published":false,"_jetpack_newsletter_access":"","_jetpack_dont_email_post_to_subs":false,"_jetpack_newsletter_tier_id":0,"_jetpack_memberships_contains_paywalled_content":false,"_jetpack_memberships_contains_paid_content":false,"footnotes":"","jetpack_publicize_message":"","jetpack_publicize_feature_enabled":true,"jetpack_social_post_already_shared":true,"jetpack_social_options":{"image_generator_settings":{"template":"highway","default_image_id":0,"font":"","enabled":false},"version":2}},"categories":[27,35],"tags":[],"class_list":["post-101157","post","type-post","status-publish","format-standard","has-post-thumbnail","hentry","category-blogu-i-udhetarit","category-shoqerore"],"jetpack_publicize_connections":[],"jetpack_featured_media_url":"https:\/\/i0.wp.com\/www.shqiperia.com\/blog\/wp-content\/uploads\/2026\/06\/photo-output-4-1536x1154-1.jpeg?fit=1536%2C1154&ssl=1","jetpack_sharing_enabled":true,"jetpack_shortlink":"https:\/\/wp.me\/p5Z6wp-qjz","jetpack-related-posts":[{"id":101176,"url":"https:\/\/www.shqiperia.com\/blog\/proteste-edhe-ne-londer-shqiptaret-e-diaspores-kunder-qeverise-rama\/","url_meta":{"origin":101157,"position":0},"title":"Protest\u00eb edhe n\u00eb Lond\u00ebr, shqiptar\u00ebt e diaspor\u00ebs kund\u00ebr qeveris\u00eb Rama","author":"Kurt Farka","date":"June 6, 2026","format":false,"excerpt":"6 Qershor 2026 Nd\u00ebrsa protesta t\u00eb diaspor\u00ebs shqiptare po zhvillohen paralelisht n\u00eb disa qytete t\u00eb Europ\u00ebs dhe Amerik\u00ebs s\u00eb Veriut, edhe Londra \u00ebsht\u00eb b\u00ebr\u00eb pjes\u00eb e k\u00ebsaj vale reagimi kund\u00ebr politikave t\u00eb qeveris\u00eb s\u00eb kryeministrit Edi Rama. Qindra shqiptar\u00eb jan\u00eb mbledhur n\u00eb kryeqytetin britanik me flamuj komb\u00ebtar\u00eb dhe pankarta, duke\u2026","rel":"","context":"In &quot;Blogu i Udh\u00ebtarit&quot;","block_context":{"text":"Blogu i Udh\u00ebtarit","link":"https:\/\/www.shqiperia.com\/blog\/category\/blogu-i-udhetarit\/"},"img":{"alt_text":"","src":"https:\/\/i0.wp.com\/www.shqiperia.com\/blog\/wp-content\/uploads\/2026\/06\/londer-proteste.jpg?fit=900%2C503&ssl=1&resize=350%2C200","width":350,"height":200,"srcset":"https:\/\/i0.wp.com\/www.shqiperia.com\/blog\/wp-content\/uploads\/2026\/06\/londer-proteste.jpg?fit=900%2C503&ssl=1&resize=350%2C200 1x, https:\/\/i0.wp.com\/www.shqiperia.com\/blog\/wp-content\/uploads\/2026\/06\/londer-proteste.jpg?fit=900%2C503&ssl=1&resize=525%2C300 1.5x, https:\/\/i0.wp.com\/www.shqiperia.com\/blog\/wp-content\/uploads\/2026\/06\/londer-proteste.jpg?fit=900%2C503&ssl=1&resize=700%2C400 2x"},"classes":[]},{"id":103929,"url":"https:\/\/www.shqiperia.com\/blog\/mbyllet-protesta-e-68-te-kunder-qeverise-paralajmerojne-pershkallezim-dhe-bllokim-rrugesh\/","url_meta":{"origin":101157,"position":1},"title":"Mbyllet protesta e 68-t\u00eb kund\u00ebr qeveris\u00eb. &#8211;  Paralajm\u00ebrojn\u00eb p\u00ebrshkall\u00ebzim dhe bllokim rrug\u00ebsh","author":"Kurt Farka","date":"August 7, 2026","format":false,"excerpt":"7 Gusht 2026 Pas nj\u00eb marshimi t\u00eb gjat\u00eb n\u00eb rrug\u00ebt e kryeqytetit dhe me nj\u00eb pjes\u00ebmarrje masive t\u00eb qytetar\u00ebve, \u00ebsht\u00eb mbyllur protesta e sotme. Shqiptar\u00ebt prej 68 dit\u00ebsh kan\u00eb protestuar kund\u00ebr qeveris\u00eb, duke b\u00ebr\u00eb thirrje p\u00ebr largimin e kryeministrit Edi Rama. Qytetar\u00ebt jan\u00eb shprehur t\u00eb vendosur se nuk do t\u00eb\u2026","rel":"","context":"In &quot;Blogu i Udh\u00ebtarit&quot;","block_context":{"text":"Blogu i Udh\u00ebtarit","link":"https:\/\/www.shqiperia.com\/blog\/category\/blogu-i-udhetarit\/"},"img":{"alt_text":"","src":"https:\/\/i0.wp.com\/www.shqiperia.com\/blog\/wp-content\/uploads\/2026\/08\/750439618_4639048496318417_4366432659659716152_n.jpg?fit=720%2C540&ssl=1&resize=350%2C200","width":350,"height":200,"srcset":"https:\/\/i0.wp.com\/www.shqiperia.com\/blog\/wp-content\/uploads\/2026\/08\/750439618_4639048496318417_4366432659659716152_n.jpg?fit=720%2C540&ssl=1&resize=350%2C200 1x, https:\/\/i0.wp.com\/www.shqiperia.com\/blog\/wp-content\/uploads\/2026\/08\/750439618_4639048496318417_4366432659659716152_n.jpg?fit=720%2C540&ssl=1&resize=525%2C300 1.5x, https:\/\/i0.wp.com\/www.shqiperia.com\/blog\/wp-content\/uploads\/2026\/08\/750439618_4639048496318417_4366432659659716152_n.jpg?fit=720%2C540&ssl=1&resize=700%2C400 2x"},"classes":[]},{"id":100958,"url":"https:\/\/www.shqiperia.com\/blog\/reagimi-i-shqiptareve-kalon-kufijte-paralelisht-proteste-ne-berlin-dhe-mynih\/","url_meta":{"origin":101157,"position":2},"title":"Reagimi i shqiptar\u00ebve kalon kufijt\u00eb\/ Paralelisht protest\u00eb n\u00eb Berlin, dhe Mynih","author":"Kurt Farka","date":"June 3, 2026","format":false,"excerpt":"3 Qershor 2026 Teksa Tirana prej tre dit\u00ebsh osh\u00ebtin nga protestat, duket se jehona ka kap\u00ebrcyer kufijt\u00eb duke \u2018zgjuar\u2019 shqiptar\u00ebt q\u00eb jetojn\u00eb jasht\u00eb vendit. N\u00eb nj\u00eb koh\u00eb kur sot do t\u00eb mbahet n\u00eb kryeqytet protesta e 4 kund\u00ebr nd\u00ebrtimeve n\u00eb Zv\u00ebrnec dhe jo vet\u00ebm, shqiptar\u00ebt n\u00eb Berlin dhe n\u00eb Munich\u2026","rel":"","context":"In &quot;Blogu i Udh\u00ebtarit&quot;","block_context":{"text":"Blogu i Udh\u00ebtarit","link":"https:\/\/www.shqiperia.com\/blog\/category\/blogu-i-udhetarit\/"},"img":{"alt_text":"","src":"https:\/\/i0.wp.com\/www.shqiperia.com\/blog\/wp-content\/uploads\/2026\/06\/WhatsApp-Image-2026-06-02-at-21.14.58-1-675x450-1-1.jpeg?fit=675%2C450&ssl=1&resize=350%2C200","width":350,"height":200,"srcset":"https:\/\/i0.wp.com\/www.shqiperia.com\/blog\/wp-content\/uploads\/2026\/06\/WhatsApp-Image-2026-06-02-at-21.14.58-1-675x450-1-1.jpeg?fit=675%2C450&ssl=1&resize=350%2C200 1x, https:\/\/i0.wp.com\/www.shqiperia.com\/blog\/wp-content\/uploads\/2026\/06\/WhatsApp-Image-2026-06-02-at-21.14.58-1-675x450-1-1.jpeg?fit=675%2C450&ssl=1&resize=525%2C300 1.5x"},"classes":[]},{"id":102441,"url":"https:\/\/www.shqiperia.com\/blog\/festivali-ne-korce-kthehet-ne-shesh-tubimi-qytetaret-kendojne-rama-jepe-doreheqjen\/","url_meta":{"origin":101157,"position":3},"title":"Festivali n\u00eb Kor\u00e7\u00eb kthehet n\u00eb shesh tubimi, qytetar\u00ebt k\u00ebndojn\u00eb: &#8211; Rama jepe dor\u00ebheqjen!","author":"Kurt Farka","date":"July 9, 2026","format":false,"excerpt":"9 Korrik 2026 \u201cMoto & Rock Festival n\u00eb Kor\u00e7\u00eb \u00ebsht\u00eb kthyer n\u00eb nj\u00eb shesh proteste, pasi t\u00eb pranishmit kan\u00eb nisur t\u00eb k\u00ebndojn\u00eb \u201chitin\u201d e 40-t\u00eb dit\u00ebve protest\u00eb n\u00eb Tiran\u00eb kund\u00ebr qeveris\u00eb dhe kryeministrit \u00a0\u201cRama, jep dor\u00ebheqjen!\u201d. Gjat\u00eb aktivitetit, si\u00e7 shihet edhe nga pamjet, disa prej t\u00eb pranishm\u00ebve kan\u00eb p\u00ebrcjell\u00eb thirrjen\u2026","rel":"","context":"In &quot;Blogu i Udh\u00ebtarit&quot;","block_context":{"text":"Blogu i Udh\u00ebtarit","link":"https:\/\/www.shqiperia.com\/blog\/category\/blogu-i-udhetarit\/"},"img":{"alt_text":"","src":"https:\/\/i0.wp.com\/www.shqiperia.com\/blog\/wp-content\/uploads\/2026\/07\/korce-rama-jepe-dorheqjen.jpg?fit=1200%2C692&ssl=1&resize=350%2C200","width":350,"height":200,"srcset":"https:\/\/i0.wp.com\/www.shqiperia.com\/blog\/wp-content\/uploads\/2026\/07\/korce-rama-jepe-dorheqjen.jpg?fit=1200%2C692&ssl=1&resize=350%2C200 1x, https:\/\/i0.wp.com\/www.shqiperia.com\/blog\/wp-content\/uploads\/2026\/07\/korce-rama-jepe-dorheqjen.jpg?fit=1200%2C692&ssl=1&resize=525%2C300 1.5x, https:\/\/i0.wp.com\/www.shqiperia.com\/blog\/wp-content\/uploads\/2026\/07\/korce-rama-jepe-dorheqjen.jpg?fit=1200%2C692&ssl=1&resize=700%2C400 2x, https:\/\/i0.wp.com\/www.shqiperia.com\/blog\/wp-content\/uploads\/2026\/07\/korce-rama-jepe-dorheqjen.jpg?fit=1200%2C692&ssl=1&resize=1050%2C600 3x"},"classes":[]},{"id":104063,"url":"https:\/\/www.shqiperia.com\/blog\/festa-ne-lushnje-kthehet-ne-proteste-te-rinjte-mbushin-sheshin-me-thirrjet-rama-jepe-doreheqjen\/","url_meta":{"origin":101157,"position":4},"title":"Festa n\u00eb Lushnje kthehet n\u00eb protest\u00eb, t\u00eb rinjt\u00eb mbushin sheshin me thirrjet \u2018Rama, jepe dor\u00ebheqjen\u2019","author":"Kurt Farka","date":"August 9, 2026","format":false,"excerpt":"9 Gusht 2026 Nj\u00eb aktivitet festiv n\u00eb Lushnje \u00ebsht\u00eb shoq\u00ebruar me protesta, pasi nj\u00eb grup t\u00eb rinjsh kan\u00eb mbushur sheshin me thirrje kund\u00ebr qeveris\u00eb dhe kryeministrit Edi Rama. N\u00eb video t\u00eb rinjt\u00eb d\u00ebgjohen duke brohoritur \u201cRama, jep dor\u00ebheqjen!\u201d, duke e kthyer atmosfer\u00ebn festive n\u00eb nj\u00eb moment proteste. Thirrjet e tyre\u2026","rel":"","context":"In &quot;Blogu i Udh\u00ebtarit&quot;","block_context":{"text":"Blogu i Udh\u00ebtarit","link":"https:\/\/www.shqiperia.com\/blog\/category\/blogu-i-udhetarit\/"},"img":{"alt_text":"","src":"https:\/\/i0.wp.com\/www.shqiperia.com\/blog\/wp-content\/uploads\/2026\/08\/toka-jone-monument-in.jpg?fit=1200%2C860&ssl=1&resize=350%2C200","width":350,"height":200,"srcset":"https:\/\/i0.wp.com\/www.shqiperia.com\/blog\/wp-content\/uploads\/2026\/08\/toka-jone-monument-in.jpg?fit=1200%2C860&ssl=1&resize=350%2C200 1x, https:\/\/i0.wp.com\/www.shqiperia.com\/blog\/wp-content\/uploads\/2026\/08\/toka-jone-monument-in.jpg?fit=1200%2C860&ssl=1&resize=525%2C300 1.5x, https:\/\/i0.wp.com\/www.shqiperia.com\/blog\/wp-content\/uploads\/2026\/08\/toka-jone-monument-in.jpg?fit=1200%2C860&ssl=1&resize=700%2C400 2x, https:\/\/i0.wp.com\/www.shqiperia.com\/blog\/wp-content\/uploads\/2026\/08\/toka-jone-monument-in.jpg?fit=1200%2C860&ssl=1&resize=1050%2C600 3x"},"classes":[]},{"id":101172,"url":"https:\/\/www.shqiperia.com\/blog\/kur-rinia-cohet-qeveria-rrezohet-shit-zeqinene-po-deshe\/","url_meta":{"origin":101157,"position":5},"title":"\u2018Kur rinia \u00e7ohet, qeveria rr\u00ebzohet\u2019, &#8211; Shit Zeqinen\u00eb po deshe.","author":"Kurt Farka","date":"June 6, 2026","format":false,"excerpt":"6 Qershor 2026 Edhe n\u00eb dit\u00ebn e gjasht\u00eb t\u00eb protest\u00ebs qytetare kund\u00ebr qeveris\u00eb s\u00eb Edi Ram\u00ebs, qindra protestues kan\u00eb dal\u00eb n\u00eb shesh duke mbajtur n\u00eb duar pankarta me mesazhe t\u00eb forta kund\u00ebr kryeministrit dhe kabinetit qeveritar. Qytetar\u00ebt k\u00ebrkojn\u00eb dor\u00ebheqjen e Edi Ram\u00ebs dhe largimin e qeveris\u00eb s\u00eb tij, nd\u00ebrsa p\u00ebrmes\u2026","rel":"","context":"In &quot;Blogu i Udh\u00ebtarit&quot;","block_context":{"text":"Blogu i Udh\u00ebtarit","link":"https:\/\/www.shqiperia.com\/blog\/category\/blogu-i-udhetarit\/"},"img":{"alt_text":"","src":"https:\/\/i0.wp.com\/www.shqiperia.com\/blog\/wp-content\/uploads\/2026\/06\/Shit-Zeqinene-po-deshe.jpeg?fit=900%2C666&ssl=1&resize=350%2C200","width":350,"height":200,"srcset":"https:\/\/i0.wp.com\/www.shqiperia.com\/blog\/wp-content\/uploads\/2026\/06\/Shit-Zeqinene-po-deshe.jpeg?fit=900%2C666&ssl=1&resize=350%2C200 1x, https:\/\/i0.wp.com\/www.shqiperia.com\/blog\/wp-content\/uploads\/2026\/06\/Shit-Zeqinene-po-deshe.jpeg?fit=900%2C666&ssl=1&resize=525%2C300 1.5x, https:\/\/i0.wp.com\/www.shqiperia.com\/blog\/wp-content\/uploads\/2026\/06\/Shit-Zeqinene-po-deshe.jpeg?fit=900%2C666&ssl=1&resize=700%2C400 2x"},"classes":[]}],"_links":{"self":[{"href":"https:\/\/www.shqiperia.com\/blog\/wp-json\/wp\/v2\/posts\/101157","targetHints":{"allow":["GET"]}}],"collection":[{"href":"https:\/\/www.shqiperia.com\/blog\/wp-json\/wp\/v2\/posts"}],"about":[{"href":"https:\/\/www.shqiperia.com\/blog\/wp-json\/wp\/v2\/types\/post"}],"author":[{"embeddable":true,"href":"https:\/\/www.shqiperia.com\/blog\/wp-json\/wp\/v2\/users\/9"}],"replies":[{"embeddable":true,"href":"https:\/\/www.shqiperia.com\/blog\/wp-json\/wp\/v2\/comments?post=101157"}],"version-history":[{"count":1,"href":"https:\/\/www.shqiperia.com\/blog\/wp-json\/wp\/v2\/posts\/101157\/revisions"}],"predecessor-version":[{"id":101159,"href":"https:\/\/www.shqiperia.com\/blog\/wp-json\/wp\/v2\/posts\/101157\/revisions\/101159"}],"wp:featuredmedia":[{"embeddable":true,"href":"https:\/\/www.shqiperia.com\/blog\/wp-json\/wp\/v2\/media\/101158"}],"wp:attachment":[{"href":"https:\/\/www.shqiperia.com\/blog\/wp-json\/wp\/v2\/media?parent=101157"}],"wp:term":[{"taxonomy":"category","embeddable":true,"href":"https:\/\/www.shqiperia.com\/blog\/wp-json\/wp\/v2\/categories?post=101157"},{"taxonomy":"post_tag","embeddable":true,"href":"https:\/\/www.shqiperia.com\/blog\/wp-json\/wp\/v2\/tags?post=101157"}],"curies":[{"name":"wp","href":"https:\/\/api.w.org\/{rel}","templated":true}]}}