{"id":101153,"date":"2026-06-06T08:47:35","date_gmt":"2026-06-06T08:47:35","guid":{"rendered":"https:\/\/www.shqiperia.com\/blog\/?p=101153"},"modified":"2026-06-06T08:47:46","modified_gmt":"2026-06-06T08:47:46","slug":"mevlan-shanaj-i-kujton-rames-90-te-besuam-se-kishe-frike-nga-pushteti-jo-etje-per-te-perse-na-zhgenjeve","status":"publish","type":"post","link":"https:\/\/www.shqiperia.com\/blog\/mevlan-shanaj-i-kujton-rames-90-te-besuam-se-kishe-frike-nga-pushteti-jo-etje-per-te-perse-na-zhgenjeve\/","title":{"rendered":"Mevlan Shanaj i kujton Ram\u00ebs \u201990: &#8211; T\u00eb besuam se kishe frik\u00eb nga pushteti, jo etje p\u00ebr t\u00eb! &#8211; P\u00ebrse na zhg\u00ebnjeve?"},"content":{"rendered":"<p><img data-recalc-dims=\"1\" loading=\"lazy\" decoding=\"async\" data-attachment-id=\"101154\" data-permalink=\"https:\/\/www.shqiperia.com\/blog\/mevlan-shanaj-i-kujton-rames-90-te-besuam-se-kishe-frike-nga-pushteti-jo-etje-per-te-perse-na-zhgenjeve\/capture-39-2\/\" data-orig-file=\"https:\/\/i0.wp.com\/www.shqiperia.com\/blog\/wp-content\/uploads\/2026\/06\/Capture-39.jpg?fit=1062%2C704&amp;ssl=1\" data-orig-size=\"1062,704\" data-comments-opened=\"1\" data-image-meta=\"{&quot;aperture&quot;:&quot;0&quot;,&quot;credit&quot;:&quot;Redaksia&quot;,&quot;camera&quot;:&quot;&quot;,&quot;caption&quot;:&quot;&quot;,&quot;created_timestamp&quot;:&quot;1780741438&quot;,&quot;copyright&quot;:&quot;&quot;,&quot;focal_length&quot;:&quot;0&quot;,&quot;iso&quot;:&quot;0&quot;,&quot;shutter_speed&quot;:&quot;0&quot;,&quot;title&quot;:&quot;&quot;,&quot;orientation&quot;:&quot;0&quot;}\" data-image-title=\"Capture-39\" data-image-description=\"\" data-image-caption=\"\" data-medium-file=\"https:\/\/i0.wp.com\/www.shqiperia.com\/blog\/wp-content\/uploads\/2026\/06\/Capture-39.jpg?fit=300%2C199&amp;ssl=1\" data-large-file=\"https:\/\/i0.wp.com\/www.shqiperia.com\/blog\/wp-content\/uploads\/2026\/06\/Capture-39.jpg?fit=1024%2C679&amp;ssl=1\" class=\"alignnone wp-image-101154\" alt=\"\" src=\"https:\/\/i0.wp.com\/www.shqiperia.com\/blog\/wp-content\/uploads\/2026\/06\/Capture-39.jpg?resize=568%2C377&#038;ssl=1\" width=\"568\" height=\"377\" srcset=\"https:\/\/i0.wp.com\/www.shqiperia.com\/blog\/wp-content\/uploads\/2026\/06\/Capture-39.jpg?resize=300%2C199&amp;ssl=1 300w, https:\/\/i0.wp.com\/www.shqiperia.com\/blog\/wp-content\/uploads\/2026\/06\/Capture-39.jpg?resize=1024%2C679&amp;ssl=1 1024w, https:\/\/i0.wp.com\/www.shqiperia.com\/blog\/wp-content\/uploads\/2026\/06\/Capture-39.jpg?resize=768%2C509&amp;ssl=1 768w, https:\/\/i0.wp.com\/www.shqiperia.com\/blog\/wp-content\/uploads\/2026\/06\/Capture-39.jpg?resize=450%2C298&amp;ssl=1 450w, https:\/\/i0.wp.com\/www.shqiperia.com\/blog\/wp-content\/uploads\/2026\/06\/Capture-39.jpg?resize=600%2C398&amp;ssl=1 600w, https:\/\/i0.wp.com\/www.shqiperia.com\/blog\/wp-content\/uploads\/2026\/06\/Capture-39.jpg?resize=400%2C265&amp;ssl=1 400w, https:\/\/i0.wp.com\/www.shqiperia.com\/blog\/wp-content\/uploads\/2026\/06\/Capture-39.jpg?w=1062&amp;ssl=1 1062w\" sizes=\"auto, (max-width: 568px) 100vw, 568px\" \/><\/p>\n<p>6 Qershor 2026<\/p>\n<p>Edhe personazhe nga bota e artit i jan\u00eb bashkuar protest\u00ebs s\u00eb qytetar\u00ebve n\u00eb mbrojtje t\u00eb Zv\u00ebrnecit, protest\u00eb q\u00eb ka kaluar tashm\u00eb kufijt\u00eb e q\u00ebllimit fillestar, pasi qytetar\u00ebt k\u00ebrkojn\u00eb n\u00eb vijim\u00ebsi largimin e kryeministrit Edi Rama dhe qeveris\u00eb s\u00eb tij.<\/p>\n<div class=\"desktop_ad ad_bottom_space\">\n<div id=\"beacon_db401deea1\"><img loading=\"lazy\" decoding=\"async\" alt=\"\" src=\"https:\/\/ads.balkanweb.com\/www\/delivery\/lg.php?bannerid=0&amp;campaignid=0&amp;zoneid=426&amp;loc=https%3A%2F%2Fwww.balkanweb.com%2Fsjam-vasil-shanto-te-bredh-me-motor-per-te-krijuar-parti-mevlan-shanaj-i-kujton-rames-90-te-besuam-se-kishe-frike-nga-pushteti-jo-etje-per-te-perse-na-zhgenjeve%2F&amp;referer=https%3A%2F%2Fwww.balkanweb.com%2F&amp;cb=db401deea1\" width=\"0\" height=\"0\" \/>Aktori Mevlan Shanaj, n\u00eb nj\u00eb reagim n\u00eb rrjetet sociale, ka kujtuar fillimet e kryeministrit Rama n\u00eb politik\u00eb, ku tha se kishte nj\u00eb pik\u00eb kur ai kishte frik\u00eb nga pushteti dhe p\u00ebrgjegj\u00ebsia q\u00eb vinte bashk\u00eb me t\u00eb.<\/div>\n<\/div>\n<p>\u201cPor vitet kaluan. Dhe bashk\u00eb me to u grumbulluan akuza p\u00ebr korrupsion ndaj ministrave, deputet\u00ebve, kryetar\u00ebve t\u00eb bashkive dhe zyrtar\u00ebve t\u00eb lart\u00eb t\u00eb qeverisjes suaj. Dy z\u00ebvend\u00ebskryeministra u b\u00ebn\u00eb simbol i nj\u00eb krize t\u00eb r\u00ebnd\u00eb besimi. U krijua p\u00ebrshtypja se pushteti po b\u00ebhej gjithnj\u00eb e m\u00eb i mbyllur n\u00eb vetvete dhe se mbrojtja politike shpesh ishte m\u00eb e fort\u00eb se p\u00ebrgjegj\u00ebsia publike.<\/p>\n<p>Ndoshta disa prej k\u00ebtyre perceptimeve jan\u00eb t\u00eb drejta, ndoshta disa jo. Por nj\u00eb gj\u00eb \u00ebsht\u00eb e sigurt: ato ekzistojn\u00eb. Dhe kur nj\u00eb perceptim pushton mendjen e nj\u00eb pjese t\u00eb madhe t\u00eb shoq\u00ebris\u00eb, ai b\u00ebhet realitet politik. Mjafton t\u00eb shoh\u00ebsh zem\u00ebrimin, mosbesimin dhe reagimin publik p\u00ebr ta kuptuar\u201d, thiot\u00eb ai, p\u00ebr t\u00eb p\u00ebrfunduar me: \u201cP\u00ebrse na zhg\u00ebnjeve? NE Q\u00cb T\u00cb BESUAM !!!!\u201d.<\/p>\n<p><strong>Postimi i plot\u00eb:<\/strong><br \/>\nREQUIEM P\u00cbR NJ\u00cb BESIM<br \/>\nEdi Rama,<br \/>\nSot po t\u00eb shkruaj jo si kund\u00ebrshtar politik, por si nj\u00eb njeri q\u00eb t\u00eb ka njohur para se pushteti t\u00eb b\u00ebhej pjes\u00eb e jet\u00ebs t\u00ebnde.<br \/>\nPo t\u00eb shkruaj sepse ndiej se mes Edit q\u00eb kam njohur dhe Edit q\u00eb shoh sot ekziston nj\u00eb distanc\u00eb q\u00eb nuk mund t\u00eb mos m\u00eb b\u00ebj\u00eb t\u00eb reflektoj.<br \/>\nM\u00eb kujtohet dhjetori i vitit 1990. U ktheve nga Korfuzi dhe shkove drejt Qytetit Studenti, asaj q\u00eb ishte b\u00ebr\u00eb Meka e Liris\u00eb shqiptare. Ti vije nga bota e artit, nga \u201cRefleksionet\u201d, me bindjen se duhej t\u00eb ishe pjes\u00eb e asaj l\u00ebvizjeje q\u00eb po ndryshonte historin\u00eb.<br \/>\nPor dera nuk t\u2019u hap.<br \/>\nPo at\u00eb nat\u00eb erdhe n\u00eb sht\u00ebpin\u00eb time. M\u00eb tregove se Gramos Pashko dhe Arben Imami t\u00eb kishin propozuar t\u00eb shkoje n\u00eb Shkod\u00ebr p\u00ebr t\u00eb organizuar strukturat e para t\u00eb Partis\u00eb Demokratike. Nuk kishe pranuar. Me at\u00eb ironin\u00eb t\u00ebnde karakteristike the se nuk ishe Vasil Shanto q\u00eb t\u00eb bredhje me motor p\u00ebr t\u00eb krijuar nj\u00eb parti.<br \/>\nN\u00eb at\u00eb p\u00ebrgjigje kishte di\u00e7ka q\u00eb m\u00eb p\u00eblqeu: Refuzimin p\u00ebr t\u2019u b\u00ebr\u00eb ushtar i verb\u00ebr i kujtdo.<br \/>\nPak koh\u00eb m\u00eb von\u00eb, n\u00eb mitingun e madh para Stadiumit \u201cQemal Stafa\u201d, m\u00eb k\u00ebrkove t\u00eb nd\u00ebrhyja q\u00eb t\u00eb merrje fjal\u00ebn. Lista e fol\u00ebsve ishte mbyllur. Kur mbarova fjalimin tim, t\u00eb ftova para turm\u00ebs.<br \/>\nTi fole.<br \/>\nDhe n\u00eb fund the fjalin\u00eb q\u00eb at\u00ebher\u00eb b\u00ebri buj\u00eb:<br \/>\n\u201cNa skuqi si rus\u00eb, na zverdhi si kinez\u00eb, na nxiu si shqiptar\u00eb. Enver Hitler.\u201d<br \/>\nIshte nj\u00eb nga deklaratat m\u00eb t\u00eb forta q\u00eb ishin d\u00ebgjuar deri n\u00eb at\u00eb moment. Dikush pran\u00eb meje tha: \u201cE pe sa radikal \u00ebsht\u00eb?\u201d<\/p>\n<p>Po, ishe radikal. Por ishte radikalizmi i njeriut q\u00eb k\u00ebrkonte ndryshim.<br \/>\nM\u00eb von\u00eb t\u00eb pash\u00eb t\u00eb plagosur, t\u00eb goditur barbarisht, dhe shum\u00eb prej nesh u gjend\u00ebm pran\u00eb teje.<br \/>\nT\u00eb pash\u00eb edhe kur pranove t\u00eb b\u00ebheshe minist\u00ebr. M\u00eb kujtohet shqet\u00ebsimi yt i asaj kohe.<br \/>\nM\u00eb kujtohet kur, i mbyllur n\u00eb dhom\u00eb, i mbingarkuar nga p\u00ebrgjegj\u00ebsia, m\u00eb the:<br \/>\n\u201cSi pranova t\u00eb b\u00ebhem minist\u00ebr? Ku e b\u00ebj dot un\u00eb k\u00ebt\u00eb pun\u00eb?\u201d<br \/>\nDhe pik\u00ebrisht at\u00eb njeri besuam.<br \/>\nNuk besuam vet\u00ebm artistin.<\/p>\n<p>Besuam njeriun q\u00eb dukej se kishte frik\u00eb nga pushteti m\u00eb shum\u00eb sesa etje p\u00ebr t\u00eb.<br \/>\nKur m\u00eb pas u ngjite n\u00eb majat e politik\u00ebs shqiptare, t\u00eb mb\u00ebshteta. Kam menduar dhe kam th\u00ebn\u00eb se Shqip\u00ebria kishte nevoj\u00eb p\u00ebr m\u00eb shum\u00eb emancipim, p\u00ebr m\u00eb shum\u00eb liri shpirt\u00ebrore dhe qytetare, sesa p\u00ebr moralizma provinciale.<br \/>\nPor vitet kaluan.<\/p>\n<p>Dhe bashk\u00eb me to u grumbulluan akuza p\u00ebr korrupsion ndaj ministrave, deputet\u00ebve, kryetar\u00ebve t\u00eb bashkive dhe zyrtar\u00ebve t\u00eb lart\u00eb t\u00eb qeverisjes suaj.<br \/>\nDy z\u00ebvend\u00ebskryeministra u b\u00ebn\u00eb simbol i nj\u00eb krize t\u00eb r\u00ebnd\u00eb besimi. U krijua p\u00ebrshtypja se pushteti po b\u00ebhej gjithnj\u00eb e m\u00eb i mbyllur n\u00eb vetvete dhe se mbrojtja politike shpesh ishte m\u00eb e fort\u00eb se p\u00ebrgjegj\u00ebsia publike.<br \/>\nNdoshta disa prej k\u00ebtyre perceptimeve jan\u00eb t\u00eb drejta, ndoshta disa jo.<br \/>\nPor nj\u00eb gj\u00eb \u00ebsht\u00eb e sigurt: ato ekzistojn\u00eb.<\/p>\n<p>Dhe kur nj\u00eb perceptim pushton mendjen e nj\u00eb pjese t\u00eb madhe t\u00eb shoq\u00ebris\u00eb, ai b\u00ebhet realitet politik.<br \/>\nMjafton t\u00eb shoh\u00ebsh zem\u00ebrimin, mosbesimin dhe reagimin publik p\u00ebr ta kuptuar.<br \/>\nPrandaj sot nuk po shkruaj nj\u00eb aktakuz\u00eb politike.<br \/>\nPo shkruaj nj\u00eb requiem p\u00ebr nj\u00eb besim.<\/p>\n<p>Sepse t\u00eb kam njohur kur nuk t\u00eb linin t\u00eb flisje.<br \/>\nT\u00eb kam njohur kur dyshoje n\u00ebse mund t\u00eb mbaje mbi supe pesh\u00ebn e nj\u00eb detyre.<br \/>\nT\u00eb kam njohur kur liria t\u00eb dukej m\u00eb e r\u00ebnd\u00ebsishme se pushteti.<br \/>\nDhe pik\u00ebrisht p\u00ebr k\u00ebt\u00eb arsye pyetja ime \u00ebsht\u00eb e thjesht\u00eb:<br \/>\nP\u00ebrse na zhg\u00ebnjeve?<br \/>\nNE Q\u00cb T\u00cb BESUAM !!!!<\/p>\n","protected":false},"excerpt":{"rendered":"<p>6 Qershor 2026 Edhe personazhe nga bota e artit i jan\u00eb bashkuar protest\u00ebs s\u00eb qytetar\u00ebve n\u00eb mbrojtje t\u00eb Zv\u00ebrnecit, protest\u00eb q\u00eb ka kaluar tashm\u00eb kufijt\u00eb e q\u00ebllimit fillestar, pasi qytetar\u00ebt k\u00ebrkojn\u00eb n\u00eb vijim\u00ebsi largimin e kryeministrit Edi Rama dhe qeveris\u00eb s\u00eb tij. Aktori Mevlan Shanaj, n\u00eb nj\u00eb reagim n\u00eb rrjetet sociale, ka kujtuar fillimet e [&hellip;]<\/p>\n","protected":false},"author":9,"featured_media":101154,"comment_status":"open","ping_status":"open","sticky":false,"template":"","format":"standard","meta":{"jetpack_post_was_ever_published":false,"_jetpack_newsletter_access":"","_jetpack_dont_email_post_to_subs":false,"_jetpack_newsletter_tier_id":0,"_jetpack_memberships_contains_paywalled_content":false,"_jetpack_memberships_contains_paid_content":false,"footnotes":"","jetpack_publicize_message":"","jetpack_publicize_feature_enabled":true,"jetpack_social_post_already_shared":true,"jetpack_social_options":{"image_generator_settings":{"template":"highway","default_image_id":0,"font":"","enabled":false},"version":2}},"categories":[27,2,35],"tags":[],"class_list":["post-101153","post","type-post","status-publish","format-standard","has-post-thumbnail","hentry","category-blogu-i-udhetarit","category-politika","category-shoqerore"],"jetpack_publicize_connections":[],"jetpack_featured_media_url":"https:\/\/i0.wp.com\/www.shqiperia.com\/blog\/wp-content\/uploads\/2026\/06\/Capture-39.jpg?fit=1062%2C704&ssl=1","jetpack_sharing_enabled":true,"jetpack_shortlink":"https:\/\/wp.me\/p5Z6wp-qjv","jetpack-related-posts":[{"id":101752,"url":"https:\/\/www.shqiperia.com\/blog\/kerkohet-doreheqja-e-kryeministrit-hajdut-jo-e-donald-trumpit\/","url_meta":{"origin":101153,"position":0},"title":"K\u00ebrkohet dor\u00ebheqja e kryeministrit hajdut, jo e Donald Trumpit","author":"Kurt Farka","date":"June 24, 2026","format":false,"excerpt":"24 Qershor 2024 Nga: lir Dako Fjalimi i i Ram\u00ebs nuk ishte nj\u00eb akt komunikimi politik, por nj\u00eb seanc\u00eb vet\u00ebmbrojtjeje. Ai nuk foli p\u00ebr vendin, por p\u00ebr veten Dit\u00ebn e djeshme kryeministri shqiptar n\u00eb nj\u00eb or\u00eb e ca fjalim p\u00ebrball\u00eb deputet\u00ebve socialist\u00eb, por dhe publikut shqiptar rr\u00ebfeu panikun dhe frik\u00ebn\u2026","rel":"","context":"In &quot;Blogu i Udh\u00ebtarit&quot;","block_context":{"text":"Blogu i Udh\u00ebtarit","link":"https:\/\/www.shqiperia.com\/blog\/category\/blogu-i-udhetarit\/"},"img":{"alt_text":"","src":"https:\/\/i0.wp.com\/www.shqiperia.com\/blog\/wp-content\/uploads\/2026\/06\/BCO.e9f82224-1f6e-45fd-a51f-c26e5eed10f6-1024x570-1.png?fit=1024%2C570&ssl=1&resize=350%2C200","width":350,"height":200,"srcset":"https:\/\/i0.wp.com\/www.shqiperia.com\/blog\/wp-content\/uploads\/2026\/06\/BCO.e9f82224-1f6e-45fd-a51f-c26e5eed10f6-1024x570-1.png?fit=1024%2C570&ssl=1&resize=350%2C200 1x, https:\/\/i0.wp.com\/www.shqiperia.com\/blog\/wp-content\/uploads\/2026\/06\/BCO.e9f82224-1f6e-45fd-a51f-c26e5eed10f6-1024x570-1.png?fit=1024%2C570&ssl=1&resize=525%2C300 1.5x, https:\/\/i0.wp.com\/www.shqiperia.com\/blog\/wp-content\/uploads\/2026\/06\/BCO.e9f82224-1f6e-45fd-a51f-c26e5eed10f6-1024x570-1.png?fit=1024%2C570&ssl=1&resize=700%2C400 2x"},"classes":[]},{"id":105947,"url":"https:\/\/www.shqiperia.com\/blog\/skandali-me-pergjimet-e-sky-ecc-emrat-e-rames-balles-dhe-ministrave-te-perseritur-ne-disa-dosje-ja-si-avokati-ne-belgjike-nxori-zbuluar-drejtesine-shqiptare-si-po-selektohen-materialet-per-te-shpe\/","url_meta":{"origin":101153,"position":1},"title":"Skandali me p\u00ebrgjimet e SKY ECC, emrat e Ram\u00ebs, Ball\u00ebs dhe ministrave t\u00eb p\u00ebrs\u00ebritur n\u00eb disa dosje, ja si avokati n\u00eb Belgjik\u00eb nxori zbuluar drejt\u00ebsin\u00eb shqiptare, si po selektohen materialet p\u00ebr t\u00eb shp\u00ebtuar emrat \u201cVIP\u201d t\u00eb politik\u00ebs","author":"Kurt Farka","date":"September 4, 2026","format":false,"excerpt":"4 Shtator 2026 N\u00eb reagimin e tij p\u00ebr \u201cNTV Televizion\u201d, gazetari\u00a0 Basri\u00a0 \u00c7ollaku theksoi se po at\u00eb dit\u00eb n\u00eb nj\u00eb proces gjyq\u00ebsor n\u00eb Belgjik\u00eb p\u00ebr trafik nd\u00ebrkomb\u00ebtar droge dhe pastrim parash, avokati i t\u00eb pandehurve akuzoi drejt\u00ebsin\u00eb shqiptare p\u00ebr selektim t\u00eb dosjeve dhe mosp\u00ebrfshirje t\u00eb personave me pesh\u00eb politike, edhe\u2026","rel":"","context":"In &quot;Blogu i Udh\u00ebtarit&quot;","block_context":{"text":"Blogu i Udh\u00ebtarit","link":"https:\/\/www.shqiperia.com\/blog\/category\/blogu-i-udhetarit\/"},"img":{"alt_text":"","src":"https:\/\/i0.wp.com\/www.shqiperia.com\/blog\/wp-content\/uploads\/2026\/09\/800-0-politike-fq-3-sky-ecc-6a9a812678776.jpg?fit=800%2C450&ssl=1&resize=350%2C200","width":350,"height":200,"srcset":"https:\/\/i0.wp.com\/www.shqiperia.com\/blog\/wp-content\/uploads\/2026\/09\/800-0-politike-fq-3-sky-ecc-6a9a812678776.jpg?fit=800%2C450&ssl=1&resize=350%2C200 1x, https:\/\/i0.wp.com\/www.shqiperia.com\/blog\/wp-content\/uploads\/2026\/09\/800-0-politike-fq-3-sky-ecc-6a9a812678776.jpg?fit=800%2C450&ssl=1&resize=525%2C300 1.5x, https:\/\/i0.wp.com\/www.shqiperia.com\/blog\/wp-content\/uploads\/2026\/09\/800-0-politike-fq-3-sky-ecc-6a9a812678776.jpg?fit=800%2C450&ssl=1&resize=700%2C400 2x"},"classes":[]},{"id":103628,"url":"https:\/\/www.shqiperia.com\/blog\/rama-ne-fund-te-ciklit-politik-spartak-ngjela-paralajmeron-zhvillime-te-forta-ja-roli-i-amerikaneve-dhe\/","url_meta":{"origin":101153,"position":2},"title":"Rama n\u00eb fund t\u00eb ciklit politik, Spartak Ngjela paralajm\u00ebron zhvillime t\u00eb forta, ja roli i amerikan\u00ebve dhe\u2026","author":"Kurt Farka","date":"August 1, 2026","format":false,"excerpt":"1 Gusht 2026 Rigels Seliman Avokati i njohur, Spartak Ngjela, ka hedhur akuza t\u00eb forta ndaj kryeministrit Edi Rama, nd\u00ebrsa shpreh bindjen se ai \u00ebsht\u00eb n\u00eb fund t\u00eb ciklit t\u00eb tij politik. P\u00ebrmes nj\u00eb reagimi n\u00eb rrjetet sociale, Ngjela analizon se pushteti i kryeministrit \u00ebsht\u00eb nd\u00ebrtuar mbi komplekse dhe frik\u00eb\u2026","rel":"","context":"In &quot;Blogu i Udh\u00ebtarit&quot;","block_context":{"text":"Blogu i Udh\u00ebtarit","link":"https:\/\/www.shqiperia.com\/blog\/category\/blogu-i-udhetarit\/"},"img":{"alt_text":"","src":"https:\/\/i0.wp.com\/www.shqiperia.com\/blog\/wp-content\/uploads\/2026\/08\/foto-2.jpg-1-1140x570-1.jpeg?fit=1140%2C570&ssl=1&resize=350%2C200","width":350,"height":200,"srcset":"https:\/\/i0.wp.com\/www.shqiperia.com\/blog\/wp-content\/uploads\/2026\/08\/foto-2.jpg-1-1140x570-1.jpeg?fit=1140%2C570&ssl=1&resize=350%2C200 1x, https:\/\/i0.wp.com\/www.shqiperia.com\/blog\/wp-content\/uploads\/2026\/08\/foto-2.jpg-1-1140x570-1.jpeg?fit=1140%2C570&ssl=1&resize=525%2C300 1.5x, https:\/\/i0.wp.com\/www.shqiperia.com\/blog\/wp-content\/uploads\/2026\/08\/foto-2.jpg-1-1140x570-1.jpeg?fit=1140%2C570&ssl=1&resize=700%2C400 2x, https:\/\/i0.wp.com\/www.shqiperia.com\/blog\/wp-content\/uploads\/2026\/08\/foto-2.jpg-1-1140x570-1.jpeg?fit=1140%2C570&ssl=1&resize=1050%2C600 3x"},"classes":[]},{"id":103730,"url":"https:\/\/www.shqiperia.com\/blog\/lubonja-jemi-ne-nje-regjim-kriminal-ne-nje-shtet-normal-rama-do-te-kishte-dhene-doreheqjen-dhe-ps-do-e-largonte\/","url_meta":{"origin":101153,"position":3},"title":"Lubonja: &#8211; Jemi n\u00eb nj\u00eb regjim kriminal  &#8211; N\u00eb nj\u00eb shtet normal, Rama do t\u00eb kishte dh\u00ebn\u00eb dor\u00ebheqjen dhe PS do e largonte.","author":"Kurt Farka","date":"August 4, 2026","format":false,"excerpt":"4 Gusht 2026 Analisti i njohur Fatos Lubonja, i ftuar n\u00eb\u00a0 nj\u00eb studio televizive ka b\u00ebr\u00eb nj\u00eb analiz\u00eb t\u00eb ashp\u00ebr t\u00eb situat\u00ebs politike n\u00eb vend dhe val\u00ebs s\u00eb protestave masive kund\u00ebr kryeministrit Edi Rama dhe qeveris\u00eb s\u00eb tij. Gjat\u00eb fjal\u00ebs s\u00eb tij, Lubonja u shpreh se n\u00eb nj\u00eb shtet normal\u2026","rel":"","context":"In &quot;Blogu i Udh\u00ebtarit&quot;","block_context":{"text":"Blogu i Udh\u00ebtarit","link":"https:\/\/www.shqiperia.com\/blog\/category\/blogu-i-udhetarit\/"},"img":{"alt_text":"","src":"https:\/\/i0.wp.com\/www.shqiperia.com\/blog\/wp-content\/uploads\/2026\/08\/Lubonja-Rama.webp?fit=1200%2C700&ssl=1&resize=350%2C200","width":350,"height":200,"srcset":"https:\/\/i0.wp.com\/www.shqiperia.com\/blog\/wp-content\/uploads\/2026\/08\/Lubonja-Rama.webp?fit=1200%2C700&ssl=1&resize=350%2C200 1x, https:\/\/i0.wp.com\/www.shqiperia.com\/blog\/wp-content\/uploads\/2026\/08\/Lubonja-Rama.webp?fit=1200%2C700&ssl=1&resize=525%2C300 1.5x, https:\/\/i0.wp.com\/www.shqiperia.com\/blog\/wp-content\/uploads\/2026\/08\/Lubonja-Rama.webp?fit=1200%2C700&ssl=1&resize=700%2C400 2x, https:\/\/i0.wp.com\/www.shqiperia.com\/blog\/wp-content\/uploads\/2026\/08\/Lubonja-Rama.webp?fit=1200%2C700&ssl=1&resize=1050%2C600 3x"},"classes":[]},{"id":102009,"url":"https:\/\/www.shqiperia.com\/blog\/zv-presidenti-i-pe-i-bashkohet-protestes-vendos-qeleshen-ne-koke-edi-rama-ka-frike-jeni-ne-anen-e-duhur-te-historise\/","url_meta":{"origin":101153,"position":4},"title":"Zv\/Presidenti i PE i bashkohet protest\u00ebs, vendos qeleshen n\u00eb kok\u00eb: &#8211; Edi Rama ka frik\u00eb! Jeni n\u00eb an\u00ebn e duhur t\u00eb historis\u00eb","author":"Kurt Farka","date":"June 30, 2026","format":false,"excerpt":"30 Qershor 2026 Nj\u00eb mesazh mjaft t\u00eb fuqish\u00ebm ka p\u00ebrcjell\u00eb n\u00eb protest\u00eb edhe z\u00ebvend\u00ebspresidenti i Parlamentit Europian, Nicolae \u0218tef\u0103nu\u021b\u0103. Duke vendosur qeleshen n\u00eb kok\u00eb si simbol respekti, ai b\u00ebri nj\u00eb paralajm\u00ebrim historik p\u00ebr fundin e pushteteve t\u00eb korruptuara, duke ndar\u00eb eksperienc\u00ebn e tij personale nga r\u00ebnia e diktatur\u00ebs n\u00eb Rumani\u2026","rel":"","context":"In &quot;Blogu i Udh\u00ebtarit&quot;","block_context":{"text":"Blogu i Udh\u00ebtarit","link":"https:\/\/www.shqiperia.com\/blog\/category\/blogu-i-udhetarit\/"},"img":{"alt_text":"","src":"https:\/\/i0.wp.com\/www.shqiperia.com\/blog\/wp-content\/uploads\/2026\/06\/1111111111111111111111111111.jpg?fit=924%2C502&ssl=1&resize=350%2C200","width":350,"height":200,"srcset":"https:\/\/i0.wp.com\/www.shqiperia.com\/blog\/wp-content\/uploads\/2026\/06\/1111111111111111111111111111.jpg?fit=924%2C502&ssl=1&resize=350%2C200 1x, https:\/\/i0.wp.com\/www.shqiperia.com\/blog\/wp-content\/uploads\/2026\/06\/1111111111111111111111111111.jpg?fit=924%2C502&ssl=1&resize=525%2C300 1.5x, https:\/\/i0.wp.com\/www.shqiperia.com\/blog\/wp-content\/uploads\/2026\/06\/1111111111111111111111111111.jpg?fit=924%2C502&ssl=1&resize=700%2C400 2x"},"classes":[]},{"id":105565,"url":"https:\/\/www.shqiperia.com\/blog\/duhet-te-mobilizohemi-per-mosbindje-civile-me-12-shtator-diaspora-zbarkon-fuqimisht-ne-tirane\/","url_meta":{"origin":101153,"position":5},"title":"&#8220;Duhet t\u00eb mobilizohemi p\u00ebr mosbindje civile&#8221;\/ M\u00eb 12 shtator diaspora &#8216;zbarkon&#8217; fuqimisht n\u00eb Tiran\u00eb.","author":"Kurt Farka","date":"August 31, 2026","format":false,"excerpt":"31 Gusht 2026 Aktivisti shqiptar q\u00eb jeton n\u00eb Britani, Ilir Dedej, i ftuar ne nje lidhje te drejteperdrejte televizive ka komentuar protestat kund\u00ebr qeveris\u00eb, duke deklaruar se pas 93 dit\u00ebsh mobilizimi qytetar, sipas tij, pushteti i kryeministrit Edi Rama \u00ebsht\u00eb dob\u00ebsuar. Dedej tha se protesta duhet t\u00eb shkoj\u00eb p\u00ebrtej tubimeve\u2026","rel":"","context":"In &quot;Blogu i Udh\u00ebtarit&quot;","block_context":{"text":"Blogu i Udh\u00ebtarit","link":"https:\/\/www.shqiperia.com\/blog\/category\/blogu-i-udhetarit\/"},"img":{"alt_text":"","src":"https:\/\/i0.wp.com\/www.shqiperia.com\/blog\/wp-content\/uploads\/2026\/08\/Mijera-emigrante-shqiptare-proteste-ne-Londer.-Foto-Arkiv.jpg?fit=1200%2C675&ssl=1&resize=350%2C200","width":350,"height":200,"srcset":"https:\/\/i0.wp.com\/www.shqiperia.com\/blog\/wp-content\/uploads\/2026\/08\/Mijera-emigrante-shqiptare-proteste-ne-Londer.-Foto-Arkiv.jpg?fit=1200%2C675&ssl=1&resize=350%2C200 1x, https:\/\/i0.wp.com\/www.shqiperia.com\/blog\/wp-content\/uploads\/2026\/08\/Mijera-emigrante-shqiptare-proteste-ne-Londer.-Foto-Arkiv.jpg?fit=1200%2C675&ssl=1&resize=525%2C300 1.5x, https:\/\/i0.wp.com\/www.shqiperia.com\/blog\/wp-content\/uploads\/2026\/08\/Mijera-emigrante-shqiptare-proteste-ne-Londer.-Foto-Arkiv.jpg?fit=1200%2C675&ssl=1&resize=700%2C400 2x, https:\/\/i0.wp.com\/www.shqiperia.com\/blog\/wp-content\/uploads\/2026\/08\/Mijera-emigrante-shqiptare-proteste-ne-Londer.-Foto-Arkiv.jpg?fit=1200%2C675&ssl=1&resize=1050%2C600 3x"},"classes":[]}],"_links":{"self":[{"href":"https:\/\/www.shqiperia.com\/blog\/wp-json\/wp\/v2\/posts\/101153","targetHints":{"allow":["GET"]}}],"collection":[{"href":"https:\/\/www.shqiperia.com\/blog\/wp-json\/wp\/v2\/posts"}],"about":[{"href":"https:\/\/www.shqiperia.com\/blog\/wp-json\/wp\/v2\/types\/post"}],"author":[{"embeddable":true,"href":"https:\/\/www.shqiperia.com\/blog\/wp-json\/wp\/v2\/users\/9"}],"replies":[{"embeddable":true,"href":"https:\/\/www.shqiperia.com\/blog\/wp-json\/wp\/v2\/comments?post=101153"}],"version-history":[{"count":2,"href":"https:\/\/www.shqiperia.com\/blog\/wp-json\/wp\/v2\/posts\/101153\/revisions"}],"predecessor-version":[{"id":101156,"href":"https:\/\/www.shqiperia.com\/blog\/wp-json\/wp\/v2\/posts\/101153\/revisions\/101156"}],"wp:featuredmedia":[{"embeddable":true,"href":"https:\/\/www.shqiperia.com\/blog\/wp-json\/wp\/v2\/media\/101154"}],"wp:attachment":[{"href":"https:\/\/www.shqiperia.com\/blog\/wp-json\/wp\/v2\/media?parent=101153"}],"wp:term":[{"taxonomy":"category","embeddable":true,"href":"https:\/\/www.shqiperia.com\/blog\/wp-json\/wp\/v2\/categories?post=101153"},{"taxonomy":"post_tag","embeddable":true,"href":"https:\/\/www.shqiperia.com\/blog\/wp-json\/wp\/v2\/tags?post=101153"}],"curies":[{"name":"wp","href":"https:\/\/api.w.org\/{rel}","templated":true}]}}