{"id":101151,"date":"2026-06-05T20:52:25","date_gmt":"2026-06-05T20:52:25","guid":{"rendered":"https:\/\/www.shqiperia.com\/blog\/?p=101151"},"modified":"2026-06-05T20:52:25","modified_gmt":"2026-06-05T20:52:25","slug":"ik-sa-me-shpejt-o-kriminel-o-hajdut-gent-progni-para-kryeministrise-protesta-nuk-eshte-vetem-per-zvernecin","status":"publish","type":"post","link":"https:\/\/www.shqiperia.com\/blog\/ik-sa-me-shpejt-o-kriminel-o-hajdut-gent-progni-para-kryeministrise-protesta-nuk-eshte-vetem-per-zvernecin\/","title":{"rendered":"\u201cIk sa m\u00eb shpejt o kriminel, o hajdut!\u201d\/ Gent Progni para Kryeministris\u00eb: Protesta nuk \u00ebsht\u00eb vet\u00ebm p\u00ebr Zv\u00ebrnecin"},"content":{"rendered":"<p><img data-recalc-dims=\"1\" loading=\"lazy\" decoding=\"async\" data-attachment-id=\"101087\" data-permalink=\"https:\/\/www.shqiperia.com\/blog\/proteste-madheshtore-ne-tirane-rama-te-jape-doreheqjen-shqiperia-nuk-shitet\/protesta-ne-bulevard-4-qershor-2026\/\" data-orig-file=\"https:\/\/i0.wp.com\/www.shqiperia.com\/blog\/wp-content\/uploads\/2026\/06\/protesta-ne-bulevard-4-qershor-2026.jpg?fit=632%2C278&amp;ssl=1\" data-orig-size=\"632,278\" data-comments-opened=\"1\" data-image-meta=\"{&quot;aperture&quot;:&quot;0&quot;,&quot;credit&quot;:&quot;&quot;,&quot;camera&quot;:&quot;&quot;,&quot;caption&quot;:&quot;&quot;,&quot;created_timestamp&quot;:&quot;0&quot;,&quot;copyright&quot;:&quot;&quot;,&quot;focal_length&quot;:&quot;0&quot;,&quot;iso&quot;:&quot;0&quot;,&quot;shutter_speed&quot;:&quot;0&quot;,&quot;title&quot;:&quot;&quot;,&quot;orientation&quot;:&quot;0&quot;}\" data-image-title=\"protesta-ne-bulevard-4-qershor-2026\" data-image-description=\"\" data-image-caption=\"\" data-medium-file=\"https:\/\/i0.wp.com\/www.shqiperia.com\/blog\/wp-content\/uploads\/2026\/06\/protesta-ne-bulevard-4-qershor-2026.jpg?fit=300%2C132&amp;ssl=1\" data-large-file=\"https:\/\/i0.wp.com\/www.shqiperia.com\/blog\/wp-content\/uploads\/2026\/06\/protesta-ne-bulevard-4-qershor-2026.jpg?fit=632%2C278&amp;ssl=1\" class=\"alignnone  wp-image-101087\" alt=\"\" src=\"https:\/\/i0.wp.com\/www.shqiperia.com\/blog\/wp-content\/uploads\/2026\/06\/protesta-ne-bulevard-4-qershor-2026.jpg?resize=743%2C327&#038;ssl=1\" width=\"743\" height=\"327\" srcset=\"https:\/\/i0.wp.com\/www.shqiperia.com\/blog\/wp-content\/uploads\/2026\/06\/protesta-ne-bulevard-4-qershor-2026.jpg?resize=300%2C132&amp;ssl=1 300w, https:\/\/i0.wp.com\/www.shqiperia.com\/blog\/wp-content\/uploads\/2026\/06\/protesta-ne-bulevard-4-qershor-2026.jpg?resize=450%2C198&amp;ssl=1 450w, https:\/\/i0.wp.com\/www.shqiperia.com\/blog\/wp-content\/uploads\/2026\/06\/protesta-ne-bulevard-4-qershor-2026.jpg?resize=600%2C264&amp;ssl=1 600w, https:\/\/i0.wp.com\/www.shqiperia.com\/blog\/wp-content\/uploads\/2026\/06\/protesta-ne-bulevard-4-qershor-2026.jpg?resize=400%2C176&amp;ssl=1 400w, https:\/\/i0.wp.com\/www.shqiperia.com\/blog\/wp-content\/uploads\/2026\/06\/protesta-ne-bulevard-4-qershor-2026.jpg?w=632&amp;ssl=1 632w\" sizes=\"auto, (max-width: 743px) 100vw, 743px\" \/><\/p>\n<p>5 Qershor 2026<\/p>\n<p>Eksperti i IT dhe protestuesi Gent Progni ka marr\u00eb fjal\u00ebn n\u00eb tubimin masiv qytetar para Kryeministris\u00eb<\/p>\n<p>Progni \u00ebsht\u00eb shprehur se kjo protest\u00eb nuk kufizohet vet\u00ebm me kauz\u00ebn e Zv\u00ebrnecit. Ai theksoi se sot jan\u00eb edhe m\u00eb shum\u00eb protestues dhe nes\u00ebr do t\u00eb ket\u00eb s\u00ebrish m\u00eb tep\u00ebr.<\/p>\n<p>Progni theksoi se shum\u00eb qytete shqiptare jan\u00eb mbushur me qytetar\u00eb q\u00eb protestojn\u00eb kund\u00ebr qeveris\u00eb s\u00eb Edi Ram\u00ebs.<\/p>\n<p>\u201cK\u00ebt\u00eb protest\u00eb nuk e kufizojm\u00eb vet\u00ebm me Zv\u00ebrnecin. A jemi m\u00eb shum\u00eb se dje? A jemi nes\u00ebr m\u00eb shum\u00eb? A e dini q\u00eb Elbasani sot \u00ebsht\u00eb plot? A e dini q\u00eb Kor\u00e7a sot \u00ebsht\u00eb plot? A e dini q\u00eb Durr\u00ebsi sot \u00ebsht\u00eb plot? A e dini se Vlora \u00ebsht\u00eb plot? A e kuptoni q\u00eb t\u00eb gjith\u00eb kemi dal\u00eb p\u00ebr t\u00eb t\u00eb hequr ty o kriminel, o hajdut?! Ik sa m\u00eb shpejt, ik sa m\u00eb shpejt\u201d, u shpreh ai.<\/p>\n","protected":false},"excerpt":{"rendered":"<p>5 Qershor 2026 Eksperti i IT dhe protestuesi Gent Progni ka marr\u00eb fjal\u00ebn n\u00eb tubimin masiv qytetar para Kryeministris\u00eb Progni \u00ebsht\u00eb shprehur se kjo protest\u00eb nuk kufizohet vet\u00ebm me kauz\u00ebn e Zv\u00ebrnecit. Ai theksoi se sot jan\u00eb edhe m\u00eb shum\u00eb protestues dhe nes\u00ebr do t\u00eb ket\u00eb s\u00ebrish m\u00eb tep\u00ebr. Progni theksoi se shum\u00eb qytete shqiptare [&hellip;]<\/p>\n","protected":false},"author":9,"featured_media":0,"comment_status":"open","ping_status":"open","sticky":false,"template":"","format":"standard","meta":{"jetpack_post_was_ever_published":false,"_jetpack_newsletter_access":"","_jetpack_dont_email_post_to_subs":false,"_jetpack_newsletter_tier_id":0,"_jetpack_memberships_contains_paywalled_content":false,"_jetpack_memberships_contains_paid_content":false,"footnotes":"","jetpack_publicize_message":"","jetpack_publicize_feature_enabled":true,"jetpack_social_post_already_shared":true,"jetpack_social_options":{"image_generator_settings":{"template":"highway","default_image_id":0,"font":"","enabled":false},"version":2}},"categories":[27,1,2,35],"tags":[],"class_list":["post-101151","post","type-post","status-publish","format-standard","hentry","category-blogu-i-udhetarit","category-njoftime-shtypi","category-politika","category-shoqerore"],"jetpack_publicize_connections":[],"jetpack_featured_media_url":"","jetpack_sharing_enabled":true,"jetpack_shortlink":"https:\/\/wp.me\/p5Z6wp-qjt","jetpack-related-posts":[{"id":103642,"url":"https:\/\/www.shqiperia.com\/blog\/protestuesja-ne-nuk-harrojme-se-edi-rama-na-shiti-shqiperine-dhe-na-beri-popull-refugjatesh\/","url_meta":{"origin":101151,"position":0},"title":"Protestuesja: &#8211; Ne nuk harrojm\u00eb se Edi Rama na shiti Shqip\u00ebrin\u00eb dhe na b\u00ebri popull refugjat\u00ebsh","author":"Kurt Farka","date":"August 2, 2026","format":false,"excerpt":"2 Gusht 2026 Nj\u00eb shqiptare me banim n\u00eb Itali iu bashkua sot protest\u00ebs para kryeministris\u00eb p\u00ebr t\u00eb k\u00ebrkuar dor\u00ebheqjen e kryeministrit Edi Rama. Protestuesja b\u00ebri me faj Edi Ram\u00ebn p\u00ebr shpopullimin e vendit nd\u00ebrsa i b\u00ebri thirrje diaspor\u00ebs t\u00eb solidarizohet me protestuesit p\u00ebr t\u00eb larguar kryeministrin \u201c Ne nuk e\u2026","rel":"","context":"In &quot;Blogu i Udh\u00ebtarit&quot;","block_context":{"text":"Blogu i Udh\u00ebtarit","link":"https:\/\/www.shqiperia.com\/blog\/category\/blogu-i-udhetarit\/"},"img":{"alt_text":"","src":"https:\/\/i0.wp.com\/www.shqiperia.com\/blog\/wp-content\/uploads\/2026\/08\/Refugjat-t.webp?fit=780%2C470&ssl=1&resize=350%2C200","width":350,"height":200,"srcset":"https:\/\/i0.wp.com\/www.shqiperia.com\/blog\/wp-content\/uploads\/2026\/08\/Refugjat-t.webp?fit=780%2C470&ssl=1&resize=350%2C200 1x, https:\/\/i0.wp.com\/www.shqiperia.com\/blog\/wp-content\/uploads\/2026\/08\/Refugjat-t.webp?fit=780%2C470&ssl=1&resize=525%2C300 1.5x, https:\/\/i0.wp.com\/www.shqiperia.com\/blog\/wp-content\/uploads\/2026\/08\/Refugjat-t.webp?fit=780%2C470&ssl=1&resize=700%2C400 2x"},"classes":[]},{"id":102508,"url":"https:\/\/www.shqiperia.com\/blog\/ambasadori-i-osbe-se-e-drejta-per-proteste-duhet-te-respektohet\/","url_meta":{"origin":101151,"position":1},"title":"Ambasadori i OSBE-s\u00eb: &#8211; E drejta p\u00ebr protest\u00eb duhet t\u00eb respektohet","author":"Kurt Farka","date":"July 11, 2026","format":false,"excerpt":"11 Korrik 2026 Ambasadori i OSBE-s\u00eb n\u00eb Shqip\u00ebri, Michel Tarran, gjat\u00eb nj\u00eb deklarate p\u00ebr mediat nga Kor\u00e7a, u ndal te e drejta e qytetar\u00ebve p\u00ebr t\u00eb protestuar, n\u00eb kuad\u00ebr t\u00eb tubimeve q\u00eb ndodhin n\u00eb Tiran\u00eb prej 41 dit\u00ebsh, klima politike n\u00eb vend dhe nevoja p\u00ebr forcimin e dialogut mes pal\u00ebve\u2026","rel":"","context":"In &quot;Blogu i Udh\u00ebtarit&quot;","block_context":{"text":"Blogu i Udh\u00ebtarit","link":"https:\/\/www.shqiperia.com\/blog\/category\/blogu-i-udhetarit\/"},"img":{"alt_text":"","src":"https:\/\/i0.wp.com\/www.shqiperia.com\/blog\/wp-content\/uploads\/2026\/07\/tarran_sd.webp?fit=1200%2C675&ssl=1&resize=350%2C200","width":350,"height":200,"srcset":"https:\/\/i0.wp.com\/www.shqiperia.com\/blog\/wp-content\/uploads\/2026\/07\/tarran_sd.webp?fit=1200%2C675&ssl=1&resize=350%2C200 1x, https:\/\/i0.wp.com\/www.shqiperia.com\/blog\/wp-content\/uploads\/2026\/07\/tarran_sd.webp?fit=1200%2C675&ssl=1&resize=525%2C300 1.5x, https:\/\/i0.wp.com\/www.shqiperia.com\/blog\/wp-content\/uploads\/2026\/07\/tarran_sd.webp?fit=1200%2C675&ssl=1&resize=700%2C400 2x, https:\/\/i0.wp.com\/www.shqiperia.com\/blog\/wp-content\/uploads\/2026\/07\/tarran_sd.webp?fit=1200%2C675&ssl=1&resize=1050%2C600 3x"},"classes":[]},{"id":101492,"url":"https:\/\/www.shqiperia.com\/blog\/diaspora-vijon-te-bashkohet-ne-proteste-sot-thirrje-per-tu-mbledhur-ne-shesh-ne-torino-pisa-e-parma\/","url_meta":{"origin":101151,"position":2},"title":"Diaspora vijon t\u00eb bashkohet n\u00eb protest\u00eb, sot thirrje p\u00ebr tu mbledhur n\u00eb shesh n\u00eb Torino, Pisa e Parma","author":"Kurt Farka","date":"June 14, 2026","format":false,"excerpt":"Nga Alba Kepi Novara, Fermo, Torino, Pistoia, Pisa, Padova, Parma, Milano, Nettuno, Roma. Jan\u00eb me dhjet\u00ebra sheshe italiane ku emigrant\u00ebt shqiptar\u00eb po shprehin solidaritetin dhe zem\u00ebrimin e tyre ndaj qeveris\u00eb s\u00eb Tiran\u00ebs, duke iu bashkuar protestave q\u00eb prej dit\u00ebsh kan\u00eb p\u00ebrfshir\u00eb Shqip\u00ebrin\u00eb. Nj\u00eb jav\u00eb m\u00eb par\u00eb nisi vala e reagimeve\u2026","rel":"","context":"In &quot;Kultura&quot;","block_context":{"text":"Kultura","link":"https:\/\/www.shqiperia.com\/blog\/category\/kultura\/"},"img":{"alt_text":"","src":"https:\/\/i0.wp.com\/www.shqiperia.com\/blog\/wp-content\/uploads\/2026\/06\/auto_93091a9e-06c5-4a5d-a348-76d2c53d80261781418265.jpg?fit=900%2C600&ssl=1&resize=350%2C200","width":350,"height":200,"srcset":"https:\/\/i0.wp.com\/www.shqiperia.com\/blog\/wp-content\/uploads\/2026\/06\/auto_93091a9e-06c5-4a5d-a348-76d2c53d80261781418265.jpg?fit=900%2C600&ssl=1&resize=350%2C200 1x, https:\/\/i0.wp.com\/www.shqiperia.com\/blog\/wp-content\/uploads\/2026\/06\/auto_93091a9e-06c5-4a5d-a348-76d2c53d80261781418265.jpg?fit=900%2C600&ssl=1&resize=525%2C300 1.5x, https:\/\/i0.wp.com\/www.shqiperia.com\/blog\/wp-content\/uploads\/2026\/06\/auto_93091a9e-06c5-4a5d-a348-76d2c53d80261781418265.jpg?fit=900%2C600&ssl=1&resize=700%2C400 2x"},"classes":[]},{"id":101024,"url":"https:\/\/www.shqiperia.com\/blog\/mijera-protestues-ne-shesh-kerkojne-doreheqjen-e-rames-kryeministri-per-cnn-eshte-lufte-hibride-shqiperia-po-sulmohet-nga-armiqte\/","url_meta":{"origin":101151,"position":3},"title":"Mij\u00ebra protestues n\u00eb shesh k\u00ebrkojn\u00eb dor\u00ebheqjen e Ram\u00ebs, kryeministri p\u00ebr CNN: &#8211; \u00cbsht\u00eb luft\u00eb hibride, Shqip\u00ebria po sulmohet nga armiqt\u00eb","author":"Kurt Farka","date":"June 3, 2026","format":false,"excerpt":"3 Qershor 2026 N\u00eb deklarat\u00ebn e tij p\u00ebr CNN, Rama i ka cil\u00ebsuar protestat dhe raportimet si pjes\u00eb t\u00eb nj\u00eb \u201clufte hibride\u201d, duke pretenduar se Shqip\u00ebria po sulmohet nga\u00a0\u201carmiq dhe konkurrenc\u00eb e fort\u00eb n\u00eb rajon\u201d,\u00a0si dhe nga fushata dezinformimi n\u00eb rrjete sociale. \u201cNuk ka protesta n\u00eb t\u00eb gjith\u00eb Shqip\u00ebrin\u00eb. Ka\u2026","rel":"","context":"In &quot;Blogu i Udh\u00ebtarit&quot;","block_context":{"text":"Blogu i Udh\u00ebtarit","link":"https:\/\/www.shqiperia.com\/blog\/category\/blogu-i-udhetarit\/"},"img":{"alt_text":"","src":"https:\/\/i0.wp.com\/www.shqiperia.com\/blog\/wp-content\/uploads\/2026\/06\/images-1.webp?fit=678%2C452&ssl=1&resize=350%2C200","width":350,"height":200,"srcset":"https:\/\/i0.wp.com\/www.shqiperia.com\/blog\/wp-content\/uploads\/2026\/06\/images-1.webp?fit=678%2C452&ssl=1&resize=350%2C200 1x, https:\/\/i0.wp.com\/www.shqiperia.com\/blog\/wp-content\/uploads\/2026\/06\/images-1.webp?fit=678%2C452&ssl=1&resize=525%2C300 1.5x"},"classes":[]},{"id":105523,"url":"https:\/\/www.shqiperia.com\/blog\/trajneri-maran-nuk-kam-frike-nga-veshtiresite-shqiperia-i-ka-te-gjitha-letrat-nuk-flet-per-lojtaret\/","url_meta":{"origin":101151,"position":4},"title":"Trajneri Maran: &#8211; Nuk kam frik\u00eb nga v\u00ebshtir\u00ebsit\u00eb, Shqip\u00ebria i ka t\u00eb gjitha letrat, Nuk flet per lojtaret","author":"Kurt Farka","date":"August 30, 2026","format":false,"excerpt":"30 Gusht 2026 Trajneri i Komb\u00ebtares shqiptare, Rolando Maran, flet ekskluzivisht p\u00ebr Top Channel n\u00eb nj\u00eb intervist\u00eb me gazetarin Endi Tufa, ku prek t\u00eb gjitha temat e aktualitetit t\u00eb kuqezinjve n\u00eb prag t\u00eb nisjes s\u00eb ndeshjeve zyrtare. Maran flet p\u00ebr periudh\u00ebn e gjat\u00eb t\u00eb p\u00ebrgatitjeve, ndryshimet e shumta n\u00eb skuadrat\u2026","rel":"","context":"In &quot;Njoftime Shtypi&quot;","block_context":{"text":"Njoftime Shtypi","link":"https:\/\/www.shqiperia.com\/blog\/category\/njoftime-shtypi\/"},"img":{"alt_text":"","src":"https:\/\/i0.wp.com\/www.shqiperia.com\/blog\/wp-content\/uploads\/2026\/08\/Rolando-Maran.webp?fit=800%2C450&ssl=1&resize=350%2C200","width":350,"height":200,"srcset":"https:\/\/i0.wp.com\/www.shqiperia.com\/blog\/wp-content\/uploads\/2026\/08\/Rolando-Maran.webp?fit=800%2C450&ssl=1&resize=350%2C200 1x, https:\/\/i0.wp.com\/www.shqiperia.com\/blog\/wp-content\/uploads\/2026\/08\/Rolando-Maran.webp?fit=800%2C450&ssl=1&resize=525%2C300 1.5x, https:\/\/i0.wp.com\/www.shqiperia.com\/blog\/wp-content\/uploads\/2026\/08\/Rolando-Maran.webp?fit=800%2C450&ssl=1&resize=700%2C400 2x"},"classes":[]},{"id":105794,"url":"https:\/\/www.shqiperia.com\/blog\/dje-proteste-me-mesazh-te-qarte-i-riu-ne-proteste-ne-7-shtator-te-rrethojme-kryeministrine-rama-iken-vetem-me-aeroplan-per-te-mos-u-kthyer-me\/","url_meta":{"origin":101151,"position":5},"title":"\u201cDje, protest\u00eb me mesazh t\u00eb qart\u00eb\u201d, i riu n\u00eb protest\u00eb: N\u00eb 7 shtator t\u00eb rrethojm\u00eb kryeministrin\u00eb! Rama ik\u00ebn vet\u00ebm me aeroplan p\u00ebr t\u00eb mos u kthyer m\u00eb!","author":"Kurt Farka","date":"September 2, 2026","format":false,"excerpt":"2 Shtator 2026 K\u00ebt\u00eb t\u00eb m\u00ebrkur\u00eb mbahet protesta e 95-t\u00eb para kryeministris\u00eb, me synimin e vet\u00ebm largimin e qeveris\u00eb Rama Nj\u00eb i ri u shpreh se protesta e djeshme ishte paralajm\u00ebrim, nd\u00ebrsa theksoi se rrethimi i kryeministris\u00eb n\u00eb 7 shtator do b\u00ebnte q\u00eb Rama t\u00eb largohet nga godina p\u00ebrfundimisht. \u201cN\u00eb\u2026","rel":"","context":"In &quot;Blogu i Udh\u00ebtarit&quot;","block_context":{"text":"Blogu i Udh\u00ebtarit","link":"https:\/\/www.shqiperia.com\/blog\/category\/blogu-i-udhetarit\/"},"img":{"alt_text":"","src":"https:\/\/i0.wp.com\/www.shqiperia.com\/blog\/wp-content\/uploads\/2026\/09\/324324324324.jpg?fit=1138%2C495&ssl=1&resize=350%2C200","width":350,"height":200,"srcset":"https:\/\/i0.wp.com\/www.shqiperia.com\/blog\/wp-content\/uploads\/2026\/09\/324324324324.jpg?fit=1138%2C495&ssl=1&resize=350%2C200 1x, https:\/\/i0.wp.com\/www.shqiperia.com\/blog\/wp-content\/uploads\/2026\/09\/324324324324.jpg?fit=1138%2C495&ssl=1&resize=525%2C300 1.5x, https:\/\/i0.wp.com\/www.shqiperia.com\/blog\/wp-content\/uploads\/2026\/09\/324324324324.jpg?fit=1138%2C495&ssl=1&resize=700%2C400 2x, https:\/\/i0.wp.com\/www.shqiperia.com\/blog\/wp-content\/uploads\/2026\/09\/324324324324.jpg?fit=1138%2C495&ssl=1&resize=1050%2C600 3x"},"classes":[]}],"_links":{"self":[{"href":"https:\/\/www.shqiperia.com\/blog\/wp-json\/wp\/v2\/posts\/101151","targetHints":{"allow":["GET"]}}],"collection":[{"href":"https:\/\/www.shqiperia.com\/blog\/wp-json\/wp\/v2\/posts"}],"about":[{"href":"https:\/\/www.shqiperia.com\/blog\/wp-json\/wp\/v2\/types\/post"}],"author":[{"embeddable":true,"href":"https:\/\/www.shqiperia.com\/blog\/wp-json\/wp\/v2\/users\/9"}],"replies":[{"embeddable":true,"href":"https:\/\/www.shqiperia.com\/blog\/wp-json\/wp\/v2\/comments?post=101151"}],"version-history":[{"count":1,"href":"https:\/\/www.shqiperia.com\/blog\/wp-json\/wp\/v2\/posts\/101151\/revisions"}],"predecessor-version":[{"id":101152,"href":"https:\/\/www.shqiperia.com\/blog\/wp-json\/wp\/v2\/posts\/101151\/revisions\/101152"}],"wp:attachment":[{"href":"https:\/\/www.shqiperia.com\/blog\/wp-json\/wp\/v2\/media?parent=101151"}],"wp:term":[{"taxonomy":"category","embeddable":true,"href":"https:\/\/www.shqiperia.com\/blog\/wp-json\/wp\/v2\/categories?post=101151"},{"taxonomy":"post_tag","embeddable":true,"href":"https:\/\/www.shqiperia.com\/blog\/wp-json\/wp\/v2\/tags?post=101151"}],"curies":[{"name":"wp","href":"https:\/\/api.w.org\/{rel}","templated":true}]}}