{"id":101145,"date":"2026-06-05T20:46:42","date_gmt":"2026-06-05T20:46:42","guid":{"rendered":"https:\/\/www.shqiperia.com\/blog\/?p=101145"},"modified":"2026-06-05T20:48:34","modified_gmt":"2026-06-05T20:48:34","slug":"rama-per-thirrjet-e-protestes-qytetare-lajthitje-mendore-e-shfaqur-hapur","status":"publish","type":"post","link":"https:\/\/www.shqiperia.com\/blog\/rama-per-thirrjet-e-protestes-qytetare-lajthitje-mendore-e-shfaqur-hapur\/","title":{"rendered":"Rama per thirrjet e Protestes Qytetare, lajthitje mendore e shfaqur hapur."},"content":{"rendered":"<p><img data-recalc-dims=\"1\" loading=\"lazy\" decoding=\"async\" data-attachment-id=\"101147\" data-permalink=\"https:\/\/www.shqiperia.com\/blog\/rama-per-thirrjet-e-protestes-qytetare-lajthitje-mendore-e-shfaqur-hapur\/640-0-1780675061xramaajpg-200\/\" data-orig-file=\"https:\/\/i0.wp.com\/www.shqiperia.com\/blog\/wp-content\/uploads\/2026\/06\/640-0-1780675061xramaajpg-200.jpg?fit=640%2C372&amp;ssl=1\" data-orig-size=\"640,372\" data-comments-opened=\"1\" data-image-meta=\"{&quot;aperture&quot;:&quot;0&quot;,&quot;credit&quot;:&quot;&quot;,&quot;camera&quot;:&quot;&quot;,&quot;caption&quot;:&quot;&quot;,&quot;created_timestamp&quot;:&quot;0&quot;,&quot;copyright&quot;:&quot;&quot;,&quot;focal_length&quot;:&quot;0&quot;,&quot;iso&quot;:&quot;0&quot;,&quot;shutter_speed&quot;:&quot;0&quot;,&quot;title&quot;:&quot;&quot;,&quot;orientation&quot;:&quot;0&quot;}\" data-image-title=\"-640-0-1780675061xramaajpg-200\" data-image-description=\"\" data-image-caption=\"\" data-medium-file=\"https:\/\/i0.wp.com\/www.shqiperia.com\/blog\/wp-content\/uploads\/2026\/06\/640-0-1780675061xramaajpg-200.jpg?fit=300%2C174&amp;ssl=1\" data-large-file=\"https:\/\/i0.wp.com\/www.shqiperia.com\/blog\/wp-content\/uploads\/2026\/06\/640-0-1780675061xramaajpg-200.jpg?fit=640%2C372&amp;ssl=1\" class=\"alignnone wp-image-101147\" alt=\"\" src=\"https:\/\/i0.wp.com\/www.shqiperia.com\/blog\/wp-content\/uploads\/2026\/06\/640-0-1780675061xramaajpg-200.jpg?resize=745%2C432&#038;ssl=1\" width=\"745\" height=\"432\" srcset=\"https:\/\/i0.wp.com\/www.shqiperia.com\/blog\/wp-content\/uploads\/2026\/06\/640-0-1780675061xramaajpg-200.jpg?resize=300%2C174&amp;ssl=1 300w, https:\/\/i0.wp.com\/www.shqiperia.com\/blog\/wp-content\/uploads\/2026\/06\/640-0-1780675061xramaajpg-200.jpg?resize=450%2C262&amp;ssl=1 450w, https:\/\/i0.wp.com\/www.shqiperia.com\/blog\/wp-content\/uploads\/2026\/06\/640-0-1780675061xramaajpg-200.jpg?resize=600%2C349&amp;ssl=1 600w, https:\/\/i0.wp.com\/www.shqiperia.com\/blog\/wp-content\/uploads\/2026\/06\/640-0-1780675061xramaajpg-200.jpg?resize=400%2C233&amp;ssl=1 400w, https:\/\/i0.wp.com\/www.shqiperia.com\/blog\/wp-content\/uploads\/2026\/06\/640-0-1780675061xramaajpg-200.jpg?w=640&amp;ssl=1 640w\" sizes=\"auto, (max-width: 745px) 100vw, 745px\" \/><\/p>\n<p>5 Qershor 2026<\/p>\n<p>Ne takimin me banoret e Zvernecit Edi Rama Deklaroj: Parulla &#8220;Shqiperia e Shqiptareve&#8221; eshte parulle e turpshme, Parulle Fashiste&#8221;<\/p>\n","protected":false},"excerpt":{"rendered":"<p>5 Qershor 2026 Ne takimin me banoret e Zvernecit Edi Rama Deklaroj: Parulla &#8220;Shqiperia e Shqiptareve&#8221; eshte parulle e turpshme, Parulle Fashiste&#8221;<\/p>\n","protected":false},"author":9,"featured_media":101147,"comment_status":"open","ping_status":"open","sticky":false,"template":"","format":"standard","meta":{"jetpack_post_was_ever_published":false,"_jetpack_newsletter_access":"","_jetpack_dont_email_post_to_subs":false,"_jetpack_newsletter_tier_id":0,"_jetpack_memberships_contains_paywalled_content":false,"_jetpack_memberships_contains_paid_content":false,"footnotes":"","jetpack_publicize_message":"","jetpack_publicize_feature_enabled":true,"jetpack_social_post_already_shared":true,"jetpack_social_options":{"image_generator_settings":{"template":"highway","default_image_id":0,"font":"","enabled":false},"version":2}},"categories":[27,10,1,14],"tags":[],"class_list":["post-101145","post","type-post","status-publish","format-standard","has-post-thumbnail","hentry","category-blogu-i-udhetarit","category-kultura","category-njoftime-shtypi","category-press-releases"],"jetpack_publicize_connections":[],"jetpack_featured_media_url":"https:\/\/i0.wp.com\/www.shqiperia.com\/blog\/wp-content\/uploads\/2026\/06\/640-0-1780675061xramaajpg-200.jpg?fit=640%2C372&ssl=1","jetpack_sharing_enabled":true,"jetpack_shortlink":"https:\/\/wp.me\/p5Z6wp-qjn","jetpack-related-posts":[{"id":105919,"url":"https:\/\/www.shqiperia.com\/blog\/besprem-edi-rama-dorehiqu-mesazhet-nepermjet-pankartave-ne-diten-e-96-te-revoltes-qytetare\/","url_meta":{"origin":101145,"position":0},"title":"\u201cBesprem, Edi Rama dor\u00ebhiqu\u201d, mesazhet n\u00ebp\u00ebrmjet pankartave n\u00eb dit\u00ebn e 96 t\u00eb revolt\u00ebs qytetare","author":"Kurt Farka","date":"September 4, 2026","format":false,"excerpt":"4 Shtator 2026 N\u00eb dit\u00ebn e 96-t\u00eb t\u00eb revolt\u00ebs qytetare, protestuesit kan\u00eb p\u00ebrcjell\u00eb mesazhet e tyre edhe p\u00ebrmes pankartave n\u00eb shesh. Kritikat ndaj qeveris\u00eb dhe kryeministrit Edi Rama kan\u00eb qen\u00eb t\u00eb pranishme n\u00eb nj\u00eb pjes\u00eb t\u00eb pankartave, nd\u00ebrsa nj\u00eb tjet\u00ebr fokus i protestuesve ka qen\u00eb situata n\u00eb sistemin sh\u00ebndet\u00ebsor. \u201cBesprem,\u2026","rel":"","context":"In &quot;Arte&quot;","block_context":{"text":"Arte","link":"https:\/\/www.shqiperia.com\/blog\/category\/arte\/"},"img":{"alt_text":"","src":"https:\/\/i0.wp.com\/www.shqiperia.com\/blog\/wp-content\/uploads\/2026\/09\/Besprem-Edi-Rama-dorehiqu-6.jpg?fit=1040%2C748&ssl=1&resize=350%2C200","width":350,"height":200,"srcset":"https:\/\/i0.wp.com\/www.shqiperia.com\/blog\/wp-content\/uploads\/2026\/09\/Besprem-Edi-Rama-dorehiqu-6.jpg?fit=1040%2C748&ssl=1&resize=350%2C200 1x, https:\/\/i0.wp.com\/www.shqiperia.com\/blog\/wp-content\/uploads\/2026\/09\/Besprem-Edi-Rama-dorehiqu-6.jpg?fit=1040%2C748&ssl=1&resize=525%2C300 1.5x, https:\/\/i0.wp.com\/www.shqiperia.com\/blog\/wp-content\/uploads\/2026\/09\/Besprem-Edi-Rama-dorehiqu-6.jpg?fit=1040%2C748&ssl=1&resize=700%2C400 2x"},"classes":[]},{"id":103166,"url":"https:\/\/www.shqiperia.com\/blog\/jepi-besen-rames-te-pasurohet-belinda-e-te-ngreje-vila-zeqineja-pankartat-pikante-godasin-kryeministrin-edhe-sa-here-do-na-presesh-ne-bese\/","url_meta":{"origin":101145,"position":1},"title":"\u201cJepi bes\u00ebn Ram\u00ebs, t\u00eb pasurohet Belinda e t\u00eb ngrej\u00eb vila Zeqineja\u201d- Pankartat pikante godasin kryeministrin: Edhe sa her\u00eb do na pres\u00ebsh n\u00eb bes\u00eb?","author":"Kurt Farka","date":"July 24, 2026","format":false,"excerpt":"24 Korrik 2026 N\u00eb protest\u00ebn e 55-t\u00eb kund\u00ebr kryeministrit Edi Rama dhe mazhoranc\u00ebs, qytetar\u00ebt kan\u00eb ironizuar me pankartat e tyre dokumentin e prezantuar sot nga kryeministri para grupit parlamentar t\u00eb Partis\u00eb Socialiste. Rama tha se e ka pag\u00ebzuar \u201clibrin\u201d me emrin \u201cBesa\u201d dhe sipas tij\u00a0p\u00ebrfaq\u00ebson nj\u00eb reflektim t\u00eb thell\u00eb p\u00ebr\u2026","rel":"","context":"In &quot;Blogu i Udh\u00ebtarit&quot;","block_context":{"text":"Blogu i Udh\u00ebtarit","link":"https:\/\/www.shqiperia.com\/blog\/category\/blogu-i-udhetarit\/"},"img":{"alt_text":"","src":"https:\/\/i0.wp.com\/www.shqiperia.com\/blog\/wp-content\/uploads\/2026\/07\/edi-rama-pankarta-protesta-55-besa-18-1.jpeg?fit=837%2C490&ssl=1&resize=350%2C200","width":350,"height":200,"srcset":"https:\/\/i0.wp.com\/www.shqiperia.com\/blog\/wp-content\/uploads\/2026\/07\/edi-rama-pankarta-protesta-55-besa-18-1.jpeg?fit=837%2C490&ssl=1&resize=350%2C200 1x, https:\/\/i0.wp.com\/www.shqiperia.com\/blog\/wp-content\/uploads\/2026\/07\/edi-rama-pankarta-protesta-55-besa-18-1.jpeg?fit=837%2C490&ssl=1&resize=525%2C300 1.5x, https:\/\/i0.wp.com\/www.shqiperia.com\/blog\/wp-content\/uploads\/2026\/07\/edi-rama-pankarta-protesta-55-besa-18-1.jpeg?fit=837%2C490&ssl=1&resize=700%2C400 2x"},"classes":[]},{"id":103260,"url":"https:\/\/www.shqiperia.com\/blog\/57-dite-revolte-mbyllet-protesta-shqiptaret-kunder-kryeministrit-rama-jepe-doreheqjen\/","url_meta":{"origin":101145,"position":2},"title":"57 dit\u00eb revolt\u00eb! Mbyllet protesta, shqiptar\u00ebt kund\u00ebr kryeministrit: &#8211; Rama jepe dor\u00ebheqjen","author":"Kurt Farka","date":"July 26, 2026","format":false,"excerpt":"26 Korrik 2026 Pas nj\u00eb marshimi n\u00eb rrug\u00ebt e Tiran\u00ebs \u00ebsht\u00eb mbyllur edhe protesta e 57 e qytetar\u00ebve t\u00eb cil\u00ebt k\u00ebrkojn\u00eb dor\u00ebheqjen e kryeministrit Edi Rama dhe largimin e qeveris\u00eb s\u00eb tij. Edhe sot qytetar\u00ebt kan\u00eb p\u00ebrs\u00ebritur sloganet: \u201cEdi Rama ka maru\u201d, \u201cShqip\u00ebri e re\u201d, \u201cRama jepe dor\u00ebheqjen\u201d, \u201cqeveri e\u2026","rel":"","context":"In &quot;Blogu i Udh\u00ebtarit&quot;","block_context":{"text":"Blogu i Udh\u00ebtarit","link":"https:\/\/www.shqiperia.com\/blog\/category\/blogu-i-udhetarit\/"},"img":{"alt_text":"","src":"https:\/\/i0.wp.com\/www.shqiperia.com\/blog\/wp-content\/uploads\/2026\/07\/Screenshot-2026-07-26-222636.png?fit=862%2C490&ssl=1&resize=350%2C200","width":350,"height":200,"srcset":"https:\/\/i0.wp.com\/www.shqiperia.com\/blog\/wp-content\/uploads\/2026\/07\/Screenshot-2026-07-26-222636.png?fit=862%2C490&ssl=1&resize=350%2C200 1x, https:\/\/i0.wp.com\/www.shqiperia.com\/blog\/wp-content\/uploads\/2026\/07\/Screenshot-2026-07-26-222636.png?fit=862%2C490&ssl=1&resize=525%2C300 1.5x, https:\/\/i0.wp.com\/www.shqiperia.com\/blog\/wp-content\/uploads\/2026\/07\/Screenshot-2026-07-26-222636.png?fit=862%2C490&ssl=1&resize=700%2C400 2x"},"classes":[]},{"id":101221,"url":"https:\/\/www.shqiperia.com\/blog\/shqiperia-eshte-e-jona-shqiptaret-protestojne-edhe-ne-hage-rama-ik-rama-ik\/","url_meta":{"origin":101145,"position":3},"title":"\u2018Shqip\u00ebria \u00ebsht\u00eb e jona\u2019, shqiptar\u00ebt protestojn\u00eb edhe n\u00eb Hag\u00eb: &#8211; Rama ik! Rama ik!","author":"Kurt Farka","date":"June 7, 2026","format":false,"excerpt":"7 Qershpr 2026 Protesta kund\u00ebr Qeverise \u00ebsht\u00eb p\u00ebrhapur dhe n\u00eb diaspor\u00eb. K\u00ebt\u00eb t\u00eb diel kan\u00eb qen\u00eb dhe shqiptar\u00ebt n\u00eb Hag\u00eb, t\u00eb cil\u00ebt dol\u00ebn n\u00eb nj\u00eb prej shesheve t\u00eb qytetit holandez p\u00ebr t\u00eb kund\u00ebrshtuar nd\u00ebrtimin e resortit n\u00eb Zv\u00ebrnec. Gjithashtu protestuesit b\u00ebn thirrje edhe p\u00ebr largimin e kryeministrit Rama nga drejtimi\u2026","rel":"","context":"In &quot;Blogu i Udh\u00ebtarit&quot;","block_context":{"text":"Blogu i Udh\u00ebtarit","link":"https:\/\/www.shqiperia.com\/blog\/category\/blogu-i-udhetarit\/"},"img":{"alt_text":"","src":"https:\/\/i0.wp.com\/www.shqiperia.com\/blog\/wp-content\/uploads\/2026\/06\/Protesta-e-Shqiptareve-ne-Hage.jpg?fit=756%2C431&ssl=1&resize=350%2C200","width":350,"height":200,"srcset":"https:\/\/i0.wp.com\/www.shqiperia.com\/blog\/wp-content\/uploads\/2026\/06\/Protesta-e-Shqiptareve-ne-Hage.jpg?fit=756%2C431&ssl=1&resize=350%2C200 1x, https:\/\/i0.wp.com\/www.shqiperia.com\/blog\/wp-content\/uploads\/2026\/06\/Protesta-e-Shqiptareve-ne-Hage.jpg?fit=756%2C431&ssl=1&resize=525%2C300 1.5x, https:\/\/i0.wp.com\/www.shqiperia.com\/blog\/wp-content\/uploads\/2026\/06\/Protesta-e-Shqiptareve-ne-Hage.jpg?fit=756%2C431&ssl=1&resize=700%2C400 2x"},"classes":[]},{"id":101416,"url":"https:\/\/www.shqiperia.com\/blog\/rama-sot-rilexoi-fjalimin-e-xhelil-gjonit\/","url_meta":{"origin":101145,"position":4},"title":"Rama sot rilexoi fjalimin e Xhelil Gjonit.","author":"Kurt Farka","date":"June 12, 2026","format":false,"excerpt":"Rama sot rilexoi fjalimin e Xhelil Gjonit. E redaktoi vetem, Gjoni sulmonte Rinine qe iku ne vitin 1990, Rama sulmoi Rinine qe eshte ketu ne mbrojtje te Shqiperise.","rel":"","context":"In &quot;Blogu i Udh\u00ebtarit&quot;","block_context":{"text":"Blogu i Udh\u00ebtarit","link":"https:\/\/www.shqiperia.com\/blog\/category\/blogu-i-udhetarit\/"},"img":{"alt_text":"","src":"https:\/\/i0.wp.com\/www.shqiperia.com\/blog\/wp-content\/uploads\/2026\/06\/edi-rama.png?fit=752%2C440&ssl=1&resize=350%2C200","width":350,"height":200,"srcset":"https:\/\/i0.wp.com\/www.shqiperia.com\/blog\/wp-content\/uploads\/2026\/06\/edi-rama.png?fit=752%2C440&ssl=1&resize=350%2C200 1x, https:\/\/i0.wp.com\/www.shqiperia.com\/blog\/wp-content\/uploads\/2026\/06\/edi-rama.png?fit=752%2C440&ssl=1&resize=525%2C300 1.5x, https:\/\/i0.wp.com\/www.shqiperia.com\/blog\/wp-content\/uploads\/2026\/06\/edi-rama.png?fit=752%2C440&ssl=1&resize=700%2C400 2x"},"classes":[]},{"id":104201,"url":"https:\/\/www.shqiperia.com\/blog\/kryeministri-edi-rama-fotografohet-ne-jug-me-alex-soros\/","url_meta":{"origin":101145,"position":5},"title":"Kryeministri Edi Rama fotografohet n\u00eb Jug me Alex Soros!","author":"Kurt Farka","date":"August 12, 2026","format":false,"excerpt":"12 Gusht 2026 Kryeministri Edi Rama prej dit\u00ebsh ndodhet me pushime n\u00eb jug t\u00eb vendit, nd\u00ebrkoh\u00eb q\u00eb n\u00eb kryeqytet vijojn\u00eb pa nd\u00ebrprerje protestat q\u00eb k\u00ebrkojn\u00eb largimin e tij dhe t\u00eb qeveris\u00eb. Dit\u00ebn e sotme, n\u00eb rrjetet sociale jan\u00eb publikuar pamje nga nj\u00eb dark\u00eb q\u00eb kryeministri Rama ka zhvilluar me Alex\u2026","rel":"","context":"In &quot;Blogu i Udh\u00ebtarit&quot;","block_context":{"text":"Blogu i Udh\u00ebtarit","link":"https:\/\/www.shqiperia.com\/blog\/category\/blogu-i-udhetarit\/"},"img":{"alt_text":"","src":"https:\/\/i0.wp.com\/www.shqiperia.com\/blog\/wp-content\/uploads\/2026\/08\/edi-rama-aleks-soros.jpeg?fit=1095%2C830&ssl=1&resize=350%2C200","width":350,"height":200,"srcset":"https:\/\/i0.wp.com\/www.shqiperia.com\/blog\/wp-content\/uploads\/2026\/08\/edi-rama-aleks-soros.jpeg?fit=1095%2C830&ssl=1&resize=350%2C200 1x, https:\/\/i0.wp.com\/www.shqiperia.com\/blog\/wp-content\/uploads\/2026\/08\/edi-rama-aleks-soros.jpeg?fit=1095%2C830&ssl=1&resize=525%2C300 1.5x, https:\/\/i0.wp.com\/www.shqiperia.com\/blog\/wp-content\/uploads\/2026\/08\/edi-rama-aleks-soros.jpeg?fit=1095%2C830&ssl=1&resize=700%2C400 2x, https:\/\/i0.wp.com\/www.shqiperia.com\/blog\/wp-content\/uploads\/2026\/08\/edi-rama-aleks-soros.jpeg?fit=1095%2C830&ssl=1&resize=1050%2C600 3x"},"classes":[]}],"_links":{"self":[{"href":"https:\/\/www.shqiperia.com\/blog\/wp-json\/wp\/v2\/posts\/101145","targetHints":{"allow":["GET"]}}],"collection":[{"href":"https:\/\/www.shqiperia.com\/blog\/wp-json\/wp\/v2\/posts"}],"about":[{"href":"https:\/\/www.shqiperia.com\/blog\/wp-json\/wp\/v2\/types\/post"}],"author":[{"embeddable":true,"href":"https:\/\/www.shqiperia.com\/blog\/wp-json\/wp\/v2\/users\/9"}],"replies":[{"embeddable":true,"href":"https:\/\/www.shqiperia.com\/blog\/wp-json\/wp\/v2\/comments?post=101145"}],"version-history":[{"count":4,"href":"https:\/\/www.shqiperia.com\/blog\/wp-json\/wp\/v2\/posts\/101145\/revisions"}],"predecessor-version":[{"id":101150,"href":"https:\/\/www.shqiperia.com\/blog\/wp-json\/wp\/v2\/posts\/101145\/revisions\/101150"}],"wp:featuredmedia":[{"embeddable":true,"href":"https:\/\/www.shqiperia.com\/blog\/wp-json\/wp\/v2\/media\/101147"}],"wp:attachment":[{"href":"https:\/\/www.shqiperia.com\/blog\/wp-json\/wp\/v2\/media?parent=101145"}],"wp:term":[{"taxonomy":"category","embeddable":true,"href":"https:\/\/www.shqiperia.com\/blog\/wp-json\/wp\/v2\/categories?post=101145"},{"taxonomy":"post_tag","embeddable":true,"href":"https:\/\/www.shqiperia.com\/blog\/wp-json\/wp\/v2\/tags?post=101145"}],"curies":[{"name":"wp","href":"https:\/\/api.w.org\/{rel}","templated":true}]}}