{"id":101142,"date":"2026-06-05T11:38:04","date_gmt":"2026-06-05T11:38:04","guid":{"rendered":"https:\/\/www.shqiperia.com\/blog\/?p=101142"},"modified":"2026-06-05T11:38:04","modified_gmt":"2026-06-05T11:38:04","slug":"sot-ne-oren-18-ne-vlore-dy-protesta-dhe-nje-takim","status":"publish","type":"post","link":"https:\/\/www.shqiperia.com\/blog\/sot-ne-oren-18-ne-vlore-dy-protesta-dhe-nje-takim\/","title":{"rendered":"Sot ne oren 18 ne Vlore dy protesta dhe nje takim."},"content":{"rendered":"<p><img data-recalc-dims=\"1\" loading=\"lazy\" decoding=\"async\" data-attachment-id=\"101143\" data-permalink=\"https:\/\/www.shqiperia.com\/blog\/sot-ne-oren-18-ne-vlore-dy-protesta-dhe-nje-takim\/vlora-3\/\" data-orig-file=\"https:\/\/i0.wp.com\/www.shqiperia.com\/blog\/wp-content\/uploads\/2026\/06\/Vlora.jpeg?fit=1280%2C720&amp;ssl=1\" data-orig-size=\"1280,720\" data-comments-opened=\"1\" data-image-meta=\"{&quot;aperture&quot;:&quot;0&quot;,&quot;credit&quot;:&quot;&quot;,&quot;camera&quot;:&quot;&quot;,&quot;caption&quot;:&quot;&quot;,&quot;created_timestamp&quot;:&quot;0&quot;,&quot;copyright&quot;:&quot;&quot;,&quot;focal_length&quot;:&quot;0&quot;,&quot;iso&quot;:&quot;0&quot;,&quot;shutter_speed&quot;:&quot;0&quot;,&quot;title&quot;:&quot;&quot;,&quot;orientation&quot;:&quot;0&quot;}\" data-image-title=\"Vlora\" data-image-description=\"\" data-image-caption=\"\" data-medium-file=\"https:\/\/i0.wp.com\/www.shqiperia.com\/blog\/wp-content\/uploads\/2026\/06\/Vlora.jpeg?fit=300%2C169&amp;ssl=1\" data-large-file=\"https:\/\/i0.wp.com\/www.shqiperia.com\/blog\/wp-content\/uploads\/2026\/06\/Vlora.jpeg?fit=1024%2C576&amp;ssl=1\" class=\"alignnone  wp-image-101143\" alt=\"\" src=\"https:\/\/i0.wp.com\/www.shqiperia.com\/blog\/wp-content\/uploads\/2026\/06\/Vlora.jpeg?resize=612%2C345&#038;ssl=1\" width=\"612\" height=\"345\" srcset=\"https:\/\/i0.wp.com\/www.shqiperia.com\/blog\/wp-content\/uploads\/2026\/06\/Vlora.jpeg?resize=300%2C169&amp;ssl=1 300w, https:\/\/i0.wp.com\/www.shqiperia.com\/blog\/wp-content\/uploads\/2026\/06\/Vlora.jpeg?resize=1024%2C576&amp;ssl=1 1024w, https:\/\/i0.wp.com\/www.shqiperia.com\/blog\/wp-content\/uploads\/2026\/06\/Vlora.jpeg?resize=768%2C432&amp;ssl=1 768w, https:\/\/i0.wp.com\/www.shqiperia.com\/blog\/wp-content\/uploads\/2026\/06\/Vlora.jpeg?resize=450%2C253&amp;ssl=1 450w, https:\/\/i0.wp.com\/www.shqiperia.com\/blog\/wp-content\/uploads\/2026\/06\/Vlora.jpeg?resize=600%2C338&amp;ssl=1 600w, https:\/\/i0.wp.com\/www.shqiperia.com\/blog\/wp-content\/uploads\/2026\/06\/Vlora.jpeg?resize=400%2C225&amp;ssl=1 400w, https:\/\/i0.wp.com\/www.shqiperia.com\/blog\/wp-content\/uploads\/2026\/06\/Vlora.jpeg?w=1280&amp;ssl=1 1280w\" sizes=\"auto, (max-width: 612px) 100vw, 612px\" \/><\/p>\n<p>5 Qershor 2026<\/p>\n<p>Sot ne oren 18 ne Vlore dy protesta dhe nje takim.<\/p>\n<p>Tek Teatri eshte paralajmeruar nje proteste qytetare ne frymen dhe perkrahje te Protestes Qytetare te Bulevardit ne Tirane.<\/p>\n<p>Partia Demokratik ka lajmeruar nje takim Publik ne mjedise te jashtme, dhe Partia Socialiste tek Sheshi i Flamurit ka paralajmeruar nje miting ne perkujtim te pervjetorit te PS-se.<\/p>\n<p>E habitshme eshte pse Partia Demokratike ka zgjedhur kete orar dhe kete dite per takimin.<\/p>\n","protected":false},"excerpt":{"rendered":"<p>5 Qershor 2026 Sot ne oren 18 ne Vlore dy protesta dhe nje takim. Tek Teatri eshte paralajmeruar nje proteste qytetare ne frymen dhe perkrahje te Protestes Qytetare te Bulevardit ne Tirane. Partia Demokratik ka lajmeruar nje takim Publik ne mjedise te jashtme, dhe Partia Socialiste tek Sheshi i Flamurit ka paralajmeruar nje miting ne [&hellip;]<\/p>\n","protected":false},"author":9,"featured_media":101143,"comment_status":"open","ping_status":"open","sticky":false,"template":"","format":"standard","meta":{"jetpack_post_was_ever_published":false,"_jetpack_newsletter_access":"","_jetpack_dont_email_post_to_subs":false,"_jetpack_newsletter_tier_id":0,"_jetpack_memberships_contains_paywalled_content":false,"_jetpack_memberships_contains_paid_content":false,"footnotes":"","jetpack_publicize_message":"","jetpack_publicize_feature_enabled":true,"jetpack_social_post_already_shared":true,"jetpack_social_options":{"image_generator_settings":{"template":"highway","default_image_id":0,"font":"","enabled":false},"version":2}},"categories":[27,1,2,35],"tags":[],"class_list":["post-101142","post","type-post","status-publish","format-standard","has-post-thumbnail","hentry","category-blogu-i-udhetarit","category-njoftime-shtypi","category-politika","category-shoqerore"],"jetpack_publicize_connections":[],"jetpack_featured_media_url":"https:\/\/i0.wp.com\/www.shqiperia.com\/blog\/wp-content\/uploads\/2026\/06\/Vlora.jpeg?fit=1280%2C720&ssl=1","jetpack_sharing_enabled":true,"jetpack_shortlink":"https:\/\/wp.me\/p5Z6wp-qjk","jetpack-related-posts":[{"id":101267,"url":"https:\/\/www.shqiperia.com\/blog\/leter-e-hapur-socialisteve-shqiptare-zgjohuni\/","url_meta":{"origin":101142,"position":0},"title":"Let\u00ebr e hapur socialist\u00ebve shqiptar\u00eb: &#8211; Zgjohuni!","author":"Kurt Farka","date":"June 8, 2026","format":false,"excerpt":"8 Qershor 2026 Socialist\u00eb shqiptar\u00eb! An\u00ebtar\u00eb t\u00eb Partis\u00eb Socialiste! Deputet\u00eb dhe mb\u00ebshtet\u00ebs t\u00eb k\u00ebsaj partie! Zgjohuni! N\u00eb krye t\u00eb partis\u00eb keni nj\u00eb njeri q\u00eb ju komandon, k\u00ebrkon bindje pa kushte p\u00ebr \u00e7do gj\u00eb, ju fyen me gjuh\u00ebn dhe sjelljet e tij, ju n\u00ebp\u00ebrk\u00ebmb dinjitetin n\u00eb vend q\u00eb t\u2019ju respektoj\u00eb, t\u00eb\u2026","rel":"","context":"In &quot;Blogu i Udh\u00ebtarit&quot;","block_context":{"text":"Blogu i Udh\u00ebtarit","link":"https:\/\/www.shqiperia.com\/blog\/category\/blogu-i-udhetarit\/"},"img":{"alt_text":"","src":"https:\/\/i0.wp.com\/www.shqiperia.com\/blog\/wp-content\/uploads\/2026\/06\/Screenshot_20260607_214742_Gallery-1.jpg?fit=720%2C552&ssl=1&resize=350%2C200","width":350,"height":200,"srcset":"https:\/\/i0.wp.com\/www.shqiperia.com\/blog\/wp-content\/uploads\/2026\/06\/Screenshot_20260607_214742_Gallery-1.jpg?fit=720%2C552&ssl=1&resize=350%2C200 1x, https:\/\/i0.wp.com\/www.shqiperia.com\/blog\/wp-content\/uploads\/2026\/06\/Screenshot_20260607_214742_Gallery-1.jpg?fit=720%2C552&ssl=1&resize=525%2C300 1.5x, https:\/\/i0.wp.com\/www.shqiperia.com\/blog\/wp-content\/uploads\/2026\/06\/Screenshot_20260607_214742_Gallery-1.jpg?fit=720%2C552&ssl=1&resize=700%2C400 2x"},"classes":[]},{"id":103677,"url":"https:\/\/www.shqiperia.com\/blog\/si-u-katandis-keshtu-partia-socialiste\/","url_meta":{"origin":101142,"position":1},"title":"Si u katandis k\u00ebshtu Partia Socialiste?","author":"Kurt Farka","date":"August 3, 2026","format":false,"excerpt":"3 Gusht 2026 Nga Fatos Tarifa Si u katandis n\u00eb k\u00ebt\u00eb derexhe Partia Socialiste e Shqip\u00ebris\u00eb? Si u shnd\u00ebrrua nj\u00eb parti q\u00eb p\u00ebrfaq\u00ebsohej nga figura si Fatos Nano, Servet P\u00ebllumbi, Rexhep Meidani, Moikom Zeqo, Sabit Brokaj, Musa Ulqini, Makbule \u00c7e\u00e7o, Arta Dade, Valentina Leskaj, Namik Dokle, Ethem Ruka dhe Bashkim\u2026","rel":"","context":"In &quot;Blogu i Udh\u00ebtarit&quot;","block_context":{"text":"Blogu i Udh\u00ebtarit","link":"https:\/\/www.shqiperia.com\/blog\/category\/blogu-i-udhetarit\/"},"img":{"alt_text":"","src":"https:\/\/i0.wp.com\/www.shqiperia.com\/blog\/wp-content\/uploads\/2026\/08\/740733894_1641226944669510_4632890146926298606_n.jpg?fit=1124%2C673&ssl=1&resize=350%2C200","width":350,"height":200,"srcset":"https:\/\/i0.wp.com\/www.shqiperia.com\/blog\/wp-content\/uploads\/2026\/08\/740733894_1641226944669510_4632890146926298606_n.jpg?fit=1124%2C673&ssl=1&resize=350%2C200 1x, https:\/\/i0.wp.com\/www.shqiperia.com\/blog\/wp-content\/uploads\/2026\/08\/740733894_1641226944669510_4632890146926298606_n.jpg?fit=1124%2C673&ssl=1&resize=525%2C300 1.5x, https:\/\/i0.wp.com\/www.shqiperia.com\/blog\/wp-content\/uploads\/2026\/08\/740733894_1641226944669510_4632890146926298606_n.jpg?fit=1124%2C673&ssl=1&resize=700%2C400 2x, https:\/\/i0.wp.com\/www.shqiperia.com\/blog\/wp-content\/uploads\/2026\/08\/740733894_1641226944669510_4632890146926298606_n.jpg?fit=1124%2C673&ssl=1&resize=1050%2C600 3x"},"classes":[]},{"id":101483,"url":"https:\/\/www.shqiperia.com\/blog\/rama-sulmon-protestuesit-hajvane-fryme-fashiste-po-demtojne-turizmin\/","url_meta":{"origin":101142,"position":2},"title":"Rama sulmon protestuesit: -Hajvan\u00eb, frym\u00eb fashiste! Po d\u00ebmtojn\u00eb turizmin","author":"Kurt Farka","date":"June 14, 2026","format":false,"excerpt":"Kryeministri Edi Rama ka zgjedhur q\u00eb s\u00ebrish t\u00eb sulmoj\u00eb protestuesit, q\u00eb prej dy jav\u00ebsh dalin \u00e7do dit\u00eb n\u00eb shesh p\u00ebr t\u00eb k\u00ebrkuar largimin e tij nga qeveria. N\u00eb rubrik\u00ebn \u2018sh\u00ebnimet e jav\u00ebs\u2019 n\u00eb potkastin e tij \u201cFlasim\u201d, kreu i qeveris\u00eb i konsideroi protestuesit si \u2018hajvan\u00eb\u2019 me mend\u00ebsi fashiste, q\u00eb si\u00e7\u2026","rel":"","context":"In &quot;Blogu i Udh\u00ebtarit&quot;","block_context":{"text":"Blogu i Udh\u00ebtarit","link":"https:\/\/www.shqiperia.com\/blog\/category\/blogu-i-udhetarit\/"},"img":{"alt_text":"","src":"https:\/\/i0.wp.com\/www.shqiperia.com\/blog\/wp-content\/uploads\/2026\/06\/rama-protestat1-433x300-1.jpg?fit=433%2C300&ssl=1&resize=350%2C200","width":350,"height":200},"classes":[]},{"id":105165,"url":"https:\/\/www.shqiperia.com\/blog\/plani-sekret-i-rames-gati-shtetesia-shqiptare-per-100-mije-cifute-kryeministri-kerkon-te-perserise-gazen-ne-shqiperi-thellohet-skenari-per-shkombetarizimin-e-vendit\/","url_meta":{"origin":101142,"position":3},"title":"Plani sekret i Ram\u00ebs, gati shtet\u00ebsia shqiptare p\u00ebr 100 mij\u00eb \u00e7ifut\u00eb, kryeministri k\u00ebrkon t\u00eb p\u00ebrs\u00ebris\u00eb Gaz\u00ebn n\u00eb Shqip\u00ebri, thellohet skenari p\u00ebr shkomb\u00ebtarizimin e vendit","author":"Kurt Farka","date":"August 25, 2026","format":false,"excerpt":"26 Gusht 2026 Nga Gazeta Sot Kryeministri Edi Rama, pasi p\u00ebrzuri rreth 1 milion shqiptar\u00eb qysh kur ka ardhur n\u00eb pushtet n\u00eb vitin 2013 p\u00ebr shkak t\u00eb varf\u00ebris\u00eb, krimit, korrupsionit dhe keqqeverisjes, duket se ka menduar t'i z\u00ebvend\u00ebsoj\u00eb ata me 100 mij\u00eb hebrenj (\u00e7ifut\u00eb).Burimet thon\u00eb se Rama, si nj\u00eb fans\u2026","rel":"","context":"In &quot;Blogu i Udh\u00ebtarit&quot;","block_context":{"text":"Blogu i Udh\u00ebtarit","link":"https:\/\/www.shqiperia.com\/blog\/category\/blogu-i-udhetarit\/"},"img":{"alt_text":"","src":"https:\/\/i0.wp.com\/www.shqiperia.com\/blog\/wp-content\/uploads\/2026\/08\/ijjhhj-6a8c00a349936.jpg?fit=618%2C352&ssl=1&resize=350%2C200","width":350,"height":200,"srcset":"https:\/\/i0.wp.com\/www.shqiperia.com\/blog\/wp-content\/uploads\/2026\/08\/ijjhhj-6a8c00a349936.jpg?fit=618%2C352&ssl=1&resize=350%2C200 1x, https:\/\/i0.wp.com\/www.shqiperia.com\/blog\/wp-content\/uploads\/2026\/08\/ijjhhj-6a8c00a349936.jpg?fit=618%2C352&ssl=1&resize=525%2C300 1.5x"},"classes":[]},{"id":101343,"url":"https:\/\/www.shqiperia.com\/blog\/sot-10-qershor-pritet-masivitet-me-i-madh-i-protetes\/","url_meta":{"origin":101142,"position":4},"title":"Sot 10 Qershor pritet masivitet me i madh i Protetes.","author":"Kurt Farka","date":"June 10, 2026","format":false,"excerpt":"10 Qershor 2026 Data 9 qershor Shqiperia pa nje proteste me pjesmarrje te Rinise, por mbi te gjitha nje proteste qytetare ne te gjithe organizimin, pa fyerje, me perkrahje te atyre qe nuk zbriten ne shesh. Neser edhe ne perkujtim te nje date themelore historike te kombit tone, pervjetori i\u2026","rel":"","context":"In &quot;Blogu i Udh\u00ebtarit&quot;","block_context":{"text":"Blogu i Udh\u00ebtarit","link":"https:\/\/www.shqiperia.com\/blog\/category\/blogu-i-udhetarit\/"},"img":{"alt_text":"","src":"https:\/\/i0.wp.com\/www.shqiperia.com\/blog\/wp-content\/uploads\/2026\/06\/10-qershor-1878.-Lidhja-Shqiptare-e-Prizrenit-1878-1881.-Veper-e-Abdurahim-Buza-1.jpg?resize=350%2C200&ssl=1","width":350,"height":200,"srcset":"https:\/\/i0.wp.com\/www.shqiperia.com\/blog\/wp-content\/uploads\/2026\/06\/10-qershor-1878.-Lidhja-Shqiptare-e-Prizrenit-1878-1881.-Veper-e-Abdurahim-Buza-1.jpg?resize=350%2C200&ssl=1 1x, https:\/\/i0.wp.com\/www.shqiperia.com\/blog\/wp-content\/uploads\/2026\/06\/10-qershor-1878.-Lidhja-Shqiptare-e-Prizrenit-1878-1881.-Veper-e-Abdurahim-Buza-1.jpg?resize=525%2C300&ssl=1 1.5x"},"classes":[]},{"id":101920,"url":"https:\/\/www.shqiperia.com\/blog\/kujdes-u-hodh-hapi-i-pare-per-shuarjen-e-zerit-te-protestes\/","url_meta":{"origin":101142,"position":5},"title":"Kujdes: &#8211; U hodh hapi i pare per shuarjen e zerit te PROTESTES.","author":"Kurt Farka","date":"June 28, 2026","format":false,"excerpt":"29 Qershor 2026 Kush deshiron (ose eshte porositur) eshte i lire nga Kushtetuta te dale jashte Protestes Qytetare dhe te krijoj Kuvendin Kombetar. Ky Kuvend do jete partia e 101 qe ka Shqiperia. Protesta eshte Parti e Rinise Shqiptare, ku cdo njeri eshe kryetar dhe njekohesisht antar, eshte pasuria me\u2026","rel":"","context":"In &quot;Blogu i Udh\u00ebtarit&quot;","block_context":{"text":"Blogu i Udh\u00ebtarit","link":"https:\/\/www.shqiperia.com\/blog\/category\/blogu-i-udhetarit\/"},"img":{"alt_text":"","src":"https:\/\/i0.wp.com\/www.shqiperia.com\/blog\/wp-content\/uploads\/2026\/06\/262e8af3-b555-4625-831b-3e086faa75db-1.jpg?fit=1200%2C675&ssl=1&resize=350%2C200","width":350,"height":200,"srcset":"https:\/\/i0.wp.com\/www.shqiperia.com\/blog\/wp-content\/uploads\/2026\/06\/262e8af3-b555-4625-831b-3e086faa75db-1.jpg?fit=1200%2C675&ssl=1&resize=350%2C200 1x, https:\/\/i0.wp.com\/www.shqiperia.com\/blog\/wp-content\/uploads\/2026\/06\/262e8af3-b555-4625-831b-3e086faa75db-1.jpg?fit=1200%2C675&ssl=1&resize=525%2C300 1.5x, https:\/\/i0.wp.com\/www.shqiperia.com\/blog\/wp-content\/uploads\/2026\/06\/262e8af3-b555-4625-831b-3e086faa75db-1.jpg?fit=1200%2C675&ssl=1&resize=700%2C400 2x, https:\/\/i0.wp.com\/www.shqiperia.com\/blog\/wp-content\/uploads\/2026\/06\/262e8af3-b555-4625-831b-3e086faa75db-1.jpg?fit=1200%2C675&ssl=1&resize=1050%2C600 3x"},"classes":[]}],"_links":{"self":[{"href":"https:\/\/www.shqiperia.com\/blog\/wp-json\/wp\/v2\/posts\/101142","targetHints":{"allow":["GET"]}}],"collection":[{"href":"https:\/\/www.shqiperia.com\/blog\/wp-json\/wp\/v2\/posts"}],"about":[{"href":"https:\/\/www.shqiperia.com\/blog\/wp-json\/wp\/v2\/types\/post"}],"author":[{"embeddable":true,"href":"https:\/\/www.shqiperia.com\/blog\/wp-json\/wp\/v2\/users\/9"}],"replies":[{"embeddable":true,"href":"https:\/\/www.shqiperia.com\/blog\/wp-json\/wp\/v2\/comments?post=101142"}],"version-history":[{"count":1,"href":"https:\/\/www.shqiperia.com\/blog\/wp-json\/wp\/v2\/posts\/101142\/revisions"}],"predecessor-version":[{"id":101144,"href":"https:\/\/www.shqiperia.com\/blog\/wp-json\/wp\/v2\/posts\/101142\/revisions\/101144"}],"wp:featuredmedia":[{"embeddable":true,"href":"https:\/\/www.shqiperia.com\/blog\/wp-json\/wp\/v2\/media\/101143"}],"wp:attachment":[{"href":"https:\/\/www.shqiperia.com\/blog\/wp-json\/wp\/v2\/media?parent=101142"}],"wp:term":[{"taxonomy":"category","embeddable":true,"href":"https:\/\/www.shqiperia.com\/blog\/wp-json\/wp\/v2\/categories?post=101142"},{"taxonomy":"post_tag","embeddable":true,"href":"https:\/\/www.shqiperia.com\/blog\/wp-json\/wp\/v2\/tags?post=101142"}],"curies":[{"name":"wp","href":"https:\/\/api.w.org\/{rel}","templated":true}]}}