{"id":101136,"date":"2026-06-05T11:24:14","date_gmt":"2026-06-05T11:24:14","guid":{"rendered":"https:\/\/www.shqiperia.com\/blog\/?p=101136"},"modified":"2026-06-05T11:24:14","modified_gmt":"2026-06-05T11:24:14","slug":"ne-operacion-kane-qene-vetem-6-veta-xhaxhai-i-enea-mekollit-akuza-te-forta-pa-asnje-lloj-mbrojtjeje-te-pergjigjet-para-ligjit-personi-qe-e-urdheroi","status":"publish","type":"post","link":"https:\/\/www.shqiperia.com\/blog\/ne-operacion-kane-qene-vetem-6-veta-xhaxhai-i-enea-mekollit-akuza-te-forta-pa-asnje-lloj-mbrojtjeje-te-pergjigjet-para-ligjit-personi-qe-e-urdheroi\/","title":{"rendered":"\u201cN\u00eb operacion kan\u00eb qen\u00eb vet\u00ebm 6 veta\u201d\/ Xhaxhai i Enea Mekollit akuza t\u00eb forta: &#8211; Pa asnj\u00eb lloj mbrojtjeje, t\u00eb p\u00ebrgjigjet para ligjit personi q\u00eb e urdh\u00ebroi"},"content":{"rendered":"<div class=\"firstP\">\n<p><img data-recalc-dims=\"1\" loading=\"lazy\" decoding=\"async\" data-attachment-id=\"101137\" data-permalink=\"https:\/\/www.shqiperia.com\/blog\/ne-operacion-kane-qene-vetem-6-veta-xhaxhai-i-enea-mekollit-akuza-te-forta-pa-asnje-lloj-mbrojtjeje-te-pergjigjet-para-ligjit-personi-qe-e-urdheroi\/attachment\/45454545\/\" data-orig-file=\"https:\/\/i0.wp.com\/www.shqiperia.com\/blog\/wp-content\/uploads\/2026\/06\/45454545.webp?fit=1020%2C574&amp;ssl=1\" data-orig-size=\"1020,574\" data-comments-opened=\"1\" data-image-meta=\"{&quot;aperture&quot;:&quot;0&quot;,&quot;credit&quot;:&quot;&quot;,&quot;camera&quot;:&quot;&quot;,&quot;caption&quot;:&quot;&quot;,&quot;created_timestamp&quot;:&quot;0&quot;,&quot;copyright&quot;:&quot;&quot;,&quot;focal_length&quot;:&quot;0&quot;,&quot;iso&quot;:&quot;0&quot;,&quot;shutter_speed&quot;:&quot;0&quot;,&quot;title&quot;:&quot;&quot;,&quot;orientation&quot;:&quot;0&quot;}\" data-image-title=\"45454545\" data-image-description=\"\" data-image-caption=\"\" data-medium-file=\"https:\/\/i0.wp.com\/www.shqiperia.com\/blog\/wp-content\/uploads\/2026\/06\/45454545.webp?fit=300%2C169&amp;ssl=1\" data-large-file=\"https:\/\/i0.wp.com\/www.shqiperia.com\/blog\/wp-content\/uploads\/2026\/06\/45454545.webp?fit=1020%2C574&amp;ssl=1\" class=\"alignnone  wp-image-101137\" alt=\"\" src=\"https:\/\/i0.wp.com\/www.shqiperia.com\/blog\/wp-content\/uploads\/2026\/06\/45454545.webp?resize=660%2C372&#038;ssl=1\" width=\"660\" height=\"372\" srcset=\"https:\/\/i0.wp.com\/www.shqiperia.com\/blog\/wp-content\/uploads\/2026\/06\/45454545.webp?resize=300%2C169&amp;ssl=1 300w, https:\/\/i0.wp.com\/www.shqiperia.com\/blog\/wp-content\/uploads\/2026\/06\/45454545.webp?resize=768%2C432&amp;ssl=1 768w, https:\/\/i0.wp.com\/www.shqiperia.com\/blog\/wp-content\/uploads\/2026\/06\/45454545.webp?resize=450%2C253&amp;ssl=1 450w, https:\/\/i0.wp.com\/www.shqiperia.com\/blog\/wp-content\/uploads\/2026\/06\/45454545.webp?resize=600%2C338&amp;ssl=1 600w, https:\/\/i0.wp.com\/www.shqiperia.com\/blog\/wp-content\/uploads\/2026\/06\/45454545.webp?resize=400%2C225&amp;ssl=1 400w, https:\/\/i0.wp.com\/www.shqiperia.com\/blog\/wp-content\/uploads\/2026\/06\/45454545.webp?w=1020&amp;ssl=1 1020w\" sizes=\"auto, (max-width: 660px) 100vw, 660px\" \/><\/p>\n<p>5 Qershor 2026<\/p>\n<p>Familja e policit t\u00eb vrar\u00eb dje n\u00eb Maliq, Enea Mekolli, ka pritur sot n\u00eb ceremonin\u00eb e homazheve zyrtar\u00eb t\u00eb lart\u00eb q\u00eb kan\u00eb shkuar n\u00eb nderim t\u00eb tij.<\/p>\n<\/div>\n<p>Pas ceremonis\u00eb, xhaxhai i efektivit t\u00eb ndjer\u00eb ka ngritur akuza t\u00eb forta, duke k\u00ebrkuar q\u00eb personi q\u00eb e ka urdh\u00ebruar p\u00ebr t\u00eb kryer operacionin p\u00ebr kapjen e Bra\u00e7ellarit t\u00eb dal para ligjit.<\/p>\n<p>\u201cPa asnj\u00eb lloj mbrojtje. Personi q\u00eb e ka urdh\u00ebruar duhet t\u00eb p\u00ebrgjigjet para ligjit. N\u00eb operacion kan\u00eb qen\u00eb 6 veta. M\u00eb von\u00eb kan\u00eb vajtur forca t\u00eb tjera nga policia\u201d, u shpreh Hazbi Mekolli.<\/p>\n","protected":false},"excerpt":{"rendered":"<p>5 Qershor 2026 Familja e policit t\u00eb vrar\u00eb dje n\u00eb Maliq, Enea Mekolli, ka pritur sot n\u00eb ceremonin\u00eb e homazheve zyrtar\u00eb t\u00eb lart\u00eb q\u00eb kan\u00eb shkuar n\u00eb nderim t\u00eb tij. Pas ceremonis\u00eb, xhaxhai i efektivit t\u00eb ndjer\u00eb ka ngritur akuza t\u00eb forta, duke k\u00ebrkuar q\u00eb personi q\u00eb e ka urdh\u00ebruar p\u00ebr t\u00eb kryer operacionin p\u00ebr [&hellip;]<\/p>\n","protected":false},"author":9,"featured_media":101137,"comment_status":"open","ping_status":"open","sticky":false,"template":"","format":"standard","meta":{"jetpack_post_was_ever_published":false,"_jetpack_newsletter_access":"","_jetpack_dont_email_post_to_subs":false,"_jetpack_newsletter_tier_id":0,"_jetpack_memberships_contains_paywalled_content":false,"_jetpack_memberships_contains_paid_content":false,"footnotes":"","jetpack_publicize_message":"","jetpack_publicize_feature_enabled":true,"jetpack_social_post_already_shared":true,"jetpack_social_options":{"image_generator_settings":{"template":"highway","default_image_id":0,"font":"","enabled":false},"version":2}},"categories":[27,10,35],"tags":[],"class_list":["post-101136","post","type-post","status-publish","format-standard","has-post-thumbnail","hentry","category-blogu-i-udhetarit","category-kultura","category-shoqerore"],"jetpack_publicize_connections":[],"jetpack_featured_media_url":"https:\/\/i0.wp.com\/www.shqiperia.com\/blog\/wp-content\/uploads\/2026\/06\/45454545.webp?fit=1020%2C574&ssl=1","jetpack_sharing_enabled":true,"jetpack_shortlink":"https:\/\/wp.me\/p5Z6wp-qje","jetpack-related-posts":[{"id":104134,"url":"https:\/\/www.shqiperia.com\/blog\/nga-skandali-i-ministrit-te-jashtem-qe-i-humbi-laptopi-me-te-dhenat-sekrete-te-nato-s-ne-shba-shtatzenia-e-belinda\/","url_meta":{"origin":101136,"position":0},"title":"Nga skandali i ministrit t\u00eb Jasht\u00ebm q\u00eb i humbi laptopi me t\u00eb dh\u00ebnat sekrete t\u00eb NATO-s n\u00eb SHBA, shtatz\u00ebnia e Belinda\u2026","author":"Kurt Farka","date":"August 10, 2026","format":false,"excerpt":"10 Gusht 2026 Grid Rroji tregon se \u00e7far\u00eb po p\u00ebrgatitet n\u00eb prapasken\u00eb Grid\u00a0Rroji,\u00a0analist dhe\u00a0pedagog i shkencave politike n\u00eb universitetin\u00a0\u201cCUNY-New\u00a0York\u201d\u00a0n\u00eb Shtetet e Bashkuara t\u00eb Amerik\u00ebs, ka dh\u00ebn\u00eb nj\u00eb intervist\u00eb t\u00eb fort\u00eb p\u00ebr \u201cVip\u00a0Magazine\u201d mbi zhvillimet e fundit politike n\u00eb Shqip\u00ebri. I pyetur mbi aludimet p\u00ebr shtatz\u00ebnin\u00eb e Belinda Ballukut pasi u\u2026","rel":"","context":"In &quot;Blogu i Udh\u00ebtarit&quot;","block_context":{"text":"Blogu i Udh\u00ebtarit","link":"https:\/\/www.shqiperia.com\/blog\/category\/blogu-i-udhetarit\/"},"img":{"alt_text":"","src":"https:\/\/i0.wp.com\/www.shqiperia.com\/blog\/wp-content\/uploads\/2026\/08\/IMG_2264-1140x570-1.jpeg?fit=1140%2C570&ssl=1&resize=350%2C200","width":350,"height":200,"srcset":"https:\/\/i0.wp.com\/www.shqiperia.com\/blog\/wp-content\/uploads\/2026\/08\/IMG_2264-1140x570-1.jpeg?fit=1140%2C570&ssl=1&resize=350%2C200 1x, https:\/\/i0.wp.com\/www.shqiperia.com\/blog\/wp-content\/uploads\/2026\/08\/IMG_2264-1140x570-1.jpeg?fit=1140%2C570&ssl=1&resize=525%2C300 1.5x, https:\/\/i0.wp.com\/www.shqiperia.com\/blog\/wp-content\/uploads\/2026\/08\/IMG_2264-1140x570-1.jpeg?fit=1140%2C570&ssl=1&resize=700%2C400 2x, https:\/\/i0.wp.com\/www.shqiperia.com\/blog\/wp-content\/uploads\/2026\/08\/IMG_2264-1140x570-1.jpeg?fit=1140%2C570&ssl=1&resize=1050%2C600 3x"},"classes":[]},{"id":102322,"url":"https:\/\/www.shqiperia.com\/blog\/alimehmeti-rama-eshte-ne-momentin-e-tij-me-te-keq-qeveria-teknike-zgjidhja-e-vetme-per-krizen\/","url_meta":{"origin":101136,"position":1},"title":"Alimehmeti: &#8211; Rama \u00ebsht\u00eb n\u00eb momentin e tij m\u00eb t\u00eb keq, qeveria teknike zgjidhja e vetme p\u00ebr kriz\u00ebn","author":"Kurt Farka","date":"July 6, 2026","format":false,"excerpt":"6 Korrik 2026 Alimehmeti thot\u00eb se kryeministri po p\u00ebrpiqet t\u00eb largoj\u00eb v\u00ebmendjen nga akuzat ndaj tij, nd\u00ebrsa zgjidhja, mbetet largimi i Ram\u00ebs dhe krijimi i nj\u00eb qeverie teknike \u201cRama \u00ebsht\u00eb n\u00eb momentin e tij m\u00eb t\u00eb keq dhe, si \u00e7do bish\u00eb e plagosur, tenton t\u00eb b\u00ebj\u00eb sa m\u00eb shum\u00eb d\u00ebme\u201d,\u00a0u\u2026","rel":"","context":"In &quot;Blogu i Udh\u00ebtarit&quot;","block_context":{"text":"Blogu i Udh\u00ebtarit","link":"https:\/\/www.shqiperia.com\/blog\/category\/blogu-i-udhetarit\/"},"img":{"alt_text":"","src":"https:\/\/i0.wp.com\/www.shqiperia.com\/blog\/wp-content\/uploads\/2026\/07\/Ilir-Alimehmeti.webp?fit=660%2C330&ssl=1&resize=350%2C200","width":350,"height":200,"srcset":"https:\/\/i0.wp.com\/www.shqiperia.com\/blog\/wp-content\/uploads\/2026\/07\/Ilir-Alimehmeti.webp?fit=660%2C330&ssl=1&resize=350%2C200 1x, https:\/\/i0.wp.com\/www.shqiperia.com\/blog\/wp-content\/uploads\/2026\/07\/Ilir-Alimehmeti.webp?fit=660%2C330&ssl=1&resize=525%2C300 1.5x"},"classes":[]},{"id":103235,"url":"https:\/\/www.shqiperia.com\/blog\/marjana-koceku-me-ironi-perbuzese-per-ramen-flasin-per-besen-njerez-qe-nuk-ia-kane-idene-cka-asht-besa\/","url_meta":{"origin":101136,"position":2},"title":"Marjana Ko\u00e7eku me ironi p\u00ebrbuz\u00ebse p\u00ebr Ram\u00ebn: &#8211; Flasin p\u00ebr bes\u00ebn njer\u00ebz q\u00eb nuk ia kan\u00eb iden\u00eb \u00e7ka asht besa","author":"Kurt Farka","date":"July 26, 2026","format":false,"excerpt":"26 Korrik 2026 Deputetja e dal\u00eb nga listat e PS-s\u00eb n\u00eb zgjedhjet e 11 Majit 2025, por q\u00eb tani \u00ebsht\u00eb e pavarur n\u00eb parlament, Marjana Ko\u00e7eku ka reaguar ndaj fjalimit t\u00eb djesh\u00ebm t\u00eb Edi Ram\u00ebs. Ko\u00e7eku ka ironizuar kreun e socialist\u00ebve Edi Rama, p\u00ebr librin e tij \u2018Besa\u2019. Reagimi i\u2026","rel":"","context":"In &quot;Blogu i Udh\u00ebtarit&quot;","block_context":{"text":"Blogu i Udh\u00ebtarit","link":"https:\/\/www.shqiperia.com\/blog\/category\/blogu-i-udhetarit\/"},"img":{"alt_text":"","src":"https:\/\/i0.wp.com\/www.shqiperia.com\/blog\/wp-content\/uploads\/2026\/07\/800-0-900-0-1783576748xrama-koceku-455-6a64d20a2cf8a-1.png?fit=800%2C438&ssl=1&resize=350%2C200","width":350,"height":200,"srcset":"https:\/\/i0.wp.com\/www.shqiperia.com\/blog\/wp-content\/uploads\/2026\/07\/800-0-900-0-1783576748xrama-koceku-455-6a64d20a2cf8a-1.png?fit=800%2C438&ssl=1&resize=350%2C200 1x, https:\/\/i0.wp.com\/www.shqiperia.com\/blog\/wp-content\/uploads\/2026\/07\/800-0-900-0-1783576748xrama-koceku-455-6a64d20a2cf8a-1.png?fit=800%2C438&ssl=1&resize=525%2C300 1.5x, https:\/\/i0.wp.com\/www.shqiperia.com\/blog\/wp-content\/uploads\/2026\/07\/800-0-900-0-1783576748xrama-koceku-455-6a64d20a2cf8a-1.png?fit=800%2C438&ssl=1&resize=700%2C400 2x"},"classes":[]},{"id":102491,"url":"https:\/\/www.shqiperia.com\/blog\/kryemadhi-ne-telefonin-e-sekuestruar-nga-spak-nuk-ka-biseda-me-adrian-shatkun-por-me-edi-ramen\/","url_meta":{"origin":101136,"position":3},"title":"Kryemadhi: &#8211; N\u00eb telefonin e sekuestruar nga SPAK nuk ka biseda me Adrian Shatkun, por me Edi Ram\u00ebn","author":"Kurt Farka","date":"July 10, 2026","format":false,"excerpt":"10 Korrik 2026 Monika Kryemadhi ka l\u00ebshuar akuza t\u00eb forta ndaj SPAK dhe kreut t\u00eb tij, Altin Dumani, duke deklaruar se hetimi ndaj saj \u00ebsht\u00eb nd\u00ebrtuar mbi nj\u00eb telefon t\u00eb sekuestruar n\u00eb kund\u00ebrshtim me ligjin, nd\u00ebrsa ka ngritur edhe pik\u00ebpyetje t\u00eb forta p\u00ebr mosveprimin e prokuroris\u00eb ndaj kryeministrit Edi Rama.\u2026","rel":"","context":"In &quot;Blogu i Udh\u00ebtarit&quot;","block_context":{"text":"Blogu i Udh\u00ebtarit","link":"https:\/\/www.shqiperia.com\/blog\/category\/blogu-i-udhetarit\/"},"img":{"alt_text":"","src":"https:\/\/i0.wp.com\/www.shqiperia.com\/blog\/wp-content\/uploads\/2026\/07\/monika-kryemadhi-edi-rama.jpg?fit=640%2C332&ssl=1&resize=350%2C200","width":350,"height":200,"srcset":"https:\/\/i0.wp.com\/www.shqiperia.com\/blog\/wp-content\/uploads\/2026\/07\/monika-kryemadhi-edi-rama.jpg?fit=640%2C332&ssl=1&resize=350%2C200 1x, https:\/\/i0.wp.com\/www.shqiperia.com\/blog\/wp-content\/uploads\/2026\/07\/monika-kryemadhi-edi-rama.jpg?fit=640%2C332&ssl=1&resize=525%2C300 1.5x"},"classes":[]},{"id":100860,"url":"https:\/\/www.shqiperia.com\/blog\/rama-zverneci-nuk-ka-asnje-projekt-te-miratuar-per-zvernecin\/","url_meta":{"origin":101136,"position":4},"title":"Rama: &#8211; Zverneci nuk ka asnj\u00eb projekt t\u00eb miratuar p\u00ebr Zv\u00ebrnecin\u2019","author":"Kurt Farka","date":"June 1, 2026","format":false,"excerpt":"1 Qershor 2026 ... N\u00eb vitin 2024, nuk u miratua nj\u00eb projekt dhe sot q\u00eb flasim nuk ka nj\u00eb projekt arkitektonik t\u00eb miratuar, nuk ekziston.\u00a0 Projekti i Zv\u00ebrnecit \u00ebsht\u00eb tema e dit\u00ebs n\u00eb konferenc\u00ebn e sotme t\u00eb kryeministrit Rama, i cili mes t\u00eb tjerash shprehet se do t\u00eb ruhet natyra\u2026","rel":"","context":"In &quot;Blogu i Udh\u00ebtarit&quot;","block_context":{"text":"Blogu i Udh\u00ebtarit","link":"https:\/\/www.shqiperia.com\/blog\/category\/blogu-i-udhetarit\/"},"img":{"alt_text":"","src":"https:\/\/i0.wp.com\/www.shqiperia.com\/blog\/wp-content\/uploads\/2026\/06\/1280X720-10892714.jpg?fit=1200%2C675&ssl=1&resize=350%2C200","width":350,"height":200,"srcset":"https:\/\/i0.wp.com\/www.shqiperia.com\/blog\/wp-content\/uploads\/2026\/06\/1280X720-10892714.jpg?fit=1200%2C675&ssl=1&resize=350%2C200 1x, https:\/\/i0.wp.com\/www.shqiperia.com\/blog\/wp-content\/uploads\/2026\/06\/1280X720-10892714.jpg?fit=1200%2C675&ssl=1&resize=525%2C300 1.5x, https:\/\/i0.wp.com\/www.shqiperia.com\/blog\/wp-content\/uploads\/2026\/06\/1280X720-10892714.jpg?fit=1200%2C675&ssl=1&resize=700%2C400 2x, https:\/\/i0.wp.com\/www.shqiperia.com\/blog\/wp-content\/uploads\/2026\/06\/1280X720-10892714.jpg?fit=1200%2C675&ssl=1&resize=1050%2C600 3x"},"classes":[]},{"id":102530,"url":"https:\/\/www.shqiperia.com\/blog\/investitoret-nuk-kane-qene-ne-dijeni-the-daily-beast-artur-shehu-dyshohet-se-ndertoi-perandorine-e-pronave-ne-zvernec-me-dokumente-te-falsifikuara\/","url_meta":{"origin":101136,"position":5},"title":"\u201cInvestitor\u00ebt nuk kan\u00eb qen\u00eb n\u00eb dijeni\u201d\/ The Daily Beast: Artur Shehu, dyshohet se nd\u00ebrtoi perandorin\u00eb e pronave n\u00eb Zv\u00ebrnec me dokumente t\u00eb falsifikuara","author":"Kurt Farka","date":"July 12, 2026","format":false,"excerpt":"12 Korrik 2026 Artikulli i publikuar nga The Daily Beast i kushton v\u00ebmendje zhvillimeve t\u00eb fundit rreth projektit luksoz turistik t\u00eb Jared Kushner dhe Ivanka Trump n\u00eb Shqip\u00ebri, duke raportuar se investimi \u00ebsht\u00eb p\u00ebrballur me nj\u00eb penges\u00eb t\u00eb re pas hetimeve t\u00eb Prokuroris\u00eb s\u00eb Posa\u00e7me (SPAK). Sipas artikullit, SPAK po\u2026","rel":"","context":"In &quot;Blogu i Udh\u00ebtarit&quot;","block_context":{"text":"Blogu i Udh\u00ebtarit","link":"https:\/\/www.shqiperia.com\/blog\/category\/blogu-i-udhetarit\/"},"img":{"alt_text":"","src":"https:\/\/i0.wp.com\/www.shqiperia.com\/blog\/wp-content\/uploads\/2026\/07\/zverneci2.jpg?fit=665%2C426&ssl=1&resize=350%2C200","width":350,"height":200,"srcset":"https:\/\/i0.wp.com\/www.shqiperia.com\/blog\/wp-content\/uploads\/2026\/07\/zverneci2.jpg?fit=665%2C426&ssl=1&resize=350%2C200 1x, https:\/\/i0.wp.com\/www.shqiperia.com\/blog\/wp-content\/uploads\/2026\/07\/zverneci2.jpg?fit=665%2C426&ssl=1&resize=525%2C300 1.5x"},"classes":[]}],"_links":{"self":[{"href":"https:\/\/www.shqiperia.com\/blog\/wp-json\/wp\/v2\/posts\/101136","targetHints":{"allow":["GET"]}}],"collection":[{"href":"https:\/\/www.shqiperia.com\/blog\/wp-json\/wp\/v2\/posts"}],"about":[{"href":"https:\/\/www.shqiperia.com\/blog\/wp-json\/wp\/v2\/types\/post"}],"author":[{"embeddable":true,"href":"https:\/\/www.shqiperia.com\/blog\/wp-json\/wp\/v2\/users\/9"}],"replies":[{"embeddable":true,"href":"https:\/\/www.shqiperia.com\/blog\/wp-json\/wp\/v2\/comments?post=101136"}],"version-history":[{"count":1,"href":"https:\/\/www.shqiperia.com\/blog\/wp-json\/wp\/v2\/posts\/101136\/revisions"}],"predecessor-version":[{"id":101138,"href":"https:\/\/www.shqiperia.com\/blog\/wp-json\/wp\/v2\/posts\/101136\/revisions\/101138"}],"wp:featuredmedia":[{"embeddable":true,"href":"https:\/\/www.shqiperia.com\/blog\/wp-json\/wp\/v2\/media\/101137"}],"wp:attachment":[{"href":"https:\/\/www.shqiperia.com\/blog\/wp-json\/wp\/v2\/media?parent=101136"}],"wp:term":[{"taxonomy":"category","embeddable":true,"href":"https:\/\/www.shqiperia.com\/blog\/wp-json\/wp\/v2\/categories?post=101136"},{"taxonomy":"post_tag","embeddable":true,"href":"https:\/\/www.shqiperia.com\/blog\/wp-json\/wp\/v2\/tags?post=101136"}],"curies":[{"name":"wp","href":"https:\/\/api.w.org\/{rel}","templated":true}]}}