{"id":101122,"date":"2026-06-05T10:17:15","date_gmt":"2026-06-05T10:17:15","guid":{"rendered":"https:\/\/www.shqiperia.com\/blog\/?p=101122"},"modified":"2026-06-05T10:17:15","modified_gmt":"2026-06-05T10:17:15","slug":"projekti-ne-zvernec-seshte-ai-qe-eshte-folur-rama-nga-tivati-pas-protestes-jane-iranianet","status":"publish","type":"post","link":"https:\/\/www.shqiperia.com\/blog\/projekti-ne-zvernec-seshte-ai-qe-eshte-folur-rama-nga-tivati-pas-protestes-jane-iranianet\/","title":{"rendered":"\u201cProjekti n\u00eb Zv\u00ebrnec, s\u2019\u00ebsht\u00eb ai q\u00eb \u00ebsht\u00eb folur\u201d, Rama nga Tivati: Pas protest\u00ebs jan\u00eb iranian\u00ebt"},"content":{"rendered":"<div class=\"firstP\">\n<p><img data-recalc-dims=\"1\" loading=\"lazy\" decoding=\"async\" data-attachment-id=\"101123\" data-permalink=\"https:\/\/www.shqiperia.com\/blog\/projekti-ne-zvernec-seshte-ai-qe-eshte-folur-rama-nga-tivati-pas-protestes-jane-iranianet\/1280x720-10892714-2\/\" data-orig-file=\"https:\/\/i0.wp.com\/www.shqiperia.com\/blog\/wp-content\/uploads\/2026\/06\/1280X720-10892714-1.jpg?fit=1280%2C720&amp;ssl=1\" data-orig-size=\"1280,720\" data-comments-opened=\"1\" data-image-meta=\"{&quot;aperture&quot;:&quot;0&quot;,&quot;credit&quot;:&quot;&quot;,&quot;camera&quot;:&quot;&quot;,&quot;caption&quot;:&quot;&quot;,&quot;created_timestamp&quot;:&quot;0&quot;,&quot;copyright&quot;:&quot;&quot;,&quot;focal_length&quot;:&quot;0&quot;,&quot;iso&quot;:&quot;0&quot;,&quot;shutter_speed&quot;:&quot;0&quot;,&quot;title&quot;:&quot;&quot;,&quot;orientation&quot;:&quot;0&quot;}\" data-image-title=\"1280X720-10892714\" data-image-description=\"\" data-image-caption=\"\" data-medium-file=\"https:\/\/i0.wp.com\/www.shqiperia.com\/blog\/wp-content\/uploads\/2026\/06\/1280X720-10892714-1.jpg?fit=300%2C169&amp;ssl=1\" data-large-file=\"https:\/\/i0.wp.com\/www.shqiperia.com\/blog\/wp-content\/uploads\/2026\/06\/1280X720-10892714-1.jpg?fit=1024%2C576&amp;ssl=1\" class=\"alignnone  wp-image-101123\" alt=\"\" src=\"https:\/\/i0.wp.com\/www.shqiperia.com\/blog\/wp-content\/uploads\/2026\/06\/1280X720-10892714-1.jpg?resize=772%2C435&#038;ssl=1\" width=\"772\" height=\"435\" srcset=\"https:\/\/i0.wp.com\/www.shqiperia.com\/blog\/wp-content\/uploads\/2026\/06\/1280X720-10892714-1.jpg?resize=300%2C169&amp;ssl=1 300w, https:\/\/i0.wp.com\/www.shqiperia.com\/blog\/wp-content\/uploads\/2026\/06\/1280X720-10892714-1.jpg?resize=1024%2C576&amp;ssl=1 1024w, https:\/\/i0.wp.com\/www.shqiperia.com\/blog\/wp-content\/uploads\/2026\/06\/1280X720-10892714-1.jpg?resize=768%2C432&amp;ssl=1 768w, https:\/\/i0.wp.com\/www.shqiperia.com\/blog\/wp-content\/uploads\/2026\/06\/1280X720-10892714-1.jpg?resize=450%2C253&amp;ssl=1 450w, https:\/\/i0.wp.com\/www.shqiperia.com\/blog\/wp-content\/uploads\/2026\/06\/1280X720-10892714-1.jpg?resize=600%2C338&amp;ssl=1 600w, https:\/\/i0.wp.com\/www.shqiperia.com\/blog\/wp-content\/uploads\/2026\/06\/1280X720-10892714-1.jpg?resize=400%2C225&amp;ssl=1 400w, https:\/\/i0.wp.com\/www.shqiperia.com\/blog\/wp-content\/uploads\/2026\/06\/1280X720-10892714-1.jpg?w=1280&amp;ssl=1 1280w\" sizes=\"auto, (max-width: 772px) 100vw, 772px\" \/><\/p>\n<p>5 Qershor 2026<\/p>\n<p>Kryeministri Edi Rama, gjat\u00eb pjes\u00ebmarrjes n\u00eb Samitin BE\u2013Ballkani Per\u00ebndimor q\u00eb po zhvillohet n\u00eb Tivat, u ndal edhe te protestat kund\u00ebr projektit t\u00eb diskutuar n\u00eb Zv\u00ebrnec.<\/p>\n<\/div>\n<p data-start=\"211\" data-end=\"467\">Rama theksoi se vendet e rajonit duhet t\u00eb jen\u00eb t\u00eb gjitha n\u00eb t\u00eb nj\u00ebjt\u00ebn tryez\u00eb, por secili duhet t\u00eb b\u00ebj\u00eb detyr\u00ebn e vet. Sa i p\u00ebrket protestave p\u00ebr Zv\u00ebrnecin, kreu i qeveris\u00eb deklaroi se nuk b\u00ebhet fjal\u00eb p\u00ebr nj\u00eb \u00e7\u00ebshtje mjedisore, por p\u00ebr nj\u00eb \u201cluft\u00eb hibride\u201d.<\/p>\n<p data-start=\"211\" data-end=\"467\">\u201cDuhet t\u00eb jemi t\u00eb gjith\u00eb n\u00eb tryez\u00ebn e rrumbullak\u00ebt si sot, por secili duhet t\u00eb b\u00ebj\u00eb detyr\u00ebn e tij\u201d, u shpreh ai.<\/p>\n<p data-start=\"469\" data-end=\"613\">Sipas tij, pas protest\u00ebs q\u00ebndrojn\u00eb element\u00eb iranian\u00eb, t\u00eb cil\u00ebt, si\u00e7 u shpreh ai, kan\u00eb qen\u00eb t\u00eb p\u00ebrfshir\u00eb edhe her\u00eb t\u00eb tjera n\u00eb sulme t\u00eb ngjashme.<\/p>\n<p data-start=\"469\" data-end=\"613\">\u201cAtje nuk \u00ebsht\u00eb \u00e7\u00ebshtje mjedisore, \u00ebsht\u00eb lufte hibride. Pas protest\u00ebs jan\u00eb iranian\u00ebt, q\u00eb kan\u00eb qen\u00eb edhe her\u00eb t\u00eb<br \/>\ntjetra t\u00eb p\u00ebrfshir\u00eb n\u00eb sulme\u201d, shtoi ai.<\/p>\n<p data-start=\"615\" data-end=\"812\">Rama hodhi posht\u00eb pretendimet mbi projektin n\u00eb Zv\u00ebrnec, duke deklaruar se ai nuk \u00ebsht\u00eb ai p\u00ebr t\u00eb cilin \u00ebsht\u00eb folur publikisht dhe se qytetar\u00ebve u jan\u00eb shfaqur video t\u00eb rreme t\u00eb prodhuara n\u00eb Tiran\u00eb.<\/p>\n<p data-start=\"814\" data-end=\"959\" data-is-last-node=\"\" data-is-only-node=\"\">Kryeministri shtoi se aktualisht nuk ka asgj\u00eb p\u00ebr t\u00eb diskutuar n\u00eb lidhje me k\u00ebt\u00eb \u00e7\u00ebshtje, pasi, sipas tij, nuk ekziston asnj\u00eb projekt i miratuar.<\/p>\n<p data-start=\"814\" data-end=\"959\" data-is-last-node=\"\" data-is-only-node=\"\">\u201cProjekti n\u00eb Zv\u00ebrnec nuk \u00ebsht\u00eb ai q\u00eb \u00ebsht\u00eb folur. Keni par\u00eb video false nga Tirana\u2026 S\u2019ka asgj\u00eb p\u00ebr t\u00eb diskutuar, sepse s\u2019ka asnj\u00eb projekt t\u00eb miratuar\u201d, tha Rama.<\/p>\n<p class=\"last\"><strong>Nga: Top Channel<\/strong><\/p>\n","protected":false},"excerpt":{"rendered":"<p>5 Qershor 2026 Kryeministri Edi Rama, gjat\u00eb pjes\u00ebmarrjes n\u00eb Samitin BE\u2013Ballkani Per\u00ebndimor q\u00eb po zhvillohet n\u00eb Tivat, u ndal edhe te protestat kund\u00ebr projektit t\u00eb diskutuar n\u00eb Zv\u00ebrnec. Rama theksoi se vendet e rajonit duhet t\u00eb jen\u00eb t\u00eb gjitha n\u00eb t\u00eb nj\u00ebjt\u00ebn tryez\u00eb, por secili duhet t\u00eb b\u00ebj\u00eb detyr\u00ebn e vet. Sa i p\u00ebrket protestave [&hellip;]<\/p>\n","protected":false},"author":9,"featured_media":101123,"comment_status":"open","ping_status":"open","sticky":false,"template":"","format":"standard","meta":{"jetpack_post_was_ever_published":false,"_jetpack_newsletter_access":"","_jetpack_dont_email_post_to_subs":false,"_jetpack_newsletter_tier_id":0,"_jetpack_memberships_contains_paywalled_content":false,"_jetpack_memberships_contains_paid_content":false,"footnotes":"","jetpack_publicize_message":"","jetpack_publicize_feature_enabled":true,"jetpack_social_post_already_shared":true,"jetpack_social_options":{"image_generator_settings":{"template":"highway","default_image_id":0,"font":"","enabled":false},"version":2}},"categories":[27,1,2,14,35],"tags":[],"class_list":["post-101122","post","type-post","status-publish","format-standard","has-post-thumbnail","hentry","category-blogu-i-udhetarit","category-njoftime-shtypi","category-politika","category-press-releases","category-shoqerore"],"jetpack_publicize_connections":[],"jetpack_featured_media_url":"https:\/\/i0.wp.com\/www.shqiperia.com\/blog\/wp-content\/uploads\/2026\/06\/1280X720-10892714-1.jpg?fit=1280%2C720&ssl=1","jetpack_sharing_enabled":true,"jetpack_shortlink":"https:\/\/wp.me\/p5Z6wp-qj0","jetpack-related-posts":[{"id":103045,"url":"https:\/\/www.shqiperia.com\/blog\/pas-gjithe-kesaj-proteste-duhet-te-shkojme-ne-zgjedhje-lubonja-kerkesat-jane-te-panegociueshme\/","url_meta":{"origin":101122,"position":0},"title":"\u201cPas gjith\u00eb k\u00ebsaj proteste duhet t\u00eb shkojm\u00eb n\u00eb zgjedhje\u201d\/ Lubonja: &#8211; K\u00ebrkesat jan\u00eb t\u00eb panegociueshme!","author":"Kurt Farka","date":"July 21, 2026","format":false,"excerpt":"21 Korrik 2026 Analisti Fatos Lubonja u shpreh sot n\u00eb nj\u00eb lidhje direkte n\u00eb nj\u00eb studio televizive se pas protest\u00ebs dhe rezistenc\u00ebs qytetare prej 52 dit\u00ebsh, duhet t\u00eb shkohej n\u00eb zgjedhje t\u00eb reja dhe largim t\u00eb qeveris\u00eb s\u00eb Edi Ram\u00ebs. Ai u shpreh se k\u00ebrkesat e protestuesve jan\u00eb t\u00eb panegociueshme.\u2026","rel":"","context":"In &quot;Blogu i Udh\u00ebtarit&quot;","block_context":{"text":"Blogu i Udh\u00ebtarit","link":"https:\/\/www.shqiperia.com\/blog\/category\/blogu-i-udhetarit\/"},"img":{"alt_text":"","src":"https:\/\/i0.wp.com\/www.shqiperia.com\/blog\/wp-content\/uploads\/2026\/07\/fatos-lubonja-1.jpg?fit=1200%2C675&ssl=1&resize=350%2C200","width":350,"height":200,"srcset":"https:\/\/i0.wp.com\/www.shqiperia.com\/blog\/wp-content\/uploads\/2026\/07\/fatos-lubonja-1.jpg?fit=1200%2C675&ssl=1&resize=350%2C200 1x, https:\/\/i0.wp.com\/www.shqiperia.com\/blog\/wp-content\/uploads\/2026\/07\/fatos-lubonja-1.jpg?fit=1200%2C675&ssl=1&resize=525%2C300 1.5x, https:\/\/i0.wp.com\/www.shqiperia.com\/blog\/wp-content\/uploads\/2026\/07\/fatos-lubonja-1.jpg?fit=1200%2C675&ssl=1&resize=700%2C400 2x, https:\/\/i0.wp.com\/www.shqiperia.com\/blog\/wp-content\/uploads\/2026\/07\/fatos-lubonja-1.jpg?fit=1200%2C675&ssl=1&resize=1050%2C600 3x"},"classes":[]},{"id":103153,"url":"https:\/\/www.shqiperia.com\/blog\/sheshet-plot-per-doreheqjen-e-tij-rama-e-pranon-edhe-socialistet-pjese-e-protestes-ne-shesh\/","url_meta":{"origin":101122,"position":1},"title":"Sheshet plot p\u00ebr dor\u00ebheqjen e tij, Rama e pranon: Edhe socialist\u00ebt pjes\u00eb e protest\u00ebs n\u00eb shesh!","author":"Kurt Farka","date":"July 24, 2026","format":false,"excerpt":"24 Korrik 2026 Kryeministri Edi Rama ka pranuar se mes protestuesve t\u00eb muajve t\u00eb fundit kan\u00eb pasur edhe an\u00ebtar\u00eb, mb\u00ebshtet\u00ebs dhe votues t\u00eb Partis\u00eb Socialiste. N\u00eb fjal\u00ebn e tij gjat\u00eb mbledhjes s\u00eb zgjeruar t\u00eb grupit parlamentar t\u00eb PS-s\u00eb dhe an\u00ebtar\u00ebve t\u00eb kabinetit qeveritar, Rama u ndal te pak\u00ebnaq\u00ebsit\u00eb e shfaqura\u2026","rel":"","context":"In &quot;Blogu i Udh\u00ebtarit&quot;","block_context":{"text":"Blogu i Udh\u00ebtarit","link":"https:\/\/www.shqiperia.com\/blog\/category\/blogu-i-udhetarit\/"},"img":{"alt_text":"","src":"https:\/\/i0.wp.com\/www.shqiperia.com\/blog\/wp-content\/uploads\/2026\/07\/der-spiegel-protesta-433x300-2-300x208.jpg?resize=350%2C200&ssl=1","width":350,"height":200,"srcset":"https:\/\/i0.wp.com\/www.shqiperia.com\/blog\/wp-content\/uploads\/2026\/07\/der-spiegel-protesta-433x300-2-300x208.jpg?resize=350%2C200&ssl=1 1x, https:\/\/i0.wp.com\/www.shqiperia.com\/blog\/wp-content\/uploads\/2026\/07\/der-spiegel-protesta-433x300-2-300x208.jpg?resize=525%2C300&ssl=1 1.5x"},"classes":[]},{"id":101911,"url":"https:\/\/www.shqiperia.com\/blog\/naltgjatesia-e-tij-rama-tallet-me-qytetaret-por-ne-parlament-nxjerr-per-te-folur-zegjinene\/","url_meta":{"origin":101122,"position":2},"title":"Naltgjat\u00ebsia e tij Rama tallet me qytetar\u00ebt, por n\u00eb Parlament nxjerr p\u00ebr t\u00eb folur Zegjinen\u00eb","author":"Kurt Farka","date":"June 27, 2026","format":false,"excerpt":"28 Qershor 2026 Gazetari Ismet Drishti n\u00eb protest\u00ebn qytetare p\u00ebr dor\u00ebheqjen e Ram\u00ebs u ka b\u00ebr\u00eb thirrje pjes\u00ebmarr\u00ebsve q\u00eb t\u00eb shprehin q\u00ebndrimet e tyre.\u00a0 Ai kritikoi kryeministrin Edi Rama q\u00eb sulmon qytetar\u00ebt dhe protestuesit q\u00eb flasin n\u00eb parlament, nd\u00ebrsa u shpreh se vet\u00eb \u201cka nxjerr\u00eb n\u00eb Parlament p\u00ebr t\u00eb folur\u2026","rel":"","context":"In &quot;Blogu i Udh\u00ebtarit&quot;","block_context":{"text":"Blogu i Udh\u00ebtarit","link":"https:\/\/www.shqiperia.com\/blog\/category\/blogu-i-udhetarit\/"},"img":{"alt_text":"","src":"https:\/\/i0.wp.com\/www.shqiperia.com\/blog\/wp-content\/uploads\/2026\/06\/IMG_5927-1-1050x525-1.jpeg?fit=1050%2C525&ssl=1&resize=350%2C200","width":350,"height":200,"srcset":"https:\/\/i0.wp.com\/www.shqiperia.com\/blog\/wp-content\/uploads\/2026\/06\/IMG_5927-1-1050x525-1.jpeg?fit=1050%2C525&ssl=1&resize=350%2C200 1x, https:\/\/i0.wp.com\/www.shqiperia.com\/blog\/wp-content\/uploads\/2026\/06\/IMG_5927-1-1050x525-1.jpeg?fit=1050%2C525&ssl=1&resize=525%2C300 1.5x, https:\/\/i0.wp.com\/www.shqiperia.com\/blog\/wp-content\/uploads\/2026\/06\/IMG_5927-1-1050x525-1.jpeg?fit=1050%2C525&ssl=1&resize=700%2C400 2x, https:\/\/i0.wp.com\/www.shqiperia.com\/blog\/wp-content\/uploads\/2026\/06\/IMG_5927-1-1050x525-1.jpeg?fit=1050%2C525&ssl=1&resize=1050%2C600 3x"},"classes":[]},{"id":105633,"url":"https:\/\/www.shqiperia.com\/blog\/propagande-ne-vend-te-transparences-si-rama-po-i-kthen-ministrat-ne-influencere\/","url_meta":{"origin":101122,"position":3},"title":"Propagand\u00eb n\u00eb vend t\u00eb transparenc\u00ebs: &#8211; Si Rama po i kthen ministrat n\u00eb influencer\u00eb","author":"Kurt Farka","date":"September 1, 2026","format":false,"excerpt":"1 Shtator 2026 Gjith\u00e7ka nisi me Zv\u00ebrnecin. Kund\u00ebrshtimi ndaj nd\u00ebrtimeve n\u00eb k\u00ebt\u00eb pasuri natyrore ngriti pyetje themelore mbi pron\u00ebsin\u00eb, administrimin e territorit dhe t\u00eb ardhmen e zonave t\u00eb mbrojtura. Pak dit\u00eb pas nisjes s\u00eb protestave, m\u00eb 5 qershor, Rama zhvilloi n\u00eb Vlor\u00eb nj\u00eb takim me banor\u00eb, biznese dhe persona q\u00eb\u2026","rel":"","context":"In &quot;Blogu i Udh\u00ebtarit&quot;","block_context":{"text":"Blogu i Udh\u00ebtarit","link":"https:\/\/www.shqiperia.com\/blog\/category\/blogu-i-udhetarit\/"},"img":{"alt_text":"","src":"https:\/\/i0.wp.com\/www.shqiperia.com\/blog\/wp-content\/uploads\/2026\/09\/auto_QEVERIA1788204763.png?fit=900%2C507&ssl=1&resize=350%2C200","width":350,"height":200,"srcset":"https:\/\/i0.wp.com\/www.shqiperia.com\/blog\/wp-content\/uploads\/2026\/09\/auto_QEVERIA1788204763.png?fit=900%2C507&ssl=1&resize=350%2C200 1x, https:\/\/i0.wp.com\/www.shqiperia.com\/blog\/wp-content\/uploads\/2026\/09\/auto_QEVERIA1788204763.png?fit=900%2C507&ssl=1&resize=525%2C300 1.5x, https:\/\/i0.wp.com\/www.shqiperia.com\/blog\/wp-content\/uploads\/2026\/09\/auto_QEVERIA1788204763.png?fit=900%2C507&ssl=1&resize=700%2C400 2x"},"classes":[]},{"id":103966,"url":"https:\/\/www.shqiperia.com\/blog\/shqiptari-nga-gjermania-ia-numeron-rames-na-ka-vjedhur-kjo-eshte-mundesia-e-fundit-per-ndryshim\/","url_meta":{"origin":101122,"position":4},"title":"Shqiptari nga Gjermania ia num\u00ebron Ram\u00ebs: = Na ka vjedhur! Kjo \u00ebsht\u00eb mund\u00ebsia e fundit p\u00ebr ndryshim","author":"Kurt Farka","date":"August 7, 2026","format":false,"excerpt":"7 Gusht 2026 \u201cPo mos t\u00eb ishte News24, protesta do t\u00eb ishte shuar\u201d. Nj\u00eb qytetar shqiptar q\u00eb jeton n\u00eb Gjermani i \u00ebsht\u00eb bashkuar protest\u00ebs s\u00eb zhvilluar n\u00eb Sheshin Sk\u00ebnderbej, duke e cil\u00ebsuar at\u00eb si nj\u00eb nga momentet m\u00eb t\u00eb r\u00ebnd\u00ebsishme p\u00ebr vendin gjat\u00eb dekadave t\u00eb fundit. Ai tha se protesta\u2026","rel":"","context":"In &quot;Blogu i Udh\u00ebtarit&quot;","block_context":{"text":"Blogu i Udh\u00ebtarit","link":"https:\/\/www.shqiperia.com\/blog\/category\/blogu-i-udhetarit\/"},"img":{"alt_text":"","src":"https:\/\/i0.wp.com\/www.shqiperia.com\/blog\/wp-content\/uploads\/2026\/08\/diaspora-1.jpg?fit=1200%2C549&ssl=1&resize=350%2C200","width":350,"height":200,"srcset":"https:\/\/i0.wp.com\/www.shqiperia.com\/blog\/wp-content\/uploads\/2026\/08\/diaspora-1.jpg?fit=1200%2C549&ssl=1&resize=350%2C200 1x, https:\/\/i0.wp.com\/www.shqiperia.com\/blog\/wp-content\/uploads\/2026\/08\/diaspora-1.jpg?fit=1200%2C549&ssl=1&resize=525%2C300 1.5x, https:\/\/i0.wp.com\/www.shqiperia.com\/blog\/wp-content\/uploads\/2026\/08\/diaspora-1.jpg?fit=1200%2C549&ssl=1&resize=700%2C400 2x, https:\/\/i0.wp.com\/www.shqiperia.com\/blog\/wp-content\/uploads\/2026\/08\/diaspora-1.jpg?fit=1200%2C549&ssl=1&resize=1050%2C600 3x"},"classes":[]},{"id":101236,"url":"https:\/\/www.shqiperia.com\/blog\/shqiperia-nuk-eshte-ne-shitje-lubonja-flet-nga-protesta-sistemi-i-rames-ka-grabitur-vendin-te-permbysim-pushtetin\/","url_meta":{"origin":101122,"position":5},"title":"\u2018Shqip\u00ebria nuk \u00ebsht\u00eb n\u00eb shitje\u2019, Lubonja flet nga protesta: Sistemi i Ram\u00ebs ka grabitur vendin, t\u00eb p\u00ebrmbysim pushtetin","author":"Kurt Farka","date":"June 7, 2026","format":false,"excerpt":"7 Qershor 2026 Dita e tet\u00eb e protest\u00ebs pa s\u00ebrish mij\u00ebra qytetar\u00eb q\u00eb marshuan nga sheshi Sk\u00ebnderbej te Kryeministria ku protestuan s\u00ebrish kund\u00ebr nd\u00ebrtimit t\u00eb resortit n\u00eb Zv\u00ebrnec. Sakaq, n\u00eb podiumin e improvizuar foli edhe analisti Fatos Lubonja. Ai u shpreh se rasti i Zv\u00ebrnecit tregoi se si funksionon sistemi\u2026","rel":"","context":"In &quot;Blogu i Udh\u00ebtarit&quot;","block_context":{"text":"Blogu i Udh\u00ebtarit","link":"https:\/\/www.shqiperia.com\/blog\/category\/blogu-i-udhetarit\/"},"img":{"alt_text":"","src":"https:\/\/i0.wp.com\/www.shqiperia.com\/blog\/wp-content\/uploads\/2026\/06\/luboinja-979x570-1.jpg?fit=979%2C570&ssl=1&resize=350%2C200","width":350,"height":200,"srcset":"https:\/\/i0.wp.com\/www.shqiperia.com\/blog\/wp-content\/uploads\/2026\/06\/luboinja-979x570-1.jpg?fit=979%2C570&ssl=1&resize=350%2C200 1x, https:\/\/i0.wp.com\/www.shqiperia.com\/blog\/wp-content\/uploads\/2026\/06\/luboinja-979x570-1.jpg?fit=979%2C570&ssl=1&resize=525%2C300 1.5x, https:\/\/i0.wp.com\/www.shqiperia.com\/blog\/wp-content\/uploads\/2026\/06\/luboinja-979x570-1.jpg?fit=979%2C570&ssl=1&resize=700%2C400 2x"},"classes":[]}],"_links":{"self":[{"href":"https:\/\/www.shqiperia.com\/blog\/wp-json\/wp\/v2\/posts\/101122","targetHints":{"allow":["GET"]}}],"collection":[{"href":"https:\/\/www.shqiperia.com\/blog\/wp-json\/wp\/v2\/posts"}],"about":[{"href":"https:\/\/www.shqiperia.com\/blog\/wp-json\/wp\/v2\/types\/post"}],"author":[{"embeddable":true,"href":"https:\/\/www.shqiperia.com\/blog\/wp-json\/wp\/v2\/users\/9"}],"replies":[{"embeddable":true,"href":"https:\/\/www.shqiperia.com\/blog\/wp-json\/wp\/v2\/comments?post=101122"}],"version-history":[{"count":1,"href":"https:\/\/www.shqiperia.com\/blog\/wp-json\/wp\/v2\/posts\/101122\/revisions"}],"predecessor-version":[{"id":101124,"href":"https:\/\/www.shqiperia.com\/blog\/wp-json\/wp\/v2\/posts\/101122\/revisions\/101124"}],"wp:featuredmedia":[{"embeddable":true,"href":"https:\/\/www.shqiperia.com\/blog\/wp-json\/wp\/v2\/media\/101123"}],"wp:attachment":[{"href":"https:\/\/www.shqiperia.com\/blog\/wp-json\/wp\/v2\/media?parent=101122"}],"wp:term":[{"taxonomy":"category","embeddable":true,"href":"https:\/\/www.shqiperia.com\/blog\/wp-json\/wp\/v2\/categories?post=101122"},{"taxonomy":"post_tag","embeddable":true,"href":"https:\/\/www.shqiperia.com\/blog\/wp-json\/wp\/v2\/tags?post=101122"}],"curies":[{"name":"wp","href":"https:\/\/api.w.org\/{rel}","templated":true}]}}