{"id":101106,"date":"2026-06-04T20:57:05","date_gmt":"2026-06-04T20:57:05","guid":{"rendered":"https:\/\/www.shqiperia.com\/blog\/?p=101106"},"modified":"2026-06-04T20:57:05","modified_gmt":"2026-06-04T20:57:05","slug":"eric-wendt-merr-aprovimin-e-komitetit-per-marredhenie-me-jashte-ne-senat","status":"publish","type":"post","link":"https:\/\/www.shqiperia.com\/blog\/eric-wendt-merr-aprovimin-e-komitetit-per-marredhenie-me-jashte-ne-senat\/","title":{"rendered":"Eric Wendt merr aprovimin e Komitetit p\u00ebr Marr\u00ebdh\u00ebnie me Jasht\u00eb n\u00eb Senat"},"content":{"rendered":"<div class=\"firstP\">\n<p><img data-recalc-dims=\"1\" loading=\"lazy\" decoding=\"async\" data-attachment-id=\"101108\" data-permalink=\"https:\/\/www.shqiperia.com\/blog\/eric-wendt-merr-aprovimin-e-komitetit-per-marredhenie-me-jashte-ne-senat\/whatsapp-image-2026-04-13-at-22-08-19-1\/\" data-orig-file=\"https:\/\/i0.wp.com\/www.shqiperia.com\/blog\/wp-content\/uploads\/2026\/06\/WhatsApp-Image-2026-04-13-at-22.08.19-1.webp?fit=1600%2C900&amp;ssl=1\" data-orig-size=\"1600,900\" data-comments-opened=\"1\" data-image-meta=\"{&quot;aperture&quot;:&quot;0&quot;,&quot;credit&quot;:&quot;&quot;,&quot;camera&quot;:&quot;&quot;,&quot;caption&quot;:&quot;&quot;,&quot;created_timestamp&quot;:&quot;0&quot;,&quot;copyright&quot;:&quot;&quot;,&quot;focal_length&quot;:&quot;0&quot;,&quot;iso&quot;:&quot;0&quot;,&quot;shutter_speed&quot;:&quot;0&quot;,&quot;title&quot;:&quot;&quot;,&quot;orientation&quot;:&quot;0&quot;}\" data-image-title=\"WhatsApp-Image-2026-04-13-at-22.08.19-1\" data-image-description=\"\" data-image-caption=\"\" data-medium-file=\"https:\/\/i0.wp.com\/www.shqiperia.com\/blog\/wp-content\/uploads\/2026\/06\/WhatsApp-Image-2026-04-13-at-22.08.19-1.webp?fit=300%2C169&amp;ssl=1\" data-large-file=\"https:\/\/i0.wp.com\/www.shqiperia.com\/blog\/wp-content\/uploads\/2026\/06\/WhatsApp-Image-2026-04-13-at-22.08.19-1.webp?fit=1024%2C576&amp;ssl=1\" class=\"alignnone  wp-image-101108\" alt=\"\" src=\"https:\/\/i0.wp.com\/www.shqiperia.com\/blog\/wp-content\/uploads\/2026\/06\/WhatsApp-Image-2026-04-13-at-22.08.19-1.webp?resize=694%2C391&#038;ssl=1\" width=\"694\" height=\"391\" srcset=\"https:\/\/i0.wp.com\/www.shqiperia.com\/blog\/wp-content\/uploads\/2026\/06\/WhatsApp-Image-2026-04-13-at-22.08.19-1.webp?resize=300%2C169&amp;ssl=1 300w, https:\/\/i0.wp.com\/www.shqiperia.com\/blog\/wp-content\/uploads\/2026\/06\/WhatsApp-Image-2026-04-13-at-22.08.19-1.webp?resize=1024%2C576&amp;ssl=1 1024w, https:\/\/i0.wp.com\/www.shqiperia.com\/blog\/wp-content\/uploads\/2026\/06\/WhatsApp-Image-2026-04-13-at-22.08.19-1.webp?resize=768%2C432&amp;ssl=1 768w, https:\/\/i0.wp.com\/www.shqiperia.com\/blog\/wp-content\/uploads\/2026\/06\/WhatsApp-Image-2026-04-13-at-22.08.19-1.webp?resize=1536%2C864&amp;ssl=1 1536w, https:\/\/i0.wp.com\/www.shqiperia.com\/blog\/wp-content\/uploads\/2026\/06\/WhatsApp-Image-2026-04-13-at-22.08.19-1.webp?resize=450%2C253&amp;ssl=1 450w, https:\/\/i0.wp.com\/www.shqiperia.com\/blog\/wp-content\/uploads\/2026\/06\/WhatsApp-Image-2026-04-13-at-22.08.19-1.webp?resize=600%2C338&amp;ssl=1 600w, https:\/\/i0.wp.com\/www.shqiperia.com\/blog\/wp-content\/uploads\/2026\/06\/WhatsApp-Image-2026-04-13-at-22.08.19-1.webp?resize=1500%2C844&amp;ssl=1 1500w, https:\/\/i0.wp.com\/www.shqiperia.com\/blog\/wp-content\/uploads\/2026\/06\/WhatsApp-Image-2026-04-13-at-22.08.19-1.webp?resize=1300%2C731&amp;ssl=1 1300w, https:\/\/i0.wp.com\/www.shqiperia.com\/blog\/wp-content\/uploads\/2026\/06\/WhatsApp-Image-2026-04-13-at-22.08.19-1.webp?resize=400%2C225&amp;ssl=1 400w, https:\/\/i0.wp.com\/www.shqiperia.com\/blog\/wp-content\/uploads\/2026\/06\/WhatsApp-Image-2026-04-13-at-22.08.19-1.webp?w=1600&amp;ssl=1 1600w\" sizes=\"auto, (max-width: 694px) 100vw, 694px\" \/><\/p>\n<p>4 Qershor 2026<\/p>\n<p>I nominuari i Trump p\u00ebr ambasador n\u00eb Shqip\u00ebri, Eric Wendt ka marr\u00eb merr mb\u00ebshtetjen e Komitetit p\u00ebr Marr\u00ebdh\u00ebnie me Jasht\u00eb.<\/p>\n<\/div>\n<p>Nominimi p\u00ebr Shqip\u00ebrin\u00eb kaloi me votim 19 pro dhe 3 kund\u00ebr.<\/p>\n<p>Mbledhja ku u shqyrtuan em\u00ebrimet p\u00ebr ambasador\u00eb u drejtua nga Jim Risch.<\/p>\n<p>Mes nominimeve u miratuan edhe ambasador\u00ebt e propozuar p\u00ebr Tanzanin\u00eb, Australin\u00eb, Norvegjin\u00eb, Koren\u00eb.<\/p>\n<p class=\"last\"><strong>Nga: Top Channel<\/strong><\/p>\n","protected":false},"excerpt":{"rendered":"<p>4 Qershor 2026 I nominuari i Trump p\u00ebr ambasador n\u00eb Shqip\u00ebri, Eric Wendt ka marr\u00eb merr mb\u00ebshtetjen e Komitetit p\u00ebr Marr\u00ebdh\u00ebnie me Jasht\u00eb. Nominimi p\u00ebr Shqip\u00ebrin\u00eb kaloi me votim 19 pro dhe 3 kund\u00ebr. Mbledhja ku u shqyrtuan em\u00ebrimet p\u00ebr ambasador\u00eb u drejtua nga Jim Risch. Mes nominimeve u miratuan edhe ambasador\u00ebt e propozuar p\u00ebr [&hellip;]<\/p>\n","protected":false},"author":9,"featured_media":101108,"comment_status":"open","ping_status":"open","sticky":false,"template":"","format":"standard","meta":{"jetpack_post_was_ever_published":false,"_jetpack_newsletter_access":"","_jetpack_dont_email_post_to_subs":false,"_jetpack_newsletter_tier_id":0,"_jetpack_memberships_contains_paywalled_content":false,"_jetpack_memberships_contains_paid_content":false,"footnotes":"","jetpack_publicize_message":"","jetpack_publicize_feature_enabled":true,"jetpack_social_post_already_shared":true,"jetpack_social_options":{"image_generator_settings":{"template":"highway","default_image_id":0,"font":"","enabled":false},"version":2}},"categories":[27,1],"tags":[],"class_list":["post-101106","post","type-post","status-publish","format-standard","has-post-thumbnail","hentry","category-blogu-i-udhetarit","category-njoftime-shtypi"],"jetpack_publicize_connections":[],"jetpack_featured_media_url":"https:\/\/i0.wp.com\/www.shqiperia.com\/blog\/wp-content\/uploads\/2026\/06\/WhatsApp-Image-2026-04-13-at-22.08.19-1.webp?fit=1600%2C900&ssl=1","jetpack_sharing_enabled":true,"jetpack_shortlink":"https:\/\/wp.me\/p5Z6wp-qiK","jetpack-related-posts":[{"id":100448,"url":"https:\/\/www.shqiperia.com\/blog\/u-nominua-nga-trump-si-kandidat-per-postin-e-ambasadorit-amerikan-ne-shqiperi-eric-wendt-raporton-sot-para-senatit\/","url_meta":{"origin":101106,"position":0},"title":"U nominua nga Trump si kandidat p\u00ebr postin e Ambasadorit amerikan n\u00eb Shqip\u00ebri, Eric Wendt raporton sot para Senatit","author":"Kurt Farka","date":"May 20, 2026","format":false,"excerpt":"20 Maji 2026 Sot, n\u00eb or\u00ebn 16:00, i nominuari nga presidenti Donald Trump p\u00ebr ambasador t\u00eb Shteteve t\u00eb Bashkuara n\u00eb Shqip\u00ebri, Eric Wendt, do t\u00eb paraqitet p\u00ebrpara Komisionit t\u00eb Marr\u00ebdh\u00ebnieve me Jasht\u00eb n\u00eb Senatin amerikan, si\u00e7 e do procedura p\u00ebr konfirmimin e tij. Gjat\u00eb seanc\u00ebs d\u00ebgjimore pritet t\u00eb diskutohen prioritetet\u2026","rel":"","context":"In &quot;Njoftime Shtypi&quot;","block_context":{"text":"Njoftime Shtypi","link":"https:\/\/www.shqiperia.com\/blog\/category\/njoftime-shtypi\/"},"img":{"alt_text":"","src":"https:\/\/i0.wp.com\/www.shqiperia.com\/blog\/wp-content\/uploads\/2026\/05\/Eric-Wendt.webp?fit=1140%2C570&ssl=1&resize=350%2C200","width":350,"height":200,"srcset":"https:\/\/i0.wp.com\/www.shqiperia.com\/blog\/wp-content\/uploads\/2026\/05\/Eric-Wendt.webp?fit=1140%2C570&ssl=1&resize=350%2C200 1x, https:\/\/i0.wp.com\/www.shqiperia.com\/blog\/wp-content\/uploads\/2026\/05\/Eric-Wendt.webp?fit=1140%2C570&ssl=1&resize=525%2C300 1.5x, https:\/\/i0.wp.com\/www.shqiperia.com\/blog\/wp-content\/uploads\/2026\/05\/Eric-Wendt.webp?fit=1140%2C570&ssl=1&resize=700%2C400 2x, https:\/\/i0.wp.com\/www.shqiperia.com\/blog\/wp-content\/uploads\/2026\/05\/Eric-Wendt.webp?fit=1140%2C570&ssl=1&resize=1050%2C600 3x"},"classes":[]},{"id":100509,"url":"https:\/\/www.shqiperia.com\/blog\/u-nominua-nga-trump-per-ambasador-ne-tirane-eric-wendt-para-senatit-kater-prioritetet-e-mia-do-mbeshtes-shqiperine-ne-luften-kunder-korrupsionit-dhe-krimit-te-organizuar-transnacional\/","url_meta":{"origin":101106,"position":1},"title":"U nominua nga Trump p\u00ebr ambasador n\u00eb Tiran\u00eb, Eric Wendt para Senatit: &#8211; Kat\u00ebr prioritetet e mia, do mb\u00ebshtes Shqip\u00ebrin\u00eb n\u00eb luft\u00ebn kund\u00ebr korrupsionit dhe krimit t\u00eb organizuar transnacional","author":"Kurt Farka","date":"May 21, 2026","format":false,"excerpt":"21 Maji 2026 Kandidati p\u00ebr ambasador n\u00eb Shqip\u00ebri Eric Wendt mbajti fjal\u00ebn e tij para Komitetit p\u00ebr Marr\u00ebdh\u00ebniet me Jasht\u00eb n\u00eb Senatin amerikan. Wendt u shpreh se nj\u00eb nga prioritetet e tij n\u00ebse konfirmohet n\u00eb detyr\u00eb \u00ebsht\u00eb mb\u00ebshtetja e Shqip\u00ebris\u00eb n\u00eb luft\u00ebn kund\u00ebr korrupsionit dhe krimit t\u00eb oeganizuar nd\u00ebrkomb\u00ebtar. \u201cJam\u2026","rel":"","context":"In &quot;Blogu i Udh\u00ebtarit&quot;","block_context":{"text":"Blogu i Udh\u00ebtarit","link":"https:\/\/www.shqiperia.com\/blog\/category\/blogu-i-udhetarit\/"},"img":{"alt_text":"","src":"https:\/\/i0.wp.com\/www.shqiperia.com\/blog\/wp-content\/uploads\/2026\/05\/eric_sd.webp?fit=1200%2C675&ssl=1&resize=350%2C200","width":350,"height":200,"srcset":"https:\/\/i0.wp.com\/www.shqiperia.com\/blog\/wp-content\/uploads\/2026\/05\/eric_sd.webp?fit=1200%2C675&ssl=1&resize=350%2C200 1x, https:\/\/i0.wp.com\/www.shqiperia.com\/blog\/wp-content\/uploads\/2026\/05\/eric_sd.webp?fit=1200%2C675&ssl=1&resize=525%2C300 1.5x, https:\/\/i0.wp.com\/www.shqiperia.com\/blog\/wp-content\/uploads\/2026\/05\/eric_sd.webp?fit=1200%2C675&ssl=1&resize=700%2C400 2x, https:\/\/i0.wp.com\/www.shqiperia.com\/blog\/wp-content\/uploads\/2026\/05\/eric_sd.webp?fit=1200%2C675&ssl=1&resize=1050%2C600 3x"},"classes":[]},{"id":103870,"url":"https:\/\/www.shqiperia.com\/blog\/nga-dita-e-sotme-shqiperia-ka-ambasador-te-shba-se-eric-p-wendt\/","url_meta":{"origin":101106,"position":2},"title":"Nga dita e sotme Shqiperia ka Ambasador te SHBA-s\u00eb Eric P. Wendt","author":"Kurt Farka","date":"August 6, 2026","format":false,"excerpt":"6 Gusht 2026 Senati i Shteteve t\u00eb Bashkuara ka konfirmuar sot Eric P. Wendt si ambasador t\u00eb ri t\u00eb SHBA-s\u00eb n\u00eb Shqip\u00ebri. Sipas rezultatit zyrtar t\u00eb publikuar nga Senati amerikan, kandidatura e Wendt u miratua. Votimi u zhvillua n\u00eb seanc\u00eb plenare t\u00eb Senatit dhe p\u00ebrb\u00ebn miratimin p\u00ebrfundimtar t\u00eb em\u00ebrimit t\u00eb\u2026","rel":"","context":"In &quot;Blogu i Udh\u00ebtarit&quot;","block_context":{"text":"Blogu i Udh\u00ebtarit","link":"https:\/\/www.shqiperia.com\/blog\/category\/blogu-i-udhetarit\/"},"img":{"alt_text":"","src":"https:\/\/i0.wp.com\/www.shqiperia.com\/blog\/wp-content\/uploads\/2026\/08\/eric-wendt_sd.jpg?fit=1200%2C675&ssl=1&resize=350%2C200","width":350,"height":200,"srcset":"https:\/\/i0.wp.com\/www.shqiperia.com\/blog\/wp-content\/uploads\/2026\/08\/eric-wendt_sd.jpg?fit=1200%2C675&ssl=1&resize=350%2C200 1x, https:\/\/i0.wp.com\/www.shqiperia.com\/blog\/wp-content\/uploads\/2026\/08\/eric-wendt_sd.jpg?fit=1200%2C675&ssl=1&resize=525%2C300 1.5x, https:\/\/i0.wp.com\/www.shqiperia.com\/blog\/wp-content\/uploads\/2026\/08\/eric-wendt_sd.jpg?fit=1200%2C675&ssl=1&resize=700%2C400 2x, https:\/\/i0.wp.com\/www.shqiperia.com\/blog\/wp-content\/uploads\/2026\/08\/eric-wendt_sd.jpg?fit=1200%2C675&ssl=1&resize=1050%2C600 3x"},"classes":[]},{"id":106055,"url":"https:\/\/www.shqiperia.com\/blog\/titaniku-spo-merr-kthesen-dhe-rama-ne-forumin-inteligjenca-e-botes-nuk-ka-vend-per-shqiperine-ne-be-nese-unioni-nuk-ndryshon\/","url_meta":{"origin":101106,"position":3},"title":"\u201cTitaniku s\u2019po merr kthes\u00ebn dhe&#8230;&#8221;\/ Rama n\u00eb forumin \u201cInteligjenca e Bot\u00ebs\u201d: &#8211; Nuk ka vend p\u00ebr Shqip\u00ebrin\u00eb n\u00eb BE n\u00ebse Unioni nuk ndryshon!","author":"Kurt Farka","date":"September 5, 2026","format":false,"excerpt":"5 Shtator 2026 Kryeministri Edi Rama ishte sot pjes\u00eb e forumit\u201d Inteligjenca e Bot\u00ebs\u201d. Ai u shpreh se vendi yn\u00eb \u00ebsht\u00eb duke u p\u00ebrpjekur t\u00eb b\u00ebhet pjes\u00eb e Bashkimit Europian, por se jo gjith\u00e7ka po shkon si\u00e7 duhet. \u201cNe jemi jasht\u00eb klubit dhe p\u00ebrpiqemi t\u00eb hyjm\u00eb n\u00eb klub. Nga nj\u00eb\u2026","rel":"","context":"In &quot;Blogu i Udh\u00ebtarit&quot;","block_context":{"text":"Blogu i Udh\u00ebtarit","link":"https:\/\/www.shqiperia.com\/blog\/category\/blogu-i-udhetarit\/"},"img":{"alt_text":"","src":"https:\/\/i0.wp.com\/www.shqiperia.com\/blog\/wp-content\/uploads\/2026\/09\/1788428684_edirama.jpg?fit=780%2C440&ssl=1&resize=350%2C200","width":350,"height":200,"srcset":"https:\/\/i0.wp.com\/www.shqiperia.com\/blog\/wp-content\/uploads\/2026\/09\/1788428684_edirama.jpg?fit=780%2C440&ssl=1&resize=350%2C200 1x, https:\/\/i0.wp.com\/www.shqiperia.com\/blog\/wp-content\/uploads\/2026\/09\/1788428684_edirama.jpg?fit=780%2C440&ssl=1&resize=525%2C300 1.5x, https:\/\/i0.wp.com\/www.shqiperia.com\/blog\/wp-content\/uploads\/2026\/09\/1788428684_edirama.jpg?fit=780%2C440&ssl=1&resize=700%2C400 2x"},"classes":[]},{"id":103988,"url":"https:\/\/www.shqiperia.com\/blog\/u-emerua-si-ambasador-ne-shqiperi-ambasada-e-shba-e-presim-me-kenaqesi-eric-wendt-do-te-mbeshtese-vizionin-e-presidentit-trump\/","url_meta":{"origin":101106,"position":4},"title":"U em\u00ebrua si ambasador n\u00eb Shqip\u00ebri, ambasada e SHBA: &#8211; E presim me k\u00ebnaq\u00ebsi, Eric Wendt do t\u00eb mb\u00ebshtes\u00eb vizionin e Presidentit Trump","author":"Kurt Farka","date":"August 8, 2026","format":false,"excerpt":"8 Gusht 2026 Gjenerali n\u00eb pension Eric Wendt do t\u00eb jet\u00eb ambasadori i ardhsh\u00ebm i Shteteve t\u00eb Bashkuara t\u00eb Amerik\u00ebs n\u00eb Shqip\u00ebri. Ambasada Amerikane n\u00eb Tiran\u00eb ka konfirmuar em\u00ebrimin e tij si ambasadorin e ardhsh\u00ebm, pasi mori edhe votat n\u00eb Senat. P\u00ebrmes nj\u00eb postimi n\u00eb rrjetet sociale, Ambasada Amerikane e\u2026","rel":"","context":"In &quot;Blogu i Udh\u00ebtarit&quot;","block_context":{"text":"Blogu i Udh\u00ebtarit","link":"https:\/\/www.shqiperia.com\/blog\/category\/blogu-i-udhetarit\/"},"img":{"alt_text":"","src":"https:\/\/i0.wp.com\/www.shqiperia.com\/blog\/wp-content\/uploads\/2026\/08\/Eric-Wendt.jpg?fit=636%2C378&ssl=1&resize=350%2C200","width":350,"height":200,"srcset":"https:\/\/i0.wp.com\/www.shqiperia.com\/blog\/wp-content\/uploads\/2026\/08\/Eric-Wendt.jpg?fit=636%2C378&ssl=1&resize=350%2C200 1x, https:\/\/i0.wp.com\/www.shqiperia.com\/blog\/wp-content\/uploads\/2026\/08\/Eric-Wendt.jpg?fit=636%2C378&ssl=1&resize=525%2C300 1.5x"},"classes":[]},{"id":106121,"url":"https:\/\/www.shqiperia.com\/blog\/edi-rama-une-nuk-besoj-se-do-te-kete-ndonjehere-vend-per-ne-ne-be-nese\/","url_meta":{"origin":101106,"position":5},"title":"Edi Rama: &#8211; Un\u00eb nuk besoj se do t\u00eb ket\u00eb ndonj\u00ebher\u00eb vend p\u00ebr ne n\u00eb BE, n\u00ebse&#8230;","author":"Kurt Farka","date":"September 6, 2026","format":false,"excerpt":"6 Shtator 2026 Rama: - Po m\u00eb merr Putini n\u00eb telefon\u201d, Rama batuta dhe mesazhe nga Italia. Kryeministri Edi Rama ndodhet sot n\u00eb Cernobbio t\u00eb Italis\u00eb, ku ka marr\u00eb pjes\u00eb n\u00eb forumin \u201cIntelligence on the World, Europe and Italy\u201d, n\u00eb panelin \u201cAgjenda p\u00ebr Europ\u00ebn\u201d. Diskutimi u p\u00ebrqendrua te roli i\u2026","rel":"","context":"In &quot;Blogu i Udh\u00ebtarit&quot;","block_context":{"text":"Blogu i Udh\u00ebtarit","link":"https:\/\/www.shqiperia.com\/blog\/category\/blogu-i-udhetarit\/"},"img":{"alt_text":"","src":"https:\/\/i0.wp.com\/www.shqiperia.com\/blog\/wp-content\/uploads\/2026\/09\/Edi-Rama.webp?fit=1200%2C800&ssl=1&resize=350%2C200","width":350,"height":200,"srcset":"https:\/\/i0.wp.com\/www.shqiperia.com\/blog\/wp-content\/uploads\/2026\/09\/Edi-Rama.webp?fit=1200%2C800&ssl=1&resize=350%2C200 1x, https:\/\/i0.wp.com\/www.shqiperia.com\/blog\/wp-content\/uploads\/2026\/09\/Edi-Rama.webp?fit=1200%2C800&ssl=1&resize=525%2C300 1.5x, https:\/\/i0.wp.com\/www.shqiperia.com\/blog\/wp-content\/uploads\/2026\/09\/Edi-Rama.webp?fit=1200%2C800&ssl=1&resize=700%2C400 2x, https:\/\/i0.wp.com\/www.shqiperia.com\/blog\/wp-content\/uploads\/2026\/09\/Edi-Rama.webp?fit=1200%2C800&ssl=1&resize=1050%2C600 3x"},"classes":[]}],"_links":{"self":[{"href":"https:\/\/www.shqiperia.com\/blog\/wp-json\/wp\/v2\/posts\/101106","targetHints":{"allow":["GET"]}}],"collection":[{"href":"https:\/\/www.shqiperia.com\/blog\/wp-json\/wp\/v2\/posts"}],"about":[{"href":"https:\/\/www.shqiperia.com\/blog\/wp-json\/wp\/v2\/types\/post"}],"author":[{"embeddable":true,"href":"https:\/\/www.shqiperia.com\/blog\/wp-json\/wp\/v2\/users\/9"}],"replies":[{"embeddable":true,"href":"https:\/\/www.shqiperia.com\/blog\/wp-json\/wp\/v2\/comments?post=101106"}],"version-history":[{"count":1,"href":"https:\/\/www.shqiperia.com\/blog\/wp-json\/wp\/v2\/posts\/101106\/revisions"}],"predecessor-version":[{"id":101109,"href":"https:\/\/www.shqiperia.com\/blog\/wp-json\/wp\/v2\/posts\/101106\/revisions\/101109"}],"wp:featuredmedia":[{"embeddable":true,"href":"https:\/\/www.shqiperia.com\/blog\/wp-json\/wp\/v2\/media\/101108"}],"wp:attachment":[{"href":"https:\/\/www.shqiperia.com\/blog\/wp-json\/wp\/v2\/media?parent=101106"}],"wp:term":[{"taxonomy":"category","embeddable":true,"href":"https:\/\/www.shqiperia.com\/blog\/wp-json\/wp\/v2\/categories?post=101106"},{"taxonomy":"post_tag","embeddable":true,"href":"https:\/\/www.shqiperia.com\/blog\/wp-json\/wp\/v2\/tags?post=101106"}],"curies":[{"name":"wp","href":"https:\/\/api.w.org\/{rel}","templated":true}]}}