{"id":101095,"date":"2026-06-04T18:49:57","date_gmt":"2026-06-04T18:49:57","guid":{"rendered":"https:\/\/www.shqiperia.com\/blog\/?p=101095"},"modified":"2026-06-04T19:25:51","modified_gmt":"2026-06-04T19:25:51","slug":"vrasja-e-efektivit-lala-duhet-hetim-i-thelluar-kemi-nje-deshmor-por-asnje-doreheqje","status":"publish","type":"post","link":"https:\/\/www.shqiperia.com\/blog\/vrasja-e-efektivit-lala-duhet-hetim-i-thelluar-kemi-nje-deshmor-por-asnje-doreheqje\/","title":{"rendered":"Vrasja e efektivit\/ Lala: Duhet hetim i thelluar, kemi nj\u00eb d\u00ebshmor por asnj\u00eb dor\u00ebheqje!"},"content":{"rendered":"<p><img data-recalc-dims=\"1\" loading=\"lazy\" decoding=\"async\" data-attachment-id=\"101103\" data-permalink=\"https:\/\/www.shqiperia.com\/blog\/vrasja-e-efektivit-lala-duhet-hetim-i-thelluar-kemi-nje-deshmor-por-asnje-doreheqje\/kloddd\/\" data-orig-file=\"https:\/\/i0.wp.com\/www.shqiperia.com\/blog\/wp-content\/uploads\/2026\/06\/kloddd.jpg?fit=545%2C391&amp;ssl=1\" data-orig-size=\"545,391\" data-comments-opened=\"1\" data-image-meta=\"{&quot;aperture&quot;:&quot;0&quot;,&quot;credit&quot;:&quot;Elmaz&quot;,&quot;camera&quot;:&quot;&quot;,&quot;caption&quot;:&quot;&quot;,&quot;created_timestamp&quot;:&quot;1778014270&quot;,&quot;copyright&quot;:&quot;&quot;,&quot;focal_length&quot;:&quot;0&quot;,&quot;iso&quot;:&quot;0&quot;,&quot;shutter_speed&quot;:&quot;0&quot;,&quot;title&quot;:&quot;&quot;,&quot;orientation&quot;:&quot;0&quot;}\" data-image-title=\"kloddd\" data-image-description=\"\" data-image-caption=\"\" data-medium-file=\"https:\/\/i0.wp.com\/www.shqiperia.com\/blog\/wp-content\/uploads\/2026\/06\/kloddd.jpg?fit=300%2C215&amp;ssl=1\" data-large-file=\"https:\/\/i0.wp.com\/www.shqiperia.com\/blog\/wp-content\/uploads\/2026\/06\/kloddd.jpg?fit=545%2C391&amp;ssl=1\" class=\"alignnone  wp-image-101103\" alt=\"\" src=\"https:\/\/i0.wp.com\/www.shqiperia.com\/blog\/wp-content\/uploads\/2026\/06\/kloddd.jpg?resize=579%2C415&#038;ssl=1\" width=\"579\" height=\"415\" srcset=\"https:\/\/i0.wp.com\/www.shqiperia.com\/blog\/wp-content\/uploads\/2026\/06\/kloddd.jpg?resize=300%2C215&amp;ssl=1 300w, https:\/\/i0.wp.com\/www.shqiperia.com\/blog\/wp-content\/uploads\/2026\/06\/kloddd.jpg?resize=450%2C323&amp;ssl=1 450w, https:\/\/i0.wp.com\/www.shqiperia.com\/blog\/wp-content\/uploads\/2026\/06\/kloddd.jpg?resize=400%2C287&amp;ssl=1 400w, https:\/\/i0.wp.com\/www.shqiperia.com\/blog\/wp-content\/uploads\/2026\/06\/kloddd.jpg?w=545&amp;ssl=1 545w\" sizes=\"auto, (max-width: 579px) 100vw, 579px\" \/><\/p>\n<p>4 Qershor 2026<\/p>\n<p>Gazetarja Klodiana Lala ka deklaruar se duhet nj\u00eb hetim i thelluar p\u00ebr ngjarjen n\u00eb Maliq ku mbeti i vrar\u00eb efektivi Enea Mekolli.<\/p>\n<p>Sipas gazetares, deklarata e kreut t\u00eb Policis\u00eb s\u00eb Shtetit Sk\u00ebnder Hita tregoi se ka patur nj\u00eb anashkalim t\u00eb rrug\u00ebs institucionale nga Policia e Kor\u00e7\u00ebs dhe n\u00ebse \u00ebsht\u00eb k\u00ebshtu duhet t\u00eb mbahet p\u00ebrgjegj\u00ebsi penale nga zyrtar\u00ebt e lart\u00eb t\u00eb k\u00ebsaj DVP.<\/p>\n<p>\u201cKjo ngjarje \u00ebsht\u00eb shum\u00eb e r\u00ebnd\u00eb dhe tregon se forcat e policis\u00eb duhet t\u00eb ken\u00eb tjet\u00ebr qasje p\u00ebr aksionet p\u00ebr personat e k\u00ebrkuar.<\/p>\n<p>N\u00ebse ka pasur operacioni t\u00eb posa\u00e7\u00ebm, pse nuk jan\u00eb thirrur RENEA apo forca speciale. \u00cbsht\u00eb anashkaluar rrezikshm\u00ebria q\u00eb kishte ky person.<\/p>\n<p>Duhet t\u00eb ket\u00eb hetim t\u00eb thelluar p\u00ebr k\u00ebt\u00eb ngjarje dhe p\u00ebrgjegj\u00ebsi institucionale.<\/p>\n<p>Po ta shoh\u00ebsh me kujdes, pati dhe nj\u00eb deklarat\u00eb nga Hita dhe nuk m\u00eb b\u00ebri shum\u00eb sens se tha se Drejtoria e P\u00ebrgjithshme e Policis\u00eb s\u00eb Shtetit nuk ka patur dijeni p\u00ebr k\u00ebt\u00eb operacion. N\u00ebse Policia Kor\u00e7\u00eb ka anashkaluar rrug\u00ebn institucionale dhe s\u2019ka lajm\u00ebruar epror\u00ebt, minimalisht ka shp\u00ebrdorim detyre dhe duhet t\u00eb ket\u00eb p\u00ebrgjegj\u00ebsi penale ndaj zyrtar\u00ebve t\u00eb Policis\u00eb s\u00eb Kor\u00e7\u00ebs.<\/p>\n<p>Kemi nj\u00eb d\u00ebshmor, por s\u2019kemi minimalisht nj\u00eb dor\u00ebheqje\u201d, tha gazetarja<\/p>\n","protected":false},"excerpt":{"rendered":"<p>4 Qershor 2026 Gazetarja Klodiana Lala ka deklaruar se duhet nj\u00eb hetim i thelluar p\u00ebr ngjarjen n\u00eb Maliq ku mbeti i vrar\u00eb efektivi Enea Mekolli. Sipas gazetares, deklarata e kreut t\u00eb Policis\u00eb s\u00eb Shtetit Sk\u00ebnder Hita tregoi se ka patur nj\u00eb anashkalim t\u00eb rrug\u00ebs institucionale nga Policia e Kor\u00e7\u00ebs dhe n\u00ebse \u00ebsht\u00eb k\u00ebshtu duhet t\u00eb [&hellip;]<\/p>\n","protected":false},"author":9,"featured_media":101096,"comment_status":"open","ping_status":"open","sticky":false,"template":"","format":"standard","meta":{"jetpack_post_was_ever_published":false,"_jetpack_newsletter_access":"","_jetpack_dont_email_post_to_subs":false,"_jetpack_newsletter_tier_id":0,"_jetpack_memberships_contains_paywalled_content":false,"_jetpack_memberships_contains_paid_content":false,"footnotes":"","jetpack_publicize_message":"","jetpack_publicize_feature_enabled":true,"jetpack_social_post_already_shared":true,"jetpack_social_options":{"image_generator_settings":{"template":"highway","default_image_id":0,"font":"","enabled":false},"version":2}},"categories":[27,10,1,2,35],"tags":[],"class_list":["post-101095","post","type-post","status-publish","format-standard","has-post-thumbnail","hentry","category-blogu-i-udhetarit","category-kultura","category-njoftime-shtypi","category-politika","category-shoqerore"],"jetpack_publicize_connections":[],"jetpack_featured_media_url":"https:\/\/i0.wp.com\/www.shqiperia.com\/blog\/wp-content\/uploads\/2026\/06\/Protesta-per-Zvernecin-dhe-Narten-1024x702-1.jpg?fit=1024%2C702&ssl=1","jetpack_sharing_enabled":true,"jetpack_shortlink":"https:\/\/wp.me\/p5Z6wp-qiz","jetpack-related-posts":[{"id":100557,"url":"https:\/\/www.shqiperia.com\/blog\/ish-kreu-i-policise-ka-takuar-jeton-lamin-ne-paraburgim-lala-zbulon-detajet-ka-mesuar-te-dhena-mbi-fatin-e-martinajt\/","url_meta":{"origin":101095,"position":0},"title":"\u201cIsh kreu i Policis\u00eb ka takuar Jeton Lamin n\u00eb paraburgim\u201d\/Lala zbulon detajet: &#8211; Ka m\u00ebsuar t\u00eb dh\u00ebna mbi fatin e Martinajt","author":"Kurt Farka","date":"May 22, 2026","format":false,"excerpt":"22 Maji 2026 Gazetarja Klodiana Lala ka folur mbi d\u00ebshmin\u00eb e Mustafa Martinajt, babai t\u00eb Ervis Martinajt n\u00eb gjykat\u00eb. Gazetarja \u00ebsht\u00eb shprehur se thirrja e tij p\u00ebr t\u00eb d\u00ebshmuar ka t\u00eb b\u00ebj\u00eb me pasurit\u00eb e skuestruara ku ai ka pretenduar se rrjedhin nga burime t\u00eb ligjshme. E ftuar n\u00eb nj\u00eb\u2026","rel":"","context":"In &quot;Blogu i Udh\u00ebtarit&quot;","block_context":{"text":"Blogu i Udh\u00ebtarit","link":"https:\/\/www.shqiperia.com\/blog\/category\/blogu-i-udhetarit\/"},"img":{"alt_text":"","src":"https:\/\/i0.wp.com\/www.shqiperia.com\/blog\/wp-content\/uploads\/2026\/05\/Klodiana-Lala.jpg?fit=640%2C413&ssl=1&resize=350%2C200","width":350,"height":200,"srcset":"https:\/\/i0.wp.com\/www.shqiperia.com\/blog\/wp-content\/uploads\/2026\/05\/Klodiana-Lala.jpg?fit=640%2C413&ssl=1&resize=350%2C200 1x, https:\/\/i0.wp.com\/www.shqiperia.com\/blog\/wp-content\/uploads\/2026\/05\/Klodiana-Lala.jpg?fit=640%2C413&ssl=1&resize=525%2C300 1.5x"},"classes":[]},{"id":100894,"url":"https:\/\/www.shqiperia.com\/blog\/izraelitet-po-marrin-token-lala-flet-mbi-pretendimin-qe-qarkullon-letrat-e-pronave-jane-falsifikuar-vite-me-pare-nje-rus-dhe-nje-bullgar\/","url_meta":{"origin":101095,"position":1},"title":"\u201cIzraelit\u00ebt po marrin tok\u00ebn\u201d\/ Lala flet mbi pretendimin q\u00eb qarkullon: &#8211; Letrat e pronave jan\u00eb falsifikuar vite m\u00eb par\u00eb! Nj\u00eb rus dhe nj\u00eb bullgar\u2026","author":"Kurt Farka","date":"June 1, 2026","format":false,"excerpt":"1 Qershor 2026 Pas ngjarjeve t\u00eb r\u00ebnda dhe dhun\u00ebs ndaj qytetar\u00ebve n\u00eb Zv\u00ebrnec, gazetarja e njohur e kronik\u00ebs, Klodiana Lala, ka l\u00ebshuar akuza t\u00eb forta n\u00eb emisionin \u201cStudio24\u201d, duke zbuluar se e gjith\u00eb historia e pronave n\u00eb k\u00ebt\u00eb zon\u00eb \u00ebsht\u00eb e p\u00ebrfshir\u00eb n\u00eb falsifikime dhe tashm\u00eb ndodhet n\u00ebn hetim nga\u2026","rel":"","context":"In &quot;Blogu i Udh\u00ebtarit&quot;","block_context":{"text":"Blogu i Udh\u00ebtarit","link":"https:\/\/www.shqiperia.com\/blog\/category\/blogu-i-udhetarit\/"},"img":{"alt_text":"","src":"https:\/\/i0.wp.com\/www.shqiperia.com\/blog\/wp-content\/uploads\/2026\/06\/Etleva-Lala.jpg?fit=1200%2C648&ssl=1&resize=350%2C200","width":350,"height":200,"srcset":"https:\/\/i0.wp.com\/www.shqiperia.com\/blog\/wp-content\/uploads\/2026\/06\/Etleva-Lala.jpg?fit=1200%2C648&ssl=1&resize=350%2C200 1x, https:\/\/i0.wp.com\/www.shqiperia.com\/blog\/wp-content\/uploads\/2026\/06\/Etleva-Lala.jpg?fit=1200%2C648&ssl=1&resize=525%2C300 1.5x, https:\/\/i0.wp.com\/www.shqiperia.com\/blog\/wp-content\/uploads\/2026\/06\/Etleva-Lala.jpg?fit=1200%2C648&ssl=1&resize=700%2C400 2x, https:\/\/i0.wp.com\/www.shqiperia.com\/blog\/wp-content\/uploads\/2026\/06\/Etleva-Lala.jpg?fit=1200%2C648&ssl=1&resize=1050%2C600 3x"},"classes":[]},{"id":100888,"url":"https:\/\/www.shqiperia.com\/blog\/zverneci-do-te-perveloje-njerez-ne-nivel-te-larte-klodiana-lala-e-zbulon-ja-cfare-ka-ne-duar-spak\/","url_meta":{"origin":101095,"position":2},"title":"\u201c\u2018Zv\u00ebrneci\u2019 do t\u00eb p\u00ebrv\u00ebloj\u00eb njer\u00ebz n\u00eb nivel t\u00eb lart\u00eb\u201d, Klodiana Lala e zbulon: Ja \u00e7far\u00eb ka n\u00eb duar SPAK!","author":"Kurt Farka","date":"June 1, 2026","format":false,"excerpt":"1 Qershor 2026 Gazetarja e News24 Klodiana Lala ka zbuluar se hetimi n\u00eb i Prokuroris\u00eb s\u00eb Posa\u00e7me n\u00eb lidhje me Zv\u00ebrnecin ka nisur prej 1 viti e gjysm\u00eb, nd\u00ebrkoh\u00eb ka paralajm\u00ebruar se t\u00eb dh\u00ebnat q\u00eb SPAK ka n\u00eb duar, mund t\u00eb \u201cdjegin\u201d nivele t\u00eb larta n\u00eb politik\u00eb. \u201cJemi ende her\u00ebt\u2026","rel":"","context":"In &quot;Blogu i Udh\u00ebtarit&quot;","block_context":{"text":"Blogu i Udh\u00ebtarit","link":"https:\/\/www.shqiperia.com\/blog\/category\/blogu-i-udhetarit\/"},"img":{"alt_text":"","src":"https:\/\/i0.wp.com\/www.shqiperia.com\/blog\/wp-content\/uploads\/2026\/06\/Screenshot-2026-05-30-180744-460x300-1.png?fit=460%2C300&ssl=1&resize=350%2C200","width":350,"height":200},"classes":[]},{"id":101457,"url":"https:\/\/www.shqiperia.com\/blog\/hetim-doreheqja-nuk-mjafton-qarri-rama-nuk-duhet-te-numeroje-me-as-paret-as-pronat-dhe-as-votat-e-shqiptareve\/","url_meta":{"origin":101095,"position":3},"title":"\u2018Hetim &#8211; Dor\u00ebheqja nuk mjafton\u2019, Qarri: Rama nuk duhet t\u00eb num\u00ebroj\u00eb m\u00eb as paret, as pronat dhe as votat e shqiptar\u00ebve","author":"Kurt Farka","date":"June 13, 2026","format":false,"excerpt":"Gazetari Flavio Qarri ka ngritur pesh\u00eb turm\u00ebn e protestuesve me akuza t\u00eb r\u00ebnda ndaj qeveris\u00eb. Duke theksuar se flet si nj\u00eb familjar me 35 t\u00eb af\u00ebrm n\u00eb emigrim, ai preku plag\u00ebn m\u00eb t\u00eb thell\u00eb t\u00eb shoq\u00ebris\u00eb shqiptare: shpopullimin e vendit. P\u00ebrmes nj\u00eb historie rr\u00ebqeth\u00ebse personale, ku tregonte se si nj\u00eb\u2026","rel":"","context":"In &quot;Blogu i Udh\u00ebtarit&quot;","block_context":{"text":"Blogu i Udh\u00ebtarit","link":"https:\/\/www.shqiperia.com\/blog\/category\/blogu-i-udhetarit\/"},"img":{"alt_text":"","src":"https:\/\/i0.wp.com\/www.shqiperia.com\/blog\/wp-content\/uploads\/2026\/06\/auto_Screenshot_2026-06-13_1933551781372853.png?fit=900%2C473&ssl=1&resize=350%2C200","width":350,"height":200,"srcset":"https:\/\/i0.wp.com\/www.shqiperia.com\/blog\/wp-content\/uploads\/2026\/06\/auto_Screenshot_2026-06-13_1933551781372853.png?fit=900%2C473&ssl=1&resize=350%2C200 1x, https:\/\/i0.wp.com\/www.shqiperia.com\/blog\/wp-content\/uploads\/2026\/06\/auto_Screenshot_2026-06-13_1933551781372853.png?fit=900%2C473&ssl=1&resize=525%2C300 1.5x, https:\/\/i0.wp.com\/www.shqiperia.com\/blog\/wp-content\/uploads\/2026\/06\/auto_Screenshot_2026-06-13_1933551781372853.png?fit=900%2C473&ssl=1&resize=700%2C400 2x"},"classes":[]},{"id":72249,"url":"https:\/\/www.shqiperia.com\/blog\/te-nise-hetim-policia-ka-perdorur-dhune-kontrollet-ne-kampin-mek-avokati-gjokutaj-per-panorama-tv-ngjarje-e-rende-ata-jane-popullsi-me-mbrojtje-te-posacme-nga-shba\/","url_meta":{"origin":101095,"position":4},"title":"\u201cT\u00eb nis\u00eb hetim, policia ka p\u00ebrdorur dhun\u00eb\u201d. &#8211; Kontrollet n\u00eb kampin MEK, avokati Gjokutaj p\u00ebr Panorama TV: &#8211; Ngjarje e r\u00ebnd\u00eb! Ata jan\u00eb popullsi me mbrojtje t\u00eb posa\u00e7me nga SHBA","author":"Kurt Farka","date":"June 20, 2023","format":false,"excerpt":"20 qershor 2023 Avokati i muxhahedin\u00ebve, Genc Gjokutaj ka reaguar n\u00eb lidhje me tensionet e ndodhura k\u00ebt\u00eb t\u00eb mart\u00eb n\u00eb kampin e MEK n\u00eb Man\u00ebz, Durr\u00ebs pas kontrolleve t\u00eb policis\u00eb. Gjokutaj tha se pas kontrolleve t\u00eb policis\u00eb ka dhe viktima, dhe p\u00ebr k\u00ebt\u00eb duhet t\u00eb ket\u00eb nj\u00eb hetim pasi muxhahedin\u00ebt\u2026","rel":"","context":"In &quot;Blogu i Udh\u00ebtarit&quot;","block_context":{"text":"Blogu i Udh\u00ebtarit","link":"https:\/\/www.shqiperia.com\/blog\/category\/blogu-i-udhetarit\/"},"img":{"alt_text":"","src":"https:\/\/i0.wp.com\/www.shqiperia.com\/blog\/wp-content\/uploads\/2023\/06\/800-0-5b17539ee08eb4ac979db3098ab564c4.jpg?fit=800%2C418&ssl=1&resize=350%2C200","width":350,"height":200,"srcset":"https:\/\/i0.wp.com\/www.shqiperia.com\/blog\/wp-content\/uploads\/2023\/06\/800-0-5b17539ee08eb4ac979db3098ab564c4.jpg?fit=800%2C418&ssl=1&resize=350%2C200 1x, https:\/\/i0.wp.com\/www.shqiperia.com\/blog\/wp-content\/uploads\/2023\/06\/800-0-5b17539ee08eb4ac979db3098ab564c4.jpg?fit=800%2C418&ssl=1&resize=525%2C300 1.5x, https:\/\/i0.wp.com\/www.shqiperia.com\/blog\/wp-content\/uploads\/2023\/06\/800-0-5b17539ee08eb4ac979db3098ab564c4.jpg?fit=800%2C418&ssl=1&resize=700%2C400 2x"},"classes":[]},{"id":103745,"url":"https:\/\/www.shqiperia.com\/blog\/histori-suksesi-sipas-edi-rames-aksh-i-eshte-nje-histori-suksesi-dhe-nje-model-qe-duhet-ndjekur-nga-europa\/","url_meta":{"origin":101095,"position":5},"title":"\u2018Histori suksesi\u2019. &#8211; Sipas Edi Ram\u00ebs, AKSH-i \u00ebsht\u00eb nj\u00eb histori suksesi dhe nj\u00eb model q\u00eb duhet ndjekur nga Europa.","author":"Kurt Farka","date":"August 4, 2026","format":false,"excerpt":"4 Gusht 2026 Nga Grigels Mu\u00e7ollari Diferenca mes propagand\u00ebs dhe realitetit \u00ebsht\u00eb b\u00ebr\u00eb nj\u00eb tipar i qeverisjes 13-vje\u00e7are t\u00eb Edi Ram\u00ebs. Premtimet dhe deklaratat e tij jan\u00eb rr\u00ebzuar vazhdimisht nga faktet. Rasti i fundit lidhet me t\u00eb shum\u00ebk\u00ebrkuarin Ermal Beqiri, nj\u00eb em\u00ebr q\u00eb sipas hetimeve t\u00eb SPAK-ut del n\u00eb qend\u00ebr\u2026","rel":"","context":"In &quot;Blogu i Udh\u00ebtarit&quot;","block_context":{"text":"Blogu i Udh\u00ebtarit","link":"https:\/\/www.shqiperia.com\/blog\/category\/blogu-i-udhetarit\/"},"img":{"alt_text":"","src":"https:\/\/i0.wp.com\/www.shqiperia.com\/blog\/wp-content\/uploads\/2026\/08\/auto_grrr1785780086.jpg?fit=900%2C635&ssl=1&resize=350%2C200","width":350,"height":200,"srcset":"https:\/\/i0.wp.com\/www.shqiperia.com\/blog\/wp-content\/uploads\/2026\/08\/auto_grrr1785780086.jpg?fit=900%2C635&ssl=1&resize=350%2C200 1x, https:\/\/i0.wp.com\/www.shqiperia.com\/blog\/wp-content\/uploads\/2026\/08\/auto_grrr1785780086.jpg?fit=900%2C635&ssl=1&resize=525%2C300 1.5x, https:\/\/i0.wp.com\/www.shqiperia.com\/blog\/wp-content\/uploads\/2026\/08\/auto_grrr1785780086.jpg?fit=900%2C635&ssl=1&resize=700%2C400 2x"},"classes":[]}],"_links":{"self":[{"href":"https:\/\/www.shqiperia.com\/blog\/wp-json\/wp\/v2\/posts\/101095","targetHints":{"allow":["GET"]}}],"collection":[{"href":"https:\/\/www.shqiperia.com\/blog\/wp-json\/wp\/v2\/posts"}],"about":[{"href":"https:\/\/www.shqiperia.com\/blog\/wp-json\/wp\/v2\/types\/post"}],"author":[{"embeddable":true,"href":"https:\/\/www.shqiperia.com\/blog\/wp-json\/wp\/v2\/users\/9"}],"replies":[{"embeddable":true,"href":"https:\/\/www.shqiperia.com\/blog\/wp-json\/wp\/v2\/comments?post=101095"}],"version-history":[{"count":4,"href":"https:\/\/www.shqiperia.com\/blog\/wp-json\/wp\/v2\/posts\/101095\/revisions"}],"predecessor-version":[{"id":101104,"href":"https:\/\/www.shqiperia.com\/blog\/wp-json\/wp\/v2\/posts\/101095\/revisions\/101104"}],"wp:featuredmedia":[{"embeddable":true,"href":"https:\/\/www.shqiperia.com\/blog\/wp-json\/wp\/v2\/media\/101096"}],"wp:attachment":[{"href":"https:\/\/www.shqiperia.com\/blog\/wp-json\/wp\/v2\/media?parent=101095"}],"wp:term":[{"taxonomy":"category","embeddable":true,"href":"https:\/\/www.shqiperia.com\/blog\/wp-json\/wp\/v2\/categories?post=101095"},{"taxonomy":"post_tag","embeddable":true,"href":"https:\/\/www.shqiperia.com\/blog\/wp-json\/wp\/v2\/tags?post=101095"}],"curies":[{"name":"wp","href":"https:\/\/api.w.org\/{rel}","templated":true}]}}