{"id":101092,"date":"2026-06-04T18:33:32","date_gmt":"2026-06-04T18:33:32","guid":{"rendered":"https:\/\/www.shqiperia.com\/blog\/?p=101092"},"modified":"2026-06-04T18:33:32","modified_gmt":"2026-06-04T18:33:32","slug":"nuk-ka-dialog-vetem-doreheqje-protestuesit-nga-sheshi-skenderbej-revolucion","status":"publish","type":"post","link":"https:\/\/www.shqiperia.com\/blog\/nuk-ka-dialog-vetem-doreheqje-protestuesit-nga-sheshi-skenderbej-revolucion\/","title":{"rendered":"\u201cNuk ka dialog, vet\u00ebm dor\u00ebheqje!\u201d, protestuesit nga sheshi Sk\u00ebnderbej: &#8211; Revolucion!"},"content":{"rendered":"<p><img data-recalc-dims=\"1\" loading=\"lazy\" decoding=\"async\" data-attachment-id=\"101093\" data-permalink=\"https:\/\/www.shqiperia.com\/blog\/nuk-ka-dialog-vetem-doreheqje-protestuesit-nga-sheshi-skenderbej-revolucion\/6a1dbba1ca79e-6a1dbbe3ec349\/\" data-orig-file=\"https:\/\/i0.wp.com\/www.shqiperia.com\/blog\/wp-content\/uploads\/2026\/06\/6a1dbba1ca79e-6a1dbbe3ec349.jpg?fit=1197%2C613&amp;ssl=1\" data-orig-size=\"1197,613\" data-comments-opened=\"1\" data-image-meta=\"{&quot;aperture&quot;:&quot;0&quot;,&quot;credit&quot;:&quot;&quot;,&quot;camera&quot;:&quot;&quot;,&quot;caption&quot;:&quot;&quot;,&quot;created_timestamp&quot;:&quot;0&quot;,&quot;copyright&quot;:&quot;&quot;,&quot;focal_length&quot;:&quot;0&quot;,&quot;iso&quot;:&quot;0&quot;,&quot;shutter_speed&quot;:&quot;0&quot;,&quot;title&quot;:&quot;&quot;,&quot;orientation&quot;:&quot;1&quot;}\" data-image-title=\"6a1dbba1ca79e-6a1dbbe3ec349\" data-image-description=\"\" data-image-caption=\"\" data-medium-file=\"https:\/\/i0.wp.com\/www.shqiperia.com\/blog\/wp-content\/uploads\/2026\/06\/6a1dbba1ca79e-6a1dbbe3ec349.jpg?fit=300%2C154&amp;ssl=1\" data-large-file=\"https:\/\/i0.wp.com\/www.shqiperia.com\/blog\/wp-content\/uploads\/2026\/06\/6a1dbba1ca79e-6a1dbbe3ec349.jpg?fit=1024%2C524&amp;ssl=1\" class=\"alignnone  wp-image-101093\" alt=\"\" src=\"https:\/\/i0.wp.com\/www.shqiperia.com\/blog\/wp-content\/uploads\/2026\/06\/6a1dbba1ca79e-6a1dbbe3ec349.jpg?resize=727%2C373&#038;ssl=1\" width=\"727\" height=\"373\" srcset=\"https:\/\/i0.wp.com\/www.shqiperia.com\/blog\/wp-content\/uploads\/2026\/06\/6a1dbba1ca79e-6a1dbbe3ec349.jpg?resize=300%2C154&amp;ssl=1 300w, https:\/\/i0.wp.com\/www.shqiperia.com\/blog\/wp-content\/uploads\/2026\/06\/6a1dbba1ca79e-6a1dbbe3ec349.jpg?resize=1024%2C524&amp;ssl=1 1024w, https:\/\/i0.wp.com\/www.shqiperia.com\/blog\/wp-content\/uploads\/2026\/06\/6a1dbba1ca79e-6a1dbbe3ec349.jpg?resize=768%2C393&amp;ssl=1 768w, https:\/\/i0.wp.com\/www.shqiperia.com\/blog\/wp-content\/uploads\/2026\/06\/6a1dbba1ca79e-6a1dbbe3ec349.jpg?resize=450%2C230&amp;ssl=1 450w, https:\/\/i0.wp.com\/www.shqiperia.com\/blog\/wp-content\/uploads\/2026\/06\/6a1dbba1ca79e-6a1dbbe3ec349.jpg?resize=600%2C307&amp;ssl=1 600w, https:\/\/i0.wp.com\/www.shqiperia.com\/blog\/wp-content\/uploads\/2026\/06\/6a1dbba1ca79e-6a1dbbe3ec349.jpg?resize=400%2C205&amp;ssl=1 400w, https:\/\/i0.wp.com\/www.shqiperia.com\/blog\/wp-content\/uploads\/2026\/06\/6a1dbba1ca79e-6a1dbbe3ec349.jpg?w=1197&amp;ssl=1 1197w\" sizes=\"auto, (max-width: 727px) 100vw, 727px\" \/><\/p>\n<p>4 Qershor 2026<\/p>\n<p>Ka nisur k\u00ebt\u00eb t\u00eb enjte protesta e pest\u00eb radhazi e qytetar\u00ebve kund\u00ebr projektit p\u00ebr nd\u00ebrtimin e nj\u00eb resorti turistik n\u00eb zon\u00ebn e mbrojtur t\u00eb Zv\u00ebrnecit.<\/p>\n<p>Qytetar\u00eb, aktivist\u00eb t\u00eb mjedisit dhe p\u00ebrfaq\u00ebsues t\u00eb shoq\u00ebris\u00eb civile jan\u00eb mbledhur s\u00ebrish n\u00eb sheshin \u201cSk\u00ebnderbej\u201d, nga ku pritet t\u00eb marshojn\u00eb drejt Kryeministris\u00eb p\u00ebr t\u00eb kund\u00ebrshtuar projektin q\u00eb, sipas tyre, rrezikon nj\u00eb nga zonat m\u00eb t\u00eb r\u00ebnd\u00ebsishme natyrore dhe ekologjike t\u00eb vendit.<\/p>\n<p>\u201cNuk ka dialog, vet\u00ebm dor\u00ebheqje!\u201d, \u201cZv\u00ebrneci nuk preket!\u201d dhe \u201cRevolucion!\u201d ishin disa nga thirrjet dhe brohorimat q\u00eb u d\u00ebgjuan nga protestuesit gjat\u00eb grumbullimit n\u00eb qend\u00ebr t\u00eb Tiran\u00ebs.<\/p>\n<p>Organizator\u00ebt e protest\u00ebs kan\u00eb zgjedhur si slogan: Revolucion<\/p>\n","protected":false},"excerpt":{"rendered":"<p>4 Qershor 2026 Ka nisur k\u00ebt\u00eb t\u00eb enjte protesta e pest\u00eb radhazi e qytetar\u00ebve kund\u00ebr projektit p\u00ebr nd\u00ebrtimin e nj\u00eb resorti turistik n\u00eb zon\u00ebn e mbrojtur t\u00eb Zv\u00ebrnecit. Qytetar\u00eb, aktivist\u00eb t\u00eb mjedisit dhe p\u00ebrfaq\u00ebsues t\u00eb shoq\u00ebris\u00eb civile jan\u00eb mbledhur s\u00ebrish n\u00eb sheshin \u201cSk\u00ebnderbej\u201d, nga ku pritet t\u00eb marshojn\u00eb drejt Kryeministris\u00eb p\u00ebr t\u00eb kund\u00ebrshtuar projektin q\u00eb, [&hellip;]<\/p>\n","protected":false},"author":9,"featured_media":101093,"comment_status":"open","ping_status":"open","sticky":false,"template":"","format":"standard","meta":{"jetpack_post_was_ever_published":false,"_jetpack_newsletter_access":"","_jetpack_dont_email_post_to_subs":false,"_jetpack_newsletter_tier_id":0,"_jetpack_memberships_contains_paywalled_content":false,"_jetpack_memberships_contains_paid_content":false,"footnotes":"","jetpack_publicize_message":"","jetpack_publicize_feature_enabled":true,"jetpack_social_post_already_shared":true,"jetpack_social_options":{"image_generator_settings":{"template":"highway","default_image_id":0,"font":"","enabled":false},"version":2}},"categories":[27,1,2,35],"tags":[],"class_list":["post-101092","post","type-post","status-publish","format-standard","has-post-thumbnail","hentry","category-blogu-i-udhetarit","category-njoftime-shtypi","category-politika","category-shoqerore"],"jetpack_publicize_connections":[],"jetpack_featured_media_url":"https:\/\/i0.wp.com\/www.shqiperia.com\/blog\/wp-content\/uploads\/2026\/06\/6a1dbba1ca79e-6a1dbbe3ec349.jpg?fit=1197%2C613&ssl=1","jetpack_sharing_enabled":true,"jetpack_shortlink":"https:\/\/wp.me\/p5Z6wp-qiw","jetpack-related-posts":[{"id":101285,"url":"https:\/\/www.shqiperia.com\/blog\/me-10-qershor-te-gjithe-ne-tirane-mijera-protestues-ngrene-tiranen-ne-kembe-permbyllin-tubimin-ne-sheshin-skenderbej-rama-ik\/","url_meta":{"origin":101092,"position":0},"title":"Me 10 Qershor te gjithe ne Tirane. &#8211; Mij\u00ebra protestues ngren\u00eb Tiran\u00ebn n\u00eb k\u00ebmb\u00eb, p\u00ebrmbyllin tubimin n\u00eb Sheshin Sk\u00ebnderbej: \u2018Rama ik!\u2019","author":"Kurt Farka","date":"June 9, 2026","format":false,"excerpt":"9 Qershor 2026 Me thirrje t\u00eb forta kund\u00ebr qeveris\u00eb dhe premtimin p\u00ebr t\u2019u rikthyer s\u00ebrish n\u00eb shesh, mij\u00ebra qytetar\u00eb kan\u00eb p\u00ebrmbyllur mbr\u00ebmjen e sotme protest\u00ebn e n\u00ebnt\u00eb radhazi n\u00eb Tiran\u00eb, e cila zgjati rreth pes\u00eb or\u00eb. Pas marshimit n\u00eb rrug\u00ebt kryesore t\u00eb kryeqytetit dhe ndalesave para institucioneve shtet\u00ebrore, protestuesit jan\u00eb\u2026","rel":"","context":"In &quot;Blogu i Udh\u00ebtarit&quot;","block_context":{"text":"Blogu i Udh\u00ebtarit","link":"https:\/\/www.shqiperia.com\/blog\/category\/blogu-i-udhetarit\/"},"img":{"alt_text":"","src":"https:\/\/i0.wp.com\/www.shqiperia.com\/blog\/wp-content\/uploads\/2026\/06\/Pamjet-me-dron-1.jpg?fit=1200%2C732&ssl=1&resize=350%2C200","width":350,"height":200,"srcset":"https:\/\/i0.wp.com\/www.shqiperia.com\/blog\/wp-content\/uploads\/2026\/06\/Pamjet-me-dron-1.jpg?fit=1200%2C732&ssl=1&resize=350%2C200 1x, https:\/\/i0.wp.com\/www.shqiperia.com\/blog\/wp-content\/uploads\/2026\/06\/Pamjet-me-dron-1.jpg?fit=1200%2C732&ssl=1&resize=525%2C300 1.5x, https:\/\/i0.wp.com\/www.shqiperia.com\/blog\/wp-content\/uploads\/2026\/06\/Pamjet-me-dron-1.jpg?fit=1200%2C732&ssl=1&resize=700%2C400 2x, https:\/\/i0.wp.com\/www.shqiperia.com\/blog\/wp-content\/uploads\/2026\/06\/Pamjet-me-dron-1.jpg?fit=1200%2C732&ssl=1&resize=1050%2C600 3x"},"classes":[]},{"id":104868,"url":"https:\/\/www.shqiperia.com\/blog\/protesta-nuk-ndalet-sot-dita-e-83-te-qytetaret-serish-ne-shesh-kunder-qeverise-rama-jep-doreheqjen\/","url_meta":{"origin":101092,"position":1},"title":"Protesta nuk ndalet\/ Sot dita e 83-t\u00eb, qytetar\u00ebt s\u00ebrish n\u00eb shesh kund\u00ebr qeveris\u00eb: Rama jep dor\u00ebheqjen!","author":"Kurt Farka","date":"August 21, 2026","format":false,"excerpt":"21 Gusht 2026 Qytetar\u00ebt do t\u00eb mblidhen s\u00ebrish sot n\u00eb Tiran\u00eb, duke vijuar p\u00ebr t\u00eb 83-\u00ebn dit\u00eb radhazi protest\u00ebn kund\u00ebr qeveris\u00eb dhe kast\u00ebs politike. Ashtu si n\u00eb dit\u00ebt e fundit, protestuesit pritet t\u00eb grumbullohen fillimisht n\u00eb sheshin \u201cSk\u00ebnderbej\u201d dhe m\u00eb pas t\u00eb marshojn\u00eb drejt Kryeministris\u00eb, ku do t\u00eb vijojn\u00eb tubimin\u2026","rel":"","context":"In &quot;Blogu i Udh\u00ebtarit&quot;","block_context":{"text":"Blogu i Udh\u00ebtarit","link":"https:\/\/www.shqiperia.com\/blog\/category\/blogu-i-udhetarit\/"},"img":{"alt_text":"","src":"https:\/\/i0.wp.com\/www.shqiperia.com\/blog\/wp-content\/uploads\/2026\/08\/770985824_3285727254921661_236673638084350325_n-1.jpg?fit=1200%2C800&ssl=1&resize=350%2C200","width":350,"height":200,"srcset":"https:\/\/i0.wp.com\/www.shqiperia.com\/blog\/wp-content\/uploads\/2026\/08\/770985824_3285727254921661_236673638084350325_n-1.jpg?fit=1200%2C800&ssl=1&resize=350%2C200 1x, https:\/\/i0.wp.com\/www.shqiperia.com\/blog\/wp-content\/uploads\/2026\/08\/770985824_3285727254921661_236673638084350325_n-1.jpg?fit=1200%2C800&ssl=1&resize=525%2C300 1.5x, https:\/\/i0.wp.com\/www.shqiperia.com\/blog\/wp-content\/uploads\/2026\/08\/770985824_3285727254921661_236673638084350325_n-1.jpg?fit=1200%2C800&ssl=1&resize=700%2C400 2x, https:\/\/i0.wp.com\/www.shqiperia.com\/blog\/wp-content\/uploads\/2026\/08\/770985824_3285727254921661_236673638084350325_n-1.jpg?fit=1200%2C800&ssl=1&resize=1050%2C600 3x"},"classes":[]},{"id":102685,"url":"https:\/\/www.shqiperia.com\/blog\/ju-flet-edmond-spaho-protestuesit-duan-te-vijne-ne-pushtet-me-molotov-si-falangat-e-musolinit-dhe-hitlerit\/","url_meta":{"origin":101092,"position":2},"title":"Ju flet Edmond Spaho; &#8211; \u2018Protestuesit Duan t\u00eb vijn\u00eb n\u00eb pushtet me molotov si falangat e Musolinit dhe Hitlerit","author":"Kurt Farka","date":"July 14, 2026","format":false,"excerpt":"14 Korrik 2026 ...Rama nuk duhet te jape doreheqje,edhe se ky grup (protestuesit) q\u00eb ka dale ne revolucion eshte qartazi atavizem fashiste... Ish deputeti i PD-s\u00eb Edmond Spaho, ka rip\u00ebrs\u00ebritur sot deklarat\u00ebn e tij se kryeministri Edi Rama nuk duhet ta jap\u00eb dor\u00ebheqjen, pasi sipas tij, Shqip\u00ebria \u00ebsht\u00eb pran\u00eb rastit\u2026","rel":"","context":"In &quot;Blogu i Udh\u00ebtarit&quot;","block_context":{"text":"Blogu i Udh\u00ebtarit","link":"https:\/\/www.shqiperia.com\/blog\/category\/blogu-i-udhetarit\/"},"img":{"alt_text":"","src":"https:\/\/i0.wp.com\/www.shqiperia.com\/blog\/wp-content\/uploads\/2026\/07\/Edmond-Spaho.png?fit=824%2C480&ssl=1&resize=350%2C200","width":350,"height":200,"srcset":"https:\/\/i0.wp.com\/www.shqiperia.com\/blog\/wp-content\/uploads\/2026\/07\/Edmond-Spaho.png?fit=824%2C480&ssl=1&resize=350%2C200 1x, https:\/\/i0.wp.com\/www.shqiperia.com\/blog\/wp-content\/uploads\/2026\/07\/Edmond-Spaho.png?fit=824%2C480&ssl=1&resize=525%2C300 1.5x, https:\/\/i0.wp.com\/www.shqiperia.com\/blog\/wp-content\/uploads\/2026\/07\/Edmond-Spaho.png?fit=824%2C480&ssl=1&resize=700%2C400 2x"},"classes":[]},{"id":104228,"url":"https:\/\/www.shqiperia.com\/blog\/nuk-duam-revolucion-me-plumba-por-ideologjik-dhe-kulturor-pas-thirrjeve-ne-bulevard-protesta-e-73-te-mbyllet-me-marshim-ne-kryeqytet\/","url_meta":{"origin":101092,"position":3},"title":"\u201cNuk duam revolucion me plumba, por ideologjik dhe kulturor\u201d\/ Pas thirrjeve n\u00eb bulevard, protesta e 73-t\u00eb mbyllet me marshim n\u00eb kryeqytet","author":"Kurt Farka","date":"August 12, 2026","format":false,"excerpt":"12 Gusht 2026 P\u00ebr 73 dit\u00eb me radh\u00eb n\u00eb Bulevardin \u201cD\u00ebshmor\u00ebt e Kombit\u201d u p\u00ebrs\u00ebrit e nj\u00ebjta thirrje, \u201cDor\u00ebheqje e kryeministrit Edi Rama dhe gjith\u00eb klas\u00ebs politike\u201d. Protesta e bulevardit kujtoi edhe nj\u00ebher\u00eb k\u00ebrkesat p\u00ebr qeveri teknike dhe ndryshime kushtetuese, thirrje q\u00eb u p\u00ebrs\u00ebrit\u00ebn posht\u00eb dritares s\u00eb kryeministrit. Nj\u00eb nga\u2026","rel":"","context":"In &quot;Blogu i Udh\u00ebtarit&quot;","block_context":{"text":"Blogu i Udh\u00ebtarit","link":"https:\/\/www.shqiperia.com\/blog\/category\/blogu-i-udhetarit\/"},"img":{"alt_text":"","src":"https:\/\/i0.wp.com\/www.shqiperia.com\/blog\/wp-content\/uploads\/2026\/08\/755867773_3555208584637379_5768188243483922574_n-1.jpg?fit=1200%2C800&ssl=1&resize=350%2C200","width":350,"height":200,"srcset":"https:\/\/i0.wp.com\/www.shqiperia.com\/blog\/wp-content\/uploads\/2026\/08\/755867773_3555208584637379_5768188243483922574_n-1.jpg?fit=1200%2C800&ssl=1&resize=350%2C200 1x, https:\/\/i0.wp.com\/www.shqiperia.com\/blog\/wp-content\/uploads\/2026\/08\/755867773_3555208584637379_5768188243483922574_n-1.jpg?fit=1200%2C800&ssl=1&resize=525%2C300 1.5x, https:\/\/i0.wp.com\/www.shqiperia.com\/blog\/wp-content\/uploads\/2026\/08\/755867773_3555208584637379_5768188243483922574_n-1.jpg?fit=1200%2C800&ssl=1&resize=700%2C400 2x, https:\/\/i0.wp.com\/www.shqiperia.com\/blog\/wp-content\/uploads\/2026\/08\/755867773_3555208584637379_5768188243483922574_n-1.jpg?fit=1200%2C800&ssl=1&resize=1050%2C600 3x"},"classes":[]},{"id":101246,"url":"https:\/\/www.shqiperia.com\/blog\/rama-ofendon-protestuesit-nga-elbasani-injorante-dhe-delirante-doreheqje-por-per-cfare\/","url_meta":{"origin":101092,"position":4},"title":"Rama ofendon protestuesit nga Elbasani: Injorant\u00eb dhe delirant\u00eb. Dor\u00ebheqje? Por p\u00ebr \u00e7far\u00eb\u2026","author":"Kurt Farka","date":"June 7, 2026","format":false,"excerpt":"7 Qershor 2026 Kryeministri Edi Rama nuk \u00ebsht\u00eb kursyer nga protestuesve, duke i cil\u00ebsuar si delirant\u00eb. \u201cCa delirant\u00eb e sharlatan\u00eb q\u00eb medek shkojn\u00eb p\u00ebr t\u00eb mbrojtur mjedisin e flasin p\u00ebr t\u00eb huaj q\u00eb duhet t\u2019i p\u00ebrz\u00ebm\u00eb nga Shqip\u00ebria e flasin p\u00ebr pronat e shtetit q\u00eb nuk e di se \u00e7far\u00eb\u2026","rel":"","context":"In &quot;Kultura&quot;","block_context":{"text":"Kultura","link":"https:\/\/www.shqiperia.com\/blog\/category\/kultura\/"},"img":{"alt_text":"","src":"https:\/\/i0.wp.com\/www.shqiperia.com\/blog\/wp-content\/uploads\/2026\/06\/Edi-Rama.webp?fit=1200%2C675&ssl=1&resize=350%2C200","width":350,"height":200,"srcset":"https:\/\/i0.wp.com\/www.shqiperia.com\/blog\/wp-content\/uploads\/2026\/06\/Edi-Rama.webp?fit=1200%2C675&ssl=1&resize=350%2C200 1x, https:\/\/i0.wp.com\/www.shqiperia.com\/blog\/wp-content\/uploads\/2026\/06\/Edi-Rama.webp?fit=1200%2C675&ssl=1&resize=525%2C300 1.5x, https:\/\/i0.wp.com\/www.shqiperia.com\/blog\/wp-content\/uploads\/2026\/06\/Edi-Rama.webp?fit=1200%2C675&ssl=1&resize=700%2C400 2x, https:\/\/i0.wp.com\/www.shqiperia.com\/blog\/wp-content\/uploads\/2026\/06\/Edi-Rama.webp?fit=1200%2C675&ssl=1&resize=1050%2C600 3x"},"classes":[]},{"id":101270,"url":"https:\/\/www.shqiperia.com\/blog\/rama-ofendon-protestuesit-nga-elbasani-injorante-dhe-delirante-doreheqje-kush-do-ti-dale-per-zot-shqiperise\/","url_meta":{"origin":101092,"position":5},"title":"Rama ofendon protestuesit nga Elbasani: &#8211; Injorant\u00eb dhe delirant\u00eb. Dor\u00ebheqje? &#8211; Kush do t\u2019i dale p\u00ebr zot Shqip\u00ebris\u00eb","author":"Kurt Farka","date":"June 8, 2026","format":false,"excerpt":"8 Qershor 2026 (Ish)Kryeministri Edi Rama mbajti nj\u00eb takim n\u00eb Elbasan p\u00ebr 35-vjetorin e Partis\u00eb Socialiste. Kryeministri foli p\u00ebr protest\u00ebn kund\u00ebr nd\u00ebrtimeve n\u00eb Zv\u00ebrnec, duke i quajtur ata q\u00eb kund\u00ebrshtojn\u00eb projektin p\u00ebr resort \u201cinjorant\u00eb dhe delirant\u00eb\u201d. Rama shtoi me ironi duke iu p\u00ebrgjigjur k\u00ebrkes\u00ebs s\u00eb protestuesve p\u00ebr dor\u00ebheqjen e tij,\u2026","rel":"","context":"In &quot;Blogu i Udh\u00ebtarit&quot;","block_context":{"text":"Blogu i Udh\u00ebtarit","link":"https:\/\/www.shqiperia.com\/blog\/category\/blogu-i-udhetarit\/"},"img":{"alt_text":"","src":"https:\/\/i0.wp.com\/www.shqiperia.com\/blog\/wp-content\/uploads\/2026\/06\/edi-ramam.jpg?fit=1131%2C781&ssl=1&resize=350%2C200","width":350,"height":200,"srcset":"https:\/\/i0.wp.com\/www.shqiperia.com\/blog\/wp-content\/uploads\/2026\/06\/edi-ramam.jpg?fit=1131%2C781&ssl=1&resize=350%2C200 1x, https:\/\/i0.wp.com\/www.shqiperia.com\/blog\/wp-content\/uploads\/2026\/06\/edi-ramam.jpg?fit=1131%2C781&ssl=1&resize=525%2C300 1.5x, https:\/\/i0.wp.com\/www.shqiperia.com\/blog\/wp-content\/uploads\/2026\/06\/edi-ramam.jpg?fit=1131%2C781&ssl=1&resize=700%2C400 2x, https:\/\/i0.wp.com\/www.shqiperia.com\/blog\/wp-content\/uploads\/2026\/06\/edi-ramam.jpg?fit=1131%2C781&ssl=1&resize=1050%2C600 3x"},"classes":[]}],"_links":{"self":[{"href":"https:\/\/www.shqiperia.com\/blog\/wp-json\/wp\/v2\/posts\/101092","targetHints":{"allow":["GET"]}}],"collection":[{"href":"https:\/\/www.shqiperia.com\/blog\/wp-json\/wp\/v2\/posts"}],"about":[{"href":"https:\/\/www.shqiperia.com\/blog\/wp-json\/wp\/v2\/types\/post"}],"author":[{"embeddable":true,"href":"https:\/\/www.shqiperia.com\/blog\/wp-json\/wp\/v2\/users\/9"}],"replies":[{"embeddable":true,"href":"https:\/\/www.shqiperia.com\/blog\/wp-json\/wp\/v2\/comments?post=101092"}],"version-history":[{"count":1,"href":"https:\/\/www.shqiperia.com\/blog\/wp-json\/wp\/v2\/posts\/101092\/revisions"}],"predecessor-version":[{"id":101094,"href":"https:\/\/www.shqiperia.com\/blog\/wp-json\/wp\/v2\/posts\/101092\/revisions\/101094"}],"wp:featuredmedia":[{"embeddable":true,"href":"https:\/\/www.shqiperia.com\/blog\/wp-json\/wp\/v2\/media\/101093"}],"wp:attachment":[{"href":"https:\/\/www.shqiperia.com\/blog\/wp-json\/wp\/v2\/media?parent=101092"}],"wp:term":[{"taxonomy":"category","embeddable":true,"href":"https:\/\/www.shqiperia.com\/blog\/wp-json\/wp\/v2\/categories?post=101092"},{"taxonomy":"post_tag","embeddable":true,"href":"https:\/\/www.shqiperia.com\/blog\/wp-json\/wp\/v2\/tags?post=101092"}],"curies":[{"name":"wp","href":"https:\/\/api.w.org\/{rel}","templated":true}]}}