{"id":101082,"date":"2026-06-04T10:25:42","date_gmt":"2026-06-04T10:25:42","guid":{"rendered":"https:\/\/www.shqiperia.com\/blog\/?p=101082"},"modified":"2026-06-04T10:26:05","modified_gmt":"2026-06-04T10:26:05","slug":"shperthim-me-tritol-ne-lac-lenda-plasese-vendoset-prane-nje-biznesi","status":"publish","type":"post","link":"https:\/\/www.shqiperia.com\/blog\/shperthim-me-tritol-ne-lac-lenda-plasese-vendoset-prane-nje-biznesi\/","title":{"rendered":"Shp\u00ebrthim me tritol n\u00eb La\u00e7, l\u00ebnda plas\u00ebse vendoset pran\u00eb nj\u00eb biznesi"},"content":{"rendered":"<div class=\"firstP\">\n<p><img data-recalc-dims=\"1\" loading=\"lazy\" decoding=\"async\" data-attachment-id=\"101083\" data-permalink=\"https:\/\/www.shqiperia.com\/blog\/shperthim-me-tritol-ne-lac-lenda-plasese-vendoset-prane-nje-biznesi\/policia-maliq_sd\/\" data-orig-file=\"https:\/\/i0.wp.com\/www.shqiperia.com\/blog\/wp-content\/uploads\/2026\/06\/policia-maliq_sd.webp?fit=1280%2C720&amp;ssl=1\" data-orig-size=\"1280,720\" data-comments-opened=\"1\" data-image-meta=\"{&quot;aperture&quot;:&quot;0&quot;,&quot;credit&quot;:&quot;&quot;,&quot;camera&quot;:&quot;&quot;,&quot;caption&quot;:&quot;&quot;,&quot;created_timestamp&quot;:&quot;0&quot;,&quot;copyright&quot;:&quot;&quot;,&quot;focal_length&quot;:&quot;0&quot;,&quot;iso&quot;:&quot;0&quot;,&quot;shutter_speed&quot;:&quot;0&quot;,&quot;title&quot;:&quot;&quot;,&quot;orientation&quot;:&quot;0&quot;}\" data-image-title=\"policia-\" data-image-description=\"\" data-image-caption=\"\" data-medium-file=\"https:\/\/i0.wp.com\/www.shqiperia.com\/blog\/wp-content\/uploads\/2026\/06\/policia-maliq_sd.webp?fit=300%2C169&amp;ssl=1\" data-large-file=\"https:\/\/i0.wp.com\/www.shqiperia.com\/blog\/wp-content\/uploads\/2026\/06\/policia-maliq_sd.webp?fit=1024%2C576&amp;ssl=1\" class=\"alignnone wp-image-101083\" alt=\"\" src=\"https:\/\/i0.wp.com\/www.shqiperia.com\/blog\/wp-content\/uploads\/2026\/06\/policia-maliq_sd.webp?resize=1046%2C589&#038;ssl=1\" width=\"1046\" height=\"589\" srcset=\"https:\/\/i0.wp.com\/www.shqiperia.com\/blog\/wp-content\/uploads\/2026\/06\/policia-maliq_sd.webp?resize=300%2C169&amp;ssl=1 300w, https:\/\/i0.wp.com\/www.shqiperia.com\/blog\/wp-content\/uploads\/2026\/06\/policia-maliq_sd.webp?resize=1024%2C576&amp;ssl=1 1024w, https:\/\/i0.wp.com\/www.shqiperia.com\/blog\/wp-content\/uploads\/2026\/06\/policia-maliq_sd.webp?resize=768%2C432&amp;ssl=1 768w, https:\/\/i0.wp.com\/www.shqiperia.com\/blog\/wp-content\/uploads\/2026\/06\/policia-maliq_sd.webp?resize=450%2C253&amp;ssl=1 450w, https:\/\/i0.wp.com\/www.shqiperia.com\/blog\/wp-content\/uploads\/2026\/06\/policia-maliq_sd.webp?resize=600%2C338&amp;ssl=1 600w, https:\/\/i0.wp.com\/www.shqiperia.com\/blog\/wp-content\/uploads\/2026\/06\/policia-maliq_sd.webp?resize=400%2C225&amp;ssl=1 400w, https:\/\/i0.wp.com\/www.shqiperia.com\/blog\/wp-content\/uploads\/2026\/06\/policia-maliq_sd.webp?w=1280&amp;ssl=1 1280w\" sizes=\"auto, (max-width: 1000px) 100vw, 1000px\" \/><\/p>\n<p>4 Qershor 2026<\/p>\n<p>Rreth or\u00ebs 03:30, n\u00eb qytetin e La\u00e7it, n\u00eb port\u00ebn e jashtme t\u00eb nj\u00eb dyqani n\u00eb pron\u00ebsi t\u00eb shtetasit Gjon Lufi, ka shp\u00ebrthyer nj\u00eb sasi e dyshuar l\u00ebnde plas\u00ebse, duke shkaktuar vet\u00ebm d\u00ebme materiale.<\/p>\n<\/div>\n<p data-start=\"225\" data-end=\"373\">Menj\u00ebher\u00eb pas marrjes s\u00eb njoftimit, n\u00eb vendngjarje kan\u00eb shkuar sh\u00ebrbimet e Policis\u00eb dhe grupi hetimor, t\u00eb cil\u00ebt kan\u00eb kryer veprimet e para hetimore.<\/p>\n<p data-start=\"375\" data-end=\"555\">N\u00ebn drejtimin e Prokuroris\u00eb, vijojn\u00eb veprimet hetimore p\u00ebr sqarimin e plot\u00eb t\u00eb rrethanave t\u00eb ngjarjes, dokumentimin ligjor t\u00eb saj, si dhe p\u00ebr identifikimin dhe kapjen e autoriteve.<\/p>\n","protected":false},"excerpt":{"rendered":"<p>4 Qershor 2026 Rreth or\u00ebs 03:30, n\u00eb qytetin e La\u00e7it, n\u00eb port\u00ebn e jashtme t\u00eb nj\u00eb dyqani n\u00eb pron\u00ebsi t\u00eb shtetasit Gjon Lufi, ka shp\u00ebrthyer nj\u00eb sasi e dyshuar l\u00ebnde plas\u00ebse, duke shkaktuar vet\u00ebm d\u00ebme materiale. Menj\u00ebher\u00eb pas marrjes s\u00eb njoftimit, n\u00eb vendngjarje kan\u00eb shkuar sh\u00ebrbimet e Policis\u00eb dhe grupi hetimor, t\u00eb cil\u00ebt kan\u00eb kryer [&hellip;]<\/p>\n","protected":false},"author":9,"featured_media":101083,"comment_status":"open","ping_status":"open","sticky":false,"template":"","format":"standard","meta":{"jetpack_post_was_ever_published":false,"_jetpack_newsletter_access":"","_jetpack_dont_email_post_to_subs":false,"_jetpack_newsletter_tier_id":0,"_jetpack_memberships_contains_paywalled_content":false,"_jetpack_memberships_contains_paid_content":false,"footnotes":"","jetpack_publicize_message":"","jetpack_publicize_feature_enabled":true,"jetpack_social_post_already_shared":true,"jetpack_social_options":{"image_generator_settings":{"template":"highway","default_image_id":0,"font":"","enabled":false},"version":2}},"categories":[10],"tags":[],"class_list":["post-101082","post","type-post","status-publish","format-standard","has-post-thumbnail","hentry","category-kultura"],"jetpack_publicize_connections":[],"jetpack_featured_media_url":"https:\/\/i0.wp.com\/www.shqiperia.com\/blog\/wp-content\/uploads\/2026\/06\/policia-maliq_sd.webp?fit=1280%2C720&ssl=1","jetpack_sharing_enabled":true,"jetpack_shortlink":"https:\/\/wp.me\/p5Z6wp-qim","jetpack-related-posts":[{"id":105459,"url":"https:\/\/www.shqiperia.com\/blog\/belinda-ballukun-mbledh-sot-12-deputete-te-ps-ne-hekal-te-mallakastres-dhe-i-dergon-mesazhin-e-forte-rames\/","url_meta":{"origin":101082,"position":0},"title":"Belinda Ballukun mbledh sot 12 deputet\u00eb t\u00eb PS n\u00eb Hekal t\u00eb Mallakastr\u00ebs dhe i d\u00ebrgon mesazhin e fort\u00eb Ram\u00ebs","author":"Kurt Farka","date":"August 29, 2026","format":false,"excerpt":"29 Gusht 2026 Ngushtimi i lakut hetimor nga Prokuroria e Posa\u00e7me (SPAK) ndaj ish-z\u00ebvend\u00ebskryeministres Belinda Balluku ka ndezur alarmin e kuq brenda mazhoranc\u00ebs socialiste, duke krijuar nj\u00eb trazir\u00eb t\u00eb madhe politike. Teksa disa dit\u00eb m\u00eb par\u00eb drejtuesi i Prokuroris\u00eb s\u00eb Posa\u00e7me, Klodjan Braho, la t\u00eb hapur mund\u00ebsin\u00eb e nj\u00eb k\u00ebrkese\u2026","rel":"","context":"In &quot;Blogu i Udh\u00ebtarit&quot;","block_context":{"text":"Blogu i Udh\u00ebtarit","link":"https:\/\/www.shqiperia.com\/blog\/category\/blogu-i-udhetarit\/"},"img":{"alt_text":"","src":"https:\/\/i0.wp.com\/www.shqiperia.com\/blog\/wp-content\/uploads\/2026\/08\/800-0-capture-6a9296a44aef9.png?fit=800%2C363&ssl=1&resize=350%2C200","width":350,"height":200,"srcset":"https:\/\/i0.wp.com\/www.shqiperia.com\/blog\/wp-content\/uploads\/2026\/08\/800-0-capture-6a9296a44aef9.png?fit=800%2C363&ssl=1&resize=350%2C200 1x, https:\/\/i0.wp.com\/www.shqiperia.com\/blog\/wp-content\/uploads\/2026\/08\/800-0-capture-6a9296a44aef9.png?fit=800%2C363&ssl=1&resize=525%2C300 1.5x, https:\/\/i0.wp.com\/www.shqiperia.com\/blog\/wp-content\/uploads\/2026\/08\/800-0-capture-6a9296a44aef9.png?fit=800%2C363&ssl=1&resize=700%2C400 2x"},"classes":[]},{"id":104777,"url":"https:\/\/www.shqiperia.com\/blog\/kosove-varrezat-masive-ne-zubin-potok-prokuroria-speciale-jep-njoftimin-identifikohen-mbetjet-kockore-te-23-individeve\/","url_meta":{"origin":101082,"position":1},"title":"Kosov\u00eb\/ Varrezat masive n\u00eb Zubin Potok, Prokuroria Speciale jep njoftimin: Identifikohen mbetjet kockore t\u00eb 23 individ\u00ebve!","author":"Kurt Farka","date":"August 20, 2026","format":false,"excerpt":"20 Gusht 2026 Prokuroria Speciale e Kosov\u00ebs ka njoftuar se n\u00eb varrezat masive n\u00eb Zubin Potok jan\u00eb gjetur mbetjet kockore q\u00eb dyshohet se u p\u00ebrkasin 23 individ\u00ebve. Mbetjet jan\u00eb identifikuar nga Instituti i Mjek\u00ebsis\u00eb Ligjore. Identifikimi i plot\u00eb do t\u00eb b\u00ebhet pas p\u00ebrfundimit t\u00eb ekzaminimeve mjeko-ligjore dhe procedurave p\u00ebrkat\u00ebse. Tre\u2026","rel":"","context":"In &quot;Blogu i Udh\u00ebtarit&quot;","block_context":{"text":"Blogu i Udh\u00ebtarit","link":"https:\/\/www.shqiperia.com\/blog\/category\/blogu-i-udhetarit\/"},"img":{"alt_text":"","src":"https:\/\/i0.wp.com\/www.shqiperia.com\/blog\/wp-content\/uploads\/2026\/08\/1787151564-zubinpotok-6a85c641b4fe8.jpg?fit=780%2C440&ssl=1&resize=350%2C200","width":350,"height":200,"srcset":"https:\/\/i0.wp.com\/www.shqiperia.com\/blog\/wp-content\/uploads\/2026\/08\/1787151564-zubinpotok-6a85c641b4fe8.jpg?fit=780%2C440&ssl=1&resize=350%2C200 1x, https:\/\/i0.wp.com\/www.shqiperia.com\/blog\/wp-content\/uploads\/2026\/08\/1787151564-zubinpotok-6a85c641b4fe8.jpg?fit=780%2C440&ssl=1&resize=525%2C300 1.5x, https:\/\/i0.wp.com\/www.shqiperia.com\/blog\/wp-content\/uploads\/2026\/08\/1787151564-zubinpotok-6a85c641b4fe8.jpg?fit=780%2C440&ssl=1&resize=700%2C400 2x"},"classes":[]},{"id":100045,"url":"https:\/\/www.shqiperia.com\/blog\/perplasje-ne-protesten-e-opozites-kikia-veprimet-e-policise-ishin-te-pajustifikuara-dhe-disproporcionale\/","url_meta":{"origin":101082,"position":2},"title":"P\u00ebrplasje n\u00eb protest\u00ebn e opozit\u00ebs, Kikia: &#8211; Veprimet e policis\u00eb ishin t\u00eb pajustifikuara dhe disproporcionale!","author":"Kurt Farka","date":"May 9, 2026","format":false,"excerpt":"9 Maji 2026 Protesta e radh\u00ebs e organizuar nga Partia Demokratike u shoq\u00ebrua me tensione dhe p\u00ebrplasje mes protestuesve dhe forcave t\u00eb policis\u00eb. Sipas analistit Mentor Kikia, nd\u00ebrhyrja e policis\u00eb k\u00ebt\u00eb her\u00eb ishte duksh\u00ebm m\u00eb e shpejt\u00eb dhe m\u00eb agresive, duke sinjalizuar nj\u00eb ndryshim t\u00eb qart\u00eb t\u00eb strategjis\u00eb n\u00eb krahasim\u2026","rel":"","context":"In &quot;Blogu i Udh\u00ebtarit&quot;","block_context":{"text":"Blogu i Udh\u00ebtarit","link":"https:\/\/www.shqiperia.com\/blog\/category\/blogu-i-udhetarit\/"},"img":{"alt_text":"","src":"https:\/\/i0.wp.com\/www.shqiperia.com\/blog\/wp-content\/uploads\/2026\/05\/kkkj.jpg?fit=784%2C431&ssl=1&resize=350%2C200","width":350,"height":200,"srcset":"https:\/\/i0.wp.com\/www.shqiperia.com\/blog\/wp-content\/uploads\/2026\/05\/kkkj.jpg?fit=784%2C431&ssl=1&resize=350%2C200 1x, https:\/\/i0.wp.com\/www.shqiperia.com\/blog\/wp-content\/uploads\/2026\/05\/kkkj.jpg?fit=784%2C431&ssl=1&resize=525%2C300 1.5x, https:\/\/i0.wp.com\/www.shqiperia.com\/blog\/wp-content\/uploads\/2026\/05\/kkkj.jpg?fit=784%2C431&ssl=1&resize=700%2C400 2x"},"classes":[]},{"id":101529,"url":"https:\/\/www.shqiperia.com\/blog\/skandali-i-pronave-ne-spille-dhe-plazhin-e-gjeneralit-llangozi-600-hektare-toke-shteterore-perfunduan-ne-duart-e-bankave\/","url_meta":{"origin":101082,"position":3},"title":"Skandali i pronave n\u00eb Spille dhe Plazhin e Gjeneralit\/ Llangozi: &#8211; 600 hektar\u00eb tok\u00eb shtet\u00ebrore p\u00ebrfunduan n\u00eb duart e bankave","author":"Kurt Farka","date":"June 16, 2026","format":false,"excerpt":"I ftuar n\u00eb emisionin \"Drejt\" n\u00eb Ora News, avokati Arben Llangozi foli p\u00ebr nj\u00eb dosje q\u00eb lidhet me tjet\u00ebrsimin e pronave n\u00eb zon\u00ebn e Spilles\u00eb dhe Plazhit t\u00eb Gjeneralit, duke ngritur dyshime p\u00ebr nj\u00eb skem\u00eb t\u00eb organizuar ku jan\u00eb p\u00ebrfshir\u00eb institucione financiare, ortak\u00eb t\u00eb tyre dhe persona t\u00eb p\u00ebrdorur si\u2026","rel":"","context":"In &quot;Blogu i Udh\u00ebtarit&quot;","block_context":{"text":"Blogu i Udh\u00ebtarit","link":"https:\/\/www.shqiperia.com\/blog\/category\/blogu-i-udhetarit\/"},"img":{"alt_text":"","src":"https:\/\/i0.wp.com\/www.shqiperia.com\/blog\/wp-content\/uploads\/2026\/06\/600-388-hgbfdnbhgvfdjpg-1781551385.jpg?fit=600%2C388&ssl=1&resize=350%2C200","width":350,"height":200,"srcset":"https:\/\/i0.wp.com\/www.shqiperia.com\/blog\/wp-content\/uploads\/2026\/06\/600-388-hgbfdnbhgvfdjpg-1781551385.jpg?fit=600%2C388&ssl=1&resize=350%2C200 1x, https:\/\/i0.wp.com\/www.shqiperia.com\/blog\/wp-content\/uploads\/2026\/06\/600-388-hgbfdnbhgvfdjpg-1781551385.jpg?fit=600%2C388&ssl=1&resize=525%2C300 1.5x"},"classes":[]},{"id":101762,"url":"https:\/\/www.shqiperia.com\/blog\/detaje-te-reja-nga-dosja-aruba-spak-zbardh-rolin-e-besnik-myftarit-si-mbulese-per-fshehjen-e-pasurive-te\/","url_meta":{"origin":101082,"position":4},"title":"Detaje t\u00eb reja nga dosja \u201cAruba\u201d, SPAK zbardh rolin e Besnik Myftarit si \u201cmbules\u00eb\u201d p\u00ebr fshehjen e pasurive t\u00eb\u2026","author":"Kurt Farka","date":"June 24, 2026","format":false,"excerpt":"Hetimet e Prokuroris\u00eb s\u00eb Posa\u00e7me Kund\u00ebr Korrupsionit dhe Krimit t\u00eb Organizuar (SPAK) p\u00ebr dosjen e njohur si \u201cAruba\u201d kan\u00eb \u00e7uar n\u00eb ekzekutimin e disa masave t\u00eb siguris\u00eb, nd\u00ebrsa mes personave p\u00ebr t\u00eb cil\u00ebt \u00ebsht\u00eb caktuar masa e arrestit n\u00eb munges\u00eb figuron edhe Besnik Myftari, ish-z\u00ebvend\u00ebsdrejtor i \u201cTop Channel\u201d. Sipas materialeve\u2026","rel":"","context":"In &quot;Blogu i Udh\u00ebtarit&quot;","block_context":{"text":"Blogu i Udh\u00ebtarit","link":"https:\/\/www.shqiperia.com\/blog\/category\/blogu-i-udhetarit\/"},"img":{"alt_text":"","src":"https:\/\/i0.wp.com\/www.shqiperia.com\/blog\/wp-content\/uploads\/2026\/06\/besnik-myftari.jpg?fit=795%2C429&ssl=1&resize=350%2C200","width":350,"height":200,"srcset":"https:\/\/i0.wp.com\/www.shqiperia.com\/blog\/wp-content\/uploads\/2026\/06\/besnik-myftari.jpg?fit=795%2C429&ssl=1&resize=350%2C200 1x, https:\/\/i0.wp.com\/www.shqiperia.com\/blog\/wp-content\/uploads\/2026\/06\/besnik-myftari.jpg?fit=795%2C429&ssl=1&resize=525%2C300 1.5x, https:\/\/i0.wp.com\/www.shqiperia.com\/blog\/wp-content\/uploads\/2026\/06\/besnik-myftari.jpg?fit=795%2C429&ssl=1&resize=700%2C400 2x"},"classes":[]},{"id":102731,"url":"https:\/\/www.shqiperia.com\/blog\/asnje-person-nuk-eshte-imun-ndaj-spak-a-do-nise-hetim-ndaj-rames-per-albanian-files-klodian-braho-provat\/","url_meta":{"origin":101082,"position":5},"title":"\u201cAsnj\u00eb person nuk \u00ebsht\u00eb imun ndaj SPAK\u201d\/ A do nis\u00eb hetim ndaj Ram\u00ebs p\u00ebr \u201cAlbanian Files\u201d? Klodian Braho: Provat\u2026","author":"Kurt Farka","date":"July 15, 2026","format":false,"excerpt":"15 Korrik 2026 Deputeti Gjin Gjoni i ka drejtuar kreut t\u00eb SPAK, Klodian Brahos, i cili po raporton n\u00eb Komisionin Parlamentar \u201cNisma Qytetare\u201d, nj\u00eb pyetje lidhur me mund\u00ebsin\u00eb e nisjes s\u00eb hetimeve ndaj kryeministrit Edi Rama apo thirrjen e tij si person n\u00eb dijeni p\u00ebr \u00e7\u00ebshtjen \u201cAlbanian Files\u201d dhe \u00e7\u00ebshtje\u2026","rel":"","context":"In &quot;Blogu i Udh\u00ebtarit&quot;","block_context":{"text":"Blogu i Udh\u00ebtarit","link":"https:\/\/www.shqiperia.com\/blog\/category\/blogu-i-udhetarit\/"},"img":{"alt_text":"","src":"https:\/\/i0.wp.com\/www.shqiperia.com\/blog\/wp-content\/uploads\/2026\/07\/rama-albanian-files.jpg?fit=531%2C376&ssl=1&resize=350%2C200","width":350,"height":200,"srcset":"https:\/\/i0.wp.com\/www.shqiperia.com\/blog\/wp-content\/uploads\/2026\/07\/rama-albanian-files.jpg?fit=531%2C376&ssl=1&resize=350%2C200 1x, https:\/\/i0.wp.com\/www.shqiperia.com\/blog\/wp-content\/uploads\/2026\/07\/rama-albanian-files.jpg?fit=531%2C376&ssl=1&resize=525%2C300 1.5x"},"classes":[]}],"_links":{"self":[{"href":"https:\/\/www.shqiperia.com\/blog\/wp-json\/wp\/v2\/posts\/101082","targetHints":{"allow":["GET"]}}],"collection":[{"href":"https:\/\/www.shqiperia.com\/blog\/wp-json\/wp\/v2\/posts"}],"about":[{"href":"https:\/\/www.shqiperia.com\/blog\/wp-json\/wp\/v2\/types\/post"}],"author":[{"embeddable":true,"href":"https:\/\/www.shqiperia.com\/blog\/wp-json\/wp\/v2\/users\/9"}],"replies":[{"embeddable":true,"href":"https:\/\/www.shqiperia.com\/blog\/wp-json\/wp\/v2\/comments?post=101082"}],"version-history":[{"count":2,"href":"https:\/\/www.shqiperia.com\/blog\/wp-json\/wp\/v2\/posts\/101082\/revisions"}],"predecessor-version":[{"id":101085,"href":"https:\/\/www.shqiperia.com\/blog\/wp-json\/wp\/v2\/posts\/101082\/revisions\/101085"}],"wp:featuredmedia":[{"embeddable":true,"href":"https:\/\/www.shqiperia.com\/blog\/wp-json\/wp\/v2\/media\/101083"}],"wp:attachment":[{"href":"https:\/\/www.shqiperia.com\/blog\/wp-json\/wp\/v2\/media?parent=101082"}],"wp:term":[{"taxonomy":"category","embeddable":true,"href":"https:\/\/www.shqiperia.com\/blog\/wp-json\/wp\/v2\/categories?post=101082"},{"taxonomy":"post_tag","embeddable":true,"href":"https:\/\/www.shqiperia.com\/blog\/wp-json\/wp\/v2\/tags?post=101082"}],"curies":[{"name":"wp","href":"https:\/\/api.w.org\/{rel}","templated":true}]}}