{"id":101077,"date":"2026-06-04T10:17:01","date_gmt":"2026-06-04T10:17:01","guid":{"rendered":"https:\/\/www.shqiperia.com\/blog\/?p=101077"},"modified":"2026-06-04T10:17:01","modified_gmt":"2026-06-04T10:17:01","slug":"tymnaja-e-patrioteve","status":"publish","type":"post","link":"https:\/\/www.shqiperia.com\/blog\/tymnaja-e-patrioteve\/","title":{"rendered":"Tymnaja e \u201cpatriot\u00ebve\u201d"},"content":{"rendered":"<p><img data-recalc-dims=\"1\" loading=\"lazy\" decoding=\"async\" data-attachment-id=\"101079\" data-permalink=\"https:\/\/www.shqiperia.com\/blog\/tymnaja-e-patrioteve\/screenshot_20260604_095918_gallery\/\" data-orig-file=\"https:\/\/i0.wp.com\/www.shqiperia.com\/blog\/wp-content\/uploads\/2026\/06\/Screenshot_20260604_095918_Gallery.jpg?fit=677%2C403&amp;ssl=1\" data-orig-size=\"677,403\" data-comments-opened=\"1\" data-image-meta=\"{&quot;aperture&quot;:&quot;0&quot;,&quot;credit&quot;:&quot;&quot;,&quot;camera&quot;:&quot;&quot;,&quot;caption&quot;:&quot;&quot;,&quot;created_timestamp&quot;:&quot;0&quot;,&quot;copyright&quot;:&quot;&quot;,&quot;focal_length&quot;:&quot;0&quot;,&quot;iso&quot;:&quot;0&quot;,&quot;shutter_speed&quot;:&quot;0&quot;,&quot;title&quot;:&quot;&quot;,&quot;orientation&quot;:&quot;0&quot;}\" data-image-title=\"Screenshot_20260604_095918_Gallery\" data-image-description=\"\" data-image-caption=\"\" data-medium-file=\"https:\/\/i0.wp.com\/www.shqiperia.com\/blog\/wp-content\/uploads\/2026\/06\/Screenshot_20260604_095918_Gallery.jpg?fit=300%2C179&amp;ssl=1\" data-large-file=\"https:\/\/i0.wp.com\/www.shqiperia.com\/blog\/wp-content\/uploads\/2026\/06\/Screenshot_20260604_095918_Gallery.jpg?fit=677%2C403&amp;ssl=1\" class=\"alignnone  wp-image-101079\" alt=\"\" src=\"https:\/\/i0.wp.com\/www.shqiperia.com\/blog\/wp-content\/uploads\/2026\/06\/Screenshot_20260604_095918_Gallery.jpg?resize=521%2C311&#038;ssl=1\" width=\"521\" height=\"311\" srcset=\"https:\/\/i0.wp.com\/www.shqiperia.com\/blog\/wp-content\/uploads\/2026\/06\/Screenshot_20260604_095918_Gallery.jpg?resize=300%2C179&amp;ssl=1 300w, https:\/\/i0.wp.com\/www.shqiperia.com\/blog\/wp-content\/uploads\/2026\/06\/Screenshot_20260604_095918_Gallery.jpg?resize=450%2C268&amp;ssl=1 450w, https:\/\/i0.wp.com\/www.shqiperia.com\/blog\/wp-content\/uploads\/2026\/06\/Screenshot_20260604_095918_Gallery.jpg?resize=600%2C357&amp;ssl=1 600w, https:\/\/i0.wp.com\/www.shqiperia.com\/blog\/wp-content\/uploads\/2026\/06\/Screenshot_20260604_095918_Gallery.jpg?resize=400%2C238&amp;ssl=1 400w, https:\/\/i0.wp.com\/www.shqiperia.com\/blog\/wp-content\/uploads\/2026\/06\/Screenshot_20260604_095918_Gallery.jpg?w=677&amp;ssl=1 677w\" sizes=\"auto, (max-width: 521px) 100vw, 521px\" \/><\/p>\n<p><strong>4 Qershor 2026<\/strong><\/p>\n<p><strong>Nga Adrian Thano<\/strong><\/p>\n<p><em>\u200bMandatet nuk jan\u00eb tapi pron\u00ebsie! Kryeministri ka detyrimin t\u00eb thot\u00eb qart\u00eb kush fshihet pas guask\u00ebs s\u00eb Zv\u00ebrnecit. Alibia qesharake e \u201crrezikut grek\u201d \u00ebsht\u00eb shprehja m\u00eb e past\u00ebr e s\u00eb nj\u00ebjt\u00ebs shk\u00ebrdhatokraci berishiste t\u00eb \u201997-s, e ricikluar sot, s\u00ebrish kund\u00ebr protestave<\/em><\/p>\n<p>P\u00ebr t\u00eb mbuluar p\u00ebrmasat e afer\u00ebs miliona metra katror\u00eb n\u00eb Zv\u00ebrnec, makineria e propagand\u00ebs ka v\u00ebn\u00eb n\u00eb pun\u00eb skenarin m\u00eb t\u00eb vjet\u00ebr dhe m\u00eb t\u00eb ndotur t\u00eb tranzicionit shqiptar. Po tundin s\u00ebrish shkopin e nacionalizmit t\u00eb rrem\u00eb.<\/p>\n<p>P\u00ebrdorimi i \u201crrezikut grek\u201d apo fantazmave t\u00eb tjera gjeopolitike p\u00ebr t\u00eb justifikuar korrupsionin, favorizimin dhe dor\u00ebzimin e territorit tek privat\u00eb t\u00eb panjohur \u00ebsht\u00eb sa qesharak, aq edhe i rreziksh\u00ebm.<\/p>\n<p>\u200bKjo strategji t\u00eb kujton fatkeq\u00ebsisht vitin \u201997, kur Sali Berisha p\u00ebrpiqej t\u00eb ngrinte Veriun kund\u00ebr Jugut, duke u th\u00ebn\u00eb mal\u00ebsor\u00ebve se \u201cpo na sulmon Greqia n\u00eb jug\u201d, e gjitha vet\u00ebm p\u00ebr t\u00eb shp\u00ebtuar nga protestat karrigen e tij t\u00eb thyer.<\/p>\n<p>Sot, t\u00eb p\u00ebrdor\u00ebsh t\u00eb nj\u00ebjtat instrumente p\u00ebr\u00e7ar\u00ebse dhe t\u00eb sajosh armiq imagjinar\u00eb vet\u00ebm p\u00ebr t\u00eb ndotur protestat dhe p\u00ebr t\u00eb mbyllur goj\u00ebn e kritik\u00ebve, \u00ebsht\u00eb shprehja m\u00eb e past\u00ebr e s\u00eb nj\u00ebjt\u00ebs shk\u00ebrdhatokraci berishiste n\u00eb duart e pushtetit t\u00eb sot\u00ebm.<\/p>\n<p>Jugu i Shqip\u00ebris\u00eb dhe pasurit\u00eb e tij nuk jan\u00eb as monedh\u00eb shk\u00ebmbimi p\u00ebr interesa private dhe as fush\u00ebbetej\u00eb p\u00ebr skenar\u00eb t\u00eb till\u00eb t\u00eb trash\u00eb.<\/p>\n<p>N\u00eb vend q\u00eb t\u00eb sillet si burr\u00eb shteti dhe t\u00eb zbardh\u00eb t\u00eb v\u00ebrtet\u00ebn, kryeministri ka zgjedhur t\u00eb b\u00ebhet klouni i thashethemeve. Merret me lloj-lloj konspiracionesh, i fryn ato, i amplifikon dhe i sulmon me ironi t\u00eb stisur n\u00ebp\u00ebr ekrane. \u200bPse e b\u00ebn k\u00ebt\u00eb? Sepse ushqimi i konspiracioneve dhe teprimeve mbi investitor\u00ebt sh\u00ebrben si tymnaj\u00eb e p\u00ebrkryer p\u00ebr t\u00eb fshehur nj\u00eb t\u00eb v\u00ebrtet\u00eb shum\u00eb t\u00eb thjesht\u00eb.<\/p>\n<p><img data-recalc-dims=\"1\" loading=\"lazy\" decoding=\"async\" data-attachment-id=\"101080\" data-permalink=\"https:\/\/www.shqiperia.com\/blog\/tymnaja-e-patrioteve\/screenshot_20260604_095918_gallery-2\/\" data-orig-file=\"https:\/\/i0.wp.com\/www.shqiperia.com\/blog\/wp-content\/uploads\/2026\/06\/Screenshot_20260604_095918_Gallery-1.jpg?fit=677%2C403&amp;ssl=1\" data-orig-size=\"677,403\" data-comments-opened=\"1\" data-image-meta=\"{&quot;aperture&quot;:&quot;0&quot;,&quot;credit&quot;:&quot;&quot;,&quot;camera&quot;:&quot;&quot;,&quot;caption&quot;:&quot;&quot;,&quot;created_timestamp&quot;:&quot;0&quot;,&quot;copyright&quot;:&quot;&quot;,&quot;focal_length&quot;:&quot;0&quot;,&quot;iso&quot;:&quot;0&quot;,&quot;shutter_speed&quot;:&quot;0&quot;,&quot;title&quot;:&quot;&quot;,&quot;orientation&quot;:&quot;0&quot;}\" data-image-title=\"Screenshot_20260604_095918_Gallery\" data-image-description=\"\" data-image-caption=\"\" data-medium-file=\"https:\/\/i0.wp.com\/www.shqiperia.com\/blog\/wp-content\/uploads\/2026\/06\/Screenshot_20260604_095918_Gallery-1.jpg?fit=300%2C179&amp;ssl=1\" data-large-file=\"https:\/\/i0.wp.com\/www.shqiperia.com\/blog\/wp-content\/uploads\/2026\/06\/Screenshot_20260604_095918_Gallery-1.jpg?fit=677%2C403&amp;ssl=1\" class=\"alignnone  wp-image-101080\" alt=\"\" src=\"https:\/\/i0.wp.com\/www.shqiperia.com\/blog\/wp-content\/uploads\/2026\/06\/Screenshot_20260604_095918_Gallery-1.jpg?resize=945%2C564&#038;ssl=1\" width=\"945\" height=\"564\" srcset=\"https:\/\/i0.wp.com\/www.shqiperia.com\/blog\/wp-content\/uploads\/2026\/06\/Screenshot_20260604_095918_Gallery-1.jpg?resize=300%2C179&amp;ssl=1 300w, https:\/\/i0.wp.com\/www.shqiperia.com\/blog\/wp-content\/uploads\/2026\/06\/Screenshot_20260604_095918_Gallery-1.jpg?resize=450%2C268&amp;ssl=1 450w, https:\/\/i0.wp.com\/www.shqiperia.com\/blog\/wp-content\/uploads\/2026\/06\/Screenshot_20260604_095918_Gallery-1.jpg?resize=600%2C357&amp;ssl=1 600w, https:\/\/i0.wp.com\/www.shqiperia.com\/blog\/wp-content\/uploads\/2026\/06\/Screenshot_20260604_095918_Gallery-1.jpg?resize=400%2C238&amp;ssl=1 400w, https:\/\/i0.wp.com\/www.shqiperia.com\/blog\/wp-content\/uploads\/2026\/06\/Screenshot_20260604_095918_Gallery-1.jpg?w=677&amp;ssl=1 677w\" sizes=\"auto, (max-width: 945px) 100vw, 945px\" \/><\/p>\n<p>T\u00eb cil\u00ebn ai e di mir\u00eb, por refuzon ta thot\u00eb.<\/p>\n<p>\u200bN\u00ebse gjith\u00e7ka \u00ebsht\u00eb e past\u00ebr, pse kryeministri nuk u jep fund spekulimeve me nj\u00eb fjali t\u00eb vetme? T\u2019i jap\u00eb p\u00ebrgjigje pyetjes s\u00eb thjesht\u00eb: KUSH ESHTE PAS ZV\u00cbRNECIT? Pse ky projekt kaq gjigant duhet t\u00eb fshihet pas nj\u00eb kompanie guask\u00eb? Kush jan\u00eb pronar\u00ebt e v\u00ebrtet\u00eb dhe p\u00ebrfituesit fundor\u00eb t\u00eb k\u00ebtyre miliona metrave katror\u00eb tok\u00eb buz\u00eb detit shqiptar?<\/p>\n<p>Mungesa e transparenc\u00ebs nga ana e vet\u00eb kryeministrit \u00ebsht\u00eb ajo q\u00eb u jep krah dhe jet\u00ebson t\u00eb gjitha konspiracionet dhe maskarall\u00ebqet online. Ose i p\u00ebrhap vet\u00eb dhe m\u00eb pas kapet pas tyre p\u00ebr t\u00eb b\u00ebr\u00eb viktim\u00ebn e sulmeve t\u00eb imagjinuara. Me q\u00ebllim q\u00eb opinioni publik t\u00eb merret me form\u00ebn, me zhurm\u00ebn dhe me patriotizmin e rrem\u00eb, duke ikur nga thelbi i vet\u00ebm q\u00eb ka r\u00ebnd\u00ebsi.<\/p>\n<p>N\u00ebse pas asaj guaske nuk fshihen interesa dhe kapitale t\u00eb paligjshme, kryeministri ka detyrimin t\u2019i nxjerr\u00eb t\u00eb gjith\u00eb emrat sot. \u00c7do dit\u00eb e kaluar n\u00eb heshtje apo me sulme ndaj protestuesve dhe kritik\u00ebve, \u00ebsht\u00eb thjesht nj\u00eb pranim n\u00eb heshtje i fajit.<\/p>\n<p>N\u00eb vend t\u00eb k\u00ebsaj, Edi thot\u00eb q\u00eb ka marr\u00eb 83 mandate dhe kjo i jep t\u00eb drejt\u00eb t\u00eb marr\u00eb vendimet q\u00eb d\u00ebshiron. Aspak. Nj\u00eb shumic\u00eb prej 83 mandatesh n\u00eb Parlament t\u00eb jep t\u00eb drejt\u00ebn legjitime p\u00ebr t\u00eb qeverisur, por nuk t\u00eb jep tapin\u00eb mbi territorin e Republik\u00ebs.<\/p>\n<p>Arroganca e numrave nuk mund t\u00eb p\u00ebrdoret p\u00ebr t\u00eb shkelur \u00e7do norm\u00eb etike, komb\u00ebtare dhe njer\u00ebzore. Tjet\u00ebrsimi i 2.6 milion\u00eb metrave katror\u00eb n\u00eb Zv\u00ebrnec nuk \u00ebsht\u00eb nj\u00eb vendim administrativ. Nuk ia ka l\u00ebn\u00eb babai asnj\u00eb kryeministri, i cili sot \u00ebsht\u00eb, e nes\u00ebr nuk \u00ebsht\u00eb, as detin, as r\u00ebr\u00ebn, malet apo pyjet e k\u00ebtij vendi.<\/p>\n<p>Ka nj\u00eb kufi t\u00eb prer\u00eb, kushtetues dhe moral, ku numrat e kartonave humbasin \u00e7do vler\u00eb p\u00ebrpara interesit publik. Qeverisja nuk \u00ebsht\u00eb korporat\u00eb private q\u00eb ndan pla\u00e7k\u00ebn e luft\u00ebs.<\/p>\n<p>Po kthehen n\u00eb norm\u00eb k\u00ebto thika pas shpine ndaj pasuris\u00eb komb\u00ebtare, t\u00eb b\u00ebra n\u00eb err\u00ebsir\u00eb t\u00eb plot\u00eb. Ndaj sot n\u00eb sheshe \u00ebsht\u00eb derdhur rinia. E cila po na kujton edhe se ky pushtet i ka marr\u00eb ato 83 mandate q\u00eb i tund si flamur pushtuesi\u00a0 p\u00ebrpara se t\u00eb shp\u00ebrthenin rastet e fundit t\u00eb korrupsionit galopant.<\/p>\n<p>N\u00ebse kryeministri d\u00ebshiron v\u00ebrtet t\u00eb matet me realitetin dhe t\u00eb dij\u00eb se sa mandate ka sot pasi mij\u00ebra njer\u00ebz jan\u00eb derdhur n\u00eb shesh p\u00ebr t\u00eb mbrojtur dinjitetin e pastaj Zv\u00ebrnnecin, le t\u00eb ket\u00eb guximin e t\u00eb shpall\u00eb zgjedhje t\u00eb reja.<\/p>\n<p>Koha e fshehjes pas kartonave t\u00eb vot\u00ebs ka mbaruar.<\/p>\n","protected":false},"excerpt":{"rendered":"<p>4 Qershor 2026 Nga Adrian Thano \u200bMandatet nuk jan\u00eb tapi pron\u00ebsie! Kryeministri ka detyrimin t\u00eb thot\u00eb qart\u00eb kush fshihet pas guask\u00ebs s\u00eb Zv\u00ebrnecit. Alibia qesharake e \u201crrezikut grek\u201d \u00ebsht\u00eb shprehja m\u00eb e past\u00ebr e s\u00eb nj\u00ebjt\u00ebs shk\u00ebrdhatokraci berishiste t\u00eb \u201997-s, e ricikluar sot, s\u00ebrish kund\u00ebr protestave P\u00ebr t\u00eb mbuluar p\u00ebrmasat e afer\u00ebs miliona metra katror\u00eb [&hellip;]<\/p>\n","protected":false},"author":9,"featured_media":101079,"comment_status":"open","ping_status":"open","sticky":false,"template":"","format":"standard","meta":{"jetpack_post_was_ever_published":false,"_jetpack_newsletter_access":"","_jetpack_dont_email_post_to_subs":false,"_jetpack_newsletter_tier_id":0,"_jetpack_memberships_contains_paywalled_content":false,"_jetpack_memberships_contains_paid_content":false,"footnotes":"","jetpack_publicize_message":"","jetpack_publicize_feature_enabled":true,"jetpack_social_post_already_shared":true,"jetpack_social_options":{"image_generator_settings":{"template":"highway","default_image_id":0,"font":"","enabled":false},"version":2}},"categories":[27,10,2,14,35],"tags":[],"class_list":["post-101077","post","type-post","status-publish","format-standard","has-post-thumbnail","hentry","category-blogu-i-udhetarit","category-kultura","category-politika","category-press-releases","category-shoqerore"],"jetpack_publicize_connections":[],"jetpack_featured_media_url":"https:\/\/i0.wp.com\/www.shqiperia.com\/blog\/wp-content\/uploads\/2026\/06\/Screenshot_20260604_095918_Gallery.jpg?fit=677%2C403&ssl=1","jetpack_sharing_enabled":true,"jetpack_shortlink":"https:\/\/wp.me\/p5Z6wp-qih","jetpack-related-posts":[{"id":103991,"url":"https:\/\/www.shqiperia.com\/blog\/kthehu-ne-shqiperi-sulm-racist-ne-rrjetet-sociale-ndaj-gazetarit-grek-me-origjine-shqiptare-je-mysafir-ketu-nuk-duhet-te-flasesh\/","url_meta":{"origin":101077,"position":0},"title":"\u201cKthehu n\u00eb Shqip\u00ebri\u201d\/ Sulm racist n\u00eb rrjetet sociale ndaj gazetarit grek me origjin\u00eb shqiptare: &#8211; Je mysafir k\u00ebtu, nuk duhet t\u00eb flas\u00ebsh","author":"Kurt Farka","date":"August 8, 2026","format":false,"excerpt":"8 Gusht 2026 Gazetari grek me origjin\u00eb shqiptare, Antilian Kotzai, \u00ebsht\u00eb p\u00ebrballur me qindra komente fyese dhe raciste n\u00eb rrjetet sociale, pasi publikoi nj\u00eb shkrim ku paralajm\u00ebronte p\u00ebr rikthimin e retorik\u00ebs s\u00eb ekstremit t\u00eb djatht\u00eb dhe ideologjis\u00eb s\u00eb Agimit t\u00eb Art\u00eb n\u00eb Greqi. Si\u00e7 raporton korrespondenti i Top Channel Aleksand\u00ebr\u2026","rel":"","context":"In &quot;Blogu i Udh\u00ebtarit&quot;","block_context":{"text":"Blogu i Udh\u00ebtarit","link":"https:\/\/www.shqiperia.com\/blog\/category\/blogu-i-udhetarit\/"},"img":{"alt_text":"","src":"https:\/\/i0.wp.com\/www.shqiperia.com\/blog\/wp-content\/uploads\/2026\/08\/Untitled-design_sd-9.webp?fit=1200%2C675&ssl=1&resize=350%2C200","width":350,"height":200,"srcset":"https:\/\/i0.wp.com\/www.shqiperia.com\/blog\/wp-content\/uploads\/2026\/08\/Untitled-design_sd-9.webp?fit=1200%2C675&ssl=1&resize=350%2C200 1x, https:\/\/i0.wp.com\/www.shqiperia.com\/blog\/wp-content\/uploads\/2026\/08\/Untitled-design_sd-9.webp?fit=1200%2C675&ssl=1&resize=525%2C300 1.5x, https:\/\/i0.wp.com\/www.shqiperia.com\/blog\/wp-content\/uploads\/2026\/08\/Untitled-design_sd-9.webp?fit=1200%2C675&ssl=1&resize=700%2C400 2x, https:\/\/i0.wp.com\/www.shqiperia.com\/blog\/wp-content\/uploads\/2026\/08\/Untitled-design_sd-9.webp?fit=1200%2C675&ssl=1&resize=1050%2C600 3x"},"classes":[]},{"id":103474,"url":"https:\/\/www.shqiperia.com\/blog\/shperthime-te-fuqishme-ne-magazinen-qe-u-perfshi-nga-flaket-ne-shkozet-situata-jashte-kontrollit\/","url_meta":{"origin":101077,"position":1},"title":"Shp\u00ebrthime t\u00eb fuqishme n\u00eb magazin\u00ebn q\u00eb u p\u00ebrfshi nga flak\u00ebt n\u00eb Shkozet, situata jasht\u00eb kontrollit","author":"Kurt Farka","date":"July 30, 2026","format":false,"excerpt":"30 Korrik 2026 Situata n\u00eb magazin\u00ebn e p\u00ebrfshir\u00eb nga flak\u00ebt n\u00eb zon\u00ebn e Shkozetit, n\u00eb Durr\u00ebs, \u00ebsht\u00eb r\u00ebnduar ndjesh\u00ebm, teksa nga objekti vijojn\u00eb shp\u00ebrthime t\u00eb fuqishme q\u00eb kan\u00eb detyruar zjarrfik\u00ebsit dhe policin\u00eb t\u00eb t\u00ebrhiqen nga perimetri i rrezikut. Sipas informacioneve nga vendngjarja, brenda magazin\u00ebs ndodhen sasi t\u00eb konsiderueshme fishekzjarresh, gjithashtu\u2026","rel":"","context":"In &quot;Blogu i Udh\u00ebtarit&quot;","block_context":{"text":"Blogu i Udh\u00ebtarit","link":"https:\/\/www.shqiperia.com\/blog\/category\/blogu-i-udhetarit\/"},"img":{"alt_text":"","src":"https:\/\/i0.wp.com\/www.shqiperia.com\/blog\/wp-content\/uploads\/2026\/07\/Screenshot-2026-07-30-170904_sd-1.webp?fit=1200%2C675&ssl=1&resize=350%2C200","width":350,"height":200,"srcset":"https:\/\/i0.wp.com\/www.shqiperia.com\/blog\/wp-content\/uploads\/2026\/07\/Screenshot-2026-07-30-170904_sd-1.webp?fit=1200%2C675&ssl=1&resize=350%2C200 1x, https:\/\/i0.wp.com\/www.shqiperia.com\/blog\/wp-content\/uploads\/2026\/07\/Screenshot-2026-07-30-170904_sd-1.webp?fit=1200%2C675&ssl=1&resize=525%2C300 1.5x, https:\/\/i0.wp.com\/www.shqiperia.com\/blog\/wp-content\/uploads\/2026\/07\/Screenshot-2026-07-30-170904_sd-1.webp?fit=1200%2C675&ssl=1&resize=700%2C400 2x, https:\/\/i0.wp.com\/www.shqiperia.com\/blog\/wp-content\/uploads\/2026\/07\/Screenshot-2026-07-30-170904_sd-1.webp?fit=1200%2C675&ssl=1&resize=1050%2C600 3x"},"classes":[]},{"id":104168,"url":"https:\/\/www.shqiperia.com\/blog\/vater-e-re-zjarri-ne-kruje-dyshohet-e-qellimshme-flaket-kercenojne-depot-me-eksploziv\/","url_meta":{"origin":101077,"position":2},"title":"Vat\u00ebr e re zjarri n\u00eb Kruj\u00eb, dyshohet e q\u00ebllimshme! Flak\u00ebt k\u00ebrc\u00ebnojn\u00eb depot me eksploziv","author":"Kurt Farka","date":"August 10, 2026","format":false,"excerpt":"20 Gusht 2026 Nj\u00eb vat\u00ebr e re zjarri \u00ebsht\u00eb regjistruar s\u00ebrish n\u00eb zon\u00ebn e Krast\u00ebs n\u00eb Kruj\u00eb, k\u00ebt\u00eb her\u00eb n\u00eb pjes\u00ebn veriore t\u00eb saj. Sipas informacioneve, zjarri dyshohet se \u00ebsht\u00eb v\u00ebn\u00eb q\u00ebllimisht dhe po p\u00ebrparon me shpejt\u00ebsi, i favorizuar edhe nga era e fort\u00eb q\u00eb po fryn n\u00eb zon\u00eb. Situata\u2026","rel":"","context":"In &quot;Blogu i Udh\u00ebtarit&quot;","block_context":{"text":"Blogu i Udh\u00ebtarit","link":"https:\/\/www.shqiperia.com\/blog\/category\/blogu-i-udhetarit\/"},"img":{"alt_text":"","src":"https:\/\/i0.wp.com\/www.shqiperia.com\/blog\/wp-content\/uploads\/2026\/08\/1786211037_mallakaster-1.jpg?fit=780%2C440&ssl=1&resize=350%2C200","width":350,"height":200,"srcset":"https:\/\/i0.wp.com\/www.shqiperia.com\/blog\/wp-content\/uploads\/2026\/08\/1786211037_mallakaster-1.jpg?fit=780%2C440&ssl=1&resize=350%2C200 1x, https:\/\/i0.wp.com\/www.shqiperia.com\/blog\/wp-content\/uploads\/2026\/08\/1786211037_mallakaster-1.jpg?fit=780%2C440&ssl=1&resize=525%2C300 1.5x, https:\/\/i0.wp.com\/www.shqiperia.com\/blog\/wp-content\/uploads\/2026\/08\/1786211037_mallakaster-1.jpg?fit=780%2C440&ssl=1&resize=700%2C400 2x"},"classes":[]},{"id":105430,"url":"https:\/\/www.shqiperia.com\/blog\/itali-vape-ekstreme-ne-jug-me-mbi-44c-veriut-i-mberrijne-stuhite\/","url_meta":{"origin":101077,"position":3},"title":"Itali\/ Vap\u00eb ekstreme n\u00eb jug me mbi 44\u00b0C, veriut i mb\u00ebrrijn\u00eb stuhit\u00eb","author":"Kurt Farka","date":"August 29, 2026","format":false,"excerpt":"29 Gusht 2026 Vala e pest\u00eb e t\u00eb nxehtit ka arritur kulmin n\u00eb Itali, duke sjell\u00eb temperatura mbi 40\u00b0C n\u00eb jug dhe n\u00eb ishuj, nd\u00ebrsa veriu i vendit po p\u00ebrballet me reshje t\u00eb dendura, stuhi dhe bresh\u00ebr. N\u00eb Kalabri \u00ebsht\u00eb regjistruar temperatura m\u00eb e lart\u00eb, me 44.6\u00b0C n\u00eb Torano Scalo,\u2026","rel":"","context":"In &quot;Blogu i Udh\u00ebtarit&quot;","block_context":{"text":"Blogu i Udh\u00ebtarit","link":"https:\/\/www.shqiperia.com\/blog\/category\/blogu-i-udhetarit\/"},"img":{"alt_text":"","src":"https:\/\/i0.wp.com\/www.shqiperia.com\/blog\/wp-content\/uploads\/2026\/08\/640-0-screenshot-2026-08-28-182424-1787934272.png?fit=640%2C358&ssl=1&resize=350%2C200","width":350,"height":200,"srcset":"https:\/\/i0.wp.com\/www.shqiperia.com\/blog\/wp-content\/uploads\/2026\/08\/640-0-screenshot-2026-08-28-182424-1787934272.png?fit=640%2C358&ssl=1&resize=350%2C200 1x, https:\/\/i0.wp.com\/www.shqiperia.com\/blog\/wp-content\/uploads\/2026\/08\/640-0-screenshot-2026-08-28-182424-1787934272.png?fit=640%2C358&ssl=1&resize=525%2C300 1.5x"},"classes":[]},{"id":104868,"url":"https:\/\/www.shqiperia.com\/blog\/protesta-nuk-ndalet-sot-dita-e-83-te-qytetaret-serish-ne-shesh-kunder-qeverise-rama-jep-doreheqjen\/","url_meta":{"origin":101077,"position":4},"title":"Protesta nuk ndalet\/ Sot dita e 83-t\u00eb, qytetar\u00ebt s\u00ebrish n\u00eb shesh kund\u00ebr qeveris\u00eb: Rama jep dor\u00ebheqjen!","author":"Kurt Farka","date":"August 21, 2026","format":false,"excerpt":"21 Gusht 2026 Qytetar\u00ebt do t\u00eb mblidhen s\u00ebrish sot n\u00eb Tiran\u00eb, duke vijuar p\u00ebr t\u00eb 83-\u00ebn dit\u00eb radhazi protest\u00ebn kund\u00ebr qeveris\u00eb dhe kast\u00ebs politike. Ashtu si n\u00eb dit\u00ebt e fundit, protestuesit pritet t\u00eb grumbullohen fillimisht n\u00eb sheshin \u201cSk\u00ebnderbej\u201d dhe m\u00eb pas t\u00eb marshojn\u00eb drejt Kryeministris\u00eb, ku do t\u00eb vijojn\u00eb tubimin\u2026","rel":"","context":"In &quot;Blogu i Udh\u00ebtarit&quot;","block_context":{"text":"Blogu i Udh\u00ebtarit","link":"https:\/\/www.shqiperia.com\/blog\/category\/blogu-i-udhetarit\/"},"img":{"alt_text":"","src":"https:\/\/i0.wp.com\/www.shqiperia.com\/blog\/wp-content\/uploads\/2026\/08\/770985824_3285727254921661_236673638084350325_n-1.jpg?fit=1200%2C800&ssl=1&resize=350%2C200","width":350,"height":200,"srcset":"https:\/\/i0.wp.com\/www.shqiperia.com\/blog\/wp-content\/uploads\/2026\/08\/770985824_3285727254921661_236673638084350325_n-1.jpg?fit=1200%2C800&ssl=1&resize=350%2C200 1x, https:\/\/i0.wp.com\/www.shqiperia.com\/blog\/wp-content\/uploads\/2026\/08\/770985824_3285727254921661_236673638084350325_n-1.jpg?fit=1200%2C800&ssl=1&resize=525%2C300 1.5x, https:\/\/i0.wp.com\/www.shqiperia.com\/blog\/wp-content\/uploads\/2026\/08\/770985824_3285727254921661_236673638084350325_n-1.jpg?fit=1200%2C800&ssl=1&resize=700%2C400 2x, https:\/\/i0.wp.com\/www.shqiperia.com\/blog\/wp-content\/uploads\/2026\/08\/770985824_3285727254921661_236673638084350325_n-1.jpg?fit=1200%2C800&ssl=1&resize=1050%2C600 3x"},"classes":[]},{"id":101236,"url":"https:\/\/www.shqiperia.com\/blog\/shqiperia-nuk-eshte-ne-shitje-lubonja-flet-nga-protesta-sistemi-i-rames-ka-grabitur-vendin-te-permbysim-pushtetin\/","url_meta":{"origin":101077,"position":5},"title":"\u2018Shqip\u00ebria nuk \u00ebsht\u00eb n\u00eb shitje\u2019, Lubonja flet nga protesta: Sistemi i Ram\u00ebs ka grabitur vendin, t\u00eb p\u00ebrmbysim pushtetin","author":"Kurt Farka","date":"June 7, 2026","format":false,"excerpt":"7 Qershor 2026 Dita e tet\u00eb e protest\u00ebs pa s\u00ebrish mij\u00ebra qytetar\u00eb q\u00eb marshuan nga sheshi Sk\u00ebnderbej te Kryeministria ku protestuan s\u00ebrish kund\u00ebr nd\u00ebrtimit t\u00eb resortit n\u00eb Zv\u00ebrnec. Sakaq, n\u00eb podiumin e improvizuar foli edhe analisti Fatos Lubonja. Ai u shpreh se rasti i Zv\u00ebrnecit tregoi se si funksionon sistemi\u2026","rel":"","context":"In &quot;Blogu i Udh\u00ebtarit&quot;","block_context":{"text":"Blogu i Udh\u00ebtarit","link":"https:\/\/www.shqiperia.com\/blog\/category\/blogu-i-udhetarit\/"},"img":{"alt_text":"","src":"https:\/\/i0.wp.com\/www.shqiperia.com\/blog\/wp-content\/uploads\/2026\/06\/luboinja-979x570-1.jpg?fit=979%2C570&ssl=1&resize=350%2C200","width":350,"height":200,"srcset":"https:\/\/i0.wp.com\/www.shqiperia.com\/blog\/wp-content\/uploads\/2026\/06\/luboinja-979x570-1.jpg?fit=979%2C570&ssl=1&resize=350%2C200 1x, https:\/\/i0.wp.com\/www.shqiperia.com\/blog\/wp-content\/uploads\/2026\/06\/luboinja-979x570-1.jpg?fit=979%2C570&ssl=1&resize=525%2C300 1.5x, https:\/\/i0.wp.com\/www.shqiperia.com\/blog\/wp-content\/uploads\/2026\/06\/luboinja-979x570-1.jpg?fit=979%2C570&ssl=1&resize=700%2C400 2x"},"classes":[]}],"_links":{"self":[{"href":"https:\/\/www.shqiperia.com\/blog\/wp-json\/wp\/v2\/posts\/101077","targetHints":{"allow":["GET"]}}],"collection":[{"href":"https:\/\/www.shqiperia.com\/blog\/wp-json\/wp\/v2\/posts"}],"about":[{"href":"https:\/\/www.shqiperia.com\/blog\/wp-json\/wp\/v2\/types\/post"}],"author":[{"embeddable":true,"href":"https:\/\/www.shqiperia.com\/blog\/wp-json\/wp\/v2\/users\/9"}],"replies":[{"embeddable":true,"href":"https:\/\/www.shqiperia.com\/blog\/wp-json\/wp\/v2\/comments?post=101077"}],"version-history":[{"count":1,"href":"https:\/\/www.shqiperia.com\/blog\/wp-json\/wp\/v2\/posts\/101077\/revisions"}],"predecessor-version":[{"id":101081,"href":"https:\/\/www.shqiperia.com\/blog\/wp-json\/wp\/v2\/posts\/101077\/revisions\/101081"}],"wp:featuredmedia":[{"embeddable":true,"href":"https:\/\/www.shqiperia.com\/blog\/wp-json\/wp\/v2\/media\/101079"}],"wp:attachment":[{"href":"https:\/\/www.shqiperia.com\/blog\/wp-json\/wp\/v2\/media?parent=101077"}],"wp:term":[{"taxonomy":"category","embeddable":true,"href":"https:\/\/www.shqiperia.com\/blog\/wp-json\/wp\/v2\/categories?post=101077"},{"taxonomy":"post_tag","embeddable":true,"href":"https:\/\/www.shqiperia.com\/blog\/wp-json\/wp\/v2\/tags?post=101077"}],"curies":[{"name":"wp","href":"https:\/\/api.w.org\/{rel}","templated":true}]}}