{"id":101073,"date":"2026-06-04T10:09:23","date_gmt":"2026-06-04T10:09:23","guid":{"rendered":"https:\/\/www.shqiperia.com\/blog\/?p=101073"},"modified":"2026-06-04T10:09:23","modified_gmt":"2026-06-04T10:09:23","slug":"harpa-e-dinastise-se-19-te-harmonia-e-lashtesise-egjiptiane-ne-tinguj-druri-dhe-heshtjeje-mbreterore","status":"publish","type":"post","link":"https:\/\/www.shqiperia.com\/blog\/harpa-e-dinastise-se-19-te-harmonia-e-lashtesise-egjiptiane-ne-tinguj-druri-dhe-heshtjeje-mbreterore\/","title":{"rendered":"Harpa e Dinastis\u00eb s\u00eb 19-t\u00eb, harmonia e lasht\u00ebsis\u00eb egjiptiane n\u00eb tinguj druri dhe heshtjeje mbret\u00ebrore"},"content":{"rendered":"<p data-a11y-orig-inline=\"\" data-a11y-base-fs=\"18\"><img data-recalc-dims=\"1\" loading=\"lazy\" decoding=\"async\" data-attachment-id=\"101074\" data-permalink=\"https:\/\/www.shqiperia.com\/blog\/harpa-e-dinastise-se-19-te-harmonia-e-lashtesise-egjiptiane-ne-tinguj-druri-dhe-heshtjeje-mbreterore\/640-0-harpjpg-1780473421-1\/\" data-orig-file=\"https:\/\/i0.wp.com\/www.shqiperia.com\/blog\/wp-content\/uploads\/2026\/06\/640-0-harpjpg-1780473421-1.jpg?fit=640%2C477&amp;ssl=1\" data-orig-size=\"640,477\" data-comments-opened=\"1\" data-image-meta=\"{&quot;aperture&quot;:&quot;0&quot;,&quot;credit&quot;:&quot;&quot;,&quot;camera&quot;:&quot;&quot;,&quot;caption&quot;:&quot;&quot;,&quot;created_timestamp&quot;:&quot;0&quot;,&quot;copyright&quot;:&quot;&quot;,&quot;focal_length&quot;:&quot;0&quot;,&quot;iso&quot;:&quot;0&quot;,&quot;shutter_speed&quot;:&quot;0&quot;,&quot;title&quot;:&quot;&quot;,&quot;orientation&quot;:&quot;0&quot;}\" data-image-title=\"-640-0-harpjpg-1780473421 (1)\" data-image-description=\"\" data-image-caption=\"\" data-medium-file=\"https:\/\/i0.wp.com\/www.shqiperia.com\/blog\/wp-content\/uploads\/2026\/06\/640-0-harpjpg-1780473421-1.jpg?fit=300%2C224&amp;ssl=1\" data-large-file=\"https:\/\/i0.wp.com\/www.shqiperia.com\/blog\/wp-content\/uploads\/2026\/06\/640-0-harpjpg-1780473421-1.jpg?fit=640%2C477&amp;ssl=1\" class=\"alignnone  wp-image-101074\" alt=\"\" src=\"https:\/\/i0.wp.com\/www.shqiperia.com\/blog\/wp-content\/uploads\/2026\/06\/640-0-harpjpg-1780473421-1.jpg?resize=660%2C493&#038;ssl=1\" width=\"660\" height=\"493\" srcset=\"https:\/\/i0.wp.com\/www.shqiperia.com\/blog\/wp-content\/uploads\/2026\/06\/640-0-harpjpg-1780473421-1.jpg?resize=300%2C224&amp;ssl=1 300w, https:\/\/i0.wp.com\/www.shqiperia.com\/blog\/wp-content\/uploads\/2026\/06\/640-0-harpjpg-1780473421-1.jpg?resize=450%2C335&amp;ssl=1 450w, https:\/\/i0.wp.com\/www.shqiperia.com\/blog\/wp-content\/uploads\/2026\/06\/640-0-harpjpg-1780473421-1.jpg?resize=600%2C447&amp;ssl=1 600w, https:\/\/i0.wp.com\/www.shqiperia.com\/blog\/wp-content\/uploads\/2026\/06\/640-0-harpjpg-1780473421-1.jpg?resize=400%2C298&amp;ssl=1 400w, https:\/\/i0.wp.com\/www.shqiperia.com\/blog\/wp-content\/uploads\/2026\/06\/640-0-harpjpg-1780473421-1.jpg?w=640&amp;ssl=1 640w\" sizes=\"auto, (max-width: 660px) 100vw, 660px\" \/><\/p>\n<p data-a11y-orig-inline=\"\" data-a11y-base-fs=\"18\">4 Qershor 2026<\/p>\n<p data-a11y-orig-inline=\"\" data-a11y-base-fs=\"18\">N\u00eb galerin\u00eb e p\u00ebrjet\u00ebsis\u00eb q\u00eb historia i ka ruajtur Egjiptit t\u00eb Lasht\u00eb, arti muzikor p\u00ebrb\u00ebn nj\u00eb nga shtyllat m\u00eb delikate t\u00eb shpirtit t\u00eb tij. Nj\u00eb nd\u00ebr objektet m\u00eb dometh\u00ebn\u00ebse q\u00eb mish\u00ebron k\u00ebt\u00eb frym\u00eb \u00ebsht\u00eb harpa harkore e datuar n\u00eb Dinastin\u00eb e 19-t\u00eb t\u00eb Mbret\u00ebris\u00eb s\u00eb Re (rreth 1295\u20131186 p.e.s.), nj\u00eb relike q\u00eb i ka shp\u00ebtuar rrjedh\u00ebs s\u00eb shekujve p\u00ebr t\u00eb d\u00ebshmuar p\u00ebrmas\u00ebn estetike dhe shpirt\u00ebrore t\u00eb qytet\u00ebrimit egjiptian.<\/p>\n<p data-a11y-orig-inline=\"\" data-a11y-base-fs=\"18\">E gdhendur n\u00eb dru sykomori, nj\u00eb material i shenjt\u00eb dhe i lidhur me bot\u00ebn e p\u00ebrtejme n\u00eb mitologjin\u00eb egjiptiane, kjo harp\u00eb p\u00ebrmban 16 tela, t\u00eb cilat do t\u00eb ken\u00eb prodhuar nj\u00eb rezonanc\u00eb t\u00eb pasur dhe nj\u00eb volum t\u00eb ngroht\u00eb e shtrues. Tingujt e saj, ndon\u00ebse tashm\u00eb t\u00eb heshtur, ruajn\u00eb ende p\u00ebrfytyrimin e nj\u00eb muzike q\u00eb jehonte n\u00eb tempuj, n\u00eb oborret mbret\u00ebrore apo n\u00eb pritjet e fisnik\u00ebris\u00eb.<\/p>\n<p data-a11y-orig-inline=\"\" data-a11y-base-fs=\"18\">Harpat, megjith\u00ebse me origjin\u00eb nga Mesopotamia rreth vitit 3000 p.e.s., n\u00eb Egjipt mor\u00ebn nj\u00eb form\u00eb t\u00eb re dhe origjinale q\u00eb rreth vitit 2500 p.e.s. d\u00ebshmonte gjenialitetin e mjesht\u00ebrve vendor\u00eb. Instrumentet me tela, ndryshe nga ato me frym\u00eb apo rit\u00ebm, k\u00ebrkonin nj\u00eb nd\u00ebrtim m\u00eb t\u00eb sofistikuar. Harpa nuk ishte thjesht nj\u00eb objekt muzikor, por nj\u00eb simbol i p\u00ebrkat\u00ebsis\u00eb sociale, i pasuris\u00eb dhe i p\u00ebrkushtimit shpirt\u00ebror.<\/p>\n<p data-a11y-orig-inline=\"\" data-a11y-base-fs=\"18\">Burimet historike d\u00ebshmojn\u00eb se figurat m\u00eb t\u00eb larta t\u00eb shtetit, si Mbreti Ahmose, zot\u00ebronin harpa t\u00eb punuara me dru abanozi, ar dhe argjend. Edhe m\u00eb madh\u00ebshtore \u00ebsht\u00eb porosia e Thutmose III p\u00ebr nj\u00eb harp\u00eb t\u00eb stolisur me argjend, ar, lapis lazuli, malahit dhe \u00e7do gur t\u00eb \u00e7muar t\u00eb njohur nga mjesht\u00ebria e koh\u00ebs. N\u00eb k\u00ebto objekte, muzika dhe arti dekorativ nd\u00ebrthureshin n\u00eb nj\u00eb bashk\u00ebbisedim t\u00eb rrall\u00eb nd\u00ebrmjet hijeshis\u00eb dhe shenjt\u00ebris\u00eb.<\/p>\n<div id=\"attachment_101075\" style=\"width: 715px\" class=\"wp-caption alignnone\"><img data-recalc-dims=\"1\" loading=\"lazy\" decoding=\"async\" aria-describedby=\"caption-attachment-101075\" data-attachment-id=\"101075\" data-permalink=\"https:\/\/www.shqiperia.com\/blog\/harpa-e-dinastise-se-19-te-harmonia-e-lashtesise-egjiptiane-ne-tinguj-druri-dhe-heshtjeje-mbreterore\/640-0-harpjpg-1780473421\/\" data-orig-file=\"https:\/\/i0.wp.com\/www.shqiperia.com\/blog\/wp-content\/uploads\/2026\/06\/640-0-harpjpg-1780473421.jpg?fit=640%2C763&amp;ssl=1\" data-orig-size=\"640,763\" data-comments-opened=\"1\" data-image-meta=\"{&quot;aperture&quot;:&quot;0&quot;,&quot;credit&quot;:&quot;&quot;,&quot;camera&quot;:&quot;&quot;,&quot;caption&quot;:&quot;&quot;,&quot;created_timestamp&quot;:&quot;0&quot;,&quot;copyright&quot;:&quot;&quot;,&quot;focal_length&quot;:&quot;0&quot;,&quot;iso&quot;:&quot;0&quot;,&quot;shutter_speed&quot;:&quot;0&quot;,&quot;title&quot;:&quot;&quot;,&quot;orientation&quot;:&quot;0&quot;}\" data-image-title=\"Harpa e Dinastis\u00eb s\u00eb 19-t\u00eb, harmonia e lasht\u00ebsis\u00eb egjiptiane\" data-image-description=\"\" data-image-caption=\"&lt;p&gt;Harpa e Dinastis\u00eb s\u00eb 19-t\u00eb, harmonia e lasht\u00ebsis\u00eb egjiptiane &lt;\/p&gt;\n\" data-medium-file=\"https:\/\/i0.wp.com\/www.shqiperia.com\/blog\/wp-content\/uploads\/2026\/06\/640-0-harpjpg-1780473421.jpg?fit=252%2C300&amp;ssl=1\" data-large-file=\"https:\/\/i0.wp.com\/www.shqiperia.com\/blog\/wp-content\/uploads\/2026\/06\/640-0-harpjpg-1780473421.jpg?fit=640%2C763&amp;ssl=1\" class=\" wp-image-101075\" alt=\"\" src=\"https:\/\/i0.wp.com\/www.shqiperia.com\/blog\/wp-content\/uploads\/2026\/06\/640-0-harpjpg-1780473421.jpg?resize=705%2C839&#038;ssl=1\" width=\"705\" height=\"839\" srcset=\"https:\/\/i0.wp.com\/www.shqiperia.com\/blog\/wp-content\/uploads\/2026\/06\/640-0-harpjpg-1780473421.jpg?resize=252%2C300&amp;ssl=1 252w, https:\/\/i0.wp.com\/www.shqiperia.com\/blog\/wp-content\/uploads\/2026\/06\/640-0-harpjpg-1780473421.jpg?resize=450%2C536&amp;ssl=1 450w, https:\/\/i0.wp.com\/www.shqiperia.com\/blog\/wp-content\/uploads\/2026\/06\/640-0-harpjpg-1780473421.jpg?resize=600%2C715&amp;ssl=1 600w, https:\/\/i0.wp.com\/www.shqiperia.com\/blog\/wp-content\/uploads\/2026\/06\/640-0-harpjpg-1780473421.jpg?resize=400%2C477&amp;ssl=1 400w, https:\/\/i0.wp.com\/www.shqiperia.com\/blog\/wp-content\/uploads\/2026\/06\/640-0-harpjpg-1780473421.jpg?w=640&amp;ssl=1 640w\" sizes=\"auto, (max-width: 705px) 100vw, 705px\" \/><p id=\"caption-attachment-101075\" class=\"wp-caption-text\">Harpa e Dinastis\u00eb s\u00eb 19-t\u00eb, harmonia e lasht\u00ebsis\u00eb egjiptiane<\/p><\/div>\n<p data-a11y-orig-inline=\"\" data-a11y-base-fs=\"18\">Harpa n\u00eb fjal\u00eb, q\u00eb sot ruhet n\u00eb Antikenmuseum Basel und Sammlung Ludwig n\u00eb Zvic\u00ebr, \u00ebsht\u00eb nj\u00eb d\u00ebshmi e gjall\u00eb e k\u00ebsaj tradite. Ajo nuk \u00ebsht\u00eb vet\u00ebm nj\u00eb instrument i heshtur, por nj\u00eb kapitull i hapur i muzik\u00ebs s\u00eb shenjt\u00eb dhe artit fisnik. Prej saj, sot ne nuk mund t\u00eb d\u00ebgjojm\u00eb m\u00eb melodin\u00eb, por mund t\u00eb ndjejm\u00eb ritmin e nj\u00eb civilizimi q\u00eb i fali bot\u00ebs jo vet\u00ebm piramidat, por edhe harmonin\u00eb e tingujve t\u00eb p\u00ebrjetsh\u00ebm.<\/p>\n<p data-a11y-orig-inline=\"\" data-a11y-base-fs=\"18\">Ky instrument mbetet nj\u00eb ftes\u00eb p\u00ebr t\u00eb d\u00ebgjuar t\u00eb shkuar\u00ebn jo me vesh\u00eb, por me imagjinat\u00eb. N\u00eb nj\u00eb bot\u00eb ku z\u00ebri i historis\u00eb shpesh d\u00ebgjohet m\u00eb shum\u00eb n\u00eb heshtje, harpa e Dinastis\u00eb s\u00eb 19-t\u00eb \u00ebsht\u00eb nj\u00eb fije e art\u00eb q\u00eb na lidh me shpirtin e Egjiptit t\u00eb Lasht\u00eb, ku muzika nuk ishte zbavitje, por akt hyjnor dhe rrug\u00eb p\u00ebr tek e amshueshmja.<\/p>\n<p data-a11y-orig-inline=\"\" data-a11y-base-fs=\"18\"><strong data-a11y-orig-inline=\"\" data-a11y-base-fs=\"18\">P\u00ebrgatiti: Albert Vataj<\/strong><\/p>\n","protected":false},"excerpt":{"rendered":"<p>4 Qershor 2026 N\u00eb galerin\u00eb e p\u00ebrjet\u00ebsis\u00eb q\u00eb historia i ka ruajtur Egjiptit t\u00eb Lasht\u00eb, arti muzikor p\u00ebrb\u00ebn nj\u00eb nga shtyllat m\u00eb delikate t\u00eb shpirtit t\u00eb tij. Nj\u00eb nd\u00ebr objektet m\u00eb dometh\u00ebn\u00ebse q\u00eb mish\u00ebron k\u00ebt\u00eb frym\u00eb \u00ebsht\u00eb harpa harkore e datuar n\u00eb Dinastin\u00eb e 19-t\u00eb t\u00eb Mbret\u00ebris\u00eb s\u00eb Re (rreth 1295\u20131186 p.e.s.), nj\u00eb relike q\u00eb [&hellip;]<\/p>\n","protected":false},"author":9,"featured_media":101074,"comment_status":"open","ping_status":"open","sticky":false,"template":"","format":"standard","meta":{"jetpack_post_was_ever_published":false,"_jetpack_newsletter_access":"","_jetpack_dont_email_post_to_subs":false,"_jetpack_newsletter_tier_id":0,"_jetpack_memberships_contains_paywalled_content":false,"_jetpack_memberships_contains_paid_content":false,"footnotes":"","jetpack_publicize_message":"","jetpack_publicize_feature_enabled":true,"jetpack_social_post_already_shared":true,"jetpack_social_options":{"image_generator_settings":{"template":"highway","default_image_id":0,"font":"","enabled":false},"version":2}},"categories":[85,10,35,86],"tags":[],"class_list":["post-101073","post","type-post","status-publish","format-standard","has-post-thumbnail","hentry","category-histori","category-kultura","category-shoqerore","category-trashegimi-kulturore"],"jetpack_publicize_connections":[],"jetpack_featured_media_url":"https:\/\/i0.wp.com\/www.shqiperia.com\/blog\/wp-content\/uploads\/2026\/06\/640-0-harpjpg-1780473421-1.jpg?fit=640%2C477&ssl=1","jetpack_sharing_enabled":true,"jetpack_shortlink":"https:\/\/wp.me\/p5Z6wp-qid","jetpack-related-posts":[{"id":105559,"url":"https:\/\/www.shqiperia.com\/blog\/rikthimi-i-kalit-te-qyqes-dhe-nje-lajm-i-madh-nga-ministria-e-mjedisit\/","url_meta":{"origin":101073,"position":0},"title":"\u201cRikthimi i Kalit te Qyqes dhe nj\u00eb lajm i madh nga Ministria e Mjedisit\u201d","author":"Kurt Farka","date":"August 31, 2026","format":false,"excerpt":"31 Gusht 2026 \u00cbsht\u00eb e diel. Gusht. Vapa ka z\u00ebn\u00eb vend mbi Shqip\u00ebri me at\u00eb k\u00ebmb\u00ebnguljen e nj\u00eb zyrtari t\u00eb sot\u00ebm q\u00eb nuk di kur duhet t\u00eb largohet. Gjinkallat, t\u00eb cilat duket se nuk e kan\u00eb marr\u00eb ende vesh lajmin e ardhjes s\u00eb vjesht\u00ebs, vazhdojn\u00eb koncertin e tyre t\u00eb paduruesh\u00ebm.\u2026","rel":"","context":"In &quot;Blogu i Udh\u00ebtarit&quot;","block_context":{"text":"Blogu i Udh\u00ebtarit","link":"https:\/\/www.shqiperia.com\/blog\/category\/blogu-i-udhetarit\/"},"img":{"alt_text":"","src":"https:\/\/i0.wp.com\/www.shqiperia.com\/blog\/wp-content\/uploads\/2026\/08\/640-0-6f5b8eac8647006ae543b153b0c727c1.jpg?fit=640%2C327&ssl=1&resize=350%2C200","width":350,"height":200,"srcset":"https:\/\/i0.wp.com\/www.shqiperia.com\/blog\/wp-content\/uploads\/2026\/08\/640-0-6f5b8eac8647006ae543b153b0c727c1.jpg?fit=640%2C327&ssl=1&resize=350%2C200 1x, https:\/\/i0.wp.com\/www.shqiperia.com\/blog\/wp-content\/uploads\/2026\/08\/640-0-6f5b8eac8647006ae543b153b0c727c1.jpg?fit=640%2C327&ssl=1&resize=525%2C300 1.5x"},"classes":[]},{"id":100091,"url":"https:\/\/www.shqiperia.com\/blog\/zbulohet-objekti-masiv-qe-pershkruan-faraonin-mendohet-se-ka-sfiduar-moisiun-gjate-eksodit\/","url_meta":{"origin":101073,"position":1},"title":"Zbulohet objekti masiv q\u00eb p\u00ebrshkruan faraonin, mendohet se ka sfiduar Moisiun gjat\u00eb Eksodit","author":"Kurt Farka","date":"May 10, 2026","format":false,"excerpt":"10 Maji 2026 Arkeolog\u00ebt n\u00eb Egjipt zbuluan s\u00eb fundmi nj\u00eb statuj\u00eb masive q\u00eb besohet se p\u00ebrshkruan mbretin Ramses II, faraonin q\u00eb besohet t\u00eb jet\u00eb nj\u00eb personazh i r\u00ebnd\u00ebsish\u00ebm n\u00eb Dhiat\u00ebn e Vjet\u00ebr. Statuja u gjet n\u00eb vendin Tel Pharaoh n\u00eb Qendr\u00ebn Husseiniya, Guvernatori i Sharqia, tha Ministria egjiptiane e Turizmit\u2026","rel":"","context":"In &quot;Blogu i Udh\u00ebtarit&quot;","block_context":{"text":"Blogu i Udh\u00ebtarit","link":"https:\/\/www.shqiperia.com\/blog\/category\/blogu-i-udhetarit\/"},"img":{"alt_text":"","src":"https:\/\/i0.wp.com\/www.shqiperia.com\/blog\/wp-content\/uploads\/2026\/05\/auto_FARAONI1777830684.webp?fit=720%2C405&ssl=1&resize=350%2C200","width":350,"height":200,"srcset":"https:\/\/i0.wp.com\/www.shqiperia.com\/blog\/wp-content\/uploads\/2026\/05\/auto_FARAONI1777830684.webp?fit=720%2C405&ssl=1&resize=350%2C200 1x, https:\/\/i0.wp.com\/www.shqiperia.com\/blog\/wp-content\/uploads\/2026\/05\/auto_FARAONI1777830684.webp?fit=720%2C405&ssl=1&resize=525%2C300 1.5x, https:\/\/i0.wp.com\/www.shqiperia.com\/blog\/wp-content\/uploads\/2026\/05\/auto_FARAONI1777830684.webp?fit=720%2C405&ssl=1&resize=700%2C400 2x"},"classes":[]},{"id":100198,"url":"https:\/\/www.shqiperia.com\/blog\/tempulli-2600-vjecar-zbulohet-nen-delten-e-nilit\/","url_meta":{"origin":101073,"position":2},"title":"Tempulli 2600 vje\u00e7ar zbulohet n\u00ebn delt\u00ebn e Nilit","author":"Kurt Farka","date":"May 13, 2026","format":false,"excerpt":"13 Maji 2026 Radar\u00ebt satelitor\u00eb nxjerrin n\u00eb drit\u00eb nj\u00eb tempull t\u00eb humbur n\u00eb Egjipt Teknologjia satelitore zbulon n\u00ebn delt\u00ebn e Nilit nj\u00eb tembull 2600 vje\u00e7ar. Arkeolog\u00ebt zbuluan faltoren misterioze 6 metra n\u00ebn tok\u00eb i cili mendohet se \u00ebsht\u00eb nj\u00eb tempull i humbur i Egjiptit t\u00eb Lasht\u00eb. Zbulohet nj\u00eb nd\u00ebrtes\u00eb fetare\u2026","rel":"","context":"In &quot;Histori&quot;","block_context":{"text":"Histori","link":"https:\/\/www.shqiperia.com\/blog\/category\/histori\/"},"img":{"alt_text":"","src":"https:\/\/i0.wp.com\/www.shqiperia.com\/blog\/wp-content\/uploads\/2026\/05\/tempull-ne-Egjypt.jpg?fit=1024%2C576&ssl=1&resize=350%2C200","width":350,"height":200,"srcset":"https:\/\/i0.wp.com\/www.shqiperia.com\/blog\/wp-content\/uploads\/2026\/05\/tempull-ne-Egjypt.jpg?fit=1024%2C576&ssl=1&resize=350%2C200 1x, https:\/\/i0.wp.com\/www.shqiperia.com\/blog\/wp-content\/uploads\/2026\/05\/tempull-ne-Egjypt.jpg?fit=1024%2C576&ssl=1&resize=525%2C300 1.5x, https:\/\/i0.wp.com\/www.shqiperia.com\/blog\/wp-content\/uploads\/2026\/05\/tempull-ne-Egjypt.jpg?fit=1024%2C576&ssl=1&resize=700%2C400 2x"},"classes":[]},{"id":105150,"url":"https:\/\/www.shqiperia.com\/blog\/fbi-i-rikthen-egjiptit-48-objekte-te-lashta-dyshime-per-trafikim\/","url_meta":{"origin":101073,"position":3},"title":"FBI i rikthen Egjiptit 48 objekte t\u00eb lashta, dyshime p\u00ebr trafikim","author":"Kurt Farka","date":"August 25, 2026","format":false,"excerpt":"25 Gusht 2026 FBI-ja ka kthyer 48 objekte t\u00eb lashta egjiptiane n\u00eb Egjipt pas nj\u00eb hetimi nga Ekipi i saj i Krimit Kund\u00ebr Artit. Koleksioni p\u00ebrfshin figurina, amuleta dhe pajisje varresh q\u00eb datojn\u00eb nga periudhat faraonike, romake dhe kopte. Ndihm\u00ebsdrejtori i FBI-s\u00eb, Patrick Grandy, tha: \u201cK\u00ebto objekte p\u00ebrfaq\u00ebsojn\u00eb historin\u00eb e\u2026","rel":"","context":"In &quot;Blogu i Udh\u00ebtarit&quot;","block_context":{"text":"Blogu i Udh\u00ebtarit","link":"https:\/\/www.shqiperia.com\/blog\/category\/blogu-i-udhetarit\/"},"img":{"alt_text":"","src":"https:\/\/i0.wp.com\/www.shqiperia.com\/blog\/wp-content\/uploads\/2026\/08\/640-0-cd91221a0cc8afdb6b40b9e052534f59.jpg?fit=640%2C360&ssl=1&resize=350%2C200","width":350,"height":200,"srcset":"https:\/\/i0.wp.com\/www.shqiperia.com\/blog\/wp-content\/uploads\/2026\/08\/640-0-cd91221a0cc8afdb6b40b9e052534f59.jpg?fit=640%2C360&ssl=1&resize=350%2C200 1x, https:\/\/i0.wp.com\/www.shqiperia.com\/blog\/wp-content\/uploads\/2026\/08\/640-0-cd91221a0cc8afdb6b40b9e052534f59.jpg?fit=640%2C360&ssl=1&resize=525%2C300 1.5x"},"classes":[]},{"id":103947,"url":"https:\/\/www.shqiperia.com\/blog\/cila-eshte-kenga-me-e-vjeter-e-njohur-ne-bote\/","url_meta":{"origin":101073,"position":4},"title":"Cila \u00ebsht\u00eb k\u00ebnga m\u00eb e vjet\u00ebr e njohur n\u00eb bot\u00eb?","author":"Kurt Farka","date":"August 7, 2026","format":false,"excerpt":"7 Gusht 2026 N\u00eb fillim t\u00eb viteve 1950, arkeolog\u00ebt q\u00eb po g\u00ebrmonin nj\u00eb pallat t\u00eb shkat\u00ebrruar prej koh\u00ebsh n\u00eb qytetin-port t\u00eb lasht\u00eb sirian t\u00eb Ugaritit zbuluan 29 pllaka balte. Vet\u00ebm nj\u00ebra prej tyre mbijetoi pothuajse e paprekur, por ajo rezultoi e jasht\u00ebzakonshme: ruan pjes\u00ebn m\u00eb t\u00eb vjet\u00ebr t\u00eb plot\u00eb muzikore\u2026","rel":"","context":"In &quot;Blogu i Udh\u00ebtarit&quot;","block_context":{"text":"Blogu i Udh\u00ebtarit","link":"https:\/\/www.shqiperia.com\/blog\/category\/blogu-i-udhetarit\/"},"img":{"alt_text":"","src":"https:\/\/i0.wp.com\/www.shqiperia.com\/blog\/wp-content\/uploads\/2026\/08\/1212-2.webp?fit=1200%2C675&ssl=1&resize=350%2C200","width":350,"height":200,"srcset":"https:\/\/i0.wp.com\/www.shqiperia.com\/blog\/wp-content\/uploads\/2026\/08\/1212-2.webp?fit=1200%2C675&ssl=1&resize=350%2C200 1x, https:\/\/i0.wp.com\/www.shqiperia.com\/blog\/wp-content\/uploads\/2026\/08\/1212-2.webp?fit=1200%2C675&ssl=1&resize=525%2C300 1.5x, https:\/\/i0.wp.com\/www.shqiperia.com\/blog\/wp-content\/uploads\/2026\/08\/1212-2.webp?fit=1200%2C675&ssl=1&resize=700%2C400 2x, https:\/\/i0.wp.com\/www.shqiperia.com\/blog\/wp-content\/uploads\/2026\/08\/1212-2.webp?fit=1200%2C675&ssl=1&resize=1050%2C600 3x"},"classes":[]},{"id":101483,"url":"https:\/\/www.shqiperia.com\/blog\/rama-sulmon-protestuesit-hajvane-fryme-fashiste-po-demtojne-turizmin\/","url_meta":{"origin":101073,"position":5},"title":"Rama sulmon protestuesit: -Hajvan\u00eb, frym\u00eb fashiste! Po d\u00ebmtojn\u00eb turizmin","author":"Kurt Farka","date":"June 14, 2026","format":false,"excerpt":"Kryeministri Edi Rama ka zgjedhur q\u00eb s\u00ebrish t\u00eb sulmoj\u00eb protestuesit, q\u00eb prej dy jav\u00ebsh dalin \u00e7do dit\u00eb n\u00eb shesh p\u00ebr t\u00eb k\u00ebrkuar largimin e tij nga qeveria. N\u00eb rubrik\u00ebn \u2018sh\u00ebnimet e jav\u00ebs\u2019 n\u00eb potkastin e tij \u201cFlasim\u201d, kreu i qeveris\u00eb i konsideroi protestuesit si \u2018hajvan\u00eb\u2019 me mend\u00ebsi fashiste, q\u00eb si\u00e7\u2026","rel":"","context":"In &quot;Blogu i Udh\u00ebtarit&quot;","block_context":{"text":"Blogu i Udh\u00ebtarit","link":"https:\/\/www.shqiperia.com\/blog\/category\/blogu-i-udhetarit\/"},"img":{"alt_text":"","src":"https:\/\/i0.wp.com\/www.shqiperia.com\/blog\/wp-content\/uploads\/2026\/06\/rama-protestat1-433x300-1.jpg?fit=433%2C300&ssl=1&resize=350%2C200","width":350,"height":200},"classes":[]}],"_links":{"self":[{"href":"https:\/\/www.shqiperia.com\/blog\/wp-json\/wp\/v2\/posts\/101073","targetHints":{"allow":["GET"]}}],"collection":[{"href":"https:\/\/www.shqiperia.com\/blog\/wp-json\/wp\/v2\/posts"}],"about":[{"href":"https:\/\/www.shqiperia.com\/blog\/wp-json\/wp\/v2\/types\/post"}],"author":[{"embeddable":true,"href":"https:\/\/www.shqiperia.com\/blog\/wp-json\/wp\/v2\/users\/9"}],"replies":[{"embeddable":true,"href":"https:\/\/www.shqiperia.com\/blog\/wp-json\/wp\/v2\/comments?post=101073"}],"version-history":[{"count":1,"href":"https:\/\/www.shqiperia.com\/blog\/wp-json\/wp\/v2\/posts\/101073\/revisions"}],"predecessor-version":[{"id":101076,"href":"https:\/\/www.shqiperia.com\/blog\/wp-json\/wp\/v2\/posts\/101073\/revisions\/101076"}],"wp:featuredmedia":[{"embeddable":true,"href":"https:\/\/www.shqiperia.com\/blog\/wp-json\/wp\/v2\/media\/101074"}],"wp:attachment":[{"href":"https:\/\/www.shqiperia.com\/blog\/wp-json\/wp\/v2\/media?parent=101073"}],"wp:term":[{"taxonomy":"category","embeddable":true,"href":"https:\/\/www.shqiperia.com\/blog\/wp-json\/wp\/v2\/categories?post=101073"},{"taxonomy":"post_tag","embeddable":true,"href":"https:\/\/www.shqiperia.com\/blog\/wp-json\/wp\/v2\/tags?post=101073"}],"curies":[{"name":"wp","href":"https:\/\/api.w.org\/{rel}","templated":true}]}}