{"id":101067,"date":"2026-06-04T09:53:52","date_gmt":"2026-06-04T09:53:52","guid":{"rendered":"https:\/\/www.shqiperia.com\/blog\/?p=101067"},"modified":"2026-06-04T09:53:52","modified_gmt":"2026-06-04T09:53:52","slug":"rama-te-jape-doreheqjen-shqiperia-nuk-shitet-zeri-yne-dinjiteti-yne-e-ardhmja-jone-qytetaret-tejmbushen-bulevardin-per-4-dite-sot-protesta-e-5-kunder-projektit-ne-zvernec","status":"publish","type":"post","link":"https:\/\/www.shqiperia.com\/blog\/rama-te-jape-doreheqjen-shqiperia-nuk-shitet-zeri-yne-dinjiteti-yne-e-ardhmja-jone-qytetaret-tejmbushen-bulevardin-per-4-dite-sot-protesta-e-5-kunder-projektit-ne-zvernec\/","title":{"rendered":"Rama t\u00eb jap\u00eb dor\u00ebheqjen! Shqip\u00ebria nuk shitet! \u201cZ\u00ebri yn\u00eb, dinjiteti yn\u00eb, e ardhmja jon\u00eb\u201d\/ Qytetar\u00ebt tejmbush\u00ebn Bulevardin p\u00ebr 4 dit\u00eb, sot protesta e 5 kund\u00ebr projektit n\u00eb Zv\u00ebrnec"},"content":{"rendered":"<p><img data-recalc-dims=\"1\" loading=\"lazy\" decoding=\"async\" data-attachment-id=\"101068\" data-permalink=\"https:\/\/www.shqiperia.com\/blog\/rama-te-jape-doreheqjen-shqiperia-nuk-shitet-zeri-yne-dinjiteti-yne-e-ardhmja-jone-qytetaret-tejmbushen-bulevardin-per-4-dite-sot-protesta-e-5-kunder-projektit-ne-zvernec\/capture-20\/\" data-orig-file=\"https:\/\/i0.wp.com\/www.shqiperia.com\/blog\/wp-content\/uploads\/2026\/06\/Capture-20.jpg?fit=478%2C269&amp;ssl=1\" data-orig-size=\"478,269\" data-comments-opened=\"1\" data-image-meta=\"{&quot;aperture&quot;:&quot;0&quot;,&quot;credit&quot;:&quot;Besim Krasniqi&quot;,&quot;camera&quot;:&quot;&quot;,&quot;caption&quot;:&quot;&quot;,&quot;created_timestamp&quot;:&quot;1780567153&quot;,&quot;copyright&quot;:&quot;&quot;,&quot;focal_length&quot;:&quot;0&quot;,&quot;iso&quot;:&quot;0&quot;,&quot;shutter_speed&quot;:&quot;0&quot;,&quot;title&quot;:&quot;&quot;,&quot;orientation&quot;:&quot;0&quot;}\" data-image-title=\"Capture-20\" data-image-description=\"\" data-image-caption=\"\" data-medium-file=\"https:\/\/i0.wp.com\/www.shqiperia.com\/blog\/wp-content\/uploads\/2026\/06\/Capture-20.jpg?fit=300%2C169&amp;ssl=1\" data-large-file=\"https:\/\/i0.wp.com\/www.shqiperia.com\/blog\/wp-content\/uploads\/2026\/06\/Capture-20.jpg?fit=478%2C269&amp;ssl=1\" class=\"alignnone  wp-image-101068\" alt=\"\" src=\"https:\/\/i0.wp.com\/www.shqiperia.com\/blog\/wp-content\/uploads\/2026\/06\/Capture-20.jpg?resize=683%2C385&#038;ssl=1\" width=\"683\" height=\"385\" srcset=\"https:\/\/i0.wp.com\/www.shqiperia.com\/blog\/wp-content\/uploads\/2026\/06\/Capture-20.jpg?resize=300%2C169&amp;ssl=1 300w, https:\/\/i0.wp.com\/www.shqiperia.com\/blog\/wp-content\/uploads\/2026\/06\/Capture-20.jpg?resize=450%2C253&amp;ssl=1 450w, https:\/\/i0.wp.com\/www.shqiperia.com\/blog\/wp-content\/uploads\/2026\/06\/Capture-20.jpg?resize=400%2C225&amp;ssl=1 400w, https:\/\/i0.wp.com\/www.shqiperia.com\/blog\/wp-content\/uploads\/2026\/06\/Capture-20.jpg?w=478&amp;ssl=1 478w\" sizes=\"auto, (max-width: 683px) 100vw, 683px\" \/><\/p>\n<p>4 Qershor 2026<\/p>\n<p>Mbahet sot n\u00eb or\u00ebn 18:00 protesta e pest\u00eb e qytetar\u00ebve kund\u00ebr projektit t\u00eb nd\u00ebrtimit t\u00eb resortit n\u00eb zon\u00ebn e mbrojtur n\u00eb Zv\u00ebrnec.<\/p>\n<p>Grumbullimi i qytetar\u00ebve do t\u00eb b\u00ebhet s\u00ebrish n\u00eb sheshin \u201cSk\u00ebnderbej\u201d dhe m\u00eb pas do t\u00eb marshohet drejt Kryeministris\u00eb.<\/p>\n<p>\u201cZ\u00ebri yn\u00eb, dinjiteti yn\u00eb, e ardhmja jon\u00eb\u201d, \u00ebsht\u00eb slogani i protest\u00ebs s\u00eb sotme.<\/p>\n<div class=\"ai-viewport-1\" data-insertion-position=\"prepend\" data-selector=\".ai-insert-7-46112305\" data-insertion-no-dbg=\"\" data-code=\"PGRpdiBjbGFzcz0nY29kZS1ibG9jayBjb2RlLWJsb2NrLTcnIHN0eWxlPSdtYXJnaW46IDhweCAwOyBjbGVhcjogYm90aDsnPgo8L2Rpdj4K\" data-block=\"7\">\n<div class=\"code-block code-block-7\"><\/div>\n<\/div>\n<figure style=\"width: 869px\" class=\"wp-caption alignnone\" id=\"attachment_2982636\" aria-describedby=\"caption-attachment-2982636\"><a href=\"https:\/\/i0.wp.com\/www.balkanweb.com\/wp-content\/uploads\/2026\/06\/WhatsApp-Image-2026-06-04-at-09.34.23.jpeg?ssl=1\"><img data-recalc-dims=\"1\" loading=\"lazy\" decoding=\"async\" class=\"wp-image-2982636 \" alt=\"Whatsapp Image 2026 06 04 At 09.34.23\" src=\"https:\/\/i0.wp.com\/www.balkanweb.com\/wp-content\/uploads\/2026\/06\/WhatsApp-Image-2026-06-04-at-09.34.23.jpeg?resize=869%2C1149&#038;ssl=1\" width=\"869\" height=\"1149\" \/><\/a><\/figure>\n<p>Qytetar\u00ebt e kan\u00eb b\u00ebr\u00eb t\u00eb qart\u00eb se kjo protest\u00eb \u00ebsht\u00eb jasht\u00eb politik\u00ebs dhe kjo \u00ebsht\u00eb v\u00ebn\u00eb re edhe gjat\u00eb protestave t\u00eb m\u00ebparshme ku qytetar\u00ebt th\u00ebrrisni \u201cRama n\u2019burg, Berisha n\u2019burg\u2019.<\/p>\n<p>Tubimi i djesh\u00ebm nisi me tensione ku policia kishte vendosur gardhe metalik\u00eb, gj\u00eb q\u00eb nuk i ka penguar qytetar\u00ebt t\u00eb bashkohen pas p\u00ebrplasjes me efektiv\u00ebt apo faktit q\u00eb ndaj tyre u p\u00ebrdor uj\u00eb me piper nga autobotet.<\/p>\n<p>N\u00eb kor, protestuesit artikuluan nj\u00eb s\u00ebr\u00eb sloganesh, mes tyre thirrje p\u00ebr dor\u00ebheqje t\u00eb qeveris\u00eb dhe kryeministrit Edi Rama.<\/p>\n<div class=\"post-copyright\"><span>Balkan<\/span><span>Web<\/span><\/div>\n","protected":false},"excerpt":{"rendered":"<p>4 Qershor 2026 Mbahet sot n\u00eb or\u00ebn 18:00 protesta e pest\u00eb e qytetar\u00ebve kund\u00ebr projektit t\u00eb nd\u00ebrtimit t\u00eb resortit n\u00eb zon\u00ebn e mbrojtur n\u00eb Zv\u00ebrnec. Grumbullimi i qytetar\u00ebve do t\u00eb b\u00ebhet s\u00ebrish n\u00eb sheshin \u201cSk\u00ebnderbej\u201d dhe m\u00eb pas do t\u00eb marshohet drejt Kryeministris\u00eb. \u201cZ\u00ebri yn\u00eb, dinjiteti yn\u00eb, e ardhmja jon\u00eb\u201d, \u00ebsht\u00eb slogani i protest\u00ebs s\u00eb [&hellip;]<\/p>\n","protected":false},"author":9,"featured_media":101068,"comment_status":"open","ping_status":"open","sticky":false,"template":"","format":"standard","meta":{"jetpack_post_was_ever_published":false,"_jetpack_newsletter_access":"","_jetpack_dont_email_post_to_subs":false,"_jetpack_newsletter_tier_id":0,"_jetpack_memberships_contains_paywalled_content":false,"_jetpack_memberships_contains_paid_content":false,"footnotes":"","jetpack_publicize_message":"","jetpack_publicize_feature_enabled":true,"jetpack_social_post_already_shared":true,"jetpack_social_options":{"image_generator_settings":{"template":"highway","default_image_id":0,"font":"","enabled":false},"version":2}},"categories":[27,10,1,2,35],"tags":[],"class_list":["post-101067","post","type-post","status-publish","format-standard","has-post-thumbnail","hentry","category-blogu-i-udhetarit","category-kultura","category-njoftime-shtypi","category-politika","category-shoqerore"],"jetpack_publicize_connections":[],"jetpack_featured_media_url":"https:\/\/i0.wp.com\/www.shqiperia.com\/blog\/wp-content\/uploads\/2026\/06\/Capture-20.jpg?fit=478%2C269&ssl=1","jetpack_sharing_enabled":true,"jetpack_shortlink":"https:\/\/wp.me\/p5Z6wp-qi7","jetpack-related-posts":[{"id":101498,"url":"https:\/\/www.shqiperia.com\/blog\/shqiperia-nuk-shitet-qytetaret-zbresin-serish-ne-shesh-ne-diten-e-15-te\/","url_meta":{"origin":101067,"position":0},"title":"\u201cShqip\u00ebria nuk shitet\u201d\/ Qytetar\u00ebt zbresin s\u00ebrish n\u00eb shesh n\u00eb dit\u00ebn e 15-t\u00eb","author":"Kurt Farka","date":"June 14, 2026","format":false,"excerpt":"Me thirrjet \u201cRama jep dor\u00ebheqjen\u201d mij\u00ebra qytetar\u00eb pritet t\u00eb mblidhen s\u00ebrish sot n\u00eb protest\u00ebn e 15 resht, duke k\u00ebrkuar largimin e Rama\u00ebs. N\u00ebn sloganin \u201cShqip\u00ebria nuk shitet, z\u00ebri yn\u00eb, dinjiteti yn\u00eb, e ardhmja nuk shitet\u201d, qytetar\u00ebt do t\u00eb grumbullohen si \u00e7do dit\u00eb n\u00eb sheshin \u201cSk\u00ebnderbej\u201d dhe m\u00eb pas nis marshimi\u2026","rel":"","context":"In &quot;Blogu i Udh\u00ebtarit&quot;","block_context":{"text":"Blogu i Udh\u00ebtarit","link":"https:\/\/www.shqiperia.com\/blog\/category\/blogu-i-udhetarit\/"},"img":{"alt_text":"","src":"https:\/\/i0.wp.com\/www.shqiperia.com\/blog\/wp-content\/uploads\/2026\/06\/640-0-8e0c19bf3d47e79b55c326eef7483921-1.jpeg?fit=640%2C394&ssl=1&resize=350%2C200","width":350,"height":200,"srcset":"https:\/\/i0.wp.com\/www.shqiperia.com\/blog\/wp-content\/uploads\/2026\/06\/640-0-8e0c19bf3d47e79b55c326eef7483921-1.jpeg?fit=640%2C394&ssl=1&resize=350%2C200 1x, https:\/\/i0.wp.com\/www.shqiperia.com\/blog\/wp-content\/uploads\/2026\/06\/640-0-8e0c19bf3d47e79b55c326eef7483921-1.jpeg?fit=640%2C394&ssl=1&resize=525%2C300 1.5x"},"classes":[]},{"id":101972,"url":"https:\/\/www.shqiperia.com\/blog\/shba-aleati-yne-me-i-madh-thirrja-e-protestuesit-4-korriku-proteste-mbarekombetare-bashkohuni-sot-ne-shesh-4-europarlamentare\/","url_meta":{"origin":101067,"position":1},"title":"\u201cSHBA aleati yn\u00eb m\u00eb i madh\u201d\/ Thirrja e protestuesit: 4 korriku protest\u00eb mbar\u00ebkomb\u00ebtare: &#8211; Bashkohuni! Sot n\u00eb shesh 4 europarlamentar\u00eb","author":"Kurt Farka","date":"June 29, 2026","format":false,"excerpt":"29 Qershor 2026 \u00cbsht\u00eb mbajtur sot (dt. 29) protesta e 29 kund\u00ebr kryeministrit Edi Rama. Me thirrjet e tyre Rama jepe dor\u00ebheqjen ka vijuar edhe tubimi i sot\u00ebm. N\u00eb fjal\u00ebn e tij, nj\u00eb protestues ka b\u00ebr\u00eb thirrje q\u00eb t\u00eb q\u00ebndrojn\u00eb t\u00eb bashkuar, nd\u00ebrsa theksoi se m\u00eb 4 korrik mbahet protesta\u2026","rel":"","context":"In &quot;Blogu i Udh\u00ebtarit&quot;","block_context":{"text":"Blogu i Udh\u00ebtarit","link":"https:\/\/www.shqiperia.com\/blog\/category\/blogu-i-udhetarit\/"},"img":{"alt_text":"","src":"https:\/\/i0.wp.com\/www.shqiperia.com\/blog\/wp-content\/uploads\/2026\/06\/masiveeeeeeeeeeeeee.jpg?fit=1017%2C530&ssl=1&resize=350%2C200","width":350,"height":200,"srcset":"https:\/\/i0.wp.com\/www.shqiperia.com\/blog\/wp-content\/uploads\/2026\/06\/masiveeeeeeeeeeeeee.jpg?fit=1017%2C530&ssl=1&resize=350%2C200 1x, https:\/\/i0.wp.com\/www.shqiperia.com\/blog\/wp-content\/uploads\/2026\/06\/masiveeeeeeeeeeeeee.jpg?fit=1017%2C530&ssl=1&resize=525%2C300 1.5x, https:\/\/i0.wp.com\/www.shqiperia.com\/blog\/wp-content\/uploads\/2026\/06\/masiveeeeeeeeeeeeee.jpg?fit=1017%2C530&ssl=1&resize=700%2C400 2x"},"classes":[]},{"id":100955,"url":"https:\/\/www.shqiperia.com\/blog\/anulim-projekti-dhe-doreheqje-e-rames-protesta-qytetare\/","url_meta":{"origin":101067,"position":2},"title":"\u201cAnulim projekti dhe dor\u00ebheqje e Ram\u00ebs\u201d\/ Protesta Qytetare","author":"Kurt Farka","date":"June 2, 2026","format":false,"excerpt":"2 Qershor 2026 Pas tre or\u00ebsh, \u00ebsht\u00eb mbyllur protesta e tret\u00eb qytetare e zhvilluar n\u00eb Tiran\u00eb kund\u00ebr projektit t\u00eb nd\u00ebrtimit n\u00eb zon\u00ebn e mbrojtur t\u00eb Zv\u00ebrnecit. Tubimi u mbajt n\u00eb Bulevardin \u201cD\u00ebshmor\u00ebt e Kombit\u201d dhe para Kryemninistris\u00eb, ku protestuesit p\u00ebrs\u00ebrit\u00ebn kund\u00ebrshtimin e tyre ndaj projektit, duke k\u00ebrkuar anulimin e tij\u2026","rel":"","context":"In &quot;Blogu i Udh\u00ebtarit&quot;","block_context":{"text":"Blogu i Udh\u00ebtarit","link":"https:\/\/www.shqiperia.com\/blog\/category\/blogu-i-udhetarit\/"},"img":{"alt_text":"","src":"https:\/\/i0.wp.com\/www.shqiperia.com\/blog\/wp-content\/uploads\/2026\/06\/WhatsApp-Image-2026-06-02-at-21.14.58-1-675x450-1.jpeg?fit=675%2C450&ssl=1&resize=350%2C200","width":350,"height":200,"srcset":"https:\/\/i0.wp.com\/www.shqiperia.com\/blog\/wp-content\/uploads\/2026\/06\/WhatsApp-Image-2026-06-02-at-21.14.58-1-675x450-1.jpeg?fit=675%2C450&ssl=1&resize=350%2C200 1x, https:\/\/i0.wp.com\/www.shqiperia.com\/blog\/wp-content\/uploads\/2026\/06\/WhatsApp-Image-2026-06-02-at-21.14.58-1-675x450-1.jpeg?fit=675%2C450&ssl=1&resize=525%2C300 1.5x"},"classes":[]},{"id":104105,"url":"https:\/\/www.shqiperia.com\/blog\/71-dite-revolte-kombetare-kunder-kastes-politike-qytetaret-te-vendosur-deri-ne-realizimin-e-objektivave\/","url_meta":{"origin":101067,"position":3},"title":"71 dit\u00eb revolt\u00eb komb\u00ebtare kund\u00ebr Kast\u00ebs politike, qytetar\u00ebt t\u00eb vendosur deri n\u00eb realizimin e objektivave","author":"Kurt Farka","date":"August 10, 2026","format":false,"excerpt":"10 Gusht 2026 Protesta qytetare kund\u00ebr qeveris\u00eb dhe klas\u00ebs politike do t\u00eb vijoj\u00eb edhe sot, duke hyr\u00eb n\u00eb dit\u00ebn e 71-t\u00eb. Qytetar\u00ebt edhe k\u00ebt\u00eb t\u00eb die; pritet t\u00eb mblidhen n\u00eb sheshin \u201cSk\u00ebnderbej\u201d, nga ku do t\u00eb marshojn\u00eb drejt Kryeministris\u00eb. K\u00ebrkesa kryesore e protestuesve mbetet dor\u00ebheqja e kryeministrit Edi Rama. Protesta,\u2026","rel":"","context":"In &quot;Blogu i Udh\u00ebtarit&quot;","block_context":{"text":"Blogu i Udh\u00ebtarit","link":"https:\/\/www.shqiperia.com\/blog\/category\/blogu-i-udhetarit\/"},"img":{"alt_text":"","src":"https:\/\/i0.wp.com\/www.shqiperia.com\/blog\/wp-content\/uploads\/2026\/08\/auto_Protesta-foto-masive11785863100-1.jpg?fit=900%2C506&ssl=1&resize=350%2C200","width":350,"height":200,"srcset":"https:\/\/i0.wp.com\/www.shqiperia.com\/blog\/wp-content\/uploads\/2026\/08\/auto_Protesta-foto-masive11785863100-1.jpg?fit=900%2C506&ssl=1&resize=350%2C200 1x, https:\/\/i0.wp.com\/www.shqiperia.com\/blog\/wp-content\/uploads\/2026\/08\/auto_Protesta-foto-masive11785863100-1.jpg?fit=900%2C506&ssl=1&resize=525%2C300 1.5x, https:\/\/i0.wp.com\/www.shqiperia.com\/blog\/wp-content\/uploads\/2026\/08\/auto_Protesta-foto-masive11785863100-1.jpg?fit=900%2C506&ssl=1&resize=700%2C400 2x"},"classes":[]},{"id":101578,"url":"https:\/\/www.shqiperia.com\/blog\/kryeministri-yne-sociolog-te-kerkosh-llogari-nuk-eshte-dhune\/","url_meta":{"origin":101067,"position":4},"title":"Kryeministri yn\u00eb \u201csociolog\u201d \u2013 T\u00eb k\u00ebrkosh llogari nuk \u00ebsht\u00eb dhun\u00eb","author":"Kurt Farka","date":"June 18, 2026","format":false,"excerpt":"Nga Fatos Tarifa Sapo lexova kryeministrin e vendit t\u00eb shprehet s\u00ebrish p\u00ebr protestat e fundit n\u00eb Shqip\u00ebri, k\u00ebt\u00eb her\u00eb p\u00ebrmes spekulimesh teorike q\u00eb lidhen me sociologjin\u00eb politike. Kjo \u00ebsht\u00eb fusha ime e ekspertiz\u00ebs akademike, jo e kryeministrit, ndaj edhe nuk mund t\u00eb rri pa v\u00ebn\u00eb n\u00eb dukje pathemelt\u00ebsin\u00eb dhe dilentatizmin\u2026","rel":"","context":"In &quot;Blogu i Udh\u00ebtarit&quot;","block_context":{"text":"Blogu i Udh\u00ebtarit","link":"https:\/\/www.shqiperia.com\/blog\/category\/blogu-i-udhetarit\/"},"img":{"alt_text":"","src":"https:\/\/i0.wp.com\/www.shqiperia.com\/blog\/wp-content\/uploads\/2026\/06\/1781637540_pankarta15-768x576-1.jpg?fit=768%2C576&ssl=1&resize=350%2C200","width":350,"height":200,"srcset":"https:\/\/i0.wp.com\/www.shqiperia.com\/blog\/wp-content\/uploads\/2026\/06\/1781637540_pankarta15-768x576-1.jpg?fit=768%2C576&ssl=1&resize=350%2C200 1x, https:\/\/i0.wp.com\/www.shqiperia.com\/blog\/wp-content\/uploads\/2026\/06\/1781637540_pankarta15-768x576-1.jpg?fit=768%2C576&ssl=1&resize=525%2C300 1.5x, https:\/\/i0.wp.com\/www.shqiperia.com\/blog\/wp-content\/uploads\/2026\/06\/1781637540_pankarta15-768x576-1.jpg?fit=768%2C576&ssl=1&resize=700%2C400 2x"},"classes":[]},{"id":100816,"url":"https:\/\/www.shqiperia.com\/blog\/protesta-qytetare-zhvendoset-nga-ministria-e-brendshme-te-kryeministria\/","url_meta":{"origin":101067,"position":5},"title":"Protesta Qytetare zhvendoset nga Ministria e Brendshme te Kryeministria","author":"Kurt Farka","date":"May 31, 2026","format":false,"excerpt":"31 Maji 2026 Qytetar\u00eb t\u00eb shum\u00eb jan\u00eb mbledhur p\u00ebrpara Ministris\u00eb s\u00eb Brendshme. Protesta \u00ebsht\u00eb organizuar n\u00eb lidhje me ngjarjen n\u00eb Zv\u00ebrnec, pas dhun\u00ebs s\u00eb ndodhur ndaj qytetar\u00ebve q\u00eb protestonin n\u00eb Zv\u00ebrnec. Banor\u00ebt n\u00eb Zv\u00ebrnec kan\u00eb protestuar kund\u00ebr nd\u00ebrtimeve n\u00eb zon\u00ebn e mbrojtur, nd\u00ebrsa theksojn\u00eb se mbrojn\u00eb pron\u00ebn e tyre. N\u00eb\u2026","rel":"","context":"In &quot;Blogu i Udh\u00ebtarit&quot;","block_context":{"text":"Blogu i Udh\u00ebtarit","link":"https:\/\/www.shqiperia.com\/blog\/category\/blogu-i-udhetarit\/"},"img":{"alt_text":"","src":"https:\/\/i0.wp.com\/www.shqiperia.com\/blog\/wp-content\/uploads\/2026\/05\/Protesta-Qytetare.jpeg?fit=1200%2C800&ssl=1&resize=350%2C200","width":350,"height":200,"srcset":"https:\/\/i0.wp.com\/www.shqiperia.com\/blog\/wp-content\/uploads\/2026\/05\/Protesta-Qytetare.jpeg?fit=1200%2C800&ssl=1&resize=350%2C200 1x, https:\/\/i0.wp.com\/www.shqiperia.com\/blog\/wp-content\/uploads\/2026\/05\/Protesta-Qytetare.jpeg?fit=1200%2C800&ssl=1&resize=525%2C300 1.5x, https:\/\/i0.wp.com\/www.shqiperia.com\/blog\/wp-content\/uploads\/2026\/05\/Protesta-Qytetare.jpeg?fit=1200%2C800&ssl=1&resize=700%2C400 2x, https:\/\/i0.wp.com\/www.shqiperia.com\/blog\/wp-content\/uploads\/2026\/05\/Protesta-Qytetare.jpeg?fit=1200%2C800&ssl=1&resize=1050%2C600 3x"},"classes":[]}],"_links":{"self":[{"href":"https:\/\/www.shqiperia.com\/blog\/wp-json\/wp\/v2\/posts\/101067","targetHints":{"allow":["GET"]}}],"collection":[{"href":"https:\/\/www.shqiperia.com\/blog\/wp-json\/wp\/v2\/posts"}],"about":[{"href":"https:\/\/www.shqiperia.com\/blog\/wp-json\/wp\/v2\/types\/post"}],"author":[{"embeddable":true,"href":"https:\/\/www.shqiperia.com\/blog\/wp-json\/wp\/v2\/users\/9"}],"replies":[{"embeddable":true,"href":"https:\/\/www.shqiperia.com\/blog\/wp-json\/wp\/v2\/comments?post=101067"}],"version-history":[{"count":1,"href":"https:\/\/www.shqiperia.com\/blog\/wp-json\/wp\/v2\/posts\/101067\/revisions"}],"predecessor-version":[{"id":101069,"href":"https:\/\/www.shqiperia.com\/blog\/wp-json\/wp\/v2\/posts\/101067\/revisions\/101069"}],"wp:featuredmedia":[{"embeddable":true,"href":"https:\/\/www.shqiperia.com\/blog\/wp-json\/wp\/v2\/media\/101068"}],"wp:attachment":[{"href":"https:\/\/www.shqiperia.com\/blog\/wp-json\/wp\/v2\/media?parent=101067"}],"wp:term":[{"taxonomy":"category","embeddable":true,"href":"https:\/\/www.shqiperia.com\/blog\/wp-json\/wp\/v2\/categories?post=101067"},{"taxonomy":"post_tag","embeddable":true,"href":"https:\/\/www.shqiperia.com\/blog\/wp-json\/wp\/v2\/tags?post=101067"}],"curies":[{"name":"wp","href":"https:\/\/api.w.org\/{rel}","templated":true}]}}