{"id":101041,"date":"2026-06-03T23:07:08","date_gmt":"2026-06-03T23:07:08","guid":{"rendered":"https:\/\/www.shqiperia.com\/blog\/?p=101041"},"modified":"2026-06-03T23:13:20","modified_gmt":"2026-06-03T23:13:20","slug":"proteste-madheshtore-dhe-civile-ish-ambasadori-tarifa-i-kujton-lidershipit-se-populli-te-zgjedh-mjaft-me","status":"publish","type":"post","link":"https:\/\/www.shqiperia.com\/blog\/proteste-madheshtore-dhe-civile-ish-ambasadori-tarifa-i-kujton-lidershipit-se-populli-te-zgjedh-mjaft-me\/","title":{"rendered":"\u201cProtest\u00eb madh\u00ebshtore dhe civile\u201d, ish-ambasadori Tarifa: &#8211; I kujton lidershipit se populli t\u00eb zgjedh, mjaft me\u2026"},"content":{"rendered":"<p><img data-recalc-dims=\"1\" loading=\"lazy\" decoding=\"async\" data-attachment-id=\"101046\" data-permalink=\"https:\/\/www.shqiperia.com\/blog\/proteste-madheshtore-dhe-civile-ish-ambasadori-tarifa-i-kujton-lidershipit-se-populli-te-zgjedh-mjaft-me\/whatsapp-image-2026-06-02-at-21-14-58-1-675x450-1-3\/\" data-orig-file=\"https:\/\/i0.wp.com\/www.shqiperia.com\/blog\/wp-content\/uploads\/2026\/06\/WhatsApp-Image-2026-06-02-at-21.14.58-1-675x450-1-2.jpeg?fit=675%2C450&amp;ssl=1\" data-orig-size=\"675,450\" data-comments-opened=\"1\" data-image-meta=\"{&quot;aperture&quot;:&quot;0&quot;,&quot;credit&quot;:&quot;&quot;,&quot;camera&quot;:&quot;&quot;,&quot;caption&quot;:&quot;&quot;,&quot;created_timestamp&quot;:&quot;0&quot;,&quot;copyright&quot;:&quot;&quot;,&quot;focal_length&quot;:&quot;0&quot;,&quot;iso&quot;:&quot;0&quot;,&quot;shutter_speed&quot;:&quot;0&quot;,&quot;title&quot;:&quot;&quot;,&quot;orientation&quot;:&quot;0&quot;}\" data-image-title=\"WhatsApp-Image-2026-06-02-at-21.14.58-1-675&#215;450-1\" data-image-description=\"\" data-image-caption=\"\" data-medium-file=\"https:\/\/i0.wp.com\/www.shqiperia.com\/blog\/wp-content\/uploads\/2026\/06\/WhatsApp-Image-2026-06-02-at-21.14.58-1-675x450-1-2.jpeg?fit=300%2C200&amp;ssl=1\" data-large-file=\"https:\/\/i0.wp.com\/www.shqiperia.com\/blog\/wp-content\/uploads\/2026\/06\/WhatsApp-Image-2026-06-02-at-21.14.58-1-675x450-1-2.jpeg?fit=675%2C450&amp;ssl=1\" class=\"alignnone wp-image-101046\" alt=\"\" src=\"https:\/\/i0.wp.com\/www.shqiperia.com\/blog\/wp-content\/uploads\/2026\/06\/WhatsApp-Image-2026-06-02-at-21.14.58-1-675x450-1-2.jpeg?resize=740%2C493&#038;ssl=1\" width=\"740\" height=\"493\" srcset=\"https:\/\/i0.wp.com\/www.shqiperia.com\/blog\/wp-content\/uploads\/2026\/06\/WhatsApp-Image-2026-06-02-at-21.14.58-1-675x450-1-2.jpeg?resize=300%2C200&amp;ssl=1 300w, https:\/\/i0.wp.com\/www.shqiperia.com\/blog\/wp-content\/uploads\/2026\/06\/WhatsApp-Image-2026-06-02-at-21.14.58-1-675x450-1-2.jpeg?resize=600%2C400&amp;ssl=1 600w, https:\/\/i0.wp.com\/www.shqiperia.com\/blog\/wp-content\/uploads\/2026\/06\/WhatsApp-Image-2026-06-02-at-21.14.58-1-675x450-1-2.jpeg?resize=450%2C300&amp;ssl=1 450w, https:\/\/i0.wp.com\/www.shqiperia.com\/blog\/wp-content\/uploads\/2026\/06\/WhatsApp-Image-2026-06-02-at-21.14.58-1-675x450-1-2.jpeg?resize=400%2C267&amp;ssl=1 400w, https:\/\/i0.wp.com\/www.shqiperia.com\/blog\/wp-content\/uploads\/2026\/06\/WhatsApp-Image-2026-06-02-at-21.14.58-1-675x450-1-2.jpeg?w=675&amp;ssl=1 675w\" sizes=\"auto, (max-width: 740px) 100vw, 740px\" \/><\/p>\n<p>3 Qershor 2026<\/p>\n<p>Ish-ambasadori dhe diplomati Fatos Tarifa, i ftuar n\u00eb nj\u00eb studio televizive ka komentuar protest\u00ebn e radh\u00ebs q\u00eb u zhvillua sot n\u00eb kryeqytet. Tarifa e cil\u00ebsoi k\u00ebt\u00eb tubim si nj\u00eb protest\u00eb t\u00ebr\u00ebsisht qytetare, legjitime dhe t\u00eb vonuar, duke v\u00ebn\u00eb n\u00eb dukje kultur\u00ebn e lart\u00eb t\u00eb treguar nga pjes\u00ebmarr\u00ebsit.<\/p>\n<p>Sipas diplomatit, kjo l\u00ebvizje vjen si nj\u00eb reagim ndaj m\u00ebnyr\u00ebs se si po qeveris kryeministri, duke kritikuar hapur at\u00eb q\u00eb ai e quajti \u201carroganc\u00eb\u201d t\u00eb pushtetit q\u00eb zgjat prej vitesh.<\/p>\n<p>Tarifa u shpreh se ndryshe nga tubimet e dhunshme me t\u00eb cilat vendi \u00ebsht\u00eb p\u00ebrballur n\u00eb historin\u00eb e vet 35-vje\u00e7are, kjo e sotmja tregoi nj\u00eb standard t\u00eb ri qytetarie. Ai vler\u00ebsoi ve\u00e7an\u00ebrisht gjestin e pastrimit t\u00eb bulevardit nga vet\u00eb protestuesit n\u00eb p\u00ebrfundim t\u00eb tubimit.<\/p>\n<p>\u201cNuk ka em\u00ebr tjet\u00ebr ve\u00e7se nj\u00eb protest\u00eb qytetare, nj\u00eb protest\u00eb e vonuar sepse kushtet p\u00ebr t\u00eb protestuar ndaj m\u00ebnyr\u00ebs se si po qeveris kryeministri i sot\u00ebm nuk jan\u00eb t\u00eb reja\u2026 P\u00ebr her\u00eb t\u00eb par\u00eb e shohim k\u00ebt\u00eb. Kemi par\u00eb iniciativa vullnetare t\u00eb pastruar plazhet para se t\u00eb filloj\u00eb sezoni, por mbas nj\u00eb proteste ne jemi m\u00ebsuar me protesta t\u00eb dhunshme dhe bulevardi ishte nj\u00eb fush\u00eb betej\u00eb deri pak koh\u00eb m\u00eb par\u00eb. Tani shohim nj\u00eb vet\u00eborganizim\u2026 Un\u00eb them \u00ebsht\u00eb nj\u00eb gj\u00eb e r\u00ebnd\u00ebsishme edhe madh\u00ebshtore,\u201d deklaroi Tarifa.<\/p>\n<p>Ish-ambasadori nuk i kurseu kritikat ndaj reagimeve t\u00eb kreut t\u00eb qeveris\u00eb ndaj qytetar\u00ebve q\u00eb mbush\u00ebn bulevardin, duke i cil\u00ebsuar ato si t\u00eb pap\u00ebrgjegjshme dhe arrogante.<\/p>\n<p>\u201cKa koh\u00eb q\u00eb n\u00eb krye t\u00eb qeveris\u00eb ky kryeminist\u00ebr \u00ebsht\u00eb sjell\u00eb n\u00eb nj\u00eb m\u00ebnyr\u00eb t\u00eb till\u00eb me nj\u00eb arroganc\u00eb t\u00eb cil\u00ebn un\u00eb e kam v\u00ebn\u00eb n\u00eb dukje vite m\u00eb par\u00eb\u2026 dhe q\u00eb duket p\u00ebrs\u00ebri n\u00eb reagimet q\u00eb b\u00ebn k\u00ebto dit\u00eb ndaj protestuesve duke i konsideruar ata njer\u00ebz pavler\u00eb q\u00eb i sillen bulevardit, q\u00eb s\u2019din\u00eb \u00e7\u2019b\u00ebjn\u00eb, q\u00eb s\u2019kan\u00eb k\u00ebrkesa e nuk din\u00eb v\u00ebrtet\u00eb \u00e7\u2019k\u00ebrkojn\u00eb,\u201d u shpreh profesor Tarifa.<\/p>\n<p>Diplomati vuri n\u00eb dukje edhe atmosfer\u00ebn dhe p\u00ebrb\u00ebrjen e tubimit qytetar, duke e cil\u00ebsuar si nj\u00eb organizim shum\u00ebngjyr\u00ebsh ku dominonte prania e grave, vajzave dhe f\u00ebmij\u00ebve.<\/p>\n<p>\u201cAjo q\u00eb m\u00eb b\u00ebri p\u00ebrshtypje tani q\u00eb shikoja, ishte nj\u00eb protest\u00eb shum\u00ebngjyr\u00ebshe. Binte n\u00eb sy ngjyra e bardh\u00eb, roz\u00eb, e kalt\u00ebr. Pra kishte shum\u00eb prani fem\u00ebrore n\u00eb k\u00ebt\u00eb protest\u00eb, ndryshe nga t\u00eb tjerat, edhe f\u00ebmij\u00eb padyshim deri n\u00eb or\u00ebt e vona me prind\u00ebrit e tyre,\u201d tha ai.<\/p>\n<p>N\u00eb mbyllje t\u00eb analiz\u00ebs s\u00eb tij, Fatos Tarifa theksoi se ky tubim sh\u00ebrben si nj\u00eb leksion i fort\u00eb p\u00ebr klas\u00ebn politike n\u00eb vend se kush e mban v\u00ebrtet sovranitetin.<\/p>\n<p>\u201c\u00cbsht\u00eb nj\u00eb protest\u00eb e r\u00ebnd\u00ebsishme sepse i kujton lidershipit ton\u00eb q\u00eb \u00ebsht\u00eb populli ai q\u00eb t\u00eb zgjedh, \u00ebsht\u00eb populli ai q\u00eb t\u00eb thot\u00eb se \u00e7far\u00eb do t\u00eb b\u00ebsh ti me k\u00ebt\u00eb popull. Jo si t\u00eb duash ti, por si t\u00eb doj\u00eb populli. Prandaj themi qeveria \u00ebsht\u00eb e popullit, p\u00ebr popullin edhe nga populli,\u201d p\u00ebrfundoi Tarifa..<\/p>\n","protected":false},"excerpt":{"rendered":"<p>3 Qershor 2026 Ish-ambasadori dhe diplomati Fatos Tarifa, i ftuar n\u00eb nj\u00eb studio televizive ka komentuar protest\u00ebn e radh\u00ebs q\u00eb u zhvillua sot n\u00eb kryeqytet. Tarifa e cil\u00ebsoi k\u00ebt\u00eb tubim si nj\u00eb protest\u00eb t\u00ebr\u00ebsisht qytetare, legjitime dhe t\u00eb vonuar, duke v\u00ebn\u00eb n\u00eb dukje kultur\u00ebn e lart\u00eb t\u00eb treguar nga pjes\u00ebmarr\u00ebsit. Sipas diplomatit, kjo l\u00ebvizje vjen [&hellip;]<\/p>\n","protected":false},"author":9,"featured_media":101046,"comment_status":"open","ping_status":"open","sticky":false,"template":"","format":"standard","meta":{"jetpack_post_was_ever_published":false,"_jetpack_newsletter_access":"","_jetpack_dont_email_post_to_subs":false,"_jetpack_newsletter_tier_id":0,"_jetpack_memberships_contains_paywalled_content":false,"_jetpack_memberships_contains_paid_content":false,"footnotes":"","jetpack_publicize_message":"","jetpack_publicize_feature_enabled":true,"jetpack_social_post_already_shared":true,"jetpack_social_options":{"image_generator_settings":{"template":"highway","default_image_id":0,"font":"","enabled":false},"version":2}},"categories":[27,1,2,35],"tags":[],"class_list":["post-101041","post","type-post","status-publish","format-standard","has-post-thumbnail","hentry","category-blogu-i-udhetarit","category-njoftime-shtypi","category-politika","category-shoqerore"],"jetpack_publicize_connections":[],"jetpack_featured_media_url":"https:\/\/i0.wp.com\/www.shqiperia.com\/blog\/wp-content\/uploads\/2026\/06\/WhatsApp-Image-2026-06-02-at-21.14.58-1-675x450-1-2.jpeg?fit=675%2C450&ssl=1","jetpack_sharing_enabled":true,"jetpack_shortlink":"https:\/\/wp.me\/p5Z6wp-qhH","jetpack-related-posts":[{"id":102508,"url":"https:\/\/www.shqiperia.com\/blog\/ambasadori-i-osbe-se-e-drejta-per-proteste-duhet-te-respektohet\/","url_meta":{"origin":101041,"position":0},"title":"Ambasadori i OSBE-s\u00eb: &#8211; E drejta p\u00ebr protest\u00eb duhet t\u00eb respektohet","author":"Kurt Farka","date":"July 11, 2026","format":false,"excerpt":"11 Korrik 2026 Ambasadori i OSBE-s\u00eb n\u00eb Shqip\u00ebri, Michel Tarran, gjat\u00eb nj\u00eb deklarate p\u00ebr mediat nga Kor\u00e7a, u ndal te e drejta e qytetar\u00ebve p\u00ebr t\u00eb protestuar, n\u00eb kuad\u00ebr t\u00eb tubimeve q\u00eb ndodhin n\u00eb Tiran\u00eb prej 41 dit\u00ebsh, klima politike n\u00eb vend dhe nevoja p\u00ebr forcimin e dialogut mes pal\u00ebve\u2026","rel":"","context":"In &quot;Blogu i Udh\u00ebtarit&quot;","block_context":{"text":"Blogu i Udh\u00ebtarit","link":"https:\/\/www.shqiperia.com\/blog\/category\/blogu-i-udhetarit\/"},"img":{"alt_text":"","src":"https:\/\/i0.wp.com\/www.shqiperia.com\/blog\/wp-content\/uploads\/2026\/07\/tarran_sd.webp?fit=1200%2C675&ssl=1&resize=350%2C200","width":350,"height":200,"srcset":"https:\/\/i0.wp.com\/www.shqiperia.com\/blog\/wp-content\/uploads\/2026\/07\/tarran_sd.webp?fit=1200%2C675&ssl=1&resize=350%2C200 1x, https:\/\/i0.wp.com\/www.shqiperia.com\/blog\/wp-content\/uploads\/2026\/07\/tarran_sd.webp?fit=1200%2C675&ssl=1&resize=525%2C300 1.5x, https:\/\/i0.wp.com\/www.shqiperia.com\/blog\/wp-content\/uploads\/2026\/07\/tarran_sd.webp?fit=1200%2C675&ssl=1&resize=700%2C400 2x, https:\/\/i0.wp.com\/www.shqiperia.com\/blog\/wp-content\/uploads\/2026\/07\/tarran_sd.webp?fit=1200%2C675&ssl=1&resize=1050%2C600 3x"},"classes":[]},{"id":103966,"url":"https:\/\/www.shqiperia.com\/blog\/shqiptari-nga-gjermania-ia-numeron-rames-na-ka-vjedhur-kjo-eshte-mundesia-e-fundit-per-ndryshim\/","url_meta":{"origin":101041,"position":1},"title":"Shqiptari nga Gjermania ia num\u00ebron Ram\u00ebs: = Na ka vjedhur! Kjo \u00ebsht\u00eb mund\u00ebsia e fundit p\u00ebr ndryshim","author":"Kurt Farka","date":"August 7, 2026","format":false,"excerpt":"7 Gusht 2026 \u201cPo mos t\u00eb ishte News24, protesta do t\u00eb ishte shuar\u201d. Nj\u00eb qytetar shqiptar q\u00eb jeton n\u00eb Gjermani i \u00ebsht\u00eb bashkuar protest\u00ebs s\u00eb zhvilluar n\u00eb Sheshin Sk\u00ebnderbej, duke e cil\u00ebsuar at\u00eb si nj\u00eb nga momentet m\u00eb t\u00eb r\u00ebnd\u00ebsishme p\u00ebr vendin gjat\u00eb dekadave t\u00eb fundit. Ai tha se protesta\u2026","rel":"","context":"In &quot;Blogu i Udh\u00ebtarit&quot;","block_context":{"text":"Blogu i Udh\u00ebtarit","link":"https:\/\/www.shqiperia.com\/blog\/category\/blogu-i-udhetarit\/"},"img":{"alt_text":"","src":"https:\/\/i0.wp.com\/www.shqiperia.com\/blog\/wp-content\/uploads\/2026\/08\/diaspora-1.jpg?fit=1200%2C549&ssl=1&resize=350%2C200","width":350,"height":200,"srcset":"https:\/\/i0.wp.com\/www.shqiperia.com\/blog\/wp-content\/uploads\/2026\/08\/diaspora-1.jpg?fit=1200%2C549&ssl=1&resize=350%2C200 1x, https:\/\/i0.wp.com\/www.shqiperia.com\/blog\/wp-content\/uploads\/2026\/08\/diaspora-1.jpg?fit=1200%2C549&ssl=1&resize=525%2C300 1.5x, https:\/\/i0.wp.com\/www.shqiperia.com\/blog\/wp-content\/uploads\/2026\/08\/diaspora-1.jpg?fit=1200%2C549&ssl=1&resize=700%2C400 2x, https:\/\/i0.wp.com\/www.shqiperia.com\/blog\/wp-content\/uploads\/2026\/08\/diaspora-1.jpg?fit=1200%2C549&ssl=1&resize=1050%2C600 3x"},"classes":[]},{"id":100722,"url":"https:\/\/www.shqiperia.com\/blog\/belinda-balluku-mban-peng-integrimin-drejt-be-holanda-dush-te-ftohte-per-qeverine-pas-raportit-ibar-ambasadori\/","url_meta":{"origin":101041,"position":2},"title":"Belinda Balluku mban peng integrimin drejt BE, Holanda \u201cdush t\u00eb ftoht\u00eb\u201d p\u00ebr qeverin\u00eb pas raportit IBAR, ambasadori\u2026","author":"Kurt Farka","date":"May 29, 2026","format":false,"excerpt":"29 Maji 2026 Q\u00ebndrimi i mazhoranc\u00ebs socialiste p\u00ebr t\u00eb mbrojtur me vot\u00eb n\u00eb Parlament kolegen e tyre, ish-zv\/kryeministren Belinda Balluku, duke refuzuar k\u00ebrkes\u00ebn e Prokuroris\u00eb s\u00eb Posa\u00e7me (SPAK) q\u00eb do t\u2019i hapte rrug\u00eb arrestimit t\u00eb saj, jovet\u00ebm q\u00eb po mban peng procesin e integrimit t\u00eb Shqip\u00ebris\u00eb n\u00eb Bashkimin Evropian, por\u2026","rel":"","context":"In &quot;Blogu i Udh\u00ebtarit&quot;","block_context":{"text":"Blogu i Udh\u00ebtarit","link":"https:\/\/www.shqiperia.com\/blog\/category\/blogu-i-udhetarit\/"},"img":{"alt_text":"","src":"https:\/\/i0.wp.com\/www.shqiperia.com\/blog\/wp-content\/uploads\/2026\/05\/Reinout-Vos.jpg?fit=728%2C485&ssl=1&resize=350%2C200","width":350,"height":200,"srcset":"https:\/\/i0.wp.com\/www.shqiperia.com\/blog\/wp-content\/uploads\/2026\/05\/Reinout-Vos.jpg?fit=728%2C485&ssl=1&resize=350%2C200 1x, https:\/\/i0.wp.com\/www.shqiperia.com\/blog\/wp-content\/uploads\/2026\/05\/Reinout-Vos.jpg?fit=728%2C485&ssl=1&resize=525%2C300 1.5x, https:\/\/i0.wp.com\/www.shqiperia.com\/blog\/wp-content\/uploads\/2026\/05\/Reinout-Vos.jpg?fit=728%2C485&ssl=1&resize=700%2C400 2x"},"classes":[]},{"id":103580,"url":"https:\/\/www.shqiperia.com\/blog\/divjaka-kunder-shkrirjes-se-bashkise-kryebashkiaku-socialist-del-ne-proteste-na-erdhi-si-bombe\/","url_meta":{"origin":101041,"position":3},"title":"Divjaka kund\u00ebr shkrirjes s\u00eb bashkis\u00eb, kryebashkiaku socialist del n\u00eb protest\u00eb: Na erdhi si bomb\u00eb","author":"Kurt Farka","date":"August 1, 2026","format":false,"excerpt":"1 Gusht 206 Banor\u00eb t\u00eb Divjak\u00ebs kan\u00eb dal\u00eb n\u00eb protest\u00eb kund\u00ebr propozimit p\u00ebr shkrirjen e bashkis\u00eb s\u00eb tyre dhe bashkimin me Bashkin\u00eb Lushnj\u00eb n\u00eb kuad\u00ebr t\u00eb Reform\u00ebs Administrativo-Territoriale. N\u00eb protest\u00eb ka marr\u00eb pjes\u00eb edhe kryebashkiaku i Divjak\u00ebs Josif Gorrea, i cili ka deklaruar se vendimi i propozuar nga mazhoranca ka\u2026","rel":"","context":"In &quot;Blogu i Udh\u00ebtarit&quot;","block_context":{"text":"Blogu i Udh\u00ebtarit","link":"https:\/\/www.shqiperia.com\/blog\/category\/blogu-i-udhetarit\/"},"img":{"alt_text":"","src":"https:\/\/i0.wp.com\/www.shqiperia.com\/blog\/wp-content\/uploads\/2026\/08\/Divjake.jpg?fit=904%2C564&ssl=1&resize=350%2C200","width":350,"height":200,"srcset":"https:\/\/i0.wp.com\/www.shqiperia.com\/blog\/wp-content\/uploads\/2026\/08\/Divjake.jpg?fit=904%2C564&ssl=1&resize=350%2C200 1x, https:\/\/i0.wp.com\/www.shqiperia.com\/blog\/wp-content\/uploads\/2026\/08\/Divjake.jpg?fit=904%2C564&ssl=1&resize=525%2C300 1.5x, https:\/\/i0.wp.com\/www.shqiperia.com\/blog\/wp-content\/uploads\/2026\/08\/Divjake.jpg?fit=904%2C564&ssl=1&resize=700%2C400 2x"},"classes":[]},{"id":103677,"url":"https:\/\/www.shqiperia.com\/blog\/si-u-katandis-keshtu-partia-socialiste\/","url_meta":{"origin":101041,"position":4},"title":"Si u katandis k\u00ebshtu Partia Socialiste?","author":"Kurt Farka","date":"August 3, 2026","format":false,"excerpt":"3 Gusht 2026 Nga Fatos Tarifa Si u katandis n\u00eb k\u00ebt\u00eb derexhe Partia Socialiste e Shqip\u00ebris\u00eb? Si u shnd\u00ebrrua nj\u00eb parti q\u00eb p\u00ebrfaq\u00ebsohej nga figura si Fatos Nano, Servet P\u00ebllumbi, Rexhep Meidani, Moikom Zeqo, Sabit Brokaj, Musa Ulqini, Makbule \u00c7e\u00e7o, Arta Dade, Valentina Leskaj, Namik Dokle, Ethem Ruka dhe Bashkim\u2026","rel":"","context":"In &quot;Blogu i Udh\u00ebtarit&quot;","block_context":{"text":"Blogu i Udh\u00ebtarit","link":"https:\/\/www.shqiperia.com\/blog\/category\/blogu-i-udhetarit\/"},"img":{"alt_text":"","src":"https:\/\/i0.wp.com\/www.shqiperia.com\/blog\/wp-content\/uploads\/2026\/08\/740733894_1641226944669510_4632890146926298606_n.jpg?fit=1124%2C673&ssl=1&resize=350%2C200","width":350,"height":200,"srcset":"https:\/\/i0.wp.com\/www.shqiperia.com\/blog\/wp-content\/uploads\/2026\/08\/740733894_1641226944669510_4632890146926298606_n.jpg?fit=1124%2C673&ssl=1&resize=350%2C200 1x, https:\/\/i0.wp.com\/www.shqiperia.com\/blog\/wp-content\/uploads\/2026\/08\/740733894_1641226944669510_4632890146926298606_n.jpg?fit=1124%2C673&ssl=1&resize=525%2C300 1.5x, https:\/\/i0.wp.com\/www.shqiperia.com\/blog\/wp-content\/uploads\/2026\/08\/740733894_1641226944669510_4632890146926298606_n.jpg?fit=1124%2C673&ssl=1&resize=700%2C400 2x, https:\/\/i0.wp.com\/www.shqiperia.com\/blog\/wp-content\/uploads\/2026\/08\/740733894_1641226944669510_4632890146926298606_n.jpg?fit=1124%2C673&ssl=1&resize=1050%2C600 3x"},"classes":[]},{"id":101113,"url":"https:\/\/www.shqiperia.com\/blog\/proteste-gazetari-hapi-tjeter-eshte-kthimi-ne-tubim-24-oresh-dhe\/","url_meta":{"origin":101041,"position":5},"title":"Proteste\u201d. Gazetari: &#8211; Hapi tjet\u00ebr \u00ebsht\u00eb kthimi n\u00eb tubim 24-or\u00ebsh dhe\u2026","author":"Kurt Farka","date":"June 5, 2026","format":false,"excerpt":"5 Qershor 2026 Gazetari Gjergj Erebara, i ftuar n\u00eb studion e emisionit \u201cKjo Jav\u00eb\u201d n\u00eb News24, ka b\u00ebr\u00eb nj\u00eb analiz\u00eb t\u00eb q\u00ebndres\u00ebs qytetare n\u00eb kryeqytet, e cila tashm\u00eb ka hyr\u00eb n\u00eb dit\u00ebn e saj t\u00eb pest\u00eb radhazi. Erebara vler\u00ebsoi maksimalisht frym\u00ebn dhe past\u00ebrtin\u00eb e tubimit, duke theksuar se kjo l\u00ebvizje\u2026","rel":"","context":"In &quot;Blogu i Udh\u00ebtarit&quot;","block_context":{"text":"Blogu i Udh\u00ebtarit","link":"https:\/\/www.shqiperia.com\/blog\/category\/blogu-i-udhetarit\/"},"img":{"alt_text":"","src":"https:\/\/i0.wp.com\/www.shqiperia.com\/blog\/wp-content\/uploads\/2026\/06\/adasdasd.jpg?fit=1200%2C608&ssl=1&resize=350%2C200","width":350,"height":200,"srcset":"https:\/\/i0.wp.com\/www.shqiperia.com\/blog\/wp-content\/uploads\/2026\/06\/adasdasd.jpg?fit=1200%2C608&ssl=1&resize=350%2C200 1x, https:\/\/i0.wp.com\/www.shqiperia.com\/blog\/wp-content\/uploads\/2026\/06\/adasdasd.jpg?fit=1200%2C608&ssl=1&resize=525%2C300 1.5x, https:\/\/i0.wp.com\/www.shqiperia.com\/blog\/wp-content\/uploads\/2026\/06\/adasdasd.jpg?fit=1200%2C608&ssl=1&resize=700%2C400 2x, https:\/\/i0.wp.com\/www.shqiperia.com\/blog\/wp-content\/uploads\/2026\/06\/adasdasd.jpg?fit=1200%2C608&ssl=1&resize=1050%2C600 3x"},"classes":[]}],"_links":{"self":[{"href":"https:\/\/www.shqiperia.com\/blog\/wp-json\/wp\/v2\/posts\/101041","targetHints":{"allow":["GET"]}}],"collection":[{"href":"https:\/\/www.shqiperia.com\/blog\/wp-json\/wp\/v2\/posts"}],"about":[{"href":"https:\/\/www.shqiperia.com\/blog\/wp-json\/wp\/v2\/types\/post"}],"author":[{"embeddable":true,"href":"https:\/\/www.shqiperia.com\/blog\/wp-json\/wp\/v2\/users\/9"}],"replies":[{"embeddable":true,"href":"https:\/\/www.shqiperia.com\/blog\/wp-json\/wp\/v2\/comments?post=101041"}],"version-history":[{"count":5,"href":"https:\/\/www.shqiperia.com\/blog\/wp-json\/wp\/v2\/posts\/101041\/revisions"}],"predecessor-version":[{"id":101048,"href":"https:\/\/www.shqiperia.com\/blog\/wp-json\/wp\/v2\/posts\/101041\/revisions\/101048"}],"wp:featuredmedia":[{"embeddable":true,"href":"https:\/\/www.shqiperia.com\/blog\/wp-json\/wp\/v2\/media\/101046"}],"wp:attachment":[{"href":"https:\/\/www.shqiperia.com\/blog\/wp-json\/wp\/v2\/media?parent=101041"}],"wp:term":[{"taxonomy":"category","embeddable":true,"href":"https:\/\/www.shqiperia.com\/blog\/wp-json\/wp\/v2\/categories?post=101041"},{"taxonomy":"post_tag","embeddable":true,"href":"https:\/\/www.shqiperia.com\/blog\/wp-json\/wp\/v2\/tags?post=101041"}],"curies":[{"name":"wp","href":"https:\/\/api.w.org\/{rel}","templated":true}]}}