{"id":101027,"date":"2026-06-03T22:06:02","date_gmt":"2026-06-03T22:06:02","guid":{"rendered":"https:\/\/www.shqiperia.com\/blog\/?p=101027"},"modified":"2026-06-03T22:47:39","modified_gmt":"2026-06-03T22:47:39","slug":"dy-te-rinjte-nga-kosova-humben-jeten-ne-shengjin","status":"publish","type":"post","link":"https:\/\/www.shqiperia.com\/blog\/dy-te-rinjte-nga-kosova-humben-jeten-ne-shengjin\/","title":{"rendered":"Dy t\u00eb rinjt\u00eb nga Kosova humb\u00ebn jet\u00ebn n\u00eb Sh\u00ebngjin&#8230;"},"content":{"rendered":"<p data-a11y-orig-inline=\"\" data-a11y-base-fs=\"18\"><img data-recalc-dims=\"1\" loading=\"lazy\" decoding=\"async\" data-attachment-id=\"101028\" data-permalink=\"https:\/\/www.shqiperia.com\/blog\/dy-te-rinjte-nga-kosova-humben-jeten-ne-shengjin\/sd-696x392\/\" data-orig-file=\"https:\/\/i0.wp.com\/www.shqiperia.com\/blog\/wp-content\/uploads\/2026\/06\/sd-696x392-1.webp?fit=696%2C392&amp;ssl=1\" data-orig-size=\"696,392\" data-comments-opened=\"1\" data-image-meta=\"{&quot;aperture&quot;:&quot;0&quot;,&quot;credit&quot;:&quot;&quot;,&quot;camera&quot;:&quot;&quot;,&quot;caption&quot;:&quot;&quot;,&quot;created_timestamp&quot;:&quot;0&quot;,&quot;copyright&quot;:&quot;&quot;,&quot;focal_length&quot;:&quot;0&quot;,&quot;iso&quot;:&quot;0&quot;,&quot;shutter_speed&quot;:&quot;0&quot;,&quot;title&quot;:&quot;&quot;,&quot;orientation&quot;:&quot;0&quot;}\" data-image-title=\"sd-696&#215;392\" data-image-description=\"\" data-image-caption=\"\" data-medium-file=\"https:\/\/i0.wp.com\/www.shqiperia.com\/blog\/wp-content\/uploads\/2026\/06\/sd-696x392-1.webp?fit=300%2C169&amp;ssl=1\" data-large-file=\"https:\/\/i0.wp.com\/www.shqiperia.com\/blog\/wp-content\/uploads\/2026\/06\/sd-696x392-1.webp?fit=696%2C392&amp;ssl=1\" class=\"alignnone wp-image-101028\" alt=\"\" src=\"https:\/\/i0.wp.com\/www.shqiperia.com\/blog\/wp-content\/uploads\/2026\/06\/sd-696x392-1.webp?resize=744%2C419&#038;ssl=1\" width=\"744\" height=\"419\" srcset=\"https:\/\/i0.wp.com\/www.shqiperia.com\/blog\/wp-content\/uploads\/2026\/06\/sd-696x392-1.webp?resize=300%2C169&amp;ssl=1 300w, https:\/\/i0.wp.com\/www.shqiperia.com\/blog\/wp-content\/uploads\/2026\/06\/sd-696x392-1.webp?resize=450%2C253&amp;ssl=1 450w, https:\/\/i0.wp.com\/www.shqiperia.com\/blog\/wp-content\/uploads\/2026\/06\/sd-696x392-1.webp?resize=600%2C338&amp;ssl=1 600w, https:\/\/i0.wp.com\/www.shqiperia.com\/blog\/wp-content\/uploads\/2026\/06\/sd-696x392-1.webp?resize=400%2C225&amp;ssl=1 400w, https:\/\/i0.wp.com\/www.shqiperia.com\/blog\/wp-content\/uploads\/2026\/06\/sd-696x392-1.webp?w=696&amp;ssl=1 696w\" sizes=\"auto, (max-width: 744px) 100vw, 744px\" \/><\/p>\n<p data-a11y-orig-inline=\"\" data-a11y-base-fs=\"18\">3 Qershor 2026<\/p>\n<p data-a11y-orig-inline=\"\" data-a11y-base-fs=\"18\">Tre t\u00eb tjer\u00eb vijojn\u00eb t\u00eb marrin ndihm\u00eb mjek\u00ebsore.<\/p>\n<p data-a11y-orig-inline=\"\" data-a11y-base-fs=\"18\">Nj\u00eb tragjedi \u00ebsht\u00eb sh\u00ebnuar pasditen e k\u00ebsaj t\u00eb m\u00ebrkure n\u00eb zon\u00ebn e Ran\u00ebs s\u00eb Hedhun n\u00eb Sh\u00ebngjin, ku dy t\u00eb rinj nga Kosova kan\u00eb humbur jet\u00ebn pasi u mor\u00ebn nga dallg\u00ebt e forta t\u00eb detit.<\/p>\n<p data-a11y-orig-inline=\"\" data-a11y-base-fs=\"18\">Viktimat jan\u00eb identifikuar si<span>\u00a0<\/span><strong data-a11y-orig-inline=\"\" data-a11y-base-fs=\"18\">Leonid Alia, nga Fush\u00eb Kosova, dhe Jetmir \u00c7opa, nga Prishtina<\/strong>. Ata ndodheshin n\u00eb plazh s\u00eb bashku me persona t\u00eb tjer\u00eb, kur p\u00ebr shkak t\u00eb er\u00ebs s\u00eb fort\u00eb dhe dallg\u00ebve t\u00eb m\u00ebdha u gjend\u00ebn n\u00eb v\u00ebshtir\u00ebsi n\u00eb uj\u00eb.<\/p>\n<p data-a11y-orig-inline=\"\" data-a11y-base-fs=\"18\">Sipas Policis\u00eb, rreth or\u00ebs 16:30 \u00ebsht\u00eb marr\u00eb njoftimi se disa shtetas q\u00eb kishin hyr\u00eb n\u00eb det p\u00ebr t\u2019u lar\u00eb rrezikonin t\u00eb mbyteshin.<\/p>\n<p data-a11y-orig-inline=\"\" data-a11y-base-fs=\"18\">N\u00eb vendngjarje jan\u00eb nisur sh\u00ebrbimet e Policis\u00eb Kufitare, efektiv\u00eb t\u00eb Policis\u00eb s\u00eb Lezh\u00ebs dhe ekipet e emergjenc\u00ebs dhe kan\u00eb nxjerr\u00eb nga deti pes\u00eb shtetasit nga Kosova, t\u00eb cil\u00ebt u transportuan me urgjenc\u00eb drejt Spitalit Rajonal t\u00eb Lezh\u00ebs.<\/p>\n<p data-a11y-orig-inline=\"\" data-a11y-base-fs=\"18\">Megjithat\u00eb, sipas informacionit nga urgjenca e spitalit, dy prej tyre nuk arrit\u00ebn t\u2019u mbijetonin pasojave t\u00eb mbytjes dhe nd\u00ebrruan jet\u00eb, nd\u00ebrsa tre t\u00eb tjer\u00eb vijojn\u00eb t\u00eb marrin ndihm\u00eb mjek\u00ebsore.<\/p>\n<p data-a11y-orig-inline=\"\" data-a11y-base-fs=\"18\">Autoritetet po punojn\u00eb p\u00ebr dokumentimin e plot\u00eb t\u00eb ngjarjes, nd\u00ebrsa tragjedia ka tronditur familjar\u00ebt e viktimave dhe pushuesit e pranish\u00ebm n\u00eb zon\u00eb.<\/p>\n","protected":false},"excerpt":{"rendered":"<p>3 Qershor 2026 Tre t\u00eb tjer\u00eb vijojn\u00eb t\u00eb marrin ndihm\u00eb mjek\u00ebsore. Nj\u00eb tragjedi \u00ebsht\u00eb sh\u00ebnuar pasditen e k\u00ebsaj t\u00eb m\u00ebrkure n\u00eb zon\u00ebn e Ran\u00ebs s\u00eb Hedhun n\u00eb Sh\u00ebngjin, ku dy t\u00eb rinj nga Kosova kan\u00eb humbur jet\u00ebn pasi u mor\u00ebn nga dallg\u00ebt e forta t\u00eb detit. Viktimat jan\u00eb identifikuar si\u00a0Leonid Alia, nga Fush\u00eb Kosova, dhe [&hellip;]<\/p>\n","protected":false},"author":9,"featured_media":101028,"comment_status":"open","ping_status":"open","sticky":false,"template":"","format":"standard","meta":{"jetpack_post_was_ever_published":false,"_jetpack_newsletter_access":"","_jetpack_dont_email_post_to_subs":false,"_jetpack_newsletter_tier_id":0,"_jetpack_memberships_contains_paywalled_content":false,"_jetpack_memberships_contains_paid_content":false,"footnotes":"","jetpack_publicize_message":"","jetpack_publicize_feature_enabled":true,"jetpack_social_post_already_shared":true,"jetpack_social_options":{"image_generator_settings":{"template":"highway","default_image_id":0,"font":"","enabled":false},"version":2}},"categories":[1,35],"tags":[],"class_list":["post-101027","post","type-post","status-publish","format-standard","has-post-thumbnail","hentry","category-njoftime-shtypi","category-shoqerore"],"jetpack_publicize_connections":[],"jetpack_featured_media_url":"https:\/\/i0.wp.com\/www.shqiperia.com\/blog\/wp-content\/uploads\/2026\/06\/sd-696x392-1.webp?fit=696%2C392&ssl=1","jetpack_sharing_enabled":true,"jetpack_shortlink":"https:\/\/wp.me\/p5Z6wp-qht","jetpack-related-posts":[{"id":102762,"url":"https:\/\/www.shqiperia.com\/blog\/mbi-50-te-turisteve-i-kemi-nga-kosova-pritet-te-shpenzojne-rreth-200-milione-euro\/","url_meta":{"origin":101027,"position":0},"title":"Mbi 50% t\u00eb turist\u00ebve i kemi nga Kosova, pritet t\u00eb shpenzojn\u00eb rreth 200 milion\u00eb euro","author":"Kurt Farka","date":"July 16, 2026","format":false,"excerpt":"16 Korrik 2026 Edhe k\u00ebt\u00eb ver\u00eb, Shqip\u00ebria po vazhdon t\u00eb mbetet destinacioni kryesor p\u00ebr pushimet e qytetar\u00ebve t\u00eb Kosov\u00ebs. P\u00ebrfaq\u00ebsues t\u00eb sektorit t\u00eb turizmit dhe biznesit thon\u00eb se interesimi nuk ka r\u00ebn\u00eb, nd\u00ebrsa vler\u00ebsojn\u00eb se pas nj\u00eb periudhe kur shum\u00eb qytetar\u00eb provuan destinacione t\u00eb tjera evropiane pas liberalizimit t\u00eb vizave,\u2026","rel":"","context":"In &quot;Blogu i Udh\u00ebtarit&quot;","block_context":{"text":"Blogu i Udh\u00ebtarit","link":"https:\/\/www.shqiperia.com\/blog\/category\/blogu-i-udhetarit\/"},"img":{"alt_text":"","src":"https:\/\/i0.wp.com\/www.shqiperia.com\/blog\/wp-content\/uploads\/2026\/07\/20260716_090913-1536x1201-1.jpg?fit=1200%2C788&ssl=1&resize=350%2C200","width":350,"height":200,"srcset":"https:\/\/i0.wp.com\/www.shqiperia.com\/blog\/wp-content\/uploads\/2026\/07\/20260716_090913-1536x1201-1.jpg?fit=1200%2C788&ssl=1&resize=350%2C200 1x, https:\/\/i0.wp.com\/www.shqiperia.com\/blog\/wp-content\/uploads\/2026\/07\/20260716_090913-1536x1201-1.jpg?fit=1200%2C788&ssl=1&resize=525%2C300 1.5x, https:\/\/i0.wp.com\/www.shqiperia.com\/blog\/wp-content\/uploads\/2026\/07\/20260716_090913-1536x1201-1.jpg?fit=1200%2C788&ssl=1&resize=700%2C400 2x, https:\/\/i0.wp.com\/www.shqiperia.com\/blog\/wp-content\/uploads\/2026\/07\/20260716_090913-1536x1201-1.jpg?fit=1200%2C788&ssl=1&resize=1050%2C600 3x"},"classes":[]},{"id":104548,"url":"https:\/\/www.shqiperia.com\/blog\/ishte-djegur-pothuajse-100-zjarri-ne-hotel-brooklyn-mjeku-rrefen-gjendjen-e-te-lenduarve-nje-vajze-rrezikon-jeten-tre-paciente-me-djegie-ne-qsut-dy-te-traum\/","url_meta":{"origin":101027,"position":1},"title":"\u201cIshte djegur pothuajse 100%!\u201d- Zjarri n\u00eb hotel \u201cBrooklyn\u201d, mjeku rr\u00ebfen gjendjen e t\u00eb l\u00ebnduarve: &#8211; Nj\u00eb vajz\u00eb rrezikon jet\u00ebn! Tre pacient\u00eb me djegie n\u00eb QSUT, dy te Trauma","author":"Kurt Farka","date":"August 16, 2026","format":false,"excerpt":"16 Gusht 2026 Shefi i Reanimacionit n\u00eb Spitalin Rajonal t\u00eb Vlor\u00ebs, Edmond Breshanaj, ka dh\u00ebn\u00eb detaje p\u00ebr gjendjen e personave t\u00eb plagosur nga zjarri q\u00eb p\u00ebrfshiu hotel \u201cBrooklyn\u201d n\u00eb Lungomare, gjat\u00eb or\u00ebve t\u00eb para t\u00eb m\u00ebngjesit. Breshanaj tha se situata ka qen\u00eb emergjente, nd\u00ebrsa n\u00eb spital jan\u00eb paraqitur gjasht\u00eb pacient\u00eb\u2026","rel":"","context":"In &quot;Blogu i Udh\u00ebtarit&quot;","block_context":{"text":"Blogu i Udh\u00ebtarit","link":"https:\/\/www.shqiperia.com\/blog\/category\/blogu-i-udhetarit\/"},"img":{"alt_text":"","src":"https:\/\/i0.wp.com\/www.shqiperia.com\/blog\/wp-content\/uploads\/2026\/08\/mjeku-Edmond-Breshanaj.jpg?fit=780%2C440&ssl=1&resize=350%2C200","width":350,"height":200,"srcset":"https:\/\/i0.wp.com\/www.shqiperia.com\/blog\/wp-content\/uploads\/2026\/08\/mjeku-Edmond-Breshanaj.jpg?fit=780%2C440&ssl=1&resize=350%2C200 1x, https:\/\/i0.wp.com\/www.shqiperia.com\/blog\/wp-content\/uploads\/2026\/08\/mjeku-Edmond-Breshanaj.jpg?fit=780%2C440&ssl=1&resize=525%2C300 1.5x, https:\/\/i0.wp.com\/www.shqiperia.com\/blog\/wp-content\/uploads\/2026\/08\/mjeku-Edmond-Breshanaj.jpg?fit=780%2C440&ssl=1&resize=700%2C400 2x"},"classes":[]},{"id":100104,"url":"https:\/\/www.shqiperia.com\/blog\/arbereshet-e-sicilise-kerkojne-linja-te-drejtperdrejta-ajrore-me-tiranen-dhe-prishtinen\/","url_meta":{"origin":101027,"position":2},"title":"Arb\u00ebresh\u00ebt e Si\u00e7ilis\u00eb k\u00ebrkojn\u00eb linja t\u00eb drejtp\u00ebrdrejta ajrore me Tiran\u00ebn dhe Prishtin\u00ebn","author":"Kurt Farka","date":"May 11, 2026","format":false,"excerpt":"11 Maji 2026 Nga G\u00ebzim Kabashi Arb\u00ebresh\u00ebt e Si\u00e7ilis\u00eb synojn\u00eb turizmin shqiptar me festa dhe tradita shekullore. N\u00eb p\u00ebrpjekje p\u00ebr t\u00eb t\u00ebrhequr m\u00eb shum\u00eb vizitor\u00eb nga Shqip\u00ebria dhe Kosova, qytezat arb\u00ebreshe pran\u00eb Palermos po investojn\u00eb n\u00eb aktivitete kulturore gjat\u00eb gjith\u00eb vitit dhe po k\u00ebrkojn\u00eb linja t\u00eb drejtp\u00ebrdrejta ajrore me Tiran\u00ebn\u2026","rel":"","context":"In &quot;Blogu i Udh\u00ebtarit&quot;","block_context":{"text":"Blogu i Udh\u00ebtarit","link":"https:\/\/www.shqiperia.com\/blog\/category\/blogu-i-udhetarit\/"},"img":{"alt_text":"","src":"https:\/\/i0.wp.com\/www.shqiperia.com\/blog\/wp-content\/uploads\/2026\/05\/PHOTO-2026-05-09-09-52-55-1140x858-1.jpg?fit=1140%2C858&ssl=1&resize=350%2C200","width":350,"height":200,"srcset":"https:\/\/i0.wp.com\/www.shqiperia.com\/blog\/wp-content\/uploads\/2026\/05\/PHOTO-2026-05-09-09-52-55-1140x858-1.jpg?fit=1140%2C858&ssl=1&resize=350%2C200 1x, https:\/\/i0.wp.com\/www.shqiperia.com\/blog\/wp-content\/uploads\/2026\/05\/PHOTO-2026-05-09-09-52-55-1140x858-1.jpg?fit=1140%2C858&ssl=1&resize=525%2C300 1.5x, https:\/\/i0.wp.com\/www.shqiperia.com\/blog\/wp-content\/uploads\/2026\/05\/PHOTO-2026-05-09-09-52-55-1140x858-1.jpg?fit=1140%2C858&ssl=1&resize=700%2C400 2x, https:\/\/i0.wp.com\/www.shqiperia.com\/blog\/wp-content\/uploads\/2026\/05\/PHOTO-2026-05-09-09-52-55-1140x858-1.jpg?fit=1140%2C858&ssl=1&resize=1050%2C600 3x"},"classes":[]},{"id":105035,"url":"https:\/\/www.shqiperia.com\/blog\/kosova-e-gatshme-ta-ndihmoje-shqiperine-dhe-malin-e-zi-per-zjarret\/","url_meta":{"origin":101027,"position":3},"title":"Kosova e gatshme ta ndihmoj\u00eb Shqip\u00ebrin\u00eb dhe Malin e Zi p\u00ebr zjarret","author":"Kurt Farka","date":"August 23, 2026","format":false,"excerpt":"23 Gusht 2026 Me dat\u00eb 14 Gusht Ministri i Mbrojtjes i Kosoves ka b\u00ebr\u00eb k\u00ebt\u00eb Deklarat\u00eb: Jemi t\u00eb gatshem te ndihmojme Shqiperin\u00eb dhe Malin e Zi ne shuarjen e flak\u00ebve. Qeveria Shqiptare e Ram\u00ebs nuk pranon, se ka frik\u00eb kritikat per gjendjen katastrofike te pergatitjes per ngjarje t\u00eb tilla do\u00a0\u2026","rel":"","context":"In &quot;Blogu i Udh\u00ebtarit&quot;","block_context":{"text":"Blogu i Udh\u00ebtarit","link":"https:\/\/www.shqiperia.com\/blog\/category\/blogu-i-udhetarit\/"},"img":{"alt_text":"","src":"https:\/\/i0.wp.com\/www.shqiperia.com\/blog\/wp-content\/uploads\/2026\/08\/1471653211751.JPG.832x569_q80_box-071900604_upscale.jpg?fit=832%2C493&ssl=1&resize=350%2C200","width":350,"height":200,"srcset":"https:\/\/i0.wp.com\/www.shqiperia.com\/blog\/wp-content\/uploads\/2026\/08\/1471653211751.JPG.832x569_q80_box-071900604_upscale.jpg?fit=832%2C493&ssl=1&resize=350%2C200 1x, https:\/\/i0.wp.com\/www.shqiperia.com\/blog\/wp-content\/uploads\/2026\/08\/1471653211751.JPG.832x569_q80_box-071900604_upscale.jpg?fit=832%2C493&ssl=1&resize=525%2C300 1.5x, https:\/\/i0.wp.com\/www.shqiperia.com\/blog\/wp-content\/uploads\/2026\/08\/1471653211751.JPG.832x569_q80_box-071900604_upscale.jpg?fit=832%2C493&ssl=1&resize=700%2C400 2x"},"classes":[]},{"id":102369,"url":"https:\/\/www.shqiperia.com\/blog\/tregu-i-punes-ne-shqiperi-pushtohet-nga-filipinasit-dhe-indianet-lejet-e-punes-per-te-huajt-rriten-43\/","url_meta":{"origin":101027,"position":4},"title":"Tregu i pun\u00ebs n\u00eb Shqiperi \u201cpushtohet\u201d nga filipinasit dhe indian\u00ebt, lejet e pun\u00ebs p\u00ebr t\u00eb huajt rriten 43%","author":"Kurt Farka","date":"July 8, 2026","format":false,"excerpt":"8 Korrik 2026 Mungesa e fuqis\u00eb pun\u00ebtore vendase po shtyn gjithnj\u00eb e m\u00eb shum\u00eb bizneset shqiptare t\u00eb k\u00ebrkojn\u00eb staf jasht\u00eb vendit. Vitet e fundit \u00ebsht\u00eb rritur ndjesh\u00ebm prania e punonj\u00ebsve t\u00eb huaj, ve\u00e7an\u00ebrisht nga vendet aziatike, n\u00eb sektor\u00eb si sh\u00ebrbimet (baret dhe restorantet), industria dhe bujq\u00ebsia. Nga kamerier\u00eb e punonj\u00ebs\u2026","rel":"","context":"In &quot;Blogu i Udh\u00ebtarit&quot;","block_context":{"text":"Blogu i Udh\u00ebtarit","link":"https:\/\/www.shqiperia.com\/blog\/category\/blogu-i-udhetarit\/"},"img":{"alt_text":"","src":"https:\/\/i0.wp.com\/www.shqiperia.com\/blog\/wp-content\/uploads\/2026\/07\/l1.jpg?fit=791%2C447&ssl=1&resize=350%2C200","width":350,"height":200,"srcset":"https:\/\/i0.wp.com\/www.shqiperia.com\/blog\/wp-content\/uploads\/2026\/07\/l1.jpg?fit=791%2C447&ssl=1&resize=350%2C200 1x, https:\/\/i0.wp.com\/www.shqiperia.com\/blog\/wp-content\/uploads\/2026\/07\/l1.jpg?fit=791%2C447&ssl=1&resize=525%2C300 1.5x, https:\/\/i0.wp.com\/www.shqiperia.com\/blog\/wp-content\/uploads\/2026\/07\/l1.jpg?fit=791%2C447&ssl=1&resize=700%2C400 2x"},"classes":[]},{"id":105244,"url":"https:\/\/www.shqiperia.com\/blog\/spartak-ngjela-shqiperia-ende-nuk-po-drejtohet-nga-patrotizmi-shqiptar-por-nga-ish-renegatet-shqiptare\/","url_meta":{"origin":101027,"position":5},"title":"Spartak Ngjela: &#8211; Shqip\u00ebria ende nuk po drejtohet nga patrotizmi shqiptar, por nga ish renegatet shqiptar\u00eb","author":"Kurt Farka","date":"August 26, 2026","format":false,"excerpt":"26 Gusht 2026 Spartak Ngjela zb\u00ebrthen prapaskenat e forta dhe nxjerr zbuluar loj\u00ebn e Tiran\u00ebs, ja si frika nga SHBA dhe faktorizimi i shqiptar\u00ebve ka trembur Edi Ram\u00ebn Avokat i njohur, Spartak Ngjela ka zb\u00ebrthyer prapaskenat e forta politike, duke nxjerr\u00eb zbuluar loj\u00ebn e Tiran\u00ebs zyrtare dhe frik\u00ebn e saj\u2026","rel":"","context":"In &quot;Kultura&quot;","block_context":{"text":"Kultura","link":"https:\/\/www.shqiperia.com\/blog\/category\/kultura\/"},"img":{"alt_text":"","src":"https:\/\/i0.wp.com\/www.shqiperia.com\/blog\/wp-content\/uploads\/2026\/08\/ajdss-6a8ea84e2f7cd-1.png?fit=622%2C386&ssl=1&resize=350%2C200","width":350,"height":200,"srcset":"https:\/\/i0.wp.com\/www.shqiperia.com\/blog\/wp-content\/uploads\/2026\/08\/ajdss-6a8ea84e2f7cd-1.png?fit=622%2C386&ssl=1&resize=350%2C200 1x, https:\/\/i0.wp.com\/www.shqiperia.com\/blog\/wp-content\/uploads\/2026\/08\/ajdss-6a8ea84e2f7cd-1.png?fit=622%2C386&ssl=1&resize=525%2C300 1.5x"},"classes":[]}],"_links":{"self":[{"href":"https:\/\/www.shqiperia.com\/blog\/wp-json\/wp\/v2\/posts\/101027","targetHints":{"allow":["GET"]}}],"collection":[{"href":"https:\/\/www.shqiperia.com\/blog\/wp-json\/wp\/v2\/posts"}],"about":[{"href":"https:\/\/www.shqiperia.com\/blog\/wp-json\/wp\/v2\/types\/post"}],"author":[{"embeddable":true,"href":"https:\/\/www.shqiperia.com\/blog\/wp-json\/wp\/v2\/users\/9"}],"replies":[{"embeddable":true,"href":"https:\/\/www.shqiperia.com\/blog\/wp-json\/wp\/v2\/comments?post=101027"}],"version-history":[{"count":2,"href":"https:\/\/www.shqiperia.com\/blog\/wp-json\/wp\/v2\/posts\/101027\/revisions"}],"predecessor-version":[{"id":101030,"href":"https:\/\/www.shqiperia.com\/blog\/wp-json\/wp\/v2\/posts\/101027\/revisions\/101030"}],"wp:featuredmedia":[{"embeddable":true,"href":"https:\/\/www.shqiperia.com\/blog\/wp-json\/wp\/v2\/media\/101028"}],"wp:attachment":[{"href":"https:\/\/www.shqiperia.com\/blog\/wp-json\/wp\/v2\/media?parent=101027"}],"wp:term":[{"taxonomy":"category","embeddable":true,"href":"https:\/\/www.shqiperia.com\/blog\/wp-json\/wp\/v2\/categories?post=101027"},{"taxonomy":"post_tag","embeddable":true,"href":"https:\/\/www.shqiperia.com\/blog\/wp-json\/wp\/v2\/tags?post=101027"}],"curies":[{"name":"wp","href":"https:\/\/api.w.org\/{rel}","templated":true}]}}