{"id":101024,"date":"2026-06-03T21:40:28","date_gmt":"2026-06-03T21:40:28","guid":{"rendered":"https:\/\/www.shqiperia.com\/blog\/?p=101024"},"modified":"2026-06-03T22:48:13","modified_gmt":"2026-06-03T22:48:13","slug":"mijera-protestues-ne-shesh-kerkojne-doreheqjen-e-rames-kryeministri-per-cnn-eshte-lufte-hibride-shqiperia-po-sulmohet-nga-armiqte","status":"publish","type":"post","link":"https:\/\/www.shqiperia.com\/blog\/mijera-protestues-ne-shesh-kerkojne-doreheqjen-e-rames-kryeministri-per-cnn-eshte-lufte-hibride-shqiperia-po-sulmohet-nga-armiqte\/","title":{"rendered":"Mij\u00ebra protestues n\u00eb shesh k\u00ebrkojn\u00eb dor\u00ebheqjen e Ram\u00ebs, kryeministri p\u00ebr CNN: &#8211; \u00cbsht\u00eb luft\u00eb hibride, Shqip\u00ebria po sulmohet nga armiqt\u00eb"},"content":{"rendered":"<p><img data-recalc-dims=\"1\" loading=\"lazy\" decoding=\"async\" data-attachment-id=\"101025\" data-permalink=\"https:\/\/www.shqiperia.com\/blog\/mijera-protestues-ne-shesh-kerkojne-doreheqjen-e-rames-kryeministri-per-cnn-eshte-lufte-hibride-shqiperia-po-sulmohet-nga-armiqte\/images-122\/\" data-orig-file=\"https:\/\/i0.wp.com\/www.shqiperia.com\/blog\/wp-content\/uploads\/2026\/06\/images-1.webp?fit=678%2C452&amp;ssl=1\" data-orig-size=\"678,452\" data-comments-opened=\"1\" data-image-meta=\"{&quot;aperture&quot;:&quot;0&quot;,&quot;credit&quot;:&quot;&quot;,&quot;camera&quot;:&quot;&quot;,&quot;caption&quot;:&quot;&quot;,&quot;created_timestamp&quot;:&quot;0&quot;,&quot;copyright&quot;:&quot;&quot;,&quot;focal_length&quot;:&quot;0&quot;,&quot;iso&quot;:&quot;0&quot;,&quot;shutter_speed&quot;:&quot;0&quot;,&quot;title&quot;:&quot;&quot;,&quot;orientation&quot;:&quot;0&quot;}\" data-image-title=\"images\" data-image-description=\"\" data-image-caption=\"\" data-medium-file=\"https:\/\/i0.wp.com\/www.shqiperia.com\/blog\/wp-content\/uploads\/2026\/06\/images-1.webp?fit=300%2C200&amp;ssl=1\" data-large-file=\"https:\/\/i0.wp.com\/www.shqiperia.com\/blog\/wp-content\/uploads\/2026\/06\/images-1.webp?fit=678%2C452&amp;ssl=1\" class=\"alignnone wp-image-101025\" alt=\"\" src=\"https:\/\/i0.wp.com\/www.shqiperia.com\/blog\/wp-content\/uploads\/2026\/06\/images-1.webp?resize=603%2C402&#038;ssl=1\" width=\"603\" height=\"402\" srcset=\"https:\/\/i0.wp.com\/www.shqiperia.com\/blog\/wp-content\/uploads\/2026\/06\/images-1.webp?resize=300%2C200&amp;ssl=1 300w, https:\/\/i0.wp.com\/www.shqiperia.com\/blog\/wp-content\/uploads\/2026\/06\/images-1.webp?resize=600%2C400&amp;ssl=1 600w, https:\/\/i0.wp.com\/www.shqiperia.com\/blog\/wp-content\/uploads\/2026\/06\/images-1.webp?resize=450%2C300&amp;ssl=1 450w, https:\/\/i0.wp.com\/www.shqiperia.com\/blog\/wp-content\/uploads\/2026\/06\/images-1.webp?resize=400%2C267&amp;ssl=1 400w, https:\/\/i0.wp.com\/www.shqiperia.com\/blog\/wp-content\/uploads\/2026\/06\/images-1.webp?w=678&amp;ssl=1 678w\" sizes=\"auto, (max-width: 603px) 100vw, 603px\" \/><\/p>\n<p>3 Qershor 2026<\/p>\n<p>N\u00eb deklarat\u00ebn e tij p\u00ebr CNN, Rama i ka cil\u00ebsuar protestat dhe raportimet si pjes\u00eb t\u00eb nj\u00eb \u201clufte hibride\u201d, duke pretenduar se Shqip\u00ebria po sulmohet nga<em><span>\u00a0<\/span>\u201carmiq dhe konkurrenc\u00eb e fort\u00eb n\u00eb rajon\u201d,<\/em><span>\u00a0<\/span>si dhe nga fushata dezinformimi n\u00eb rrjete sociale.<\/p>\n<p><em>\u201cNuk ka protesta n\u00eb t\u00eb gjith\u00eb Shqip\u00ebrin\u00eb. Ka nj\u00eb protest\u00eb n\u00eb kryeqytet. Ne jemi n\u00eb nj\u00eb luft\u00eb hibride. Shqip\u00ebria \u00ebsht\u00eb n\u00ebn sulm nga armiq q\u00eb i njohim shum\u00eb mir\u00eb.\u00a0<\/em><em>\u00cbsht\u00eb n\u00ebn sulm nga konkurrenca shum\u00eb e fort\u00eb n\u00eb pjes\u00ebn ton\u00eb t\u00eb Mesdheut. \u00cbsht\u00eb n\u00ebn sulm nga mij\u00ebra e qindra mij\u00ebra profile t\u00eb rreme (bots) q\u00eb jan\u00eb krijuar p\u00ebr t\u00eb shkaktuar gjith\u00eb k\u00ebt\u00eb stuhi\u201d<\/em>, ka th\u00ebn\u00eb ai.<\/p>\n<p>Rama \u00ebsht\u00eb p\u00ebrfshir\u00eb edhe n\u00eb nj\u00eb debat me gazetaren e CNN International kur \u00ebsht\u00eb pyetur p\u00ebr projektin,\u00a0ku\u00a0kryeministri ka mohuar kategorikisht ekzistenc\u00ebn e nj\u00eb projekti, duke i cil\u00ebsuar raportimet si \u201clajme t\u00eb rreme\u201d.<\/p>\n<p><em>\u201cAi po flet p\u00ebr nj\u00eb projekt q\u00eb nuk e ka par\u00eb askund tjet\u00ebr p\u00ebrve\u00e7se n\u00eb imazhe t\u00eb rreme t\u00eb krijuara dhe t\u00eb shp\u00ebrndara n\u00eb rrjetet sociale n\u00eb Shqip\u00ebri, sepse ne jemi n\u00eb nj\u00eb luft\u00eb hibride. Sa i p\u00ebrket projektit\u2026,\u201d<\/em><span>\u00a0<\/span>u shpreh Rama.<\/p>\n<p>N\u00eb nj\u00eb moment t\u00eb debatit, gazetarja e CNN e pyeti n\u00ebse projekti do t\u00eb vijoj\u00eb apo \u00ebsht\u00eb ndalur, nd\u00ebrsa Rama k\u00ebmb\u00ebnguli s\u00ebrish:<em><span>\u00a0<\/span>\u201cP\u00ebrs\u00ebri, nuk ka ende nj\u00eb projekt. Nuk ka nj\u00eb projekt.\u201d<\/em><\/p>\n<p><strong>Pjes\u00eb nga intervista:<\/strong><\/p>\n<p><strong>Edi Rama:<\/strong><span>\u00a0<\/span>D\u00ebgjoni, faleminderit q\u00eb e shfaq\u00ebt at\u00eb video, sepse ajo \u00ebsht\u00eb pik\u00ebrisht portreti i dikujt q\u00eb \u00ebsht\u00eb i keqinformuar ose pjes\u00eb e atyre q\u00eb keqinformojn\u00eb. Sepse, para s\u00eb gjithash, nuk ka asnj\u00eb projekt. Ai po flet p\u00ebr nj\u00eb projekt q\u00eb nuk e ka par\u00eb askund tjet\u00ebr p\u00ebrve\u00e7se n\u00eb imazhe t\u00eb rreme t\u00eb krijuara dhe t\u00eb shp\u00ebrndara n\u00eb rrjetet sociale n\u00eb Shqip\u00ebri, sepse ne jemi n\u00eb nj\u00eb luft\u00eb hibride. Sa i p\u00ebrket projektit\u2026<\/p>\n<p><strong>Gazetarja:<\/strong><span>\u00a0<\/span>Pra, vet\u00ebm p\u00ebr ta sqaruar, projekti nuk do t\u00eb vazhdoj\u00eb?<\/p>\n<p><strong>Rama:<\/strong><span>\u00a0<\/span>P\u00ebrs\u00ebri, nuk ka ende nj\u00eb projekt. Nuk ka nj\u00eb projekt.<\/p>\n<p><strong>Gazetarja:<\/strong><span>\u00a0<\/span>Dua t\u2019ju d\u00ebgjoj, zoti Kryeminist\u00ebr, por po p\u00ebrpiqem t\u00eb sqaroj\u2026<\/p>\n<p><strong>Rama:<\/strong><span>\u00a0<\/span>Doni t\u00eb m\u00eb d\u00ebgjoni apo doni vet\u00ebm t\u00eb flisni?<\/p>\n<p><strong>Gazetarja<\/strong>: Dua t\u2019ju d\u00ebgjoj, por po p\u00ebrpiqem t\u00eb sqaroj p\u00ebr shikuesit tan\u00eb. Ju po na akuzoni p\u00ebr lajme t\u00eb rreme dhe po p\u00ebrpiqem t\u00eb kuptoj n\u00ebse projekti vazhdon apo \u00ebsht\u00eb ndalur. Sepse, sipas raportimeve t\u00eb Politico, Prokuroria e Posa\u00e7me kund\u00ebr Korrupsionit n\u00eb Shqip\u00ebri ka nisur nj\u00eb hetim p\u00ebr k\u00ebt\u00eb projekt. Si mund t\u00eb vazhdoj\u00eb projekti n\u00eb k\u00ebto kushte?<\/p>\n<p><strong>Rama:<\/strong><span>\u00a0<\/span>P\u00ebrs\u00ebri, ju nuk doni t\u00eb d\u00ebgjoni. \u00cbsht\u00eb shum\u00eb e qart\u00eb p\u00ebr mua. Nuk po ju sulmoj. Po ju them t\u00eb v\u00ebrtet\u00ebn. Dhe derisa t\u00eb m\u00eb tregoni projektin, duhet t\u00eb m\u00eb d\u00ebgjoni, sepse nuk ka projekt.<\/p>\n<p>P\u00ebr t\u00eb krijuar k\u00ebt\u00eb projekt, grupi q\u00eb nuk p\u00ebrb\u00ebhet vet\u00ebm nga Jared Kushner dhe Ivanka Trump, por edhe nga investitor\u00eb t\u00eb tjer\u00eb shum\u00eb t\u00eb respektuar, ka angazhuar pes\u00eb nga arkitekt\u00ebt m\u00eb t\u00eb mir\u00eb n\u00eb bot\u00eb sot:<\/p>\n<p>Kengo Kuma nga Japonia, Bjarke Ingels nga Danimarka, Emre Arolat nga Turqia, K-Studio nga Greqia, Jean Nouvel nga Franca. K\u00ebta po punojn\u00eb s\u00eb bashku me inxhinier\u00eb t\u00eb nivelit m\u00eb t\u00eb lart\u00eb p\u00ebr mjedisin dhe specialist\u00eb t\u00eb ndikimit social. Nd\u00ebrkoh\u00eb \u00ebsht\u00eb angazhuar edhe nj\u00eb nga kompanit\u00eb m\u00eb t\u00eb m\u00ebdha konsulente p\u00ebr vler\u00ebsimin e ndikimit mjedisor.<\/p>\n<p>Sepse sfida nuk \u00ebsht\u00eb t\u00eb nd\u00ebrtohet nj\u00eb qytet. Sfida nuk \u00ebsht\u00eb t\u00eb derdhet beton mbi kokat e flamingove. Sfida \u00ebsht\u00eb t\u00eb provohet se zhvillimi dhe natyra jo vet\u00ebm q\u00eb mund t\u00eb bashk\u00ebjetojn\u00eb, por se natyra dhe zhvillimi kan\u00eb nevoj\u00eb p\u00ebr nj\u00ebra-tjetr\u00ebn.<\/p>\n<p>Njer\u00ebzit meritojn\u00eb t\u00eb jetojn\u00eb n\u00eb nj\u00eb lloj tjet\u00ebr mjedisi, ku mund ta shijojn\u00eb natyr\u00ebn dhe nj\u00ebkoh\u00ebsisht t\u2019i tregojn\u00eb respekt. Pra, projekti ende nuk ekziston. Vler\u00ebsimi i ndikimit mjedisor \u00ebsht\u00eb ende duke u kryer. E kuptoni? Dhe m\u00eb lini t\u00eb p\u00ebrfundoj.<\/p>\n<p><strong>Gazetarja:<\/strong><span>\u00a0<\/span>Po ju d\u00ebgjoj, zoti Kryeminist\u00ebr.<\/p>\n<p>Rama: M\u00eb lini t\u00eb p\u00ebrfundoj, sepse ju p\u00ebrmend\u00ebt Politico dhe that\u00eb se ka nj\u00eb hetim antikorrupsion. Ky \u00ebsht\u00eb lajm i rrem\u00eb. Hetimi ka t\u00eb b\u00ebj\u00eb me nj\u00eb nga pronar\u00ebt e tok\u00ebs. \u00cbsht\u00eb tok\u00eb private dhe nj\u00eb nga pronar\u00ebt e ka shitur pron\u00ebn, e cila \u00ebsht\u00eb bler\u00eb p\u00ebrmes transaksioneve bankare krejt\u00ebsisht transparente.<\/p>\n<p>Hetimi \u00ebsht\u00eb p\u00ebr at\u00eb \u00e7\u00ebshtje. Nuk \u00ebsht\u00eb p\u00ebr investimin. Nuk \u00ebsht\u00eb p\u00ebr projektin. Nuk \u00ebsht\u00eb p\u00ebr Kushnerin. Nuk \u00ebsht\u00eb p\u00ebr Trumpin. Nuk \u00ebsht\u00eb p\u00ebr asgj\u00eb nga ato q\u00eb po hidhen n\u00eb k\u00ebt\u00eb p\u00ebrzierje p\u00ebr t\u00eb krijuar lajmin sensacional se Shqip\u00ebria \u00ebsht\u00eb nj\u00eb vend ku po vrasim flamingot.<\/p>\n<p><strong>Gazetarja:<\/strong><span>\u00a0<\/span>M\u00eb lejoni fillimisht t\u00eb marr reagimin tuaj p\u00ebr protestat q\u00eb kemi par\u00eb si n\u00eb kryeqytetin Tiran\u00eb, ashtu edhe n\u00eb qytetet bregdetare, lidhur me k\u00ebt\u00eb zhvillim q\u00eb lidhet me Jared Kushner. Si i p\u00ebrgjigjeni ju protestave dhe shqet\u00ebsimeve t\u00eb tyre?<\/p>\n<p><strong>Rama:<\/strong><span>\u00a0<\/span>S\u00eb pari, ju fal\u00ebnderoj q\u00eb m\u00eb jepni k\u00ebt\u00eb mund\u00ebsi, sepse duhet t\u00eb them se \u00ebsht\u00eb v\u00ebrtet mbres\u00ebl\u00ebn\u00ebse t\u00eb ndiesh pesh\u00ebn e lajmeve t\u00eb rreme q\u00eb vijn\u00eb edhe nga media q\u00eb, n\u00eb syt\u00eb e mi, jan\u00eb shum\u00eb t\u00eb respektuara. Dhe vet\u00ebm p\u00ebr t\u00eb sakt\u00ebsuar, ju that\u00eb protesta n\u00eb t\u00eb gjith\u00eb Shqip\u00ebrin\u00eb. Kjo \u00ebsht\u00eb e rreme. Nuk ka protesta n\u00eb t\u00eb gjith\u00eb Shqip\u00ebrin\u00eb. Ka nj\u00eb protest\u00eb n\u00eb kryeqytet. Ne jemi n\u00eb nj\u00eb luft\u00eb hibride. Shqip\u00ebria \u00ebsht\u00eb n\u00ebn sulm nga armiq q\u00eb i njohim shum\u00eb mir\u00eb. \u00cbsht\u00eb n\u00ebn sulm nga konkurrenca shum\u00eb e fort\u00eb n\u00eb pjes\u00ebn ton\u00eb t\u00eb Mesdheut. \u00cbsht\u00eb n\u00ebn sulm nga mij\u00ebra e qindra mij\u00ebra profile t\u00eb rreme (bots) q\u00eb jan\u00eb krijuar p\u00ebr t\u00eb shkaktuar gjith\u00eb k\u00ebt\u00eb stuhi.<\/p>\n<p>Dhe sigurisht, n\u00eb k\u00ebt\u00eb protest\u00eb ka njer\u00ebz me q\u00ebllime t\u00eb mira, t\u00eb rinj q\u00eb n\u00eb p\u00ebrgjith\u00ebsi jan\u00eb t\u00eb interesuar p\u00ebr mjedisin, por q\u00eb jan\u00eb keqinformuar n\u00eb mas\u00eb t\u00eb madhe. Nuk ekziston di\u00e7ka e till\u00eb si \u201cishulli i familjes Trump\u201d. Nuk ekziston di\u00e7ka e till\u00eb si familja e presidentit amerikan q\u00eb po merr n\u00ebn kontroll zonat e mbrojtura me flamingo.<\/p>\n","protected":false},"excerpt":{"rendered":"<p>3 Qershor 2026 N\u00eb deklarat\u00ebn e tij p\u00ebr CNN, Rama i ka cil\u00ebsuar protestat dhe raportimet si pjes\u00eb t\u00eb nj\u00eb \u201clufte hibride\u201d, duke pretenduar se Shqip\u00ebria po sulmohet nga\u00a0\u201carmiq dhe konkurrenc\u00eb e fort\u00eb n\u00eb rajon\u201d,\u00a0si dhe nga fushata dezinformimi n\u00eb rrjete sociale. \u201cNuk ka protesta n\u00eb t\u00eb gjith\u00eb Shqip\u00ebrin\u00eb. Ka nj\u00eb protest\u00eb n\u00eb kryeqytet. Ne [&hellip;]<\/p>\n","protected":false},"author":9,"featured_media":101025,"comment_status":"open","ping_status":"open","sticky":false,"template":"","format":"standard","meta":{"jetpack_post_was_ever_published":false,"_jetpack_newsletter_access":"","_jetpack_dont_email_post_to_subs":false,"_jetpack_newsletter_tier_id":0,"_jetpack_memberships_contains_paywalled_content":false,"_jetpack_memberships_contains_paid_content":false,"footnotes":"","jetpack_publicize_message":"","jetpack_publicize_feature_enabled":true,"jetpack_social_post_already_shared":true,"jetpack_social_options":{"image_generator_settings":{"template":"highway","default_image_id":0,"font":"","enabled":false},"version":2}},"categories":[27,10,14,35],"tags":[],"class_list":["post-101024","post","type-post","status-publish","format-standard","has-post-thumbnail","hentry","category-blogu-i-udhetarit","category-kultura","category-press-releases","category-shoqerore"],"jetpack_publicize_connections":[],"jetpack_featured_media_url":"https:\/\/i0.wp.com\/www.shqiperia.com\/blog\/wp-content\/uploads\/2026\/06\/images-1.webp?fit=678%2C452&ssl=1","jetpack_sharing_enabled":true,"jetpack_shortlink":"https:\/\/wp.me\/p5Z6wp-qhq","jetpack-related-posts":[{"id":101050,"url":"https:\/\/www.shqiperia.com\/blog\/rama-perplaset-me-gazetaren-e-cnn-per-projektin-ne-zvernec-po-me-akuzon-per-lajm-te-rreme-do-me-degjosh-apo-jo\/","url_meta":{"origin":101024,"position":0},"title":"Rama p\u00ebrplaset me gazetaren e CNN p\u00ebr projektin n\u00eb Zv\u00ebrnec: &#8211; Po m\u00eb akuzon p\u00ebr lajm t\u00eb rrem\u00eb! &#8211; Do m\u00eb d\u00ebgjosh apo jo\u2026","author":"Kurt Farka","date":"June 3, 2026","format":false,"excerpt":"3 Qershor 2026 Kryeministri Edi Rama foli sot n\u00eb nj\u00eb intervist\u00eb p\u00ebr CNN International, ku u pyet p\u00ebr projektin n\u00eb Zv\u00ebrnec. Gjat\u00eb fjal\u00ebs s\u00eb tij Rama u p\u00ebrplas edhe me gazetaren e cila e pyeste vazhdimisht\u00eb p\u00ebr projektin, nd\u00ebrsa kryeministri thekson se nuk ka asnj\u00eb projekt dhe k\u00ebto jan\u00eb lajme\u2026","rel":"","context":"In &quot;Kultura&quot;","block_context":{"text":"Kultura","link":"https:\/\/www.shqiperia.com\/blog\/category\/kultura\/"},"img":{"alt_text":"","src":"https:\/\/i0.wp.com\/www.shqiperia.com\/blog\/wp-content\/uploads\/2026\/06\/Edi-Rama-2.jpg?fit=780%2C440&ssl=1&resize=350%2C200","width":350,"height":200,"srcset":"https:\/\/i0.wp.com\/www.shqiperia.com\/blog\/wp-content\/uploads\/2026\/06\/Edi-Rama-2.jpg?fit=780%2C440&ssl=1&resize=350%2C200 1x, https:\/\/i0.wp.com\/www.shqiperia.com\/blog\/wp-content\/uploads\/2026\/06\/Edi-Rama-2.jpg?fit=780%2C440&ssl=1&resize=525%2C300 1.5x, https:\/\/i0.wp.com\/www.shqiperia.com\/blog\/wp-content\/uploads\/2026\/06\/Edi-Rama-2.jpg?fit=780%2C440&ssl=1&resize=700%2C400 2x"},"classes":[]},{"id":101122,"url":"https:\/\/www.shqiperia.com\/blog\/projekti-ne-zvernec-seshte-ai-qe-eshte-folur-rama-nga-tivati-pas-protestes-jane-iranianet\/","url_meta":{"origin":101024,"position":1},"title":"\u201cProjekti n\u00eb Zv\u00ebrnec, s\u2019\u00ebsht\u00eb ai q\u00eb \u00ebsht\u00eb folur\u201d, Rama nga Tivati: Pas protest\u00ebs jan\u00eb iranian\u00ebt","author":"Kurt Farka","date":"June 5, 2026","format":false,"excerpt":"5 Qershor 2026 Kryeministri Edi Rama, gjat\u00eb pjes\u00ebmarrjes n\u00eb Samitin BE\u2013Ballkani Per\u00ebndimor q\u00eb po zhvillohet n\u00eb Tivat, u ndal edhe te protestat kund\u00ebr projektit t\u00eb diskutuar n\u00eb Zv\u00ebrnec. Rama theksoi se vendet e rajonit duhet t\u00eb jen\u00eb t\u00eb gjitha n\u00eb t\u00eb nj\u00ebjt\u00ebn tryez\u00eb, por secili duhet t\u00eb b\u00ebj\u00eb detyr\u00ebn e\u2026","rel":"","context":"In &quot;Blogu i Udh\u00ebtarit&quot;","block_context":{"text":"Blogu i Udh\u00ebtarit","link":"https:\/\/www.shqiperia.com\/blog\/category\/blogu-i-udhetarit\/"},"img":{"alt_text":"","src":"https:\/\/i0.wp.com\/www.shqiperia.com\/blog\/wp-content\/uploads\/2026\/06\/1280X720-10892714-1.jpg?fit=1200%2C675&ssl=1&resize=350%2C200","width":350,"height":200,"srcset":"https:\/\/i0.wp.com\/www.shqiperia.com\/blog\/wp-content\/uploads\/2026\/06\/1280X720-10892714-1.jpg?fit=1200%2C675&ssl=1&resize=350%2C200 1x, https:\/\/i0.wp.com\/www.shqiperia.com\/blog\/wp-content\/uploads\/2026\/06\/1280X720-10892714-1.jpg?fit=1200%2C675&ssl=1&resize=525%2C300 1.5x, https:\/\/i0.wp.com\/www.shqiperia.com\/blog\/wp-content\/uploads\/2026\/06\/1280X720-10892714-1.jpg?fit=1200%2C675&ssl=1&resize=700%2C400 2x, https:\/\/i0.wp.com\/www.shqiperia.com\/blog\/wp-content\/uploads\/2026\/06\/1280X720-10892714-1.jpg?fit=1200%2C675&ssl=1&resize=1050%2C600 3x"},"classes":[]},{"id":103297,"url":"https:\/\/www.shqiperia.com\/blog\/rama-nga-baza-ajrore-e-farkes-jemi-gati-tu-shkojme-ne-ndihme-mohon-zjarret-ne-shqiperi-vlora-e-mbuluar-nga-tymi\/","url_meta":{"origin":101024,"position":2},"title":"Rama nga Baza Ajrore e Fark\u00ebs: &#8211; Jemi gati t\u2019u shkojm\u00eb n\u00eb ndihm\u00eb. Mohon Zjarret ne Shqiperi. Vlora e mbuluar nga Tymi","author":"Kurt Farka","date":"July 27, 2026","format":false,"excerpt":"27 Korrik 2026 Kryeministri Edi Rama ka shprehur solidaritetin e Shqip\u00ebris\u00eb me Franc\u00ebn dhe Spanj\u00ebn, t\u00eb cilat po p\u00ebrballen me zjarre t\u00eb p\u00ebrmasave t\u00eb m\u00ebdha, duke theksuar se ndryshimet klimatike po e b\u00ebjn\u00eb k\u00ebt\u00eb fenomen nj\u00eb sfid\u00eb t\u00eb p\u00ebrbashk\u00ebt p\u00ebr t\u00eb gjitha vendet. Gjat\u00eb nj\u00eb takimi n\u00eb Baz\u00ebn Ajrore t\u00eb\u2026","rel":"","context":"In &quot;Blogu i Udh\u00ebtarit&quot;","block_context":{"text":"Blogu i Udh\u00ebtarit","link":"https:\/\/www.shqiperia.com\/blog\/category\/blogu-i-udhetarit\/"},"img":{"alt_text":"","src":"https:\/\/i0.wp.com\/www.shqiperia.com\/blog\/wp-content\/uploads\/2026\/07\/Edi-Rama-2-1.jpg?fit=1200%2C674&ssl=1&resize=350%2C200","width":350,"height":200,"srcset":"https:\/\/i0.wp.com\/www.shqiperia.com\/blog\/wp-content\/uploads\/2026\/07\/Edi-Rama-2-1.jpg?fit=1200%2C674&ssl=1&resize=350%2C200 1x, https:\/\/i0.wp.com\/www.shqiperia.com\/blog\/wp-content\/uploads\/2026\/07\/Edi-Rama-2-1.jpg?fit=1200%2C674&ssl=1&resize=525%2C300 1.5x, https:\/\/i0.wp.com\/www.shqiperia.com\/blog\/wp-content\/uploads\/2026\/07\/Edi-Rama-2-1.jpg?fit=1200%2C674&ssl=1&resize=700%2C400 2x, https:\/\/i0.wp.com\/www.shqiperia.com\/blog\/wp-content\/uploads\/2026\/07\/Edi-Rama-2-1.jpg?fit=1200%2C674&ssl=1&resize=1050%2C600 3x"},"classes":[]},{"id":101236,"url":"https:\/\/www.shqiperia.com\/blog\/shqiperia-nuk-eshte-ne-shitje-lubonja-flet-nga-protesta-sistemi-i-rames-ka-grabitur-vendin-te-permbysim-pushtetin\/","url_meta":{"origin":101024,"position":3},"title":"\u2018Shqip\u00ebria nuk \u00ebsht\u00eb n\u00eb shitje\u2019, Lubonja flet nga protesta: Sistemi i Ram\u00ebs ka grabitur vendin, t\u00eb p\u00ebrmbysim pushtetin","author":"Kurt Farka","date":"June 7, 2026","format":false,"excerpt":"7 Qershor 2026 Dita e tet\u00eb e protest\u00ebs pa s\u00ebrish mij\u00ebra qytetar\u00eb q\u00eb marshuan nga sheshi Sk\u00ebnderbej te Kryeministria ku protestuan s\u00ebrish kund\u00ebr nd\u00ebrtimit t\u00eb resortit n\u00eb Zv\u00ebrnec. Sakaq, n\u00eb podiumin e improvizuar foli edhe analisti Fatos Lubonja. Ai u shpreh se rasti i Zv\u00ebrnecit tregoi se si funksionon sistemi\u2026","rel":"","context":"In &quot;Blogu i Udh\u00ebtarit&quot;","block_context":{"text":"Blogu i Udh\u00ebtarit","link":"https:\/\/www.shqiperia.com\/blog\/category\/blogu-i-udhetarit\/"},"img":{"alt_text":"","src":"https:\/\/i0.wp.com\/www.shqiperia.com\/blog\/wp-content\/uploads\/2026\/06\/luboinja-979x570-1.jpg?fit=979%2C570&ssl=1&resize=350%2C200","width":350,"height":200,"srcset":"https:\/\/i0.wp.com\/www.shqiperia.com\/blog\/wp-content\/uploads\/2026\/06\/luboinja-979x570-1.jpg?fit=979%2C570&ssl=1&resize=350%2C200 1x, https:\/\/i0.wp.com\/www.shqiperia.com\/blog\/wp-content\/uploads\/2026\/06\/luboinja-979x570-1.jpg?fit=979%2C570&ssl=1&resize=525%2C300 1.5x, https:\/\/i0.wp.com\/www.shqiperia.com\/blog\/wp-content\/uploads\/2026\/06\/luboinja-979x570-1.jpg?fit=979%2C570&ssl=1&resize=700%2C400 2x"},"classes":[]},{"id":102243,"url":"https:\/\/www.shqiperia.com\/blog\/rama-sulmon-edhe-gazetaret-injoron-mijera-qytetare-qe-i-kerkojne-doreheqjen\/","url_meta":{"origin":101024,"position":4},"title":"Rama sulmon edhe gazetar\u00ebt, injoron mij\u00ebra qytetar\u00eb q\u00eb i k\u00ebrkojn\u00eb dor\u00ebheqjen","author":"Kurt Farka","date":"July 5, 2026","format":false,"excerpt":"5 Korrik 2026 Kryeministri Edi Rama p\u00ebrpiqet \u00e7do dit\u00eb dhe m\u00eb shum\u00eb t\u00eb injoroj\u00eb protest\u00ebn spektakolare t\u00eb qytetar\u00ebve shqiptar\u00eb dhe t\u00eb gjej\u00eb armiq nga t\u00eb gjitha krah\u00ebt. Si asnj\u00ebher\u00eb m\u00eb par\u00eb mij\u00ebra njer\u00ebz n\u00eb sheshe dhe rrug\u00ebt kryesore t\u00eb Tiran\u00ebs kan\u00eb k\u00ebrkuar dor\u00ebheqjen e kryeministrit Edi Rama prej m\u00eb shum\u00eb\u2026","rel":"","context":"In &quot;Blogu i Udh\u00ebtarit&quot;","block_context":{"text":"Blogu i Udh\u00ebtarit","link":"https:\/\/www.shqiperia.com\/blog\/category\/blogu-i-udhetarit\/"},"img":{"alt_text":"","src":"https:\/\/i0.wp.com\/www.shqiperia.com\/blog\/wp-content\/uploads\/2026\/07\/auto_rama-dhe-klevi-muka1783237365-1.jpg?fit=900%2C500&ssl=1&resize=350%2C200","width":350,"height":200,"srcset":"https:\/\/i0.wp.com\/www.shqiperia.com\/blog\/wp-content\/uploads\/2026\/07\/auto_rama-dhe-klevi-muka1783237365-1.jpg?fit=900%2C500&ssl=1&resize=350%2C200 1x, https:\/\/i0.wp.com\/www.shqiperia.com\/blog\/wp-content\/uploads\/2026\/07\/auto_rama-dhe-klevi-muka1783237365-1.jpg?fit=900%2C500&ssl=1&resize=525%2C300 1.5x, https:\/\/i0.wp.com\/www.shqiperia.com\/blog\/wp-content\/uploads\/2026\/07\/auto_rama-dhe-klevi-muka1783237365-1.jpg?fit=900%2C500&ssl=1&resize=700%2C400 2x"},"classes":[]},{"id":103284,"url":"https:\/\/www.shqiperia.com\/blog\/prestigjiozja-amerikane-the-atlantic-shqiptaret-mbushin-sheshet-per-doreheqjen-e-rames-qindra-mijera-njerez-ne-protesta-te-perditshme\/","url_meta":{"origin":101024,"position":5},"title":"Prestigjiozja amerikane, \u2018The Atlantic\u2019: &#8211; Shqiptar\u00ebt mbushin sheshet p\u00ebr dor\u00ebheqjen e Ram\u00ebs! Qindra mij\u00ebra njer\u00ebz n\u00eb protesta t\u00eb p\u00ebrditshme","author":"Kurt Farka","date":"July 27, 2026","format":false,"excerpt":"27 Korrik 2026 The Atlantik\/ N\u00eb ver\u00ebn e vitit 2021 , Ivanka Trump dhe bashk\u00ebshorti i saj, Jared Kushner, po lundronin n\u00eb Mesdhe me jaht kur ndaluan p\u00ebr t\u00eb notuar pran\u00eb bregdetit Adriatik. Ata mb\u00ebrrit\u00ebn n\u00eb nj\u00eb ishull dhe ec\u00ebn zbathur n\u00ebp\u00ebr terrenin e tij kodrinor dhe t\u00eb thyer. \u201cN\u00eb\u2026","rel":"","context":"In &quot;Blogu i Udh\u00ebtarit&quot;","block_context":{"text":"Blogu i Udh\u00ebtarit","link":"https:\/\/www.shqiperia.com\/blog\/category\/blogu-i-udhetarit\/"},"img":{"alt_text":"","src":"https:\/\/i0.wp.com\/www.shqiperia.com\/blog\/wp-content\/uploads\/2026\/07\/PROTEST.jpg?fit=763%2C449&ssl=1&resize=350%2C200","width":350,"height":200,"srcset":"https:\/\/i0.wp.com\/www.shqiperia.com\/blog\/wp-content\/uploads\/2026\/07\/PROTEST.jpg?fit=763%2C449&ssl=1&resize=350%2C200 1x, https:\/\/i0.wp.com\/www.shqiperia.com\/blog\/wp-content\/uploads\/2026\/07\/PROTEST.jpg?fit=763%2C449&ssl=1&resize=525%2C300 1.5x, https:\/\/i0.wp.com\/www.shqiperia.com\/blog\/wp-content\/uploads\/2026\/07\/PROTEST.jpg?fit=763%2C449&ssl=1&resize=700%2C400 2x"},"classes":[]}],"_links":{"self":[{"href":"https:\/\/www.shqiperia.com\/blog\/wp-json\/wp\/v2\/posts\/101024","targetHints":{"allow":["GET"]}}],"collection":[{"href":"https:\/\/www.shqiperia.com\/blog\/wp-json\/wp\/v2\/posts"}],"about":[{"href":"https:\/\/www.shqiperia.com\/blog\/wp-json\/wp\/v2\/types\/post"}],"author":[{"embeddable":true,"href":"https:\/\/www.shqiperia.com\/blog\/wp-json\/wp\/v2\/users\/9"}],"replies":[{"embeddable":true,"href":"https:\/\/www.shqiperia.com\/blog\/wp-json\/wp\/v2\/comments?post=101024"}],"version-history":[{"count":2,"href":"https:\/\/www.shqiperia.com\/blog\/wp-json\/wp\/v2\/posts\/101024\/revisions"}],"predecessor-version":[{"id":101031,"href":"https:\/\/www.shqiperia.com\/blog\/wp-json\/wp\/v2\/posts\/101024\/revisions\/101031"}],"wp:featuredmedia":[{"embeddable":true,"href":"https:\/\/www.shqiperia.com\/blog\/wp-json\/wp\/v2\/media\/101025"}],"wp:attachment":[{"href":"https:\/\/www.shqiperia.com\/blog\/wp-json\/wp\/v2\/media?parent=101024"}],"wp:term":[{"taxonomy":"category","embeddable":true,"href":"https:\/\/www.shqiperia.com\/blog\/wp-json\/wp\/v2\/categories?post=101024"},{"taxonomy":"post_tag","embeddable":true,"href":"https:\/\/www.shqiperia.com\/blog\/wp-json\/wp\/v2\/tags?post=101024"}],"curies":[{"name":"wp","href":"https:\/\/api.w.org\/{rel}","templated":true}]}}