{"id":101016,"date":"2026-06-03T21:05:02","date_gmt":"2026-06-03T21:05:02","guid":{"rendered":"https:\/\/www.shqiperia.com\/blog\/?p=101016"},"modified":"2026-06-03T22:49:05","modified_gmt":"2026-06-03T22:49:05","slug":"protestuesit-shkojne-te-selia-e-pd-therrasin-ne-kor-opozite-e-shitur","status":"publish","type":"post","link":"https:\/\/www.shqiperia.com\/blog\/protestuesit-shkojne-te-selia-e-pd-therrasin-ne-kor-opozite-e-shitur\/","title":{"rendered":"Protestuesit shkojn\u00eb te selia e PD, th\u00ebrrasin n\u00eb kor \u2018opozit\u00eb e shitur\u2019"},"content":{"rendered":"<p><img data-recalc-dims=\"1\" loading=\"lazy\" decoding=\"async\" data-attachment-id=\"101017\" data-permalink=\"https:\/\/www.shqiperia.com\/blog\/protestuesit-shkojne-te-selia-e-pd-therrasin-ne-kor-opozite-e-shitur\/1780519305_protestuesittekpd\/\" data-orig-file=\"https:\/\/i0.wp.com\/www.shqiperia.com\/blog\/wp-content\/uploads\/2026\/06\/1780519305_protestuesittekpd.jpeg?fit=780%2C440&amp;ssl=1\" data-orig-size=\"780,440\" data-comments-opened=\"1\" data-image-meta=\"{&quot;aperture&quot;:&quot;0&quot;,&quot;credit&quot;:&quot;&quot;,&quot;camera&quot;:&quot;&quot;,&quot;caption&quot;:&quot;&quot;,&quot;created_timestamp&quot;:&quot;0&quot;,&quot;copyright&quot;:&quot;&quot;,&quot;focal_length&quot;:&quot;0&quot;,&quot;iso&quot;:&quot;0&quot;,&quot;shutter_speed&quot;:&quot;0&quot;,&quot;title&quot;:&quot;&quot;,&quot;orientation&quot;:&quot;0&quot;}\" data-image-title=\"1780519305_protestuesittekpd\" data-image-description=\"\" data-image-caption=\"\" data-medium-file=\"https:\/\/i0.wp.com\/www.shqiperia.com\/blog\/wp-content\/uploads\/2026\/06\/1780519305_protestuesittekpd.jpeg?fit=300%2C169&amp;ssl=1\" data-large-file=\"https:\/\/i0.wp.com\/www.shqiperia.com\/blog\/wp-content\/uploads\/2026\/06\/1780519305_protestuesittekpd.jpeg?fit=780%2C440&amp;ssl=1\" class=\"alignnone wp-image-101017\" alt=\"\" src=\"https:\/\/i0.wp.com\/www.shqiperia.com\/blog\/wp-content\/uploads\/2026\/06\/1780519305_protestuesittekpd.jpeg?resize=623%2C351&#038;ssl=1\" width=\"623\" height=\"351\" srcset=\"https:\/\/i0.wp.com\/www.shqiperia.com\/blog\/wp-content\/uploads\/2026\/06\/1780519305_protestuesittekpd.jpeg?resize=300%2C169&amp;ssl=1 300w, https:\/\/i0.wp.com\/www.shqiperia.com\/blog\/wp-content\/uploads\/2026\/06\/1780519305_protestuesittekpd.jpeg?resize=768%2C433&amp;ssl=1 768w, https:\/\/i0.wp.com\/www.shqiperia.com\/blog\/wp-content\/uploads\/2026\/06\/1780519305_protestuesittekpd.jpeg?resize=450%2C254&amp;ssl=1 450w, https:\/\/i0.wp.com\/www.shqiperia.com\/blog\/wp-content\/uploads\/2026\/06\/1780519305_protestuesittekpd.jpeg?resize=600%2C338&amp;ssl=1 600w, https:\/\/i0.wp.com\/www.shqiperia.com\/blog\/wp-content\/uploads\/2026\/06\/1780519305_protestuesittekpd.jpeg?resize=400%2C226&amp;ssl=1 400w, https:\/\/i0.wp.com\/www.shqiperia.com\/blog\/wp-content\/uploads\/2026\/06\/1780519305_protestuesittekpd.jpeg?w=780&amp;ssl=1 780w\" sizes=\"auto, (max-width: 623px) 100vw, 623px\" \/><\/p>\n<p>3 Qershor 2026<\/p>\n<p>Duket se protesta e sotme ende nuk ka p\u00ebrfunduar. Protestuesit, pasi u shp\u00ebrndan\u00eb me grupe n\u00eb disa zona t\u00eb Tiran\u00ebs, kan\u00eb marshuar p\u00ebrs\u00ebri drejt bulevardit \u2018D\u00ebshmor\u00ebt e Kombit\u2019 ku dhe kan\u00eb kaluar p\u00ebrpara kryeministris\u00eb.<\/p>\n<p>Ata u drejtuan drejt selis\u00eb s\u00eb Partis\u00eb Demokratike duke th\u00ebrritur n\u00eb kor \u201copozit\u00eb e shitur\u201d.<\/p>\n","protected":false},"excerpt":{"rendered":"<p>3 Qershor 2026 Duket se protesta e sotme ende nuk ka p\u00ebrfunduar. Protestuesit, pasi u shp\u00ebrndan\u00eb me grupe n\u00eb disa zona t\u00eb Tiran\u00ebs, kan\u00eb marshuar p\u00ebrs\u00ebri drejt bulevardit \u2018D\u00ebshmor\u00ebt e Kombit\u2019 ku dhe kan\u00eb kaluar p\u00ebrpara kryeministris\u00eb. Ata u drejtuan drejt selis\u00eb s\u00eb Partis\u00eb Demokratike duke th\u00ebrritur n\u00eb kor \u201copozit\u00eb e shitur\u201d.<\/p>\n","protected":false},"author":9,"featured_media":101017,"comment_status":"open","ping_status":"open","sticky":false,"template":"","format":"standard","meta":{"jetpack_post_was_ever_published":false,"_jetpack_newsletter_access":"","_jetpack_dont_email_post_to_subs":false,"_jetpack_newsletter_tier_id":0,"_jetpack_memberships_contains_paywalled_content":false,"_jetpack_memberships_contains_paid_content":false,"footnotes":"","jetpack_publicize_message":"","jetpack_publicize_feature_enabled":true,"jetpack_social_post_already_shared":true,"jetpack_social_options":{"image_generator_settings":{"template":"highway","default_image_id":0,"font":"","enabled":false},"version":2}},"categories":[27,10,2,35],"tags":[],"class_list":["post-101016","post","type-post","status-publish","format-standard","has-post-thumbnail","hentry","category-blogu-i-udhetarit","category-kultura","category-politika","category-shoqerore"],"jetpack_publicize_connections":[],"jetpack_featured_media_url":"https:\/\/i0.wp.com\/www.shqiperia.com\/blog\/wp-content\/uploads\/2026\/06\/1780519305_protestuesittekpd.jpeg?fit=780%2C440&ssl=1","jetpack_sharing_enabled":true,"jetpack_shortlink":"https:\/\/wp.me\/p5Z6wp-qhi","jetpack-related-posts":[{"id":102033,"url":"https:\/\/www.shqiperia.com\/blog\/hiqni-kapelet-tensione-para-kuvendit-protestuesit-perplasen-me-policine-bllokojne-te-gjitha-hyrjet-e-parlamentit\/","url_meta":{"origin":101016,"position":0},"title":"\u201cHiqni kapelet\u201d\/ Tensione para Kuvendit, protestuesit p\u00ebrplasen me policin\u00eb, bllokojn\u00eb t\u00eb gjitha hyrjet e Parlamentit","author":"Kurt Farka","date":"June 30, 2026","format":false,"excerpt":"30 Qershor 2026 Teksa qytetar\u00ebt kan\u00eb tentuar q\u00eb t\u00eb futen n\u00eb Kuvend, ata jan\u00eb p\u00ebrplasur me policin\u00eb. Si\u00e7 shihet nga pamjet, ata jan\u00eb shtyr\u00eb mes nj\u00ebri-tjetrit Qytetar\u00ebt prej dy or\u00ebsh vijojn\u00eb protest\u00ebn e tyre para Kuvendit. Shqiptar\u00ebt prej 31 dit\u00ebsh k\u00ebrkojn\u00eb largimin e kryeministrit Edi Rama. Ata jan\u00eb shprehur se\u2026","rel":"","context":"In &quot;Blogu i Udh\u00ebtarit&quot;","block_context":{"text":"Blogu i Udh\u00ebtarit","link":"https:\/\/www.shqiperia.com\/blog\/category\/blogu-i-udhetarit\/"},"img":{"alt_text":"","src":"https:\/\/i0.wp.com\/www.shqiperia.com\/blog\/wp-content\/uploads\/2026\/06\/1-4.png?fit=780%2C440&ssl=1&resize=350%2C200","width":350,"height":200,"srcset":"https:\/\/i0.wp.com\/www.shqiperia.com\/blog\/wp-content\/uploads\/2026\/06\/1-4.png?fit=780%2C440&ssl=1&resize=350%2C200 1x, https:\/\/i0.wp.com\/www.shqiperia.com\/blog\/wp-content\/uploads\/2026\/06\/1-4.png?fit=780%2C440&ssl=1&resize=525%2C300 1.5x, https:\/\/i0.wp.com\/www.shqiperia.com\/blog\/wp-content\/uploads\/2026\/06\/1-4.png?fit=780%2C440&ssl=1&resize=700%2C400 2x"},"classes":[]},{"id":102924,"url":"https:\/\/www.shqiperia.com\/blog\/rama-jepe-doreheqjen-sot-dita-e-50-te-e-rezistences-qytetare-per-rrezimin-e-qeverise\/","url_meta":{"origin":101016,"position":1},"title":"\u201cRama jepe dor\u00ebheqjen\u201d- Sot dita e 50-t\u00eb e rezistenc\u00ebs qytetare p\u00ebr rr\u00ebzimin e qeveris\u00eb","author":"Kurt Farka","date":"July 19, 2026","format":false,"excerpt":"19 Korrik 2026 Qytetar\u00ebt k\u00ebrkojn\u00eb nd\u00ebrrimin e saj dhe rr\u00ebzimin e qeveris\u00eb aktuale, duke pasur si k\u00ebrkes\u00eb kryesore dor\u00ebheqjen e kryeministrit Edi Rama. K\u00ebrkesa \u00ebsht\u00eb e panegocueshme, teksa mij\u00ebra qytetar\u00eb shqiptar\u00eb mblidhen \u00e7do nat\u00eb n\u00eb bulevardin para Kryeministris\u00eb ku mbajn\u00eb fjalime dhe m\u00eb pas marshojn\u00eb rrug\u00ebve t\u00eb Tiran\u00ebs, duke sensibilizuar.\u2026","rel":"","context":"In &quot;Blogu i Udh\u00ebtarit&quot;","block_context":{"text":"Blogu i Udh\u00ebtarit","link":"https:\/\/www.shqiperia.com\/blog\/category\/blogu-i-udhetarit\/"},"img":{"alt_text":"","src":"https:\/\/i0.wp.com\/www.shqiperia.com\/blog\/wp-content\/uploads\/2026\/07\/der-spiegel-protesta-433x300-1.jpg?fit=433%2C300&ssl=1&resize=350%2C200","width":350,"height":200},"classes":[]},{"id":101626,"url":"https:\/\/www.shqiperia.com\/blog\/parlament-i-krimit-parlament-i-turpit-doreheqje-protestuesit-marshojne-drejt-kuvendit\/","url_meta":{"origin":101016,"position":2},"title":"\u2018Parlament i krimit\u2019, \u2018Parlament i turpit\u2019, \u2018Dor\u00ebheqje\u2019 &#8211; Protestuesit marshojn\u00eb drejt Kuvendit","author":"Kurt Farka","date":"June 19, 2026","format":false,"excerpt":"N\u00eb dit\u00ebn e 19 t\u00eb protest\u00ebs masive, qytetar\u00ebt kan\u00eb nisur marshimin drejt Parlamentit, nd\u00ebrsa ky i fundit vijon punimet p\u00ebr t\u00eb votuar ligjin p\u00ebr amnistin\u00eb. Marshimin drejt Kuvendit, protestuesit e kan\u00eb shoq\u00ebruar me thirrjet: \u2018Parlament i krimit\u2019, \u2018parlament i turpit\u2019, \u2018dor\u00ebheqje\u2019 dhe 'Dor\u00ebzoni mandatet'. Qytetar\u00ebt k\u00ebrkojn\u00eb dor\u00ebheqjen e kryeministrit Edi\u2026","rel":"","context":"In &quot;Blogu i Udh\u00ebtarit&quot;","block_context":{"text":"Blogu i Udh\u00ebtarit","link":"https:\/\/www.shqiperia.com\/blog\/category\/blogu-i-udhetarit\/"},"img":{"alt_text":"","src":"https:\/\/i0.wp.com\/www.shqiperia.com\/blog\/wp-content\/uploads\/2026\/06\/download.jpg?resize=350%2C200&ssl=1","width":350,"height":200,"srcset":"https:\/\/i0.wp.com\/www.shqiperia.com\/blog\/wp-content\/uploads\/2026\/06\/download.jpg?resize=350%2C200&ssl=1 1x, https:\/\/i0.wp.com\/www.shqiperia.com\/blog\/wp-content\/uploads\/2026\/06\/download.jpg?resize=525%2C300&ssl=1 1.5x"},"classes":[]},{"id":104092,"url":"https:\/\/www.shqiperia.com\/blog\/zelensky-perseriti-ne-beograd-mosnjohjen-e-kosoves-protestuesit-ne-tirane-shkojne-para-ambasades-se-ukraines\/","url_meta":{"origin":101016,"position":3},"title":"Zelensky p\u00ebrs\u00ebriti n\u00eb Beograd mosnjohjen e Kosov\u00ebs\/ Protestuesit n\u00eb Tiran\u00eb shkojn\u00eb para ambasad\u00ebs s\u00eb Ukrain\u00ebs","author":"Kurt Farka","date":"August 9, 2026","format":false,"excerpt":"9 Gusht 2026 N\u00eb protest\u00ebn e mbr\u00ebmjes s\u00eb sotme, t\u00eb zhvilluar p\u00ebrpara Kryeministris\u00eb n\u00eb Tiran\u00eb, protestuesit kan\u00eb reaguar edhe ndaj deklarat\u00ebs s\u00eb presidentit ukrainas Volodymyr Zelensky se Ukraina nuk e njeh pavar\u00ebsin\u00eb e Kosov\u00ebs. Pas fjalimeve p\u00ebrpara Kryeministris\u00eb, protestuesit jan\u00eb nisur n\u00eb marshim drejt ambasad\u00ebs s\u00eb Serbis\u00eb dhe m\u00eb pas\u2026","rel":"","context":"In &quot;Blogu i Udh\u00ebtarit&quot;","block_context":{"text":"Blogu i Udh\u00ebtarit","link":"https:\/\/www.shqiperia.com\/blog\/category\/blogu-i-udhetarit\/"},"img":{"alt_text":"","src":"https:\/\/i0.wp.com\/www.shqiperia.com\/blog\/wp-content\/uploads\/2026\/08\/IMG_1045.png?fit=900%2C506&ssl=1&resize=350%2C200","width":350,"height":200,"srcset":"https:\/\/i0.wp.com\/www.shqiperia.com\/blog\/wp-content\/uploads\/2026\/08\/IMG_1045.png?fit=900%2C506&ssl=1&resize=350%2C200 1x, https:\/\/i0.wp.com\/www.shqiperia.com\/blog\/wp-content\/uploads\/2026\/08\/IMG_1045.png?fit=900%2C506&ssl=1&resize=525%2C300 1.5x, https:\/\/i0.wp.com\/www.shqiperia.com\/blog\/wp-content\/uploads\/2026\/08\/IMG_1045.png?fit=900%2C506&ssl=1&resize=700%2C400 2x"},"classes":[]},{"id":103598,"url":"https:\/\/www.shqiperia.com\/blog\/protestuesit-therrasin-avni-rustemi\/","url_meta":{"origin":101016,"position":4},"title":"Protestuesit therrasin; &#8211; Avni Rustemi&#8230;","author":"Kurt Farka","date":"August 1, 2026","format":false,"excerpt":"1 Gusht 2026 Sapo kane nisur marshimin e pernatshem protestuesit kane thirrur n\u00eb kor; Avni Rustemi. Mbr\u00ebmjen e sotme protest\u00ebs iu bashkua edhe diaspora duke e b\u00ebr\u00eb k\u00ebt\u00eb tubim edhe m\u00eb madh\u00ebshtor. N\u00ebn thirrjet \u201cJu erdhi fundi\u201d dhe Rama jepe dor\u00ebheqjen ata po l\u00ebn\u00eb bulevardin \u201cDe\u00ebshmor\u00ebt e Kombit\u201d p\u00ebr t\u00eb\u2026","rel":"","context":"In &quot;Blogu i Udh\u00ebtarit&quot;","block_context":{"text":"Blogu i Udh\u00ebtarit","link":"https:\/\/www.shqiperia.com\/blog\/category\/blogu-i-udhetarit\/"},"img":{"alt_text":"","src":"https:\/\/i0.wp.com\/www.shqiperia.com\/blog\/wp-content\/uploads\/2026\/08\/WhatsApp-Image-2022-11-18-at-3.25.24-PM-1536x1023-1.jpeg?fit=1200%2C799&ssl=1&resize=350%2C200","width":350,"height":200,"srcset":"https:\/\/i0.wp.com\/www.shqiperia.com\/blog\/wp-content\/uploads\/2026\/08\/WhatsApp-Image-2022-11-18-at-3.25.24-PM-1536x1023-1.jpeg?fit=1200%2C799&ssl=1&resize=350%2C200 1x, https:\/\/i0.wp.com\/www.shqiperia.com\/blog\/wp-content\/uploads\/2026\/08\/WhatsApp-Image-2022-11-18-at-3.25.24-PM-1536x1023-1.jpeg?fit=1200%2C799&ssl=1&resize=525%2C300 1.5x, https:\/\/i0.wp.com\/www.shqiperia.com\/blog\/wp-content\/uploads\/2026\/08\/WhatsApp-Image-2022-11-18-at-3.25.24-PM-1536x1023-1.jpeg?fit=1200%2C799&ssl=1&resize=700%2C400 2x, https:\/\/i0.wp.com\/www.shqiperia.com\/blog\/wp-content\/uploads\/2026\/08\/WhatsApp-Image-2022-11-18-at-3.25.24-PM-1536x1023-1.jpeg?fit=1200%2C799&ssl=1&resize=1050%2C600 3x"},"classes":[]},{"id":102430,"url":"https:\/\/www.shqiperia.com\/blog\/arrestoni-ramen-marshimi-masiv-pushton-bulevardin-zogu-i-protestuesit-thirrje-ne-kor\/","url_meta":{"origin":101016,"position":5},"title":"\u201cArrestoni Ram\u00ebn\u201d\/ Marshimi masiv pushton bulevardin \u201cZogu I\u201d, protestuesit thirrje n\u00eb kor","author":"Kurt Farka","date":"July 9, 2026","format":false,"excerpt":"9 Korrik 2026 Vala e revolt\u00ebs qytetare nuk po tregon asnj\u00eb shenj\u00eb ngadal\u00ebsimi apo lodhjeje n\u00eb k\u00ebt\u00eb dit\u00eb t\u00eb 40-t\u00eb t\u00eb q\u00ebndres\u00ebs historike. Pasi lan\u00eb pas godin\u00ebn e Kryeministris\u00eb, protestuesit po vijojn\u00eb me hapa t\u00eb shpejt\u00eb dhe vrull t\u00eb jasht\u00ebzakonsh\u00ebm marshimin e tyre masiv n\u00ebp\u00ebr akset kryesore t\u00eb Tiran\u00ebs, duke\u2026","rel":"","context":"In &quot;Blogu i Udh\u00ebtarit&quot;","block_context":{"text":"Blogu i Udh\u00ebtarit","link":"https:\/\/www.shqiperia.com\/blog\/category\/blogu-i-udhetarit\/"},"img":{"alt_text":"","src":"https:\/\/i0.wp.com\/www.shqiperia.com\/blog\/wp-content\/uploads\/2026\/07\/IMG_0210.jpeg?fit=370%2C220&ssl=1&resize=350%2C200","width":350,"height":200},"classes":[]}],"_links":{"self":[{"href":"https:\/\/www.shqiperia.com\/blog\/wp-json\/wp\/v2\/posts\/101016","targetHints":{"allow":["GET"]}}],"collection":[{"href":"https:\/\/www.shqiperia.com\/blog\/wp-json\/wp\/v2\/posts"}],"about":[{"href":"https:\/\/www.shqiperia.com\/blog\/wp-json\/wp\/v2\/types\/post"}],"author":[{"embeddable":true,"href":"https:\/\/www.shqiperia.com\/blog\/wp-json\/wp\/v2\/users\/9"}],"replies":[{"embeddable":true,"href":"https:\/\/www.shqiperia.com\/blog\/wp-json\/wp\/v2\/comments?post=101016"}],"version-history":[{"count":4,"href":"https:\/\/www.shqiperia.com\/blog\/wp-json\/wp\/v2\/posts\/101016\/revisions"}],"predecessor-version":[{"id":101033,"href":"https:\/\/www.shqiperia.com\/blog\/wp-json\/wp\/v2\/posts\/101016\/revisions\/101033"}],"wp:featuredmedia":[{"embeddable":true,"href":"https:\/\/www.shqiperia.com\/blog\/wp-json\/wp\/v2\/media\/101017"}],"wp:attachment":[{"href":"https:\/\/www.shqiperia.com\/blog\/wp-json\/wp\/v2\/media?parent=101016"}],"wp:term":[{"taxonomy":"category","embeddable":true,"href":"https:\/\/www.shqiperia.com\/blog\/wp-json\/wp\/v2\/categories?post=101016"},{"taxonomy":"post_tag","embeddable":true,"href":"https:\/\/www.shqiperia.com\/blog\/wp-json\/wp\/v2\/tags?post=101016"}],"curies":[{"name":"wp","href":"https:\/\/api.w.org\/{rel}","templated":true}]}}