{"id":101013,"date":"2026-06-03T18:11:56","date_gmt":"2026-06-03T18:11:56","guid":{"rendered":"https:\/\/www.shqiperia.com\/blog\/?p=101013"},"modified":"2026-06-03T22:49:42","modified_gmt":"2026-06-03T22:49:42","slug":"lajmi-i-fundit-perotestuesit-poshte-diktatura-revolucion","status":"publish","type":"post","link":"https:\/\/www.shqiperia.com\/blog\/lajmi-i-fundit-perotestuesit-poshte-diktatura-revolucion\/","title":{"rendered":"Lajmi i Fundit: Perotestuesit: &#8211; POSHTE DIKTATURA. Revolucion"},"content":{"rendered":"<p><img data-recalc-dims=\"1\" loading=\"lazy\" decoding=\"async\" data-attachment-id=\"101014\" data-permalink=\"https:\/\/www.shqiperia.com\/blog\/lajmi-i-fundit-perotestuesit-poshte-diktatura-revolucion\/rama-protesta-zverneci-770x433\/\" data-orig-file=\"https:\/\/i0.wp.com\/www.shqiperia.com\/blog\/wp-content\/uploads\/2026\/06\/Rama-protesta-zverneci-770x433-1.jpg?fit=770%2C433&amp;ssl=1\" data-orig-size=\"770,433\" data-comments-opened=\"1\" data-image-meta=\"{&quot;aperture&quot;:&quot;0&quot;,&quot;credit&quot;:&quot;&quot;,&quot;camera&quot;:&quot;&quot;,&quot;caption&quot;:&quot;&quot;,&quot;created_timestamp&quot;:&quot;0&quot;,&quot;copyright&quot;:&quot;&quot;,&quot;focal_length&quot;:&quot;0&quot;,&quot;iso&quot;:&quot;0&quot;,&quot;shutter_speed&quot;:&quot;0&quot;,&quot;title&quot;:&quot;&quot;,&quot;orientation&quot;:&quot;0&quot;}\" data-image-title=\"Rama-protesta-zverneci-770&#215;433\" data-image-description=\"\" data-image-caption=\"\" data-medium-file=\"https:\/\/i0.wp.com\/www.shqiperia.com\/blog\/wp-content\/uploads\/2026\/06\/Rama-protesta-zverneci-770x433-1.jpg?fit=300%2C169&amp;ssl=1\" data-large-file=\"https:\/\/i0.wp.com\/www.shqiperia.com\/blog\/wp-content\/uploads\/2026\/06\/Rama-protesta-zverneci-770x433-1.jpg?fit=770%2C433&amp;ssl=1\" class=\"alignnone wp-image-101014\" alt=\"\" src=\"https:\/\/i0.wp.com\/www.shqiperia.com\/blog\/wp-content\/uploads\/2026\/06\/Rama-protesta-zverneci-770x433-1.jpg?resize=747%2C421&#038;ssl=1\" width=\"747\" height=\"421\" srcset=\"https:\/\/i0.wp.com\/www.shqiperia.com\/blog\/wp-content\/uploads\/2026\/06\/Rama-protesta-zverneci-770x433-1.jpg?resize=300%2C169&amp;ssl=1 300w, https:\/\/i0.wp.com\/www.shqiperia.com\/blog\/wp-content\/uploads\/2026\/06\/Rama-protesta-zverneci-770x433-1.jpg?resize=768%2C432&amp;ssl=1 768w, https:\/\/i0.wp.com\/www.shqiperia.com\/blog\/wp-content\/uploads\/2026\/06\/Rama-protesta-zverneci-770x433-1.jpg?resize=450%2C253&amp;ssl=1 450w, https:\/\/i0.wp.com\/www.shqiperia.com\/blog\/wp-content\/uploads\/2026\/06\/Rama-protesta-zverneci-770x433-1.jpg?resize=600%2C337&amp;ssl=1 600w, https:\/\/i0.wp.com\/www.shqiperia.com\/blog\/wp-content\/uploads\/2026\/06\/Rama-protesta-zverneci-770x433-1.jpg?resize=400%2C225&amp;ssl=1 400w, https:\/\/i0.wp.com\/www.shqiperia.com\/blog\/wp-content\/uploads\/2026\/06\/Rama-protesta-zverneci-770x433-1.jpg?w=770&amp;ssl=1 770w\" sizes=\"auto, (max-width: 747px) 100vw, 747px\" \/><\/p>\n<p>3 Qershor 2026<\/p>\n<p>Ne Bulevard, ne Shi Rinia Therret:<\/p>\n<p>&#8211; POSHTE DIKTATURA. Revolucion.\u00a0 \u00a0&#8230;<\/p>\n","protected":false},"excerpt":{"rendered":"<p>3 Qershor 2026 Ne Bulevard, ne Shi Rinia Therret: &#8211; POSHTE DIKTATURA. Revolucion.\u00a0 \u00a0&#8230;<\/p>\n","protected":false},"author":9,"featured_media":101014,"comment_status":"open","ping_status":"open","sticky":false,"template":"","format":"standard","meta":{"jetpack_post_was_ever_published":false,"_jetpack_newsletter_access":"","_jetpack_dont_email_post_to_subs":false,"_jetpack_newsletter_tier_id":0,"_jetpack_memberships_contains_paywalled_content":false,"_jetpack_memberships_contains_paid_content":false,"footnotes":"","jetpack_publicize_message":"","jetpack_publicize_feature_enabled":true,"jetpack_social_post_already_shared":true,"jetpack_social_options":{"image_generator_settings":{"template":"highway","default_image_id":0,"font":"","enabled":false},"version":2}},"categories":[27,85,2,35],"tags":[],"class_list":["post-101013","post","type-post","status-publish","format-standard","has-post-thumbnail","hentry","category-blogu-i-udhetarit","category-histori","category-politika","category-shoqerore"],"jetpack_publicize_connections":[],"jetpack_featured_media_url":"https:\/\/i0.wp.com\/www.shqiperia.com\/blog\/wp-content\/uploads\/2026\/06\/Rama-protesta-zverneci-770x433-1.jpg?fit=770%2C433&ssl=1","jetpack_sharing_enabled":true,"jetpack_shortlink":"https:\/\/wp.me\/p5Z6wp-qhf","jetpack-related-posts":[{"id":103116,"url":"https:\/\/www.shqiperia.com\/blog\/protestuesit-poshte-diktatura-protestuesit-heqin-gardhin-metalik-te-policise-dhe-afrohen-prane-institucionit\/","url_meta":{"origin":101013,"position":0},"title":"Protestuesit; &#8211; Poshte Diktatura. &#8211; Protestuesit heqin gardhin metalik t\u00eb Policis\u00eb dhe afrohen pran\u00eb institucionit","author":"Kurt Farka","date":"July 23, 2026","format":false,"excerpt":"23 Korrik 2026 Sot Thirrjet e protestuesve jane; Posht\u00eb Diktatura. Protestuesit kan\u00eb hequr gardhin metalik t\u00eb vendosur n\u00eb an\u00ebn pran\u00eb qendr\u00ebs tregtare Toptani t\u00eb vendosur nga policia. Ata kan\u00eb thyer \u201cembargon\u201d e Policis\u00eb dhe jan\u00eb afruar pran\u00eb godin\u00ebs s\u00eb Parlamentit. Policia e ka bllokuar rrug\u00ebn te Kuvendi n\u00eb t\u00eb gjitha\u2026","rel":"","context":"In &quot;Blogu i Udh\u00ebtarit&quot;","block_context":{"text":"Blogu i Udh\u00ebtarit","link":"https:\/\/www.shqiperia.com\/blog\/category\/blogu-i-udhetarit\/"},"img":{"alt_text":"","src":"https:\/\/i0.wp.com\/www.shqiperia.com\/blog\/wp-content\/uploads\/2026\/07\/Screenshot-2026-07-19-214853-1140x570-2.jpg?fit=1140%2C570&ssl=1&resize=350%2C200","width":350,"height":200,"srcset":"https:\/\/i0.wp.com\/www.shqiperia.com\/blog\/wp-content\/uploads\/2026\/07\/Screenshot-2026-07-19-214853-1140x570-2.jpg?fit=1140%2C570&ssl=1&resize=350%2C200 1x, https:\/\/i0.wp.com\/www.shqiperia.com\/blog\/wp-content\/uploads\/2026\/07\/Screenshot-2026-07-19-214853-1140x570-2.jpg?fit=1140%2C570&ssl=1&resize=525%2C300 1.5x, https:\/\/i0.wp.com\/www.shqiperia.com\/blog\/wp-content\/uploads\/2026\/07\/Screenshot-2026-07-19-214853-1140x570-2.jpg?fit=1140%2C570&ssl=1&resize=700%2C400 2x, https:\/\/i0.wp.com\/www.shqiperia.com\/blog\/wp-content\/uploads\/2026\/07\/Screenshot-2026-07-19-214853-1140x570-2.jpg?fit=1140%2C570&ssl=1&resize=1050%2C600 3x"},"classes":[]},{"id":103126,"url":"https:\/\/www.shqiperia.com\/blog\/cahet-turma-me-autobote-vazhdoin-thirrjet-poshte-diktatura\/","url_meta":{"origin":101013,"position":1},"title":"&#8220;\u00c7AHET&#8221; TURMA ME AUTOBOT\u00cb! &#8211; Vazhdoin thirrjet; Poshte Diktatura","author":"Kurt Farka","date":"July 23, 2026","format":false,"excerpt":"23 Korrik 2026 Pak minuta m\u00eb par\u00eb, turma e protestuesve \u201cmbushi\u201d zon\u00ebn p\u00ebrpara Kuvendit, derisa policia nisi aksionin p\u00ebr shp\u00ebrndarjen e qytetar\u00ebve me uj\u00eb me presion p\u00ebrmes autobot\u00ebve. Policia ka mobilizuar forca te shumta, q\u00eb te jep pershtypjen qe Tirana eshte populluar vetem me polic\u00eb. Kujtojm\u00eb se q\u00eb prej or\u00ebs\u2026","rel":"","context":"In &quot;Kultura&quot;","block_context":{"text":"Kultura","link":"https:\/\/www.shqiperia.com\/blog\/category\/kultura\/"},"img":{"alt_text":"","src":"https:\/\/i0.wp.com\/www.shqiperia.com\/blog\/wp-content\/uploads\/2026\/07\/600-388-ujyhgrftedwsjpg-1784792445-2.jpg?fit=600%2C388&ssl=1&resize=350%2C200","width":350,"height":200,"srcset":"https:\/\/i0.wp.com\/www.shqiperia.com\/blog\/wp-content\/uploads\/2026\/07\/600-388-ujyhgrftedwsjpg-1784792445-2.jpg?fit=600%2C388&ssl=1&resize=350%2C200 1x, https:\/\/i0.wp.com\/www.shqiperia.com\/blog\/wp-content\/uploads\/2026\/07\/600-388-ujyhgrftedwsjpg-1784792445-2.jpg?fit=600%2C388&ssl=1&resize=525%2C300 1.5x"},"classes":[]},{"id":103119,"url":"https:\/\/www.shqiperia.com\/blog\/policia-spraid-ariu-dhe-uje-me-spec-drejt-protestuesve\/","url_meta":{"origin":101013,"position":2},"title":"Policia Spraid Ariu dhe Uje me Spec drejt protestuesve.","author":"Kurt Farka","date":"July 23, 2026","format":false,"excerpt":"23 Korrik 2026 Sot bie ne sy qe mijera forca policie jane ne ndihme te deputetve q\u00eb hyjn\u00eb ne Kuvend. Bie ne sy qe gjate qendres\u00ebs s\u00eb protestuesve jehon thirrja; Poshte Diktatura. Pritet qe forca te tjera plicie te mberrijne nga qytete te tjera.","rel":"","context":"In &quot;Blogu i Udh\u00ebtarit&quot;","block_context":{"text":"Blogu i Udh\u00ebtarit","link":"https:\/\/www.shqiperia.com\/blog\/category\/blogu-i-udhetarit\/"},"img":{"alt_text":"","src":"https:\/\/i0.wp.com\/www.shqiperia.com\/blog\/wp-content\/uploads\/2026\/07\/hidhet-ujeeee.jpg?fit=646%2C295&ssl=1&resize=350%2C200","width":350,"height":200,"srcset":"https:\/\/i0.wp.com\/www.shqiperia.com\/blog\/wp-content\/uploads\/2026\/07\/hidhet-ujeeee.jpg?fit=646%2C295&ssl=1&resize=350%2C200 1x, https:\/\/i0.wp.com\/www.shqiperia.com\/blog\/wp-content\/uploads\/2026\/07\/hidhet-ujeeee.jpg?fit=646%2C295&ssl=1&resize=525%2C300 1.5x"},"classes":[]},{"id":102039,"url":"https:\/\/www.shqiperia.com\/blog\/qytetaret-bllokojne-te-gjithe-hyrjet-e-kuvendit-deputet-mbeten-te-bllokuar-ne-kuvend\/","url_meta":{"origin":101013,"position":3},"title":"Qytetar\u00ebt bllokojn\u00eb t\u00eb gjith\u00eb hyrjet e Kuvendit\/ Deputet mbeten te bllokuar ne Kuvend","author":"Kurt Farka","date":"June 30, 2026","format":false,"excerpt":"30 Qershor 2026 Forcat e Nd\u00ebrhyrjes s\u00eb Shpejt\u00eb jan\u00eb vendosur p\u00ebrpara Kuvendit, pas tensioneve t\u00eb raportuara, gjat\u00eb protest\u00ebs e cila po vijon prej dy or\u00ebsh jasht\u00eb ambienteve t\u00eb Kuvendit. \u201cPosht\u00eb diktatura!\u201d, \u201cParlament i krimit\u201d. K\u00ebto kan\u00eb qen\u00eb disa prej thirrjeve q\u00eb protestuesit kan\u00eb l\u00ebshuar n\u00eb drejtim t\u00eb Kuvendit t\u00eb Shqip\u00ebris\u00eb,\u2026","rel":"","context":"In &quot;Kultura&quot;","block_context":{"text":"Kultura","link":"https:\/\/www.shqiperia.com\/blog\/category\/kultura\/"},"img":{"alt_text":"","src":"https:\/\/i0.wp.com\/www.shqiperia.com\/blog\/wp-content\/uploads\/2026\/06\/maskaaaaaaaaaaaaa.jpg?fit=1167%2C573&ssl=1&resize=350%2C200","width":350,"height":200,"srcset":"https:\/\/i0.wp.com\/www.shqiperia.com\/blog\/wp-content\/uploads\/2026\/06\/maskaaaaaaaaaaaaa.jpg?fit=1167%2C573&ssl=1&resize=350%2C200 1x, https:\/\/i0.wp.com\/www.shqiperia.com\/blog\/wp-content\/uploads\/2026\/06\/maskaaaaaaaaaaaaa.jpg?fit=1167%2C573&ssl=1&resize=525%2C300 1.5x, https:\/\/i0.wp.com\/www.shqiperia.com\/blog\/wp-content\/uploads\/2026\/06\/maskaaaaaaaaaaaaa.jpg?fit=1167%2C573&ssl=1&resize=700%2C400 2x, https:\/\/i0.wp.com\/www.shqiperia.com\/blog\/wp-content\/uploads\/2026\/06\/maskaaaaaaaaaaaaa.jpg?fit=1167%2C573&ssl=1&resize=1050%2C600 3x"},"classes":[]},{"id":104228,"url":"https:\/\/www.shqiperia.com\/blog\/nuk-duam-revolucion-me-plumba-por-ideologjik-dhe-kulturor-pas-thirrjeve-ne-bulevard-protesta-e-73-te-mbyllet-me-marshim-ne-kryeqytet\/","url_meta":{"origin":101013,"position":4},"title":"\u201cNuk duam revolucion me plumba, por ideologjik dhe kulturor\u201d\/ Pas thirrjeve n\u00eb bulevard, protesta e 73-t\u00eb mbyllet me marshim n\u00eb kryeqytet","author":"Kurt Farka","date":"August 12, 2026","format":false,"excerpt":"12 Gusht 2026 P\u00ebr 73 dit\u00eb me radh\u00eb n\u00eb Bulevardin \u201cD\u00ebshmor\u00ebt e Kombit\u201d u p\u00ebrs\u00ebrit e nj\u00ebjta thirrje, \u201cDor\u00ebheqje e kryeministrit Edi Rama dhe gjith\u00eb klas\u00ebs politike\u201d. Protesta e bulevardit kujtoi edhe nj\u00ebher\u00eb k\u00ebrkesat p\u00ebr qeveri teknike dhe ndryshime kushtetuese, thirrje q\u00eb u p\u00ebrs\u00ebrit\u00ebn posht\u00eb dritares s\u00eb kryeministrit. Nj\u00eb nga\u2026","rel":"","context":"In &quot;Blogu i Udh\u00ebtarit&quot;","block_context":{"text":"Blogu i Udh\u00ebtarit","link":"https:\/\/www.shqiperia.com\/blog\/category\/blogu-i-udhetarit\/"},"img":{"alt_text":"","src":"https:\/\/i0.wp.com\/www.shqiperia.com\/blog\/wp-content\/uploads\/2026\/08\/755867773_3555208584637379_5768188243483922574_n-1.jpg?fit=1200%2C800&ssl=1&resize=350%2C200","width":350,"height":200,"srcset":"https:\/\/i0.wp.com\/www.shqiperia.com\/blog\/wp-content\/uploads\/2026\/08\/755867773_3555208584637379_5768188243483922574_n-1.jpg?fit=1200%2C800&ssl=1&resize=350%2C200 1x, https:\/\/i0.wp.com\/www.shqiperia.com\/blog\/wp-content\/uploads\/2026\/08\/755867773_3555208584637379_5768188243483922574_n-1.jpg?fit=1200%2C800&ssl=1&resize=525%2C300 1.5x, https:\/\/i0.wp.com\/www.shqiperia.com\/blog\/wp-content\/uploads\/2026\/08\/755867773_3555208584637379_5768188243483922574_n-1.jpg?fit=1200%2C800&ssl=1&resize=700%2C400 2x, https:\/\/i0.wp.com\/www.shqiperia.com\/blog\/wp-content\/uploads\/2026\/08\/755867773_3555208584637379_5768188243483922574_n-1.jpg?fit=1200%2C800&ssl=1&resize=1050%2C600 3x"},"classes":[]},{"id":101776,"url":"https:\/\/www.shqiperia.com\/blog\/nuk-pranojme-bisedime-lume-njerezish-ne-rruget-e-kryeqytetit-tirana-ne-kembe-protestuesit-nuk-ndalen-marshim-kilometrik-rama-jep-doreheqjen\/","url_meta":{"origin":101013,"position":5},"title":"Nuk pranojme bisedime.  &#8211; Lum\u00eb njer\u00ebzish n\u00eb rrug\u00ebt e kryeqytetit, Tirana \u2018n\u00eb k\u00ebmb\u00eb\u2019\/ Protestuesit nuk ndalen, marshim kilometrik: &#8211; Rama jep dor\u00ebheqjen","author":"Kurt Farka","date":"June 25, 2026","format":false,"excerpt":"25 Qershor 2026 \u2018Fortun\u00eb\u2019 njer\u00ebzish n\u00eb rrug\u00ebt e Tiran\u00ebs. Prej 25 dit\u00ebsh protestohet kund\u00ebr kryeministrit Edi Rama. Shqiptar\u00ebt k\u00ebrkojn\u00eb largimin e tij. Protestuesit vijojn\u00eb marshimin n\u00eb kryeqytet nd\u00ebrsa jehojn\u00eb thirrjet \u201cNuk ka bisedime\u201d, \u201cPosht\u00eb patronazhist\u00ebt\u201d, \u201cEdi Rama jep dor\u00ebheqjen\u201d. Ata kan\u00eb b\u00ebr\u00eb thirrje p\u00ebr bashkim dhe t\u00eb mos p\u00ebr\u00e7ahen, n\u00eb\u2026","rel":"","context":"In &quot;Blogu i Udh\u00ebtarit&quot;","block_context":{"text":"Blogu i Udh\u00ebtarit","link":"https:\/\/www.shqiperia.com\/blog\/category\/blogu-i-udhetarit\/"},"img":{"alt_text":"","src":"https:\/\/i0.wp.com\/www.shqiperia.com\/blog\/wp-content\/uploads\/2026\/06\/rama-berisha-burgggggggggggggggggg.jpg?fit=1200%2C558&ssl=1&resize=350%2C200","width":350,"height":200,"srcset":"https:\/\/i0.wp.com\/www.shqiperia.com\/blog\/wp-content\/uploads\/2026\/06\/rama-berisha-burgggggggggggggggggg.jpg?fit=1200%2C558&ssl=1&resize=350%2C200 1x, https:\/\/i0.wp.com\/www.shqiperia.com\/blog\/wp-content\/uploads\/2026\/06\/rama-berisha-burgggggggggggggggggg.jpg?fit=1200%2C558&ssl=1&resize=525%2C300 1.5x, https:\/\/i0.wp.com\/www.shqiperia.com\/blog\/wp-content\/uploads\/2026\/06\/rama-berisha-burgggggggggggggggggg.jpg?fit=1200%2C558&ssl=1&resize=700%2C400 2x, https:\/\/i0.wp.com\/www.shqiperia.com\/blog\/wp-content\/uploads\/2026\/06\/rama-berisha-burgggggggggggggggggg.jpg?fit=1200%2C558&ssl=1&resize=1050%2C600 3x"},"classes":[]}],"_links":{"self":[{"href":"https:\/\/www.shqiperia.com\/blog\/wp-json\/wp\/v2\/posts\/101013","targetHints":{"allow":["GET"]}}],"collection":[{"href":"https:\/\/www.shqiperia.com\/blog\/wp-json\/wp\/v2\/posts"}],"about":[{"href":"https:\/\/www.shqiperia.com\/blog\/wp-json\/wp\/v2\/types\/post"}],"author":[{"embeddable":true,"href":"https:\/\/www.shqiperia.com\/blog\/wp-json\/wp\/v2\/users\/9"}],"replies":[{"embeddable":true,"href":"https:\/\/www.shqiperia.com\/blog\/wp-json\/wp\/v2\/comments?post=101013"}],"version-history":[{"count":2,"href":"https:\/\/www.shqiperia.com\/blog\/wp-json\/wp\/v2\/posts\/101013\/revisions"}],"predecessor-version":[{"id":101034,"href":"https:\/\/www.shqiperia.com\/blog\/wp-json\/wp\/v2\/posts\/101013\/revisions\/101034"}],"wp:featuredmedia":[{"embeddable":true,"href":"https:\/\/www.shqiperia.com\/blog\/wp-json\/wp\/v2\/media\/101014"}],"wp:attachment":[{"href":"https:\/\/www.shqiperia.com\/blog\/wp-json\/wp\/v2\/media?parent=101013"}],"wp:term":[{"taxonomy":"category","embeddable":true,"href":"https:\/\/www.shqiperia.com\/blog\/wp-json\/wp\/v2\/categories?post=101013"},{"taxonomy":"post_tag","embeddable":true,"href":"https:\/\/www.shqiperia.com\/blog\/wp-json\/wp\/v2\/tags?post=101013"}],"curies":[{"name":"wp","href":"https:\/\/api.w.org\/{rel}","templated":true}]}}