{"id":101004,"date":"2026-06-03T18:04:10","date_gmt":"2026-06-03T18:04:10","guid":{"rendered":"https:\/\/www.shqiperia.com\/blog\/?p=101004"},"modified":"2026-06-03T22:50:50","modified_gmt":"2026-06-03T22:50:50","slug":"thirrja-e-forte-nga-protesta-per-te-rinjte-mos-u-largoni-nga-shqiperia-duhet-te-ike-rama-studentet-nderrojne-qeverine","status":"publish","type":"post","link":"https:\/\/www.shqiperia.com\/blog\/thirrja-e-forte-nga-protesta-per-te-rinjte-mos-u-largoni-nga-shqiperia-duhet-te-ike-rama-studentet-nderrojne-qeverine\/","title":{"rendered":"Thirrja e fort\u00eb nga protesta p\u00ebr t\u00eb rinjt\u00eb: Mos u largoni nga Shqip\u00ebria, duhet t\u00eb ik\u00eb Rama! Student\u00ebt nd\u00ebrrojn\u00eb qeverin\u00eb!"},"content":{"rendered":"<p><img data-recalc-dims=\"1\" loading=\"lazy\" decoding=\"async\" data-attachment-id=\"101006\" data-permalink=\"https:\/\/www.shqiperia.com\/blog\/thirrja-e-forte-nga-protesta-per-te-rinjte-mos-u-largoni-nga-shqiperia-duhet-te-ike-rama-studentet-nderrojne-qeverine\/protesta-zvernces\/\" data-orig-file=\"https:\/\/i0.wp.com\/www.shqiperia.com\/blog\/wp-content\/uploads\/2026\/06\/protesta-zvernces.jpeg?fit=675%2C450&amp;ssl=1\" data-orig-size=\"675,450\" data-comments-opened=\"1\" data-image-meta=\"{&quot;aperture&quot;:&quot;0&quot;,&quot;credit&quot;:&quot;&quot;,&quot;camera&quot;:&quot;&quot;,&quot;caption&quot;:&quot;&quot;,&quot;created_timestamp&quot;:&quot;0&quot;,&quot;copyright&quot;:&quot;&quot;,&quot;focal_length&quot;:&quot;0&quot;,&quot;iso&quot;:&quot;0&quot;,&quot;shutter_speed&quot;:&quot;0&quot;,&quot;title&quot;:&quot;&quot;,&quot;orientation&quot;:&quot;0&quot;}\" data-image-title=\"protesta-zvernces\" data-image-description=\"\" data-image-caption=\"\" data-medium-file=\"https:\/\/i0.wp.com\/www.shqiperia.com\/blog\/wp-content\/uploads\/2026\/06\/protesta-zvernces.jpeg?fit=300%2C200&amp;ssl=1\" data-large-file=\"https:\/\/i0.wp.com\/www.shqiperia.com\/blog\/wp-content\/uploads\/2026\/06\/protesta-zvernces.jpeg?fit=675%2C450&amp;ssl=1\" class=\"alignnone wp-image-101006\" alt=\"\" src=\"https:\/\/i0.wp.com\/www.shqiperia.com\/blog\/wp-content\/uploads\/2026\/06\/protesta-zvernces.jpeg?resize=755%2C503&#038;ssl=1\" width=\"755\" height=\"503\" srcset=\"https:\/\/i0.wp.com\/www.shqiperia.com\/blog\/wp-content\/uploads\/2026\/06\/protesta-zvernces.jpeg?resize=300%2C200&amp;ssl=1 300w, https:\/\/i0.wp.com\/www.shqiperia.com\/blog\/wp-content\/uploads\/2026\/06\/protesta-zvernces.jpeg?resize=600%2C400&amp;ssl=1 600w, https:\/\/i0.wp.com\/www.shqiperia.com\/blog\/wp-content\/uploads\/2026\/06\/protesta-zvernces.jpeg?resize=450%2C300&amp;ssl=1 450w, https:\/\/i0.wp.com\/www.shqiperia.com\/blog\/wp-content\/uploads\/2026\/06\/protesta-zvernces.jpeg?resize=400%2C267&amp;ssl=1 400w, https:\/\/i0.wp.com\/www.shqiperia.com\/blog\/wp-content\/uploads\/2026\/06\/protesta-zvernces.jpeg?w=675&amp;ssl=1 675w\" sizes=\"auto, (max-width: 755px) 100vw, 755px\" \/><\/p>\n<p>3 Qershor 2026<\/p>\n<p>Thirrje t\u00eb forta vijn\u00eb nga protesta para Kryeministris\u00eb q\u00eb po mbahet kund\u00ebr projektit t\u00eb Zv\u00ebrnecit dhe jo vet\u00ebm. Nj\u00eb i ri iu ka b\u00ebr\u00eb thirrje shqiptar\u00ebve q\u00eb t\u00eb mos ikin nga vendi i tyre, nd\u00ebrsa ai q\u00eb duhet t\u00eb ik\u00eb \u00ebsht\u00eb vet\u00ebm Rama<\/p>\n<p>Madje ai ta se student\u00ebt jan\u00eb ata q\u00eb b\u00ebjn\u00eb revolucion dhe nd\u00ebrrojn\u00eb qeverit\u00eb.<\/p>\n<p>\u201cMos u largoni nga Shqip\u00ebria, ai \u00ebsht\u00eb shteti yn\u00eb, ai duhet t\u00eb ik\u00eb. Student\u00ebt jan\u00eb ata q\u00eb i nd\u00ebrrojn\u00eb qeverin\u00eb, q\u00eb b\u00ebjn\u00eb revolucion.\u201d, tha i riu.<\/p>\n","protected":false},"excerpt":{"rendered":"<p>3 Qershor 2026 Thirrje t\u00eb forta vijn\u00eb nga protesta para Kryeministris\u00eb q\u00eb po mbahet kund\u00ebr projektit t\u00eb Zv\u00ebrnecit dhe jo vet\u00ebm. Nj\u00eb i ri iu ka b\u00ebr\u00eb thirrje shqiptar\u00ebve q\u00eb t\u00eb mos ikin nga vendi i tyre, nd\u00ebrsa ai q\u00eb duhet t\u00eb ik\u00eb \u00ebsht\u00eb vet\u00ebm Rama Madje ai ta se student\u00ebt jan\u00eb ata q\u00eb b\u00ebjn\u00eb [&hellip;]<\/p>\n","protected":false},"author":9,"featured_media":101006,"comment_status":"open","ping_status":"open","sticky":false,"template":"","format":"standard","meta":{"jetpack_post_was_ever_published":false,"_jetpack_newsletter_access":"","_jetpack_dont_email_post_to_subs":false,"_jetpack_newsletter_tier_id":0,"_jetpack_memberships_contains_paywalled_content":false,"_jetpack_memberships_contains_paid_content":false,"footnotes":"","jetpack_publicize_message":"","jetpack_publicize_feature_enabled":true,"jetpack_social_post_already_shared":true,"jetpack_social_options":{"image_generator_settings":{"template":"highway","default_image_id":0,"font":"","enabled":false},"version":2}},"categories":[10,2,35],"tags":[],"class_list":["post-101004","post","type-post","status-publish","format-standard","has-post-thumbnail","hentry","category-kultura","category-politika","category-shoqerore"],"jetpack_publicize_connections":[],"jetpack_featured_media_url":"https:\/\/i0.wp.com\/www.shqiperia.com\/blog\/wp-content\/uploads\/2026\/06\/protesta-zvernces.jpeg?fit=675%2C450&ssl=1","jetpack_sharing_enabled":true,"jetpack_shortlink":"https:\/\/wp.me\/p5Z6wp-qh6","jetpack-related-posts":[{"id":103966,"url":"https:\/\/www.shqiperia.com\/blog\/shqiptari-nga-gjermania-ia-numeron-rames-na-ka-vjedhur-kjo-eshte-mundesia-e-fundit-per-ndryshim\/","url_meta":{"origin":101004,"position":0},"title":"Shqiptari nga Gjermania ia num\u00ebron Ram\u00ebs: = Na ka vjedhur! Kjo \u00ebsht\u00eb mund\u00ebsia e fundit p\u00ebr ndryshim","author":"Kurt Farka","date":"August 7, 2026","format":false,"excerpt":"7 Gusht 2026 \u201cPo mos t\u00eb ishte News24, protesta do t\u00eb ishte shuar\u201d. Nj\u00eb qytetar shqiptar q\u00eb jeton n\u00eb Gjermani i \u00ebsht\u00eb bashkuar protest\u00ebs s\u00eb zhvilluar n\u00eb Sheshin Sk\u00ebnderbej, duke e cil\u00ebsuar at\u00eb si nj\u00eb nga momentet m\u00eb t\u00eb r\u00ebnd\u00ebsishme p\u00ebr vendin gjat\u00eb dekadave t\u00eb fundit. Ai tha se protesta\u2026","rel":"","context":"In &quot;Blogu i Udh\u00ebtarit&quot;","block_context":{"text":"Blogu i Udh\u00ebtarit","link":"https:\/\/www.shqiperia.com\/blog\/category\/blogu-i-udhetarit\/"},"img":{"alt_text":"","src":"https:\/\/i0.wp.com\/www.shqiperia.com\/blog\/wp-content\/uploads\/2026\/08\/diaspora-1.jpg?fit=1200%2C549&ssl=1&resize=350%2C200","width":350,"height":200,"srcset":"https:\/\/i0.wp.com\/www.shqiperia.com\/blog\/wp-content\/uploads\/2026\/08\/diaspora-1.jpg?fit=1200%2C549&ssl=1&resize=350%2C200 1x, https:\/\/i0.wp.com\/www.shqiperia.com\/blog\/wp-content\/uploads\/2026\/08\/diaspora-1.jpg?fit=1200%2C549&ssl=1&resize=525%2C300 1.5x, https:\/\/i0.wp.com\/www.shqiperia.com\/blog\/wp-content\/uploads\/2026\/08\/diaspora-1.jpg?fit=1200%2C549&ssl=1&resize=700%2C400 2x, https:\/\/i0.wp.com\/www.shqiperia.com\/blog\/wp-content\/uploads\/2026\/08\/diaspora-1.jpg?fit=1200%2C549&ssl=1&resize=1050%2C600 3x"},"classes":[]},{"id":105794,"url":"https:\/\/www.shqiperia.com\/blog\/dje-proteste-me-mesazh-te-qarte-i-riu-ne-proteste-ne-7-shtator-te-rrethojme-kryeministrine-rama-iken-vetem-me-aeroplan-per-te-mos-u-kthyer-me\/","url_meta":{"origin":101004,"position":1},"title":"\u201cDje, protest\u00eb me mesazh t\u00eb qart\u00eb\u201d, i riu n\u00eb protest\u00eb: N\u00eb 7 shtator t\u00eb rrethojm\u00eb kryeministrin\u00eb! Rama ik\u00ebn vet\u00ebm me aeroplan p\u00ebr t\u00eb mos u kthyer m\u00eb!","author":"Kurt Farka","date":"September 2, 2026","format":false,"excerpt":"2 Shtator 2026 K\u00ebt\u00eb t\u00eb m\u00ebrkur\u00eb mbahet protesta e 95-t\u00eb para kryeministris\u00eb, me synimin e vet\u00ebm largimin e qeveris\u00eb Rama Nj\u00eb i ri u shpreh se protesta e djeshme ishte paralajm\u00ebrim, nd\u00ebrsa theksoi se rrethimi i kryeministris\u00eb n\u00eb 7 shtator do b\u00ebnte q\u00eb Rama t\u00eb largohet nga godina p\u00ebrfundimisht. \u201cN\u00eb\u2026","rel":"","context":"In &quot;Blogu i Udh\u00ebtarit&quot;","block_context":{"text":"Blogu i Udh\u00ebtarit","link":"https:\/\/www.shqiperia.com\/blog\/category\/blogu-i-udhetarit\/"},"img":{"alt_text":"","src":"https:\/\/i0.wp.com\/www.shqiperia.com\/blog\/wp-content\/uploads\/2026\/09\/324324324324.jpg?fit=1138%2C495&ssl=1&resize=350%2C200","width":350,"height":200,"srcset":"https:\/\/i0.wp.com\/www.shqiperia.com\/blog\/wp-content\/uploads\/2026\/09\/324324324324.jpg?fit=1138%2C495&ssl=1&resize=350%2C200 1x, https:\/\/i0.wp.com\/www.shqiperia.com\/blog\/wp-content\/uploads\/2026\/09\/324324324324.jpg?fit=1138%2C495&ssl=1&resize=525%2C300 1.5x, https:\/\/i0.wp.com\/www.shqiperia.com\/blog\/wp-content\/uploads\/2026\/09\/324324324324.jpg?fit=1138%2C495&ssl=1&resize=700%2C400 2x, https:\/\/i0.wp.com\/www.shqiperia.com\/blog\/wp-content\/uploads\/2026\/09\/324324324324.jpg?fit=1138%2C495&ssl=1&resize=1050%2C600 3x"},"classes":[]},{"id":101206,"url":"https:\/\/www.shqiperia.com\/blog\/protestuesit-ne-kor-rama-jepe-doreheqjen-edhe-studentet-e-diaspores-do-i-kesh-ketu\/","url_meta":{"origin":101004,"position":2},"title":"Protestuesit n\u00eb kor: Rama jepe dor\u00ebheqjen! &#8211; Edhe student\u00ebt e diaspor\u00ebs do i kesh k\u00ebtu","author":"Kurt Farka","date":"June 6, 2026","format":false,"excerpt":"6 Qershor 2026 Rama jepe dor\u00ebheqjen, Rama jep dor\u00ebheqjen! Rama jep dor\u00ebheqjen!\u2019 Ishte thirrja me z\u00eb t\u00eb lart\u00eb e protestuesve mbr\u00ebmjen e sotme para kryeministris\u00eb. Protesta e nisur n\u00eb or\u00ebn 18:00 vijon ende edhe tani n\u00eb or\u00ebn 21:40 minuta. Nj\u00eb student duke marr\u00eb fjal\u00ebn n\u00eb podiumin e improvizuar para kryeministris\u00eb\u2026","rel":"","context":"In &quot;Blogu i Udh\u00ebtarit&quot;","block_context":{"text":"Blogu i Udh\u00ebtarit","link":"https:\/\/www.shqiperia.com\/blog\/category\/blogu-i-udhetarit\/"},"img":{"alt_text":"","src":"https:\/\/i0.wp.com\/www.shqiperia.com\/blog\/wp-content\/uploads\/2026\/06\/800-0-1780775936xcapturepng-938.png?fit=800%2C507&ssl=1&resize=350%2C200","width":350,"height":200,"srcset":"https:\/\/i0.wp.com\/www.shqiperia.com\/blog\/wp-content\/uploads\/2026\/06\/800-0-1780775936xcapturepng-938.png?fit=800%2C507&ssl=1&resize=350%2C200 1x, https:\/\/i0.wp.com\/www.shqiperia.com\/blog\/wp-content\/uploads\/2026\/06\/800-0-1780775936xcapturepng-938.png?fit=800%2C507&ssl=1&resize=525%2C300 1.5x, https:\/\/i0.wp.com\/www.shqiperia.com\/blog\/wp-content\/uploads\/2026\/06\/800-0-1780775936xcapturepng-938.png?fit=800%2C507&ssl=1&resize=700%2C400 2x"},"classes":[]},{"id":101551,"url":"https:\/\/www.shqiperia.com\/blog\/protestat-e-te-rinjve-po-bejne-nervoz-ramen-the-economist-revolta-e-brezit-te-ri-ne-tirane-kunder-nje-elite-qe-mburret-me-pasurine\/","url_meta":{"origin":101004,"position":3},"title":"\u201cProtestat e t\u00eb rinjve po b\u00ebjn\u00eb nervoz Ram\u00ebn\u201d, The Economist: Revolta e brezit t\u00eb ri n\u00eb Tiran\u00eb, kund\u00ebr nj\u00eb elite q\u00eb mburret me pasurin\u00eb","author":"Kurt Farka","date":"June 17, 2026","format":false,"excerpt":"Revista prestigjioze britanike \u201cThe Economist\u201d i ka kushtuar nj\u00eb analiz\u00eb protestave t\u00eb fundit n\u00eb Shqip\u00ebri, q\u00eb prej 17 dit\u00ebsh k\u00ebrkojn\u00eb dor\u00ebheqjen e kryeministrit Edi Rama. \u201cThe Economist\u201d i p\u00ebrshkruan protestat si nj\u00eb l\u00ebvizje qytetare t\u00eb nxitur nga kund\u00ebrshtimi i nj\u00eb projekti luksoz turistik n\u00eb zon\u00ebn e Zv\u00ebrnecit n\u00eb Vlor\u00eb, por\u2026","rel":"","context":"In &quot;Blogu i Udh\u00ebtarit&quot;","block_context":{"text":"Blogu i Udh\u00ebtarit","link":"https:\/\/www.shqiperia.com\/blog\/category\/blogu-i-udhetarit\/"},"img":{"alt_text":"","src":"https:\/\/i0.wp.com\/www.shqiperia.com\/blog\/wp-content\/uploads\/2026\/06\/644a7925-f2ca-4755-9300-6ec3792a4d57-675x450-2.jpeg?fit=675%2C450&ssl=1&resize=350%2C200","width":350,"height":200,"srcset":"https:\/\/i0.wp.com\/www.shqiperia.com\/blog\/wp-content\/uploads\/2026\/06\/644a7925-f2ca-4755-9300-6ec3792a4d57-675x450-2.jpeg?fit=675%2C450&ssl=1&resize=350%2C200 1x, https:\/\/i0.wp.com\/www.shqiperia.com\/blog\/wp-content\/uploads\/2026\/06\/644a7925-f2ca-4755-9300-6ec3792a4d57-675x450-2.jpeg?fit=675%2C450&ssl=1&resize=525%2C300 1.5x"},"classes":[]},{"id":101483,"url":"https:\/\/www.shqiperia.com\/blog\/rama-sulmon-protestuesit-hajvane-fryme-fashiste-po-demtojne-turizmin\/","url_meta":{"origin":101004,"position":4},"title":"Rama sulmon protestuesit: -Hajvan\u00eb, frym\u00eb fashiste! Po d\u00ebmtojn\u00eb turizmin","author":"Kurt Farka","date":"June 14, 2026","format":false,"excerpt":"Kryeministri Edi Rama ka zgjedhur q\u00eb s\u00ebrish t\u00eb sulmoj\u00eb protestuesit, q\u00eb prej dy jav\u00ebsh dalin \u00e7do dit\u00eb n\u00eb shesh p\u00ebr t\u00eb k\u00ebrkuar largimin e tij nga qeveria. N\u00eb rubrik\u00ebn \u2018sh\u00ebnimet e jav\u00ebs\u2019 n\u00eb potkastin e tij \u201cFlasim\u201d, kreu i qeveris\u00eb i konsideroi protestuesit si \u2018hajvan\u00eb\u2019 me mend\u00ebsi fashiste, q\u00eb si\u00e7\u2026","rel":"","context":"In &quot;Blogu i Udh\u00ebtarit&quot;","block_context":{"text":"Blogu i Udh\u00ebtarit","link":"https:\/\/www.shqiperia.com\/blog\/category\/blogu-i-udhetarit\/"},"img":{"alt_text":"","src":"https:\/\/i0.wp.com\/www.shqiperia.com\/blog\/wp-content\/uploads\/2026\/06\/rama-protestat1-433x300-1.jpg?fit=433%2C300&ssl=1&resize=350%2C200","width":350,"height":200},"classes":[]},{"id":105565,"url":"https:\/\/www.shqiperia.com\/blog\/duhet-te-mobilizohemi-per-mosbindje-civile-me-12-shtator-diaspora-zbarkon-fuqimisht-ne-tirane\/","url_meta":{"origin":101004,"position":5},"title":"&#8220;Duhet t\u00eb mobilizohemi p\u00ebr mosbindje civile&#8221;\/ M\u00eb 12 shtator diaspora &#8216;zbarkon&#8217; fuqimisht n\u00eb Tiran\u00eb.","author":"Kurt Farka","date":"August 31, 2026","format":false,"excerpt":"31 Gusht 2026 Aktivisti shqiptar q\u00eb jeton n\u00eb Britani, Ilir Dedej, i ftuar ne nje lidhje te drejteperdrejte televizive ka komentuar protestat kund\u00ebr qeveris\u00eb, duke deklaruar se pas 93 dit\u00ebsh mobilizimi qytetar, sipas tij, pushteti i kryeministrit Edi Rama \u00ebsht\u00eb dob\u00ebsuar. Dedej tha se protesta duhet t\u00eb shkoj\u00eb p\u00ebrtej tubimeve\u2026","rel":"","context":"In &quot;Blogu i Udh\u00ebtarit&quot;","block_context":{"text":"Blogu i Udh\u00ebtarit","link":"https:\/\/www.shqiperia.com\/blog\/category\/blogu-i-udhetarit\/"},"img":{"alt_text":"","src":"https:\/\/i0.wp.com\/www.shqiperia.com\/blog\/wp-content\/uploads\/2026\/08\/Mijera-emigrante-shqiptare-proteste-ne-Londer.-Foto-Arkiv.jpg?fit=1200%2C675&ssl=1&resize=350%2C200","width":350,"height":200,"srcset":"https:\/\/i0.wp.com\/www.shqiperia.com\/blog\/wp-content\/uploads\/2026\/08\/Mijera-emigrante-shqiptare-proteste-ne-Londer.-Foto-Arkiv.jpg?fit=1200%2C675&ssl=1&resize=350%2C200 1x, https:\/\/i0.wp.com\/www.shqiperia.com\/blog\/wp-content\/uploads\/2026\/08\/Mijera-emigrante-shqiptare-proteste-ne-Londer.-Foto-Arkiv.jpg?fit=1200%2C675&ssl=1&resize=525%2C300 1.5x, https:\/\/i0.wp.com\/www.shqiperia.com\/blog\/wp-content\/uploads\/2026\/08\/Mijera-emigrante-shqiptare-proteste-ne-Londer.-Foto-Arkiv.jpg?fit=1200%2C675&ssl=1&resize=700%2C400 2x, https:\/\/i0.wp.com\/www.shqiperia.com\/blog\/wp-content\/uploads\/2026\/08\/Mijera-emigrante-shqiptare-proteste-ne-Londer.-Foto-Arkiv.jpg?fit=1200%2C675&ssl=1&resize=1050%2C600 3x"},"classes":[]}],"_links":{"self":[{"href":"https:\/\/www.shqiperia.com\/blog\/wp-json\/wp\/v2\/posts\/101004","targetHints":{"allow":["GET"]}}],"collection":[{"href":"https:\/\/www.shqiperia.com\/blog\/wp-json\/wp\/v2\/posts"}],"about":[{"href":"https:\/\/www.shqiperia.com\/blog\/wp-json\/wp\/v2\/types\/post"}],"author":[{"embeddable":true,"href":"https:\/\/www.shqiperia.com\/blog\/wp-json\/wp\/v2\/users\/9"}],"replies":[{"embeddable":true,"href":"https:\/\/www.shqiperia.com\/blog\/wp-json\/wp\/v2\/comments?post=101004"}],"version-history":[{"count":2,"href":"https:\/\/www.shqiperia.com\/blog\/wp-json\/wp\/v2\/posts\/101004\/revisions"}],"predecessor-version":[{"id":101035,"href":"https:\/\/www.shqiperia.com\/blog\/wp-json\/wp\/v2\/posts\/101004\/revisions\/101035"}],"wp:featuredmedia":[{"embeddable":true,"href":"https:\/\/www.shqiperia.com\/blog\/wp-json\/wp\/v2\/media\/101006"}],"wp:attachment":[{"href":"https:\/\/www.shqiperia.com\/blog\/wp-json\/wp\/v2\/media?parent=101004"}],"wp:term":[{"taxonomy":"category","embeddable":true,"href":"https:\/\/www.shqiperia.com\/blog\/wp-json\/wp\/v2\/categories?post=101004"},{"taxonomy":"post_tag","embeddable":true,"href":"https:\/\/www.shqiperia.com\/blog\/wp-json\/wp\/v2\/tags?post=101004"}],"curies":[{"name":"wp","href":"https:\/\/api.w.org\/{rel}","templated":true}]}}