{"id":100981,"date":"2026-06-03T11:01:25","date_gmt":"2026-06-03T11:01:25","guid":{"rendered":"https:\/\/www.shqiperia.com\/blog\/?p=100981"},"modified":"2026-06-03T11:06:30","modified_gmt":"2026-06-03T11:06:30","slug":"sot-protesta-edhe-ne-munih-dhe-berlin-rama-i-etiketoi-protestuesit-ceta-si-te-gjermanise-naziste-cakej-te-agimit-te-arte","status":"publish","type":"post","link":"https:\/\/www.shqiperia.com\/blog\/sot-protesta-edhe-ne-munih-dhe-berlin-rama-i-etiketoi-protestuesit-ceta-si-te-gjermanise-naziste-cakej-te-agimit-te-arte\/","title":{"rendered":"Sot Protesta edhe ne Munih dhe Berlin. Rama i etiketoi protestuesit \u201c\u00c7eta si t\u00eb Gjermanis\u00eb naziste, \u00e7akej t\u00eb Agimit t\u00eb Art\u00eb\u201d"},"content":{"rendered":"<div class=\"col-md-8 col-sm-8 full_col_tab portrait_full single_wrap\">\n<div class=\"container no-gutter responsive-full-width article_content\">\n<div class=\"row\">\n<div class=\"col-md-10 col-sm-10 article-text\">\n<p><img data-recalc-dims=\"1\" loading=\"lazy\" decoding=\"async\" data-attachment-id=\"100982\" data-permalink=\"https:\/\/www.shqiperia.com\/blog\/sot-protesta-edhe-ne-munih-dhe-berlin-rama-i-etiketoi-protestuesit-ceta-si-te-gjermanise-naziste-cakej-te-agimit-te-arte\/f3455495-5435-4a82-a7a7-aba8e0f852f8\/\" data-orig-file=\"https:\/\/i0.wp.com\/www.shqiperia.com\/blog\/wp-content\/uploads\/2026\/06\/f3455495-5435-4a82-a7a7-aba8e0f852f8.jpg?fit=1070%2C875&amp;ssl=1\" data-orig-size=\"1070,875\" data-comments-opened=\"1\" data-image-meta=\"{&quot;aperture&quot;:&quot;0&quot;,&quot;credit&quot;:&quot;&quot;,&quot;camera&quot;:&quot;&quot;,&quot;caption&quot;:&quot;&quot;,&quot;created_timestamp&quot;:&quot;0&quot;,&quot;copyright&quot;:&quot;&quot;,&quot;focal_length&quot;:&quot;0&quot;,&quot;iso&quot;:&quot;0&quot;,&quot;shutter_speed&quot;:&quot;0&quot;,&quot;title&quot;:&quot;&quot;,&quot;orientation&quot;:&quot;0&quot;}\" data-image-title=\"f3455495-5435-4a82-a7a7-aba8e0f852f8\" data-image-description=\"\" data-image-caption=\"\" data-medium-file=\"https:\/\/i0.wp.com\/www.shqiperia.com\/blog\/wp-content\/uploads\/2026\/06\/f3455495-5435-4a82-a7a7-aba8e0f852f8.jpg?fit=300%2C245&amp;ssl=1\" data-large-file=\"https:\/\/i0.wp.com\/www.shqiperia.com\/blog\/wp-content\/uploads\/2026\/06\/f3455495-5435-4a82-a7a7-aba8e0f852f8.jpg?fit=1024%2C837&amp;ssl=1\" class=\"alignnone wp-image-100982\" alt=\"\" src=\"https:\/\/i0.wp.com\/www.shqiperia.com\/blog\/wp-content\/uploads\/2026\/06\/f3455495-5435-4a82-a7a7-aba8e0f852f8.jpg?resize=602%2C492&#038;ssl=1\" width=\"602\" height=\"492\" srcset=\"https:\/\/i0.wp.com\/www.shqiperia.com\/blog\/wp-content\/uploads\/2026\/06\/f3455495-5435-4a82-a7a7-aba8e0f852f8.jpg?resize=300%2C245&amp;ssl=1 300w, https:\/\/i0.wp.com\/www.shqiperia.com\/blog\/wp-content\/uploads\/2026\/06\/f3455495-5435-4a82-a7a7-aba8e0f852f8.jpg?resize=1024%2C837&amp;ssl=1 1024w, https:\/\/i0.wp.com\/www.shqiperia.com\/blog\/wp-content\/uploads\/2026\/06\/f3455495-5435-4a82-a7a7-aba8e0f852f8.jpg?resize=768%2C628&amp;ssl=1 768w, https:\/\/i0.wp.com\/www.shqiperia.com\/blog\/wp-content\/uploads\/2026\/06\/f3455495-5435-4a82-a7a7-aba8e0f852f8.jpg?resize=450%2C368&amp;ssl=1 450w, https:\/\/i0.wp.com\/www.shqiperia.com\/blog\/wp-content\/uploads\/2026\/06\/f3455495-5435-4a82-a7a7-aba8e0f852f8.jpg?resize=600%2C491&amp;ssl=1 600w, https:\/\/i0.wp.com\/www.shqiperia.com\/blog\/wp-content\/uploads\/2026\/06\/f3455495-5435-4a82-a7a7-aba8e0f852f8.jpg?resize=400%2C327&amp;ssl=1 400w, https:\/\/i0.wp.com\/www.shqiperia.com\/blog\/wp-content\/uploads\/2026\/06\/f3455495-5435-4a82-a7a7-aba8e0f852f8.jpg?w=1070&amp;ssl=1 1070w\" sizes=\"auto, (max-width: 602px) 100vw, 602px\" \/><\/p>\n<p>3 Qershor 2026<\/p>\n<p>N\u00eb nj\u00eb koh\u00eb kur sot do t\u00eb mbahet n\u00eb kryeqytet protesta e 4 kund\u00ebr nd\u00ebrtimeve n\u00eb Zv\u00ebrnec dhe jo vet\u00ebm, shqiptar\u00ebt n\u00eb Berlin dhe n\u00eb Munich do t\u00eb mbajn\u00eb paralelisht nj\u00eb protest\u00eb.<\/p>\n<p>Si\u00e7 shihet nga njoftimet, protest\u00eb do t\u00eb mbahet para Ambasad\u00ebs shqiptare n\u00eb Berlin n\u00eb or\u00ebn 18:30 si dhe n\u00eb Munich.<\/p>\n<div class=\"galery-slider\">\n<ul class=\"slides\">\n<li class=\"flex-slider-item flex-active-slide\" data-thumb-alt=\"\"><a href=\"https:\/\/i0.wp.com\/www.balkanweb.com\/wp-content\/uploads\/2026\/06\/f3455495-5435-4a82-a7a7-aba8e0f852f8.jpg?ssl=1\"><img data-recalc-dims=\"1\" loading=\"lazy\" decoding=\"async\" class=\"\" alt=\"foto galeri \" src=\"https:\/\/i0.wp.com\/www.balkanweb.com\/wp-content\/uploads\/2026\/06\/f3455495-5435-4a82-a7a7-aba8e0f852f8.jpg?resize=787%2C1177&#038;ssl=1\" width=\"787\" height=\"1177\" \/><\/a><\/li>\n<\/ul>\n<ol class=\"flex-control-nav flex-control-paging\"><\/ol>\n<ul class=\"flex-direction-nav\"><\/ul>\n<\/div>\n<p>Nd\u00ebrkoh\u00eb protest\u00eb do t\u00eb mbahet edhe n\u00eb Itali. N\u00eb dat\u00ebn 7 qershor n\u00eb or\u00ebn 18:00 n\u00eb \u201cPiazza del Nettuno\u201d shqiptar\u00ebt do t\u00eb mblidhen n\u00eb mb\u00ebshtetje t\u00eb organizimeve t\u00eb p\u00ebrditshme n\u00eb Tiran\u00eb e jo vet\u00ebm.<\/p>\n<div id=\"beacon_5373ec2fb2\"><img loading=\"lazy\" decoding=\"async\" alt=\"\" src=\"https:\/\/ads.balkanweb.com\/www\/delivery\/lg.php?bannerid=0&amp;campaignid=0&amp;zoneid=629&amp;loc=https%3A%2F%2Fwww.balkanweb.com%2Fmijera-qytetare-ne-shesh-ne-tirane-reagimi-i-shqiptareve-kalon-kufijte-diaspora-kunder-projektit-ne-zvernec-protesta-ne-berlin-mynih-dhe-bolonja%2F&amp;referer=https%3A%2F%2Fwww.balkanweb.com%2F&amp;cb=5373ec2fb2\" width=\"0\" height=\"0\" \/><\/div>\n<figure style=\"width: 685px\" class=\"wp-caption alignnone\" id=\"attachment_2981998\" aria-describedby=\"caption-attachment-2981998\"><a href=\"https:\/\/i0.wp.com\/www.balkanweb.com\/wp-content\/uploads\/2026\/06\/51037e0f-a7be-4cba-8114-82f77075d0b7-276x350.jpg?ssl=1\"><img data-recalc-dims=\"1\" loading=\"lazy\" decoding=\"async\" class=\"wp-image-2981998 \" alt=\"51037e0f A7be 4cba 8114 82f77075d0b7\" src=\"https:\/\/i0.wp.com\/www.balkanweb.com\/wp-content\/uploads\/2026\/06\/51037e0f-a7be-4cba-8114-82f77075d0b7-276x350.jpg?resize=685%2C869&#038;ssl=1\" width=\"685\" height=\"869\" \/><\/a><\/figure>\n<div class=\"\" id=\"MDA34416\" data-adid=\"mdabalkanweb121885\" data-netid=\"137356148\" data-sizes=\"300x250\" data-google-query-id=\"CI66_KT06pQDFbnuuwgd79owOw\">\n<div id=\"google_ads_iframe_\/137356148\/mdabalkanweb121885_0__container__\"><\/div>\n<\/div>\n<div><\/div>\n<div class=\"desktop_ad\">\n<div id=\"beacon_d62ee9c6f6\"><img loading=\"lazy\" decoding=\"async\" alt=\"\" src=\"https:\/\/ads.balkanweb.com\/www\/delivery\/lg.php?bannerid=0&amp;campaignid=0&amp;zoneid=358&amp;loc=https%3A%2F%2Fwww.balkanweb.com%2Fmijera-qytetare-ne-shesh-ne-tirane-reagimi-i-shqiptareve-kalon-kufijte-diaspora-kunder-projektit-ne-zvernec-protesta-ne-berlin-mynih-dhe-bolonja%2F&amp;referer=https%3A%2F%2Fwww.balkanweb.com%2F&amp;cb=d62ee9c6f6\" width=\"0\" height=\"0\" \/><\/div>\n<\/div>\n<div class=\"new-tags-wrapper\"><\/div>\n<\/div>\n<\/div>\n<\/div>\n<\/div>\n<div class=\"col-md-4 col-sm-4 hide-mobile hidden_tab hide_portrait_mobile sidebar_holder\">\n<div class=\"container no-gutter\">\n<div class=\"row\">\n<div class=\"col-md-12 col-sm-12\">\n<div class=\"container no-gutter side-column-social\">\n<div class=\"desktop_ad\">\n<div id=\"beacon_b61bc87367\"><img loading=\"lazy\" decoding=\"async\" alt=\"\" src=\"https:\/\/ads.balkanweb.com\/www\/delivery\/lg.php?bannerid=0&amp;campaignid=0&amp;zoneid=436&amp;loc=https%3A%2F%2Fwww.balkanweb.com%2Fmijera-qytetare-ne-shesh-ne-tirane-reagimi-i-shqiptareve-kalon-kufijte-diaspora-kunder-projektit-ne-zvernec-protesta-ne-berlin-mynih-dhe-bolonja%2F&amp;referer=https%3A%2F%2Fwww.balkanweb.com%2F&amp;cb=b61bc87367\" width=\"0\" height=\"0\" \/><\/div>\n<\/div>\n<\/div>\n<\/div>\n<\/div>\n<\/div>\n<\/div>\n","protected":false},"excerpt":{"rendered":"<p>3 Qershor 2026 N\u00eb nj\u00eb koh\u00eb kur sot do t\u00eb mbahet n\u00eb kryeqytet protesta e 4 kund\u00ebr nd\u00ebrtimeve n\u00eb Zv\u00ebrnec dhe jo vet\u00ebm, shqiptar\u00ebt n\u00eb Berlin dhe n\u00eb Munich do t\u00eb mbajn\u00eb paralelisht nj\u00eb protest\u00eb. Si\u00e7 shihet nga njoftimet, protest\u00eb do t\u00eb mbahet para Ambasad\u00ebs shqiptare n\u00eb Berlin n\u00eb or\u00ebn 18:30 si dhe n\u00eb Munich. [&hellip;]<\/p>\n","protected":false},"author":9,"featured_media":100982,"comment_status":"open","ping_status":"open","sticky":false,"template":"","format":"standard","meta":{"jetpack_post_was_ever_published":false,"_jetpack_newsletter_access":"","_jetpack_dont_email_post_to_subs":false,"_jetpack_newsletter_tier_id":0,"_jetpack_memberships_contains_paywalled_content":false,"_jetpack_memberships_contains_paid_content":false,"footnotes":"","jetpack_publicize_message":"","jetpack_publicize_feature_enabled":true,"jetpack_social_post_already_shared":true,"jetpack_social_options":{"image_generator_settings":{"template":"highway","default_image_id":0,"font":"","enabled":false},"version":2}},"categories":[27,10,1,2,35],"tags":[],"class_list":["post-100981","post","type-post","status-publish","format-standard","has-post-thumbnail","hentry","category-blogu-i-udhetarit","category-kultura","category-njoftime-shtypi","category-politika","category-shoqerore"],"jetpack_publicize_connections":[],"jetpack_featured_media_url":"https:\/\/i0.wp.com\/www.shqiperia.com\/blog\/wp-content\/uploads\/2026\/06\/f3455495-5435-4a82-a7a7-aba8e0f852f8.jpg?fit=1070%2C875&ssl=1","jetpack_sharing_enabled":true,"jetpack_shortlink":"https:\/\/wp.me\/p5Z6wp-qgJ","jetpack-related-posts":[{"id":100958,"url":"https:\/\/www.shqiperia.com\/blog\/reagimi-i-shqiptareve-kalon-kufijte-paralelisht-proteste-ne-berlin-dhe-mynih\/","url_meta":{"origin":100981,"position":0},"title":"Reagimi i shqiptar\u00ebve kalon kufijt\u00eb\/ Paralelisht protest\u00eb n\u00eb Berlin, dhe Mynih","author":"Kurt Farka","date":"June 3, 2026","format":false,"excerpt":"3 Qershor 2026 Teksa Tirana prej tre dit\u00ebsh osh\u00ebtin nga protestat, duket se jehona ka kap\u00ebrcyer kufijt\u00eb duke \u2018zgjuar\u2019 shqiptar\u00ebt q\u00eb jetojn\u00eb jasht\u00eb vendit. N\u00eb nj\u00eb koh\u00eb kur sot do t\u00eb mbahet n\u00eb kryeqytet protesta e 4 kund\u00ebr nd\u00ebrtimeve n\u00eb Zv\u00ebrnec dhe jo vet\u00ebm, shqiptar\u00ebt n\u00eb Berlin dhe n\u00eb Munich\u2026","rel":"","context":"In &quot;Blogu i Udh\u00ebtarit&quot;","block_context":{"text":"Blogu i Udh\u00ebtarit","link":"https:\/\/www.shqiperia.com\/blog\/category\/blogu-i-udhetarit\/"},"img":{"alt_text":"","src":"https:\/\/i0.wp.com\/www.shqiperia.com\/blog\/wp-content\/uploads\/2026\/06\/WhatsApp-Image-2026-06-02-at-21.14.58-1-675x450-1-1.jpeg?fit=675%2C450&ssl=1&resize=350%2C200","width":350,"height":200,"srcset":"https:\/\/i0.wp.com\/www.shqiperia.com\/blog\/wp-content\/uploads\/2026\/06\/WhatsApp-Image-2026-06-02-at-21.14.58-1-675x450-1-1.jpeg?fit=675%2C450&ssl=1&resize=350%2C200 1x, https:\/\/i0.wp.com\/www.shqiperia.com\/blog\/wp-content\/uploads\/2026\/06\/WhatsApp-Image-2026-06-02-at-21.14.58-1-675x450-1-1.jpeg?fit=675%2C450&ssl=1&resize=525%2C300 1.5x"},"classes":[]},{"id":101986,"url":"https:\/\/www.shqiperia.com\/blog\/sot-seance-plenare-qytetaret-njoftojne-proteste-para-parlamentit-ne-oren-1000\/","url_meta":{"origin":100981,"position":1},"title":"Sot seanc\u00eb plenare, qytetar\u00ebt njoftojn\u00eb protest\u00eb para Parlamentit n\u00eb or\u00ebn 10:00.","author":"Kurt Farka","date":"June 30, 2026","format":false,"excerpt":"30 Qershor 2026 Nj\u00eb detaji i ri nga protesta \u00ebsht\u00eb se t\u00eb mart\u00ebn protestuesit kan\u00eb njoftuar se do t\u00eb zhvillojn\u00eb edhe nj\u00eb protest\u00eb para Parlamentit. Protesta do t\u00eb nis\u00eb n\u00eb or\u00ebn 10:00 ku do t\u00eb mbahet seanca plenare. Protestuesit pas njoftimit dje kan\u00eb vijuar marshimin n\u00eb rrug\u00ebt e Tiran\u00ebs e\u2026","rel":"","context":"In &quot;Blogu i Udh\u00ebtarit&quot;","block_context":{"text":"Blogu i Udh\u00ebtarit","link":"https:\/\/www.shqiperia.com\/blog\/category\/blogu-i-udhetarit\/"},"img":{"alt_text":"","src":"https:\/\/i0.wp.com\/www.shqiperia.com\/blog\/wp-content\/uploads\/2026\/06\/Screenshot_39-7.jpg?fit=649%2C453&ssl=1&resize=350%2C200","width":350,"height":200,"srcset":"https:\/\/i0.wp.com\/www.shqiperia.com\/blog\/wp-content\/uploads\/2026\/06\/Screenshot_39-7.jpg?fit=649%2C453&ssl=1&resize=350%2C200 1x, https:\/\/i0.wp.com\/www.shqiperia.com\/blog\/wp-content\/uploads\/2026\/06\/Screenshot_39-7.jpg?fit=649%2C453&ssl=1&resize=525%2C300 1.5x"},"classes":[]},{"id":102225,"url":"https:\/\/www.shqiperia.com\/blog\/autokolona-kilometrike-e-diaspores-mberrin-ne-lezhe-proteste-e-madhe-kombetare-sot-per-largimin-e-edi-rames\/","url_meta":{"origin":100981,"position":2},"title":"Autokolona kilometrike e diaspor\u00ebs mb\u00ebrrin n\u00eb Lezh\u00eb\/ Protest\u00eb e madhe komb\u00ebtare sot, p\u00ebr largimin e Edi Ram\u00ebs","author":"Kurt Farka","date":"July 4, 2026","format":false,"excerpt":"4 Korrik 2026 Teksa kan\u00eb ngelur dhe pak or\u00eb nga protesta madh\u00ebshtore q\u00eb do t\u00eb mbahet para Kryeministris\u00eb, k\u00ebt\u00eb t\u00eb shtun\u00eb, autokolona e mjeteve t\u00eb diaspor\u00ebs q\u00eb po vijn\u00eb n\u00eb vendin ton\u00eb nga veriu ka mb\u00ebrritur n\u00eb Lezh\u00eb. Kjo \u00ebsht\u00eb protesta e 35 ku qytetar\u00ebt p\u00ebrs\u00ebrisin thirrjet p\u00ebr dor\u00ebheqjen e\u2026","rel":"","context":"In &quot;Blogu i Udh\u00ebtarit&quot;","block_context":{"text":"Blogu i Udh\u00ebtarit","link":"https:\/\/www.shqiperia.com\/blog\/category\/blogu-i-udhetarit\/"},"img":{"alt_text":"","src":"https:\/\/i0.wp.com\/www.shqiperia.com\/blog\/wp-content\/uploads\/2026\/07\/autokolona-37.jpg?fit=370%2C239&ssl=1&resize=350%2C200","width":350,"height":200},"classes":[]},{"id":103452,"url":"https:\/\/www.shqiperia.com\/blog\/shqiperia-kerkon-revolucion-61-dite-revolte-qytetaret-mblidhen-sot-serish-ne-proteste-rama-jep-doreheqjen\/","url_meta":{"origin":100981,"position":3},"title":"\u201cShqip\u00ebria k\u00ebrkon revolucion\u201d\/ 61 dit\u00eb revolt\u00eb, qytetar\u00ebt mblidhen sot s\u00ebrish n\u00eb protest\u00eb: Rama jep dor\u00ebheqjen!","author":"Kurt Farka","date":"July 30, 2026","format":false,"excerpt":"30 Korrik 2026 Protesta kund\u00ebr qeveris\u00eb hyn sot n\u00eb dit\u00ebn e saj t\u00eb 61-t\u00eb, teksa edhe k\u00ebt\u00eb pasdite qytetar\u00ebt do t\u00eb mblidhen para godin\u00ebs s\u00eb Kryeministris\u00eb p\u00ebr t\u00eb vijuar mobilizimin e p\u00ebrditsh\u00ebm. Ajo q\u00eb nisi si nj\u00eb reagim ndaj zhvillimeve n\u00eb Zv\u00ebrnec \u00ebsht\u00eb shnd\u00ebrruar n\u00eb nj\u00eb l\u00ebvizje t\u00eb p\u00ebrditshme qytetare,\u2026","rel":"","context":"In &quot;Blogu i Udh\u00ebtarit&quot;","block_context":{"text":"Blogu i Udh\u00ebtarit","link":"https:\/\/www.shqiperia.com\/blog\/category\/blogu-i-udhetarit\/"},"img":{"alt_text":"","src":"https:\/\/i0.wp.com\/www.shqiperia.com\/blog\/wp-content\/uploads\/2026\/07\/protesta-4-673x450-1-2-1-1.jpg?fit=673%2C450&ssl=1&resize=350%2C200","width":350,"height":200,"srcset":"https:\/\/i0.wp.com\/www.shqiperia.com\/blog\/wp-content\/uploads\/2026\/07\/protesta-4-673x450-1-2-1-1.jpg?fit=673%2C450&ssl=1&resize=350%2C200 1x, https:\/\/i0.wp.com\/www.shqiperia.com\/blog\/wp-content\/uploads\/2026\/07\/protesta-4-673x450-1-2-1-1.jpg?fit=673%2C450&ssl=1&resize=525%2C300 1.5x"},"classes":[]},{"id":103604,"url":"https:\/\/www.shqiperia.com\/blog\/neser-proteste-ne-shkoder-kunder-ngritjes-se-konsullates-serbe\/","url_meta":{"origin":100981,"position":4},"title":"Nes\u00ebr protest\u00eb n\u00eb Shkod\u00ebr kund\u00ebr ngritjes s\u00eb Konsullat\u00ebs serbe","author":"Kurt Farka","date":"August 1, 2026","format":false,"excerpt":"1 Gusht 2026 Mesazhe nga bulevardi kund\u00ebr klas\u00ebs politike u dhan\u00eb dhe nga diaspora, nd\u00ebrsa njoftuan se nes\u00ebr do t\u00eb mbahet nj\u00eb protest\u00eb n\u00eb Shkod\u00ebr kund\u00ebr ngritjes s\u00eb konsullat\u00ebs serbe n\u00eb qytet. K\u00ebrkesa e protest\u00ebs komb\u00ebtare n\u00eb Tiran\u00eb ishte e nj\u00ebjta, si 62 dit\u00ebt e m\u00ebparshme, dor\u00ebheqje e kryeministrit Edi\u2026","rel":"","context":"In &quot;Blogu i Udh\u00ebtarit&quot;","block_context":{"text":"Blogu i Udh\u00ebtarit","link":"https:\/\/www.shqiperia.com\/blog\/category\/blogu-i-udhetarit\/"},"img":{"alt_text":"","src":"https:\/\/i0.wp.com\/www.shqiperia.com\/blog\/wp-content\/uploads\/2026\/08\/Shkodra.jpg?fit=1080%2C720&ssl=1&resize=350%2C200","width":350,"height":200,"srcset":"https:\/\/i0.wp.com\/www.shqiperia.com\/blog\/wp-content\/uploads\/2026\/08\/Shkodra.jpg?fit=1080%2C720&ssl=1&resize=350%2C200 1x, https:\/\/i0.wp.com\/www.shqiperia.com\/blog\/wp-content\/uploads\/2026\/08\/Shkodra.jpg?fit=1080%2C720&ssl=1&resize=525%2C300 1.5x, https:\/\/i0.wp.com\/www.shqiperia.com\/blog\/wp-content\/uploads\/2026\/08\/Shkodra.jpg?fit=1080%2C720&ssl=1&resize=700%2C400 2x, https:\/\/i0.wp.com\/www.shqiperia.com\/blog\/wp-content\/uploads\/2026\/08\/Shkodra.jpg?fit=1080%2C720&ssl=1&resize=1050%2C600 3x"},"classes":[]},{"id":104501,"url":"https:\/\/www.shqiperia.com\/blog\/bulevardi-kuq-e-zi-dje-nga-diaspora\/","url_meta":{"origin":100981,"position":5},"title":"Bulevardi kuq e zi dje nga Diaspora","author":"Kurt Farka","date":"August 15, 2026","format":false,"excerpt":"13 Gusht 2026 Sot mbahet protesta e 77-t\u00eb kund\u00ebr qeveris\u00eb s\u00eb Edi Ram\u00ebs, me qytetar\u00ebt q\u00eb k\u00ebrkojn\u00eb dor\u00ebheqjen e kryeministrit dhe t\u00eb qeveris\u00eb s\u00eb tij. Ashtu si mbr\u00ebmjen e djeshme, protesta e radh\u00ebs do t\u00eb nis\u00eb n\u00eb or\u00ebn 19:30, nd\u00ebrsa pritet nj\u00eb pjes\u00ebmarrje e konsiderueshme edhe nga diaspora shqiptare. Dje,\u2026","rel":"","context":"In &quot;Blogu i Udh\u00ebtarit&quot;","block_context":{"text":"Blogu i Udh\u00ebtarit","link":"https:\/\/www.shqiperia.com\/blog\/category\/blogu-i-udhetarit\/"},"img":{"alt_text":"","src":"https:\/\/i0.wp.com\/www.shqiperia.com\/blog\/wp-content\/uploads\/2026\/08\/354345345345.jpg?fit=996%2C549&ssl=1&resize=350%2C200","width":350,"height":200,"srcset":"https:\/\/i0.wp.com\/www.shqiperia.com\/blog\/wp-content\/uploads\/2026\/08\/354345345345.jpg?fit=996%2C549&ssl=1&resize=350%2C200 1x, https:\/\/i0.wp.com\/www.shqiperia.com\/blog\/wp-content\/uploads\/2026\/08\/354345345345.jpg?fit=996%2C549&ssl=1&resize=525%2C300 1.5x, https:\/\/i0.wp.com\/www.shqiperia.com\/blog\/wp-content\/uploads\/2026\/08\/354345345345.jpg?fit=996%2C549&ssl=1&resize=700%2C400 2x"},"classes":[]}],"_links":{"self":[{"href":"https:\/\/www.shqiperia.com\/blog\/wp-json\/wp\/v2\/posts\/100981","targetHints":{"allow":["GET"]}}],"collection":[{"href":"https:\/\/www.shqiperia.com\/blog\/wp-json\/wp\/v2\/posts"}],"about":[{"href":"https:\/\/www.shqiperia.com\/blog\/wp-json\/wp\/v2\/types\/post"}],"author":[{"embeddable":true,"href":"https:\/\/www.shqiperia.com\/blog\/wp-json\/wp\/v2\/users\/9"}],"replies":[{"embeddable":true,"href":"https:\/\/www.shqiperia.com\/blog\/wp-json\/wp\/v2\/comments?post=100981"}],"version-history":[{"count":4,"href":"https:\/\/www.shqiperia.com\/blog\/wp-json\/wp\/v2\/posts\/100981\/revisions"}],"predecessor-version":[{"id":100986,"href":"https:\/\/www.shqiperia.com\/blog\/wp-json\/wp\/v2\/posts\/100981\/revisions\/100986"}],"wp:featuredmedia":[{"embeddable":true,"href":"https:\/\/www.shqiperia.com\/blog\/wp-json\/wp\/v2\/media\/100982"}],"wp:attachment":[{"href":"https:\/\/www.shqiperia.com\/blog\/wp-json\/wp\/v2\/media?parent=100981"}],"wp:term":[{"taxonomy":"category","embeddable":true,"href":"https:\/\/www.shqiperia.com\/blog\/wp-json\/wp\/v2\/categories?post=100981"},{"taxonomy":"post_tag","embeddable":true,"href":"https:\/\/www.shqiperia.com\/blog\/wp-json\/wp\/v2\/tags?post=100981"}],"curies":[{"name":"wp","href":"https:\/\/api.w.org\/{rel}","templated":true}]}}