{"id":100964,"date":"2026-06-03T10:45:38","date_gmt":"2026-06-03T10:45:38","guid":{"rendered":"https:\/\/www.shqiperia.com\/blog\/?p=100964"},"modified":"2026-06-03T10:49:23","modified_gmt":"2026-06-03T10:49:23","slug":"spak-liron-llogarite-e-dy-arabeve-te-zvernecit-del-emri-qe-dyshohet-per-tjetersim-masiv-pronash","status":"publish","type":"post","link":"https:\/\/www.shqiperia.com\/blog\/spak-liron-llogarite-e-dy-arabeve-te-zvernecit-del-emri-qe-dyshohet-per-tjetersim-masiv-pronash\/","title":{"rendered":"SPAK liron llogarit\u00eb e dy arab\u00ebve t\u00eb Zv\u00ebrnecit, del emri q\u00eb dyshohet p\u00ebr tjet\u00ebrsim masiv pronash"},"content":{"rendered":"<p><img data-recalc-dims=\"1\" loading=\"lazy\" decoding=\"async\" data-attachment-id=\"100965\" data-permalink=\"https:\/\/www.shqiperia.com\/blog\/spak-liron-llogarite-e-dy-arabeve-te-zvernecit-del-emri-qe-dyshohet-per-tjetersim-masiv-pronash\/screenshot_20260602_135543_gallery\/\" data-orig-file=\"https:\/\/i0.wp.com\/www.shqiperia.com\/blog\/wp-content\/uploads\/2026\/06\/Screenshot_20260602_135543_Gallery.jpg?fit=720%2C571&amp;ssl=1\" data-orig-size=\"720,571\" data-comments-opened=\"1\" data-image-meta=\"{&quot;aperture&quot;:&quot;0&quot;,&quot;credit&quot;:&quot;&quot;,&quot;camera&quot;:&quot;&quot;,&quot;caption&quot;:&quot;&quot;,&quot;created_timestamp&quot;:&quot;0&quot;,&quot;copyright&quot;:&quot;&quot;,&quot;focal_length&quot;:&quot;0&quot;,&quot;iso&quot;:&quot;0&quot;,&quot;shutter_speed&quot;:&quot;0&quot;,&quot;title&quot;:&quot;&quot;,&quot;orientation&quot;:&quot;1&quot;}\" data-image-title=\"Screenshot_20260602_135543_Gallery\" data-image-description=\"\" data-image-caption=\"\" data-medium-file=\"https:\/\/i0.wp.com\/www.shqiperia.com\/blog\/wp-content\/uploads\/2026\/06\/Screenshot_20260602_135543_Gallery.jpg?fit=300%2C238&amp;ssl=1\" data-large-file=\"https:\/\/i0.wp.com\/www.shqiperia.com\/blog\/wp-content\/uploads\/2026\/06\/Screenshot_20260602_135543_Gallery.jpg?fit=720%2C571&amp;ssl=1\" class=\"alignnone wp-image-100965\" alt=\"\" src=\"https:\/\/i0.wp.com\/www.shqiperia.com\/blog\/wp-content\/uploads\/2026\/06\/Screenshot_20260602_135543_Gallery.jpg?resize=613%2C486&#038;ssl=1\" width=\"613\" height=\"486\" srcset=\"https:\/\/i0.wp.com\/www.shqiperia.com\/blog\/wp-content\/uploads\/2026\/06\/Screenshot_20260602_135543_Gallery.jpg?resize=300%2C238&amp;ssl=1 300w, https:\/\/i0.wp.com\/www.shqiperia.com\/blog\/wp-content\/uploads\/2026\/06\/Screenshot_20260602_135543_Gallery.jpg?resize=450%2C357&amp;ssl=1 450w, https:\/\/i0.wp.com\/www.shqiperia.com\/blog\/wp-content\/uploads\/2026\/06\/Screenshot_20260602_135543_Gallery.jpg?resize=600%2C476&amp;ssl=1 600w, https:\/\/i0.wp.com\/www.shqiperia.com\/blog\/wp-content\/uploads\/2026\/06\/Screenshot_20260602_135543_Gallery.jpg?resize=400%2C317&amp;ssl=1 400w, https:\/\/i0.wp.com\/www.shqiperia.com\/blog\/wp-content\/uploads\/2026\/06\/Screenshot_20260602_135543_Gallery.jpg?w=720&amp;ssl=1 720w\" sizes=\"auto, (max-width: 613px) 100vw, 613px\" \/><\/p>\n<p>3 Qershor 2026<\/p>\n<p>SPAK ka liruar llogarit\u00eb e v\u00ebllez\u00ebrve miliarder\u00eb nga Katari, Ramez dhe Mohamad Al-Khayyat p\u00ebr t\u00eb shmangur p\u00ebrballjet ligjore n\u00eb Gjykat\u00ebn e Arbitrazhit.<\/p>\n<p>Sipas burimeve ende t\u00eb pakonfirnuara zyrtarisht, nj\u00eb angazhim n\u00eb Arbitrazh do vononte dhe komplikonte hetimin kryesor q\u00eb \u00ebsht\u00eb n\u00eb vijim, at\u00eb mbi \u00e7\u00ebshtjen e pron\u00ebsis\u00eb s\u00eb tok\u00ebs.<\/p>\n<p>SPAK ka sekuestruar edhe llogarit\u00eb bankare t\u00eb kompanis\u00eb \u201cAlbania Land Development\u201d, n\u00eb kuad\u00ebr t\u00eb hetimit<\/p>\n<p>Dyshimet jan\u00eb p\u00ebr nj\u00eb skem\u00eb t\u00eb tjet\u00ebrsimit t\u00eb pronave n\u00eb zon\u00ebn e Zv\u00ebrnecit.<\/p>\n<p>Nj\u00eb nga administrator\u00ebt e kompanis\u00eb, Redi Struga, i \u00ebsht\u00eb n\u00ebnshtruar kontrollit nga agjent\u00ebt e Byros\u00eb Komb\u00ebtare t\u00eb Hetimit (BKH), si pjes\u00eb e k\u00ebtyre veprimeve hetimore.<\/p>\n<p>Ato lidhen me nj\u00eb mekaniz\u00ebm t\u00eb mundsh\u00ebm p\u00ebr kalimin e pronave shtet\u00ebrore n\u00eb duar private.<\/p>\n<p>N\u00eb qend\u00ebr t\u00eb hetimit p\u00ebrmendet Artur Shehu, i cili aktualisht jeton n\u00eb Shtetet e Bashkuara. Sipas burimeve hetimore, ai dyshohet se ka pasur rol drejtues n\u00eb skem\u00ebn e dyshuar t\u00eb tjet\u00ebrsimit t\u00eb pronave.<\/p>\n","protected":false},"excerpt":{"rendered":"<p>3 Qershor 2026 SPAK ka liruar llogarit\u00eb e v\u00ebllez\u00ebrve miliarder\u00eb nga Katari, Ramez dhe Mohamad Al-Khayyat p\u00ebr t\u00eb shmangur p\u00ebrballjet ligjore n\u00eb Gjykat\u00ebn e Arbitrazhit. Sipas burimeve ende t\u00eb pakonfirnuara zyrtarisht, nj\u00eb angazhim n\u00eb Arbitrazh do vononte dhe komplikonte hetimin kryesor q\u00eb \u00ebsht\u00eb n\u00eb vijim, at\u00eb mbi \u00e7\u00ebshtjen e pron\u00ebsis\u00eb s\u00eb tok\u00ebs. SPAK ka sekuestruar [&hellip;]<\/p>\n","protected":false},"author":9,"featured_media":100965,"comment_status":"open","ping_status":"open","sticky":false,"template":"","format":"standard","meta":{"jetpack_post_was_ever_published":false,"_jetpack_newsletter_access":"","_jetpack_dont_email_post_to_subs":false,"_jetpack_newsletter_tier_id":0,"_jetpack_memberships_contains_paywalled_content":false,"_jetpack_memberships_contains_paid_content":false,"footnotes":"","jetpack_publicize_message":"","jetpack_publicize_feature_enabled":true,"jetpack_social_post_already_shared":true,"jetpack_social_options":{"image_generator_settings":{"template":"highway","default_image_id":0,"font":"","enabled":false},"version":2}},"categories":[1,35],"tags":[],"class_list":["post-100964","post","type-post","status-publish","format-standard","has-post-thumbnail","hentry","category-njoftime-shtypi","category-shoqerore"],"jetpack_publicize_connections":[],"jetpack_featured_media_url":"https:\/\/i0.wp.com\/www.shqiperia.com\/blog\/wp-content\/uploads\/2026\/06\/Screenshot_20260602_135543_Gallery.jpg?fit=720%2C571&ssl=1","jetpack_sharing_enabled":true,"jetpack_shortlink":"https:\/\/wp.me\/p5Z6wp-qgs","jetpack-related-posts":[{"id":105323,"url":"https:\/\/www.shqiperia.com\/blog\/austria-i-bllokon-llogarite-bankare-veliajt-spak-u-yne-e-fal\/","url_meta":{"origin":100964,"position":0},"title":"Austria i bllokon llogarit\u00eb bankare Veliajt, SPAK-u yn\u00eb e fal","author":"Kurt Farka","date":"August 27, 2026","format":false,"excerpt":"27 Gusht 2026 Drejt\u00ebsia austriake ka vendosur bllokimin e llogarive bankare t\u00eb Arb\u00ebr Veliajt, njeriut t\u00eb \u201cpun\u00ebve t\u00eb pista\u201d t\u00eb Erionit, nd\u00ebrsa n\u00eb Shqip\u00ebri, pavar\u00ebsisht p\u00ebrfshirjes s\u00eb emrit t\u00eb tij n\u00eb hetimet e SPAK, nuk \u00ebsht\u00eb b\u00ebr\u00eb e ditur ndonj\u00eb mas\u00eb personale ndaj tij. Arb\u00ebr Veliaj zot\u00ebron 100% t\u00eb kompanis\u00eb\u2026","rel":"","context":"In &quot;Kultura&quot;","block_context":{"text":"Kultura","link":"https:\/\/www.shqiperia.com\/blog\/category\/kultura\/"},"img":{"alt_text":"","src":"https:\/\/i0.wp.com\/www.shqiperia.com\/blog\/wp-content\/uploads\/2026\/08\/640-0-bbb72be4b0cba9f39ebb682b6699765e.png?fit=640%2C360&ssl=1&resize=350%2C200","width":350,"height":200,"srcset":"https:\/\/i0.wp.com\/www.shqiperia.com\/blog\/wp-content\/uploads\/2026\/08\/640-0-bbb72be4b0cba9f39ebb682b6699765e.png?fit=640%2C360&ssl=1&resize=350%2C200 1x, https:\/\/i0.wp.com\/www.shqiperia.com\/blog\/wp-content\/uploads\/2026\/08\/640-0-bbb72be4b0cba9f39ebb682b6699765e.png?fit=640%2C360&ssl=1&resize=525%2C300 1.5x"},"classes":[]},{"id":100894,"url":"https:\/\/www.shqiperia.com\/blog\/izraelitet-po-marrin-token-lala-flet-mbi-pretendimin-qe-qarkullon-letrat-e-pronave-jane-falsifikuar-vite-me-pare-nje-rus-dhe-nje-bullgar\/","url_meta":{"origin":100964,"position":1},"title":"\u201cIzraelit\u00ebt po marrin tok\u00ebn\u201d\/ Lala flet mbi pretendimin q\u00eb qarkullon: &#8211; Letrat e pronave jan\u00eb falsifikuar vite m\u00eb par\u00eb! Nj\u00eb rus dhe nj\u00eb bullgar\u2026","author":"Kurt Farka","date":"June 1, 2026","format":false,"excerpt":"1 Qershor 2026 Pas ngjarjeve t\u00eb r\u00ebnda dhe dhun\u00ebs ndaj qytetar\u00ebve n\u00eb Zv\u00ebrnec, gazetarja e njohur e kronik\u00ebs, Klodiana Lala, ka l\u00ebshuar akuza t\u00eb forta n\u00eb emisionin \u201cStudio24\u201d, duke zbuluar se e gjith\u00eb historia e pronave n\u00eb k\u00ebt\u00eb zon\u00eb \u00ebsht\u00eb e p\u00ebrfshir\u00eb n\u00eb falsifikime dhe tashm\u00eb ndodhet n\u00ebn hetim nga\u2026","rel":"","context":"In &quot;Blogu i Udh\u00ebtarit&quot;","block_context":{"text":"Blogu i Udh\u00ebtarit","link":"https:\/\/www.shqiperia.com\/blog\/category\/blogu-i-udhetarit\/"},"img":{"alt_text":"","src":"https:\/\/i0.wp.com\/www.shqiperia.com\/blog\/wp-content\/uploads\/2026\/06\/Etleva-Lala.jpg?fit=1200%2C648&ssl=1&resize=350%2C200","width":350,"height":200,"srcset":"https:\/\/i0.wp.com\/www.shqiperia.com\/blog\/wp-content\/uploads\/2026\/06\/Etleva-Lala.jpg?fit=1200%2C648&ssl=1&resize=350%2C200 1x, https:\/\/i0.wp.com\/www.shqiperia.com\/blog\/wp-content\/uploads\/2026\/06\/Etleva-Lala.jpg?fit=1200%2C648&ssl=1&resize=525%2C300 1.5x, https:\/\/i0.wp.com\/www.shqiperia.com\/blog\/wp-content\/uploads\/2026\/06\/Etleva-Lala.jpg?fit=1200%2C648&ssl=1&resize=700%2C400 2x, https:\/\/i0.wp.com\/www.shqiperia.com\/blog\/wp-content\/uploads\/2026\/06\/Etleva-Lala.jpg?fit=1200%2C648&ssl=1&resize=1050%2C600 3x"},"classes":[]},{"id":102316,"url":"https:\/\/www.shqiperia.com\/blog\/spak-zbarkon-ne-kadaster-nen-hetim-drejtues-dhe-zyrtare-te-larte\/","url_meta":{"origin":100964,"position":2},"title":"SPAK zbarkon n\u00eb Kadast\u00ebr, n\u00ebn hetim drejtues dhe zyrtar\u00eb t\u00eb lart\u00eb","author":"Kurt Farka","date":"July 6, 2026","format":false,"excerpt":"6 Korrik 2026 Byroja Komb\u00ebtore e Hetimit (BKH), ka zbarkuar n\u00eb ASHK, nj\u00eb nga institucionet m\u00eb t\u00eb akuzuara p\u00ebr korrupsion dhe veprime t\u00eb kund\u00ebrligjshme. Sipas burimeve kontrollet jan\u00eb n\u00eb kuad\u00ebr t\u00eb nj\u00eb hetimi t\u00eb gjer\u00eb p\u00ebr disa drejtues dhe zyrtar\u00eb t\u00eb Kadastr\u00ebs n\u00eb disa qytete t\u00eb vendit. Dyshohet p\u00ebr nj\u00eb\u2026","rel":"","context":"In &quot;Blogu i Udh\u00ebtarit&quot;","block_context":{"text":"Blogu i Udh\u00ebtarit","link":"https:\/\/www.shqiperia.com\/blog\/category\/blogu-i-udhetarit\/"},"img":{"alt_text":"","src":"https:\/\/i0.wp.com\/www.shqiperia.com\/blog\/wp-content\/uploads\/2026\/07\/640-0-foto-8-900x570-1783340685-e1783344868937.jpeg?fit=562%2C405&ssl=1&resize=350%2C200","width":350,"height":200,"srcset":"https:\/\/i0.wp.com\/www.shqiperia.com\/blog\/wp-content\/uploads\/2026\/07\/640-0-foto-8-900x570-1783340685-e1783344868937.jpeg?fit=562%2C405&ssl=1&resize=350%2C200 1x, https:\/\/i0.wp.com\/www.shqiperia.com\/blog\/wp-content\/uploads\/2026\/07\/640-0-foto-8-900x570-1783340685-e1783344868937.jpeg?fit=562%2C405&ssl=1&resize=525%2C300 1.5x"},"classes":[]},{"id":103103,"url":"https:\/\/www.shqiperia.com\/blog\/fox-news-cnn-the-new-york-times-cbs-news-the-times-anadolu-agency-mediat-nderkombetare-zbarkojne-ne-spak\/","url_meta":{"origin":100964,"position":3},"title":"Fox News, CNN, The New York Times, CBS News, The Times, Anadolu Agency\/ Mediat nd\u00ebrkomb\u00ebtare \u201czbarkojn\u00eb\u201d n\u00eb SPAK","author":"Kurt Farka","date":"July 22, 2026","format":false,"excerpt":"22 Korrik 2026 Interesi i mediave\u00a0nd\u00ebrkomb\u00ebtare p\u00ebr projektet n\u00eb\u00a0bregdetin shqiptar, t\u00eb\u00a0lidhura me Jared\u00a0Kushner, dh\u00ebndrin e Presidentit amerikan Donald\u00a0Trump, kan\u00eb sjell\u00eb\u00a0nj\u00eb bresh\u00ebri pyetjesh p\u00ebr Prokurorin\u00eb e Posa\u00e7me. Mediat si\u00a0Fox News, CNN, The New York\u00a0Times, CBS News, The Times, Anadolu\u00a0Agency\u00a0dhe disa t\u00eb tjera\u00a0kan\u00eb k\u00ebrkuar\u00a0konfirmim n\u00ebse Prokuroria\u00a0e\u00a0Posa\u00e7me po heton\u00a0projektet turistike n\u00eb\u00a0Sazan, Zv\u00ebrnec apo\u00a0Vjos\u00eb-Nart\u00eb,\u2026","rel":"","context":"In &quot;Blogu i Udh\u00ebtarit&quot;","block_context":{"text":"Blogu i Udh\u00ebtarit","link":"https:\/\/www.shqiperia.com\/blog\/category\/blogu-i-udhetarit\/"},"img":{"alt_text":"","src":"https:\/\/i0.wp.com\/www.shqiperia.com\/blog\/wp-content\/uploads\/2026\/07\/6a60cd6da34ec-1.png?fit=1200%2C630&ssl=1&resize=350%2C200","width":350,"height":200,"srcset":"https:\/\/i0.wp.com\/www.shqiperia.com\/blog\/wp-content\/uploads\/2026\/07\/6a60cd6da34ec-1.png?fit=1200%2C630&ssl=1&resize=350%2C200 1x, https:\/\/i0.wp.com\/www.shqiperia.com\/blog\/wp-content\/uploads\/2026\/07\/6a60cd6da34ec-1.png?fit=1200%2C630&ssl=1&resize=525%2C300 1.5x, https:\/\/i0.wp.com\/www.shqiperia.com\/blog\/wp-content\/uploads\/2026\/07\/6a60cd6da34ec-1.png?fit=1200%2C630&ssl=1&resize=700%2C400 2x, https:\/\/i0.wp.com\/www.shqiperia.com\/blog\/wp-content\/uploads\/2026\/07\/6a60cd6da34ec-1.png?fit=1200%2C630&ssl=1&resize=1050%2C600 3x"},"classes":[]},{"id":103156,"url":"https:\/\/www.shqiperia.com\/blog\/bkh-ne-banesen-e-biznesmenit-te-farmaceutikes-dyshime-per-korrupsion-me-familjarin-e-ogerta-manastirliut\/","url_meta":{"origin":100964,"position":4},"title":"BKH n\u00eb banes\u00ebn e biznesmenit t\u00eb farmaceutik\u00ebs, dyshime p\u00ebr korrupsion me familjarin e Ogerta Manastirliut","author":"Kurt Farka","date":"July 24, 2026","format":false,"excerpt":"24 Korrik 2026 Nj\u00eb biznesmen q\u00eb kontrollon nj\u00eb prej depove farmaceutike m\u00eb t\u00eb njohura n\u00eb Shqip\u00ebri \u00ebsht\u00eb v\u00ebn\u00eb n\u00ebn hetimin e Prokuroris\u00eb s\u00eb Posa\u00e7me Kund\u00ebr Korrupsionit dhe Krimit t\u00eb Organizuar. Burime t\u00eb VOX News pran\u00eb SPAK b\u00ebjn\u00eb me dije se agjent\u00ebt e BKH-s\u00eb kan\u00eb ushtruar kontroll n\u00eb banes\u00ebn e biznesmenit\u2026","rel":"","context":"In &quot;Blogu i Udh\u00ebtarit&quot;","block_context":{"text":"Blogu i Udh\u00ebtarit","link":"https:\/\/www.shqiperia.com\/blog\/category\/blogu-i-udhetarit\/"},"img":{"alt_text":"","src":"https:\/\/i0.wp.com\/www.shqiperia.com\/blog\/wp-content\/uploads\/2026\/07\/580-403-chatgpt-image-jul-24-2026-11-23-05-am-1784885824.webp?fit=580%2C403&ssl=1&resize=350%2C200","width":350,"height":200,"srcset":"https:\/\/i0.wp.com\/www.shqiperia.com\/blog\/wp-content\/uploads\/2026\/07\/580-403-chatgpt-image-jul-24-2026-11-23-05-am-1784885824.webp?fit=580%2C403&ssl=1&resize=350%2C200 1x, https:\/\/i0.wp.com\/www.shqiperia.com\/blog\/wp-content\/uploads\/2026\/07\/580-403-chatgpt-image-jul-24-2026-11-23-05-am-1784885824.webp?fit=580%2C403&ssl=1&resize=525%2C300 1.5x"},"classes":[]},{"id":102065,"url":"https:\/\/www.shqiperia.com\/blog\/shteti-i-rrumit-spak-mbyll-hetimin-per-tjetersimin-e-tokave-ne-bregdetin-e-durresit-687-mije-m2-me-vlere-16-milione-euro\/","url_meta":{"origin":100964,"position":5},"title":"\u201cShteti i Rrumit\u201d: SPAK mbyll hetimin p\u00ebr tjet\u00ebrsimin e tokave n\u00eb bregdetin e Durr\u00ebsit, 687 mij\u00eb m2 me vler\u00eb 16 milion\u00eb euro","author":"Kurt Farka","date":"June 30, 2026","format":false,"excerpt":"30 Qershor 2026 Prokuroria e Posa\u00e7me akuzon Aleksand\u00ebr Lahon, i njohur ndryshe si Rrumi, v\u00ebllan\u00eb e tij, Vullnet Mu\u00e7a dhe gjasht\u00eb t\u00eb pandehur t\u00eb tjer\u00eb p\u00ebr nj\u00eb skem\u00eb masive falsifikimi t\u00eb shtrir\u00eb nd\u00ebr vite me tokat nga Shijaku deri te Kepi i Rodonit t\u00eb llogaritura n\u00eb vler\u00ebn e 16 milion\u00eb\u2026","rel":"","context":"In &quot;Blogu i Udh\u00ebtarit&quot;","block_context":{"text":"Blogu i Udh\u00ebtarit","link":"https:\/\/www.shqiperia.com\/blog\/category\/blogu-i-udhetarit\/"},"img":{"alt_text":"","src":"https:\/\/i0.wp.com\/www.shqiperia.com\/blog\/wp-content\/uploads\/2026\/06\/Kepi-2-1140x761-1.jpg?fit=1140%2C761&ssl=1&resize=350%2C200","width":350,"height":200,"srcset":"https:\/\/i0.wp.com\/www.shqiperia.com\/blog\/wp-content\/uploads\/2026\/06\/Kepi-2-1140x761-1.jpg?fit=1140%2C761&ssl=1&resize=350%2C200 1x, https:\/\/i0.wp.com\/www.shqiperia.com\/blog\/wp-content\/uploads\/2026\/06\/Kepi-2-1140x761-1.jpg?fit=1140%2C761&ssl=1&resize=525%2C300 1.5x, https:\/\/i0.wp.com\/www.shqiperia.com\/blog\/wp-content\/uploads\/2026\/06\/Kepi-2-1140x761-1.jpg?fit=1140%2C761&ssl=1&resize=700%2C400 2x, https:\/\/i0.wp.com\/www.shqiperia.com\/blog\/wp-content\/uploads\/2026\/06\/Kepi-2-1140x761-1.jpg?fit=1140%2C761&ssl=1&resize=1050%2C600 3x"},"classes":[]}],"_links":{"self":[{"href":"https:\/\/www.shqiperia.com\/blog\/wp-json\/wp\/v2\/posts\/100964","targetHints":{"allow":["GET"]}}],"collection":[{"href":"https:\/\/www.shqiperia.com\/blog\/wp-json\/wp\/v2\/posts"}],"about":[{"href":"https:\/\/www.shqiperia.com\/blog\/wp-json\/wp\/v2\/types\/post"}],"author":[{"embeddable":true,"href":"https:\/\/www.shqiperia.com\/blog\/wp-json\/wp\/v2\/users\/9"}],"replies":[{"embeddable":true,"href":"https:\/\/www.shqiperia.com\/blog\/wp-json\/wp\/v2\/comments?post=100964"}],"version-history":[{"count":2,"href":"https:\/\/www.shqiperia.com\/blog\/wp-json\/wp\/v2\/posts\/100964\/revisions"}],"predecessor-version":[{"id":100972,"href":"https:\/\/www.shqiperia.com\/blog\/wp-json\/wp\/v2\/posts\/100964\/revisions\/100972"}],"wp:featuredmedia":[{"embeddable":true,"href":"https:\/\/www.shqiperia.com\/blog\/wp-json\/wp\/v2\/media\/100965"}],"wp:attachment":[{"href":"https:\/\/www.shqiperia.com\/blog\/wp-json\/wp\/v2\/media?parent=100964"}],"wp:term":[{"taxonomy":"category","embeddable":true,"href":"https:\/\/www.shqiperia.com\/blog\/wp-json\/wp\/v2\/categories?post=100964"},{"taxonomy":"post_tag","embeddable":true,"href":"https:\/\/www.shqiperia.com\/blog\/wp-json\/wp\/v2\/tags?post=100964"}],"curies":[{"name":"wp","href":"https:\/\/api.w.org\/{rel}","templated":true}]}}