{"id":100961,"date":"2026-06-03T10:41:56","date_gmt":"2026-06-03T10:41:56","guid":{"rendered":"https:\/\/www.shqiperia.com\/blog\/?p=100961"},"modified":"2026-06-03T10:50:03","modified_gmt":"2026-06-03T10:50:03","slug":"rama-humb-qetesine-sulmon-protestuesit-cakej-te-agimit-te-arte-ceta-kinse-shqiponjash","status":"publish","type":"post","link":"https:\/\/www.shqiperia.com\/blog\/rama-humb-qetesine-sulmon-protestuesit-cakej-te-agimit-te-arte-ceta-kinse-shqiponjash\/","title":{"rendered":"Rama humb qet\u00ebsin\u00eb, sulmon protestuesit: &#8211; \u00c7akej t\u00eb Agimit t\u00eb Art\u00eb, \u00e7eta kinse shqiponjash\u2026"},"content":{"rendered":"<p><img data-recalc-dims=\"1\" loading=\"lazy\" decoding=\"async\" data-attachment-id=\"100962\" data-permalink=\"https:\/\/www.shqiperia.com\/blog\/rama-humb-qetesine-sulmon-protestuesit-cakej-te-agimit-te-arte-ceta-kinse-shqiponjash\/640-0-1709129359xedi-rama-625-10\/\" data-orig-file=\"https:\/\/i0.wp.com\/www.shqiperia.com\/blog\/wp-content\/uploads\/2026\/06\/640-0-1709129359xedi-rama-625-1.jpg?fit=640%2C486&amp;ssl=1\" data-orig-size=\"640,486\" data-comments-opened=\"1\" data-image-meta=\"{&quot;aperture&quot;:&quot;0&quot;,&quot;credit&quot;:&quot;&quot;,&quot;camera&quot;:&quot;&quot;,&quot;caption&quot;:&quot;&quot;,&quot;created_timestamp&quot;:&quot;0&quot;,&quot;copyright&quot;:&quot;&quot;,&quot;focal_length&quot;:&quot;0&quot;,&quot;iso&quot;:&quot;0&quot;,&quot;shutter_speed&quot;:&quot;0&quot;,&quot;title&quot;:&quot;&quot;,&quot;orientation&quot;:&quot;0&quot;}\" data-image-title=\"-640-0-1709129359xedi-rama-625\" data-image-description=\"\" data-image-caption=\"\" data-medium-file=\"https:\/\/i0.wp.com\/www.shqiperia.com\/blog\/wp-content\/uploads\/2026\/06\/640-0-1709129359xedi-rama-625-1.jpg?fit=300%2C228&amp;ssl=1\" data-large-file=\"https:\/\/i0.wp.com\/www.shqiperia.com\/blog\/wp-content\/uploads\/2026\/06\/640-0-1709129359xedi-rama-625-1.jpg?fit=640%2C486&amp;ssl=1\" class=\"alignnone wp-image-100962\" alt=\"\" src=\"https:\/\/i0.wp.com\/www.shqiperia.com\/blog\/wp-content\/uploads\/2026\/06\/640-0-1709129359xedi-rama-625-1.jpg?resize=546%2C415&#038;ssl=1\" width=\"546\" height=\"415\" srcset=\"https:\/\/i0.wp.com\/www.shqiperia.com\/blog\/wp-content\/uploads\/2026\/06\/640-0-1709129359xedi-rama-625-1.jpg?resize=300%2C228&amp;ssl=1 300w, https:\/\/i0.wp.com\/www.shqiperia.com\/blog\/wp-content\/uploads\/2026\/06\/640-0-1709129359xedi-rama-625-1.jpg?resize=450%2C342&amp;ssl=1 450w, https:\/\/i0.wp.com\/www.shqiperia.com\/blog\/wp-content\/uploads\/2026\/06\/640-0-1709129359xedi-rama-625-1.jpg?resize=600%2C456&amp;ssl=1 600w, https:\/\/i0.wp.com\/www.shqiperia.com\/blog\/wp-content\/uploads\/2026\/06\/640-0-1709129359xedi-rama-625-1.jpg?resize=400%2C304&amp;ssl=1 400w, https:\/\/i0.wp.com\/www.shqiperia.com\/blog\/wp-content\/uploads\/2026\/06\/640-0-1709129359xedi-rama-625-1.jpg?w=640&amp;ssl=1 640w\" sizes=\"auto, (max-width: 546px) 100vw, 546px\" \/><\/p>\n<p>3 Qershor 2026<\/p>\n<p>Kryeministri Rama ka ndar\u00eb n\u00eb rrjetet sociale pamjet e nj\u00eb grupi protestuesish nga tubimi i nj\u00eb dite m\u00eb par\u00eb n\u00eb kryeqytet kund\u00ebr nd\u00ebrtimeve n\u00eb Zv\u00ebrnec, t\u00eb cil\u00ebt iu drejtuan selis\u00eb roz\u00eb.<\/p>\n<p>Rama ka postuar momentet kur protestuesit th\u00ebrrasin me sharje e fyerje kundrejt kryeministrit duke i krahasuar me gjerman\u00ebt nazist\u00eb apo kund\u00ebrshtar\u00ebt n\u00eb Greqi ndaj investimeve. Rama thot\u00eb se i vetmi ndryshim \u00ebsht\u00eb q\u00eb \u201cshqiptar\u00ebt e v\u00ebrtet\u00eb\u201d nuk kan\u00eb lidhje me kund\u00ebrshtimet e grek\u00ebve, ndryshe nga k\u00ebta t\u00eb fundit, nj\u00eb referenc\u00eb p\u00ebr artikujt e mediave greke p\u00ebr Zv\u00ebrnecin.<\/p>\n<p>\u201cMysafir\u00ebt e paftuar t\u00eb nat\u00ebs n\u00eb selin\u00eb e Partis\u00eb Socialiste<\/p>\n<p>\u201cShqip\u00ebria e shqiptar\u00ebve\u201d dhe k\u00ebto \u00e7eta kinse shqiponjash q\u00eb ul\u00ebrasin k\u00ebsisoj rrug\u00ebve, t\u00eb kujtojn\u00eb \u201cGjermanin\u00eb e gjerman\u00ebve\u201d me ata ul\u00ebrit\u00ebsat e verb\u00ebr si k\u00ebta mysafir\u00ebt e nat\u00ebs tek selia e PS, q\u00eb e kthyen Gjermanin\u00eb n\u00eb thertoren e hebrenjve dhe e katandis\u00ebn n\u00eb delen e zez\u00eb t\u00eb planetit.<\/p>\n<p>Po meq\u00eb Gjermania naziste \u00ebsht\u00eb larg dhe z\u00ebre se i kam p\u00ebrpara syve urrejtjenxit\u00ebsit e k\u00ebtyre t\u00eb rinjve pa busull duke u th\u00ebn\u00eb, \u201cju s\u2019jeni nazist\u00eb ju jeni patriot\u00eb, prandaj jepini fort goj\u00ebs s\u00eb shthurur se do ta djegim Shqip\u00ebrin\u00eb e tradhtar\u00ebve\u201d, po shtoj q\u00eb kjo \u201cShqip\u00ebria e shqiptar\u00ebve\u201d \u00ebsht\u00eb t\u00ebpk\u00eb si \u201cGreqia e grek\u00ebve\u201d, ajo e atyre \u00e7akejve t\u00eb Agimit t\u00eb Art\u00eb q\u00eb donin t\u2019i digjnin t\u00eb gjall\u00eb \u201ctradhtar\u00ebt\u201d e Greqis\u00eb bashk\u00eb me shqiptar\u00ebt, t\u00eb cil\u00ebt sipas tyre po merrnin pun\u00ebt e parat\u00eb e popullit grek.<\/p>\n<p>\u00c7udit\u00ebrisht edhe ata ishin kund\u00ebr investimeve e resorteve cil\u00ebsore, me t\u00eb vetmin ndryshim se k\u00ebta \u201cshqiptar\u00ebt tan\u00eb t\u00eb v\u00ebrtet\u00eb\u201d nuk kishin gisht n\u00eb kuturisjen e atyre, kurse ata kan\u00eb gishtin e tyre n\u00eb kuturisjen e k\u00ebtyre.<\/p>\n<p>Fali Zot se s\u2019din\u00eb se \u00e7\u2019b\u00ebjn\u00eb thuhet n\u00eb k\u00ebto raste!\u201d, shkruan Rama.<\/p>\n","protected":false},"excerpt":{"rendered":"<p>3 Qershor 2026 Kryeministri Rama ka ndar\u00eb n\u00eb rrjetet sociale pamjet e nj\u00eb grupi protestuesish nga tubimi i nj\u00eb dite m\u00eb par\u00eb n\u00eb kryeqytet kund\u00ebr nd\u00ebrtimeve n\u00eb Zv\u00ebrnec, t\u00eb cil\u00ebt iu drejtuan selis\u00eb roz\u00eb. Rama ka postuar momentet kur protestuesit th\u00ebrrasin me sharje e fyerje kundrejt kryeministrit duke i krahasuar me gjerman\u00ebt nazist\u00eb apo kund\u00ebrshtar\u00ebt [&hellip;]<\/p>\n","protected":false},"author":9,"featured_media":100962,"comment_status":"open","ping_status":"open","sticky":false,"template":"","format":"standard","meta":{"jetpack_post_was_ever_published":false,"_jetpack_newsletter_access":"","_jetpack_dont_email_post_to_subs":false,"_jetpack_newsletter_tier_id":0,"_jetpack_memberships_contains_paywalled_content":false,"_jetpack_memberships_contains_paid_content":false,"footnotes":"","jetpack_publicize_message":"","jetpack_publicize_feature_enabled":true,"jetpack_social_post_already_shared":true,"jetpack_social_options":{"image_generator_settings":{"template":"highway","default_image_id":0,"font":"","enabled":false},"version":2}},"categories":[10,2],"tags":[],"class_list":["post-100961","post","type-post","status-publish","format-standard","has-post-thumbnail","hentry","category-kultura","category-politika"],"jetpack_publicize_connections":[],"jetpack_featured_media_url":"https:\/\/i0.wp.com\/www.shqiperia.com\/blog\/wp-content\/uploads\/2026\/06\/640-0-1709129359xedi-rama-625-1.jpg?fit=640%2C486&ssl=1","jetpack_sharing_enabled":true,"jetpack_shortlink":"https:\/\/wp.me\/p5Z6wp-qgp","jetpack-related-posts":[{"id":100977,"url":"https:\/\/www.shqiperia.com\/blog\/rama-i-etiketoi-protestuesit-ceta-si-te-gjermanise-naziste-cakej-te-agimit-te-arte-analisti-i-kthehet-ashper-ofendim-skandaloz-qe-te-hap-barkun\/","url_meta":{"origin":100961,"position":0},"title":"Rama i etiketoi protestuesit \u201c\u00c7eta si t\u00eb Gjermanis\u00eb naziste, \u00e7akej t\u00eb Agimit t\u00eb Art\u00eb\u201d, analisti i kthehet ashp\u00ebr: Ofendim skandaloz q\u00eb t\u00eb hap barkun!","author":"Kurt Farka","date":"June 3, 2026","format":false,"excerpt":"3 Qershor 2026 Pas reagimit t\u00eb ashp\u00ebr t\u00eb kryeministrit Edi Rama p\u00ebr protestuesit, q\u00eb i cil\u00ebsonte si gjerman\u00ebt e koh\u00ebs s\u00eb nazizmit apo dhe me p\u00ebrfaq\u00ebsues t\u00eb Agimit t\u00eb Art\u00eb, vjen nj\u00eb kund\u00ebrp\u00ebrgjigje nga analisti Genc Burimi. Ky i fundit e cil\u00ebson nj\u00eb ofendim skandaloz epitetet e p\u00ebrdorura nga Rama,\u2026","rel":"","context":"In &quot;Blogu i Udh\u00ebtarit&quot;","block_context":{"text":"Blogu i Udh\u00ebtarit","link":"https:\/\/www.shqiperia.com\/blog\/category\/blogu-i-udhetarit\/"},"img":{"alt_text":"","src":"https:\/\/i0.wp.com\/www.shqiperia.com\/blog\/wp-content\/uploads\/2026\/06\/collage-2.png?fit=780%2C440&ssl=1&resize=350%2C200","width":350,"height":200,"srcset":"https:\/\/i0.wp.com\/www.shqiperia.com\/blog\/wp-content\/uploads\/2026\/06\/collage-2.png?fit=780%2C440&ssl=1&resize=350%2C200 1x, https:\/\/i0.wp.com\/www.shqiperia.com\/blog\/wp-content\/uploads\/2026\/06\/collage-2.png?fit=780%2C440&ssl=1&resize=525%2C300 1.5x, https:\/\/i0.wp.com\/www.shqiperia.com\/blog\/wp-content\/uploads\/2026\/06\/collage-2.png?fit=780%2C440&ssl=1&resize=700%2C400 2x"},"classes":[]},{"id":102060,"url":"https:\/\/www.shqiperia.com\/blog\/rama-poston-mesazh-ku-protestuesit-quhen-race-derri-edhe-kjo-ndodhi-fyerje-rracore-ndaj-qytetarve-nga\/","url_meta":{"origin":100961,"position":1},"title":"Rama poston mesazh ku protestuesit quhen \u201crac\u00eb derri\u201d.  Edhe kjo ndodhi &#8211; Fyerje Rracore ndaj qytetarve nga &#8230;","author":"Kurt Farka","date":"June 30, 2026","format":false,"excerpt":"30 Qershor 2026 Edi Rama citon\u00eb - Zoti kryeminist\u00ebr! As mos e \u00e7o n\u00ebp\u00ebr mend t\u00eb dor\u00ebhiqesh .. k\u00ebta po jan\u00eb nj\u00eb rrac\u00eb derri q\u00eb dhe duan pushtet dhe nuk mbushin hic pupupu o Zot\u2026\u201d Kreu i qeveris\u00eb ka vijuar me postime q\u00eb ai thot\u00eb se i vijn\u00eb \u201cnga qytetar\u00ebt\u201d\u2026","rel":"","context":"In &quot;Kultura&quot;","block_context":{"text":"Kultura","link":"https:\/\/www.shqiperia.com\/blog\/category\/kultura\/"},"img":{"alt_text":"","src":"https:\/\/i0.wp.com\/www.shqiperia.com\/blog\/wp-content\/uploads\/2026\/06\/Screenshot_20260630_210741_Gallery.jpg?fit=720%2C498&ssl=1&resize=350%2C200","width":350,"height":200,"srcset":"https:\/\/i0.wp.com\/www.shqiperia.com\/blog\/wp-content\/uploads\/2026\/06\/Screenshot_20260630_210741_Gallery.jpg?fit=720%2C498&ssl=1&resize=350%2C200 1x, https:\/\/i0.wp.com\/www.shqiperia.com\/blog\/wp-content\/uploads\/2026\/06\/Screenshot_20260630_210741_Gallery.jpg?fit=720%2C498&ssl=1&resize=525%2C300 1.5x, https:\/\/i0.wp.com\/www.shqiperia.com\/blog\/wp-content\/uploads\/2026\/06\/Screenshot_20260630_210741_Gallery.jpg?fit=720%2C498&ssl=1&resize=700%2C400 2x"},"classes":[]},{"id":101206,"url":"https:\/\/www.shqiperia.com\/blog\/protestuesit-ne-kor-rama-jepe-doreheqjen-edhe-studentet-e-diaspores-do-i-kesh-ketu\/","url_meta":{"origin":100961,"position":2},"title":"Protestuesit n\u00eb kor: Rama jepe dor\u00ebheqjen! &#8211; Edhe student\u00ebt e diaspor\u00ebs do i kesh k\u00ebtu","author":"Kurt Farka","date":"June 6, 2026","format":false,"excerpt":"6 Qershor 2026 Rama jepe dor\u00ebheqjen, Rama jep dor\u00ebheqjen! Rama jep dor\u00ebheqjen!\u2019 Ishte thirrja me z\u00eb t\u00eb lart\u00eb e protestuesve mbr\u00ebmjen e sotme para kryeministris\u00eb. Protesta e nisur n\u00eb or\u00ebn 18:00 vijon ende edhe tani n\u00eb or\u00ebn 21:40 minuta. Nj\u00eb student duke marr\u00eb fjal\u00ebn n\u00eb podiumin e improvizuar para kryeministris\u00eb\u2026","rel":"","context":"In &quot;Blogu i Udh\u00ebtarit&quot;","block_context":{"text":"Blogu i Udh\u00ebtarit","link":"https:\/\/www.shqiperia.com\/blog\/category\/blogu-i-udhetarit\/"},"img":{"alt_text":"","src":"https:\/\/i0.wp.com\/www.shqiperia.com\/blog\/wp-content\/uploads\/2026\/06\/800-0-1780775936xcapturepng-938.png?fit=800%2C507&ssl=1&resize=350%2C200","width":350,"height":200,"srcset":"https:\/\/i0.wp.com\/www.shqiperia.com\/blog\/wp-content\/uploads\/2026\/06\/800-0-1780775936xcapturepng-938.png?fit=800%2C507&ssl=1&resize=350%2C200 1x, https:\/\/i0.wp.com\/www.shqiperia.com\/blog\/wp-content\/uploads\/2026\/06\/800-0-1780775936xcapturepng-938.png?fit=800%2C507&ssl=1&resize=525%2C300 1.5x, https:\/\/i0.wp.com\/www.shqiperia.com\/blog\/wp-content\/uploads\/2026\/06\/800-0-1780775936xcapturepng-938.png?fit=800%2C507&ssl=1&resize=700%2C400 2x"},"classes":[]},{"id":102161,"url":"https:\/\/www.shqiperia.com\/blog\/qeveria-ka-nje-mllef-te-madh-po-e-shkarkon-ndaj-protestuesve-lubonja-rama-me-gjuhe-dhune-e-denigruese-turp\/","url_meta":{"origin":100961,"position":3},"title":"\u201cQeveria ka nj\u00eb mllef t\u00eb madh, po e shkarkon ndaj protestuesve\u201d\/ Lubonja: &#8211; Rama me gjuh\u00eb dhune e denigruese, turp","author":"Kurt Farka","date":"July 2, 2026","format":false,"excerpt":"2 Korrik 2026 Analisti Fatos Lubonja n\u00eb nj\u00eb intervist\u00eb televizive foli p\u00ebr zhvillimet e fundit politike duke u ndalur te protesta e sotme e mbajtur para Kuvendit. Gjat\u00eb intervist\u00ebs, Lubonja tha se protestuesit n\u00eb gjith\u00eb k\u00ebto dit\u00eb kan\u00eb zhvilluar nj\u00eb revolucion paq\u00ebsor. Sipas tij, kryeministri Edi Rama ka p\u00ebrdoru nj\u00eb\u2026","rel":"","context":"In &quot;Njoftime Shtypi&quot;","block_context":{"text":"Njoftime Shtypi","link":"https:\/\/www.shqiperia.com\/blog\/category\/njoftime-shtypi\/"},"img":{"alt_text":"","src":"https:\/\/i0.wp.com\/www.shqiperia.com\/blog\/wp-content\/uploads\/2026\/07\/fatos-lubonjaa.jpg?fit=640%2C331&ssl=1&resize=350%2C200","width":350,"height":200,"srcset":"https:\/\/i0.wp.com\/www.shqiperia.com\/blog\/wp-content\/uploads\/2026\/07\/fatos-lubonjaa.jpg?fit=640%2C331&ssl=1&resize=350%2C200 1x, https:\/\/i0.wp.com\/www.shqiperia.com\/blog\/wp-content\/uploads\/2026\/07\/fatos-lubonjaa.jpg?fit=640%2C331&ssl=1&resize=525%2C300 1.5x"},"classes":[]},{"id":100981,"url":"https:\/\/www.shqiperia.com\/blog\/sot-protesta-edhe-ne-munih-dhe-berlin-rama-i-etiketoi-protestuesit-ceta-si-te-gjermanise-naziste-cakej-te-agimit-te-arte\/","url_meta":{"origin":100961,"position":4},"title":"Sot Protesta edhe ne Munih dhe Berlin. Rama i etiketoi protestuesit \u201c\u00c7eta si t\u00eb Gjermanis\u00eb naziste, \u00e7akej t\u00eb Agimit t\u00eb Art\u00eb\u201d","author":"Kurt Farka","date":"June 3, 2026","format":false,"excerpt":"3 Qershor 2026 N\u00eb nj\u00eb koh\u00eb kur sot do t\u00eb mbahet n\u00eb kryeqytet protesta e 4 kund\u00ebr nd\u00ebrtimeve n\u00eb Zv\u00ebrnec dhe jo vet\u00ebm, shqiptar\u00ebt n\u00eb Berlin dhe n\u00eb Munich do t\u00eb mbajn\u00eb paralelisht nj\u00eb protest\u00eb. Si\u00e7 shihet nga njoftimet, protest\u00eb do t\u00eb mbahet para Ambasad\u00ebs shqiptare n\u00eb Berlin n\u00eb or\u00ebn\u2026","rel":"","context":"In &quot;Blogu i Udh\u00ebtarit&quot;","block_context":{"text":"Blogu i Udh\u00ebtarit","link":"https:\/\/www.shqiperia.com\/blog\/category\/blogu-i-udhetarit\/"},"img":{"alt_text":"","src":"https:\/\/i0.wp.com\/www.shqiperia.com\/blog\/wp-content\/uploads\/2026\/06\/f3455495-5435-4a82-a7a7-aba8e0f852f8.jpg?fit=1070%2C875&ssl=1&resize=350%2C200","width":350,"height":200,"srcset":"https:\/\/i0.wp.com\/www.shqiperia.com\/blog\/wp-content\/uploads\/2026\/06\/f3455495-5435-4a82-a7a7-aba8e0f852f8.jpg?fit=1070%2C875&ssl=1&resize=350%2C200 1x, https:\/\/i0.wp.com\/www.shqiperia.com\/blog\/wp-content\/uploads\/2026\/06\/f3455495-5435-4a82-a7a7-aba8e0f852f8.jpg?fit=1070%2C875&ssl=1&resize=525%2C300 1.5x, https:\/\/i0.wp.com\/www.shqiperia.com\/blog\/wp-content\/uploads\/2026\/06\/f3455495-5435-4a82-a7a7-aba8e0f852f8.jpg?fit=1070%2C875&ssl=1&resize=700%2C400 2x, https:\/\/i0.wp.com\/www.shqiperia.com\/blog\/wp-content\/uploads\/2026\/06\/f3455495-5435-4a82-a7a7-aba8e0f852f8.jpg?fit=1070%2C875&ssl=1&resize=1050%2C600 3x"},"classes":[]},{"id":102279,"url":"https:\/\/www.shqiperia.com\/blog\/protesta-e-te-shtunes-me-arkivolin-e-edi-rames-mesazh-kercenues-me-simbolin-e-rrezimit-te\/","url_meta":{"origin":100961,"position":5},"title":"Protesta e t\u00eb shtun\u00ebs me arkivolin e Edi Ram\u00ebs, mesazh k\u00ebrc\u00ebnues me simbolin e rr\u00ebzimit t\u00eb","author":"Kurt Farka","date":"July 6, 2026","format":false,"excerpt":"6 Korrik 2026 Pasi protestuesit nxor\u00ebn k\u00ebt\u00eb fundjav\u00eb (t\u00eb shtun\u00ebn e 4 korrikut) n\u00eb bulevard arkivolin me mbishkrimin \u201cArkivoli politik i Edi Ram\u00ebs\u201d, kryeministri duket se \u00ebsht\u00eb n\u00eb panik dhe i d\u00ebshp\u00ebruar n\u00eb reagimin e tij t\u00eb par\u00eb mbi ngjarjen.\u00a0 Z. Rama, i cili deri dje i p\u00ebrshkruante protestat si\u2026","rel":"","context":"In &quot;Blogu i Udh\u00ebtarit&quot;","block_context":{"text":"Blogu i Udh\u00ebtarit","link":"https:\/\/www.shqiperia.com\/blog\/category\/blogu-i-udhetarit\/"},"img":{"alt_text":"","src":"https:\/\/i0.wp.com\/www.shqiperia.com\/blog\/wp-content\/uploads\/2026\/07\/foto-4-1-1140x570-1.jpg?fit=1140%2C570&ssl=1&resize=350%2C200","width":350,"height":200,"srcset":"https:\/\/i0.wp.com\/www.shqiperia.com\/blog\/wp-content\/uploads\/2026\/07\/foto-4-1-1140x570-1.jpg?fit=1140%2C570&ssl=1&resize=350%2C200 1x, https:\/\/i0.wp.com\/www.shqiperia.com\/blog\/wp-content\/uploads\/2026\/07\/foto-4-1-1140x570-1.jpg?fit=1140%2C570&ssl=1&resize=525%2C300 1.5x, https:\/\/i0.wp.com\/www.shqiperia.com\/blog\/wp-content\/uploads\/2026\/07\/foto-4-1-1140x570-1.jpg?fit=1140%2C570&ssl=1&resize=700%2C400 2x, https:\/\/i0.wp.com\/www.shqiperia.com\/blog\/wp-content\/uploads\/2026\/07\/foto-4-1-1140x570-1.jpg?fit=1140%2C570&ssl=1&resize=1050%2C600 3x"},"classes":[]}],"_links":{"self":[{"href":"https:\/\/www.shqiperia.com\/blog\/wp-json\/wp\/v2\/posts\/100961","targetHints":{"allow":["GET"]}}],"collection":[{"href":"https:\/\/www.shqiperia.com\/blog\/wp-json\/wp\/v2\/posts"}],"about":[{"href":"https:\/\/www.shqiperia.com\/blog\/wp-json\/wp\/v2\/types\/post"}],"author":[{"embeddable":true,"href":"https:\/\/www.shqiperia.com\/blog\/wp-json\/wp\/v2\/users\/9"}],"replies":[{"embeddable":true,"href":"https:\/\/www.shqiperia.com\/blog\/wp-json\/wp\/v2\/comments?post=100961"}],"version-history":[{"count":2,"href":"https:\/\/www.shqiperia.com\/blog\/wp-json\/wp\/v2\/posts\/100961\/revisions"}],"predecessor-version":[{"id":100975,"href":"https:\/\/www.shqiperia.com\/blog\/wp-json\/wp\/v2\/posts\/100961\/revisions\/100975"}],"wp:featuredmedia":[{"embeddable":true,"href":"https:\/\/www.shqiperia.com\/blog\/wp-json\/wp\/v2\/media\/100962"}],"wp:attachment":[{"href":"https:\/\/www.shqiperia.com\/blog\/wp-json\/wp\/v2\/media?parent=100961"}],"wp:term":[{"taxonomy":"category","embeddable":true,"href":"https:\/\/www.shqiperia.com\/blog\/wp-json\/wp\/v2\/categories?post=100961"},{"taxonomy":"post_tag","embeddable":true,"href":"https:\/\/www.shqiperia.com\/blog\/wp-json\/wp\/v2\/tags?post=100961"}],"curies":[{"name":"wp","href":"https:\/\/api.w.org\/{rel}","templated":true}]}}