{"id":100955,"date":"2026-06-02T21:31:53","date_gmt":"2026-06-02T21:31:53","guid":{"rendered":"https:\/\/www.shqiperia.com\/blog\/?p=100955"},"modified":"2026-06-02T21:31:53","modified_gmt":"2026-06-02T21:31:53","slug":"anulim-projekti-dhe-doreheqje-e-rames-protesta-qytetare","status":"publish","type":"post","link":"https:\/\/www.shqiperia.com\/blog\/anulim-projekti-dhe-doreheqje-e-rames-protesta-qytetare\/","title":{"rendered":"\u201cAnulim projekti dhe dor\u00ebheqje e Ram\u00ebs\u201d\/ Protesta Qytetare"},"content":{"rendered":"<p><img data-recalc-dims=\"1\" loading=\"lazy\" decoding=\"async\" data-attachment-id=\"100956\" data-permalink=\"https:\/\/www.shqiperia.com\/blog\/anulim-projekti-dhe-doreheqje-e-rames-protesta-qytetare\/whatsapp-image-2026-06-02-at-21-14-58-1-675x450-1\/\" data-orig-file=\"https:\/\/i0.wp.com\/www.shqiperia.com\/blog\/wp-content\/uploads\/2026\/06\/WhatsApp-Image-2026-06-02-at-21.14.58-1-675x450-1.jpeg?fit=675%2C450&amp;ssl=1\" data-orig-size=\"675,450\" data-comments-opened=\"1\" data-image-meta=\"{&quot;aperture&quot;:&quot;0&quot;,&quot;credit&quot;:&quot;&quot;,&quot;camera&quot;:&quot;&quot;,&quot;caption&quot;:&quot;&quot;,&quot;created_timestamp&quot;:&quot;0&quot;,&quot;copyright&quot;:&quot;&quot;,&quot;focal_length&quot;:&quot;0&quot;,&quot;iso&quot;:&quot;0&quot;,&quot;shutter_speed&quot;:&quot;0&quot;,&quot;title&quot;:&quot;&quot;,&quot;orientation&quot;:&quot;0&quot;}\" data-image-title=\"WhatsApp-Image-2026-06-02-at-21.14.58-1-675&#215;450-1\" data-image-description=\"\" data-image-caption=\"\" data-medium-file=\"https:\/\/i0.wp.com\/www.shqiperia.com\/blog\/wp-content\/uploads\/2026\/06\/WhatsApp-Image-2026-06-02-at-21.14.58-1-675x450-1.jpeg?fit=300%2C200&amp;ssl=1\" data-large-file=\"https:\/\/i0.wp.com\/www.shqiperia.com\/blog\/wp-content\/uploads\/2026\/06\/WhatsApp-Image-2026-06-02-at-21.14.58-1-675x450-1.jpeg?fit=675%2C450&amp;ssl=1\" class=\"alignnone  wp-image-100956\" alt=\"\" src=\"https:\/\/i0.wp.com\/www.shqiperia.com\/blog\/wp-content\/uploads\/2026\/06\/WhatsApp-Image-2026-06-02-at-21.14.58-1-675x450-1.jpeg?resize=719%2C479&#038;ssl=1\" width=\"719\" height=\"479\" srcset=\"https:\/\/i0.wp.com\/www.shqiperia.com\/blog\/wp-content\/uploads\/2026\/06\/WhatsApp-Image-2026-06-02-at-21.14.58-1-675x450-1.jpeg?resize=300%2C200&amp;ssl=1 300w, https:\/\/i0.wp.com\/www.shqiperia.com\/blog\/wp-content\/uploads\/2026\/06\/WhatsApp-Image-2026-06-02-at-21.14.58-1-675x450-1.jpeg?resize=600%2C400&amp;ssl=1 600w, https:\/\/i0.wp.com\/www.shqiperia.com\/blog\/wp-content\/uploads\/2026\/06\/WhatsApp-Image-2026-06-02-at-21.14.58-1-675x450-1.jpeg?resize=450%2C300&amp;ssl=1 450w, https:\/\/i0.wp.com\/www.shqiperia.com\/blog\/wp-content\/uploads\/2026\/06\/WhatsApp-Image-2026-06-02-at-21.14.58-1-675x450-1.jpeg?resize=400%2C267&amp;ssl=1 400w, https:\/\/i0.wp.com\/www.shqiperia.com\/blog\/wp-content\/uploads\/2026\/06\/WhatsApp-Image-2026-06-02-at-21.14.58-1-675x450-1.jpeg?w=675&amp;ssl=1 675w\" sizes=\"auto, (max-width: 719px) 100vw, 719px\" \/><\/p>\n<p>2 Qershor 2026<\/p>\n<p>Pas tre or\u00ebsh, \u00ebsht\u00eb mbyllur protesta e tret\u00eb qytetare e zhvilluar n\u00eb Tiran\u00eb kund\u00ebr projektit t\u00eb nd\u00ebrtimit n\u00eb zon\u00ebn e mbrojtur t\u00eb Zv\u00ebrnecit.<\/p>\n<p>Tubimi u mbajt n\u00eb Bulevardin \u201cD\u00ebshmor\u00ebt e Kombit\u201d dhe para Kryemninistris\u00eb, ku protestuesit p\u00ebrs\u00ebrit\u00ebn kund\u00ebrshtimin e tyre ndaj projektit, duke k\u00ebrkuar anulimin e tij dhe dor\u00ebheqjen e qeveris\u00eb. N\u00eb p\u00ebrfundim t\u00eb protest\u00ebs, organizator\u00ebt njoftuan se mobilizimi do t\u00eb vijoj\u00eb edhe nes\u00ebr, me protest\u00ebn e kat\u00ebrt q\u00eb do t\u00eb mbahet n\u00eb or\u00ebn 18:00 p\u00ebrpara Kryeministris\u00eb.<\/p>\n<p>\u201cNes\u00ebr m\u00eb shum\u00eb\u201d, ishte mesazhi q\u00eb p\u00ebrcoll\u00ebn pjes\u00ebmarr\u00ebsit n\u00eb mbyllje t\u00eb tubimit, duke b\u00ebr\u00eb thirrje p\u00ebr nj\u00eb pjes\u00ebmarrje m\u00eb t\u00eb gjer\u00eb qytetare.<\/p>\n<p>Gjat\u00eb protest\u00ebs u mbajt\u00ebn fjalime dhe u shpalos\u00ebn pankarta kund\u00ebr projektit n\u00eb Zv\u00ebrnec, nd\u00ebrsa organizator\u00ebt deklaruan se reagimi qytetar nuk lidhet vet\u00ebm me k\u00ebt\u00eb \u00e7\u00ebshtje, por edhe me nj\u00eb s\u00ebr\u00eb ligjesh dhe vendimesh q\u00eb, sipas tyre, favorizojn\u00eb investitor\u00ebt n\u00eb d\u00ebm t\u00eb interesit publik.<\/p>\n<p>Mes k\u00ebrkesave kryesore t\u00eb protestuesve ishin anulimi i projektit n\u00eb Zv\u00ebrnec, shfuqizimi i ligjit p\u00ebr investimet strategjike dhe i Paket\u00ebs s\u00eb Maleve, si dhe dor\u00ebheqja e qeveris\u00eb.<\/p>\n","protected":false},"excerpt":{"rendered":"<p>2 Qershor 2026 Pas tre or\u00ebsh, \u00ebsht\u00eb mbyllur protesta e tret\u00eb qytetare e zhvilluar n\u00eb Tiran\u00eb kund\u00ebr projektit t\u00eb nd\u00ebrtimit n\u00eb zon\u00ebn e mbrojtur t\u00eb Zv\u00ebrnecit. Tubimi u mbajt n\u00eb Bulevardin \u201cD\u00ebshmor\u00ebt e Kombit\u201d dhe para Kryemninistris\u00eb, ku protestuesit p\u00ebrs\u00ebrit\u00ebn kund\u00ebrshtimin e tyre ndaj projektit, duke k\u00ebrkuar anulimin e tij dhe dor\u00ebheqjen e qeveris\u00eb. N\u00eb [&hellip;]<\/p>\n","protected":false},"author":9,"featured_media":100956,"comment_status":"open","ping_status":"open","sticky":false,"template":"","format":"standard","meta":{"jetpack_post_was_ever_published":false,"_jetpack_newsletter_access":"","_jetpack_dont_email_post_to_subs":false,"_jetpack_newsletter_tier_id":0,"_jetpack_memberships_contains_paywalled_content":false,"_jetpack_memberships_contains_paid_content":false,"footnotes":"","jetpack_publicize_message":"","jetpack_publicize_feature_enabled":true,"jetpack_social_post_already_shared":true,"jetpack_social_options":{"image_generator_settings":{"template":"highway","default_image_id":0,"font":"","enabled":false},"version":2}},"categories":[27,2,35],"tags":[],"class_list":["post-100955","post","type-post","status-publish","format-standard","has-post-thumbnail","hentry","category-blogu-i-udhetarit","category-politika","category-shoqerore"],"jetpack_publicize_connections":[],"jetpack_featured_media_url":"https:\/\/i0.wp.com\/www.shqiperia.com\/blog\/wp-content\/uploads\/2026\/06\/WhatsApp-Image-2026-06-02-at-21.14.58-1-675x450-1.jpeg?fit=675%2C450&ssl=1","jetpack_sharing_enabled":true,"jetpack_shortlink":"https:\/\/wp.me\/p5Z6wp-qgj","jetpack-related-posts":[{"id":102701,"url":"https:\/\/www.shqiperia.com\/blog\/pjesemarrje-masive-mbyllet-protesta-e-45-te-per-doreheqjen-e-rames-qytetaret-thirrje-nga-bulevardi-ju-erdhi-fundi\/","url_meta":{"origin":100955,"position":0},"title":"Pjes\u00ebmarrje masive! Mbyllet protesta e 45-t\u00eb p\u00ebr dor\u00ebheqjen e Ram\u00ebs. Qytetar\u00ebt thirrje nga Bulevardi: Ju erdhi fundi!","author":"Kurt Farka","date":"July 14, 2026","format":false,"excerpt":"14 Korrik 2026 Shqip\u00ebria mbajti sot dit\u00ebn e 45-t\u00eb t\u00eb protestave qytetare, nd\u00ebrsa organizator\u00ebt kan\u00eb b\u00ebr\u00eb t\u00eb qart\u00eb se revolta nuk do t\u00eb ndalet, pavar\u00ebsisht temperaturave t\u00eb larta apo sezonit turistik. Edhe k\u00ebt\u00eb mbr\u00ebmje qytetar\u00ebt u mblodhen para Kryeministris\u00eb, duke k\u00ebrkuar dor\u00ebheqjen e kryeministrit Edi Rama dhe ndryshimin e sistemit\u2026","rel":"","context":"In &quot;Blogu i Udh\u00ebtarit&quot;","block_context":{"text":"Blogu i Udh\u00ebtarit","link":"https:\/\/www.shqiperia.com\/blog\/category\/blogu-i-udhetarit\/"},"img":{"alt_text":"","src":"https:\/\/i0.wp.com\/www.shqiperia.com\/blog\/wp-content\/uploads\/2026\/07\/protesta-masive-1.jpg?fit=1083%2C641&ssl=1&resize=350%2C200","width":350,"height":200,"srcset":"https:\/\/i0.wp.com\/www.shqiperia.com\/blog\/wp-content\/uploads\/2026\/07\/protesta-masive-1.jpg?fit=1083%2C641&ssl=1&resize=350%2C200 1x, https:\/\/i0.wp.com\/www.shqiperia.com\/blog\/wp-content\/uploads\/2026\/07\/protesta-masive-1.jpg?fit=1083%2C641&ssl=1&resize=525%2C300 1.5x, https:\/\/i0.wp.com\/www.shqiperia.com\/blog\/wp-content\/uploads\/2026\/07\/protesta-masive-1.jpg?fit=1083%2C641&ssl=1&resize=700%2C400 2x, https:\/\/i0.wp.com\/www.shqiperia.com\/blog\/wp-content\/uploads\/2026\/07\/protesta-masive-1.jpg?fit=1083%2C641&ssl=1&resize=1050%2C600 3x"},"classes":[]},{"id":101086,"url":"https:\/\/www.shqiperia.com\/blog\/proteste-madheshtore-ne-tirane-rama-te-jape-doreheqjen-shqiperia-nuk-shitet\/","url_meta":{"origin":100955,"position":1},"title":"Protest\u00eb madh\u00ebshtore n\u00eb Tiran\u00eb: &#8211; Rama t\u00eb jap\u00eb dor\u00ebheqjen! &#8211; Shqip\u00ebria nuk shitet!","author":"Kurt Farka","date":"June 4, 2026","format":false,"excerpt":"4 Qershor 2026 Mij\u00ebra qytetar\u00eb kan\u00eb mbushur k\u00ebt\u00eb mbr\u00ebmje bulevardin \u201cD\u00ebshmor\u00ebt e Kombit\u201d, duke iu bashkuar protest\u00ebs kund\u00ebr projektit p\u00ebr nd\u00ebrtimin e nj\u00eb resorti turistik n\u00eb zon\u00ebn e mbrojtur t\u00eb Zv\u00ebrnecit Pas grumbullimit n\u00eb sheshin \u201cSk\u00ebnderbej\u201d, protestuesit marshuan drejt Kryeministris\u00eb, duke mbajtur pankarta dhe flamuj, nd\u00ebrsa brohorisnin slogane kund\u00ebr qeveris\u00eb\u2026","rel":"","context":"In &quot;Blogu i Udh\u00ebtarit&quot;","block_context":{"text":"Blogu i Udh\u00ebtarit","link":"https:\/\/www.shqiperia.com\/blog\/category\/blogu-i-udhetarit\/"},"img":{"alt_text":"","src":"https:\/\/i0.wp.com\/www.shqiperia.com\/blog\/wp-content\/uploads\/2026\/06\/protesta-ne-bulevard-4-qershor-2026.jpg?fit=632%2C278&ssl=1&resize=350%2C200","width":350,"height":200,"srcset":"https:\/\/i0.wp.com\/www.shqiperia.com\/blog\/wp-content\/uploads\/2026\/06\/protesta-ne-bulevard-4-qershor-2026.jpg?fit=632%2C278&ssl=1&resize=350%2C200 1x, https:\/\/i0.wp.com\/www.shqiperia.com\/blog\/wp-content\/uploads\/2026\/06\/protesta-ne-bulevard-4-qershor-2026.jpg?fit=632%2C278&ssl=1&resize=525%2C300 1.5x"},"classes":[]},{"id":102924,"url":"https:\/\/www.shqiperia.com\/blog\/rama-jepe-doreheqjen-sot-dita-e-50-te-e-rezistences-qytetare-per-rrezimin-e-qeverise\/","url_meta":{"origin":100955,"position":2},"title":"\u201cRama jepe dor\u00ebheqjen\u201d- Sot dita e 50-t\u00eb e rezistenc\u00ebs qytetare p\u00ebr rr\u00ebzimin e qeveris\u00eb","author":"Kurt Farka","date":"July 19, 2026","format":false,"excerpt":"19 Korrik 2026 Qytetar\u00ebt k\u00ebrkojn\u00eb nd\u00ebrrimin e saj dhe rr\u00ebzimin e qeveris\u00eb aktuale, duke pasur si k\u00ebrkes\u00eb kryesore dor\u00ebheqjen e kryeministrit Edi Rama. K\u00ebrkesa \u00ebsht\u00eb e panegocueshme, teksa mij\u00ebra qytetar\u00eb shqiptar\u00eb mblidhen \u00e7do nat\u00eb n\u00eb bulevardin para Kryeministris\u00eb ku mbajn\u00eb fjalime dhe m\u00eb pas marshojn\u00eb rrug\u00ebve t\u00eb Tiran\u00ebs, duke sensibilizuar.\u2026","rel":"","context":"In &quot;Blogu i Udh\u00ebtarit&quot;","block_context":{"text":"Blogu i Udh\u00ebtarit","link":"https:\/\/www.shqiperia.com\/blog\/category\/blogu-i-udhetarit\/"},"img":{"alt_text":"","src":"https:\/\/i0.wp.com\/www.shqiperia.com\/blog\/wp-content\/uploads\/2026\/07\/der-spiegel-protesta-433x300-1.jpg?fit=433%2C300&ssl=1&resize=350%2C200","width":350,"height":200},"classes":[]},{"id":101092,"url":"https:\/\/www.shqiperia.com\/blog\/nuk-ka-dialog-vetem-doreheqje-protestuesit-nga-sheshi-skenderbej-revolucion\/","url_meta":{"origin":100955,"position":3},"title":"\u201cNuk ka dialog, vet\u00ebm dor\u00ebheqje!\u201d, protestuesit nga sheshi Sk\u00ebnderbej: &#8211; Revolucion!","author":"Kurt Farka","date":"June 4, 2026","format":false,"excerpt":"4 Qershor 2026 Ka nisur k\u00ebt\u00eb t\u00eb enjte protesta e pest\u00eb radhazi e qytetar\u00ebve kund\u00ebr projektit p\u00ebr nd\u00ebrtimin e nj\u00eb resorti turistik n\u00eb zon\u00ebn e mbrojtur t\u00eb Zv\u00ebrnecit. Qytetar\u00eb, aktivist\u00eb t\u00eb mjedisit dhe p\u00ebrfaq\u00ebsues t\u00eb shoq\u00ebris\u00eb civile jan\u00eb mbledhur s\u00ebrish n\u00eb sheshin \u201cSk\u00ebnderbej\u201d, nga ku pritet t\u00eb marshojn\u00eb drejt Kryeministris\u00eb\u2026","rel":"","context":"In &quot;Blogu i Udh\u00ebtarit&quot;","block_context":{"text":"Blogu i Udh\u00ebtarit","link":"https:\/\/www.shqiperia.com\/blog\/category\/blogu-i-udhetarit\/"},"img":{"alt_text":"","src":"https:\/\/i0.wp.com\/www.shqiperia.com\/blog\/wp-content\/uploads\/2026\/06\/6a1dbba1ca79e-6a1dbbe3ec349.jpg?fit=1197%2C613&ssl=1&resize=350%2C200","width":350,"height":200,"srcset":"https:\/\/i0.wp.com\/www.shqiperia.com\/blog\/wp-content\/uploads\/2026\/06\/6a1dbba1ca79e-6a1dbbe3ec349.jpg?fit=1197%2C613&ssl=1&resize=350%2C200 1x, https:\/\/i0.wp.com\/www.shqiperia.com\/blog\/wp-content\/uploads\/2026\/06\/6a1dbba1ca79e-6a1dbbe3ec349.jpg?fit=1197%2C613&ssl=1&resize=525%2C300 1.5x, https:\/\/i0.wp.com\/www.shqiperia.com\/blog\/wp-content\/uploads\/2026\/06\/6a1dbba1ca79e-6a1dbbe3ec349.jpg?fit=1197%2C613&ssl=1&resize=700%2C400 2x, https:\/\/i0.wp.com\/www.shqiperia.com\/blog\/wp-content\/uploads\/2026\/06\/6a1dbba1ca79e-6a1dbbe3ec349.jpg?fit=1197%2C613&ssl=1&resize=1050%2C600 3x"},"classes":[]},{"id":105204,"url":"https:\/\/www.shqiperia.com\/blog\/foto-nga-protesta-dita-e-87te-pjesmarrje-masive-nuk-ndalemi-deri-ne-largimin-e-rames\/","url_meta":{"origin":100955,"position":4},"title":"Foto nga protesta, dita e 87=t\u00eb, pjesmarrje masive &#8211; Nuk ndalemi deri n\u00eb largimin e Ram\u00ebs","author":"Kurt Farka","date":"August 26, 2026","format":false,"excerpt":"26 Gusht 2026 \u00cbsht\u00eb zhvilluar n\u00eb dit\u00ebn e 87-t\u00eb protesta qytetare para Kryeministris\u00eb, ku p\u00ebr gati 3 muaj k\u00ebrkohet dor\u00ebheqja e Edi Ram\u00ebs. Pas grumbullimit n\u00eb sheshin \u201cSk\u00ebnderbej\u201d, qytetar\u00ebt marshuan drejt Kryeministris\u00eb, ku u mbajt\u00ebn edhe fjalimet e protestuesve. Gjat\u00eb protest\u00ebs, profesori Lush Susaj dha nj\u00eb mesazh t\u00eb fort\u00eb, duke\u2026","rel":"","context":"In &quot;Blogu i Udh\u00ebtarit&quot;","block_context":{"text":"Blogu i Udh\u00ebtarit","link":"https:\/\/www.shqiperia.com\/blog\/category\/blogu-i-udhetarit\/"},"img":{"alt_text":"","src":"https:\/\/i0.wp.com\/www.shqiperia.com\/blog\/wp-content\/uploads\/2026\/08\/Dita-e-87-te-e-Protestes.-25-Gusht-2026.jpg?fit=900%2C600&ssl=1&resize=350%2C200","width":350,"height":200,"srcset":"https:\/\/i0.wp.com\/www.shqiperia.com\/blog\/wp-content\/uploads\/2026\/08\/Dita-e-87-te-e-Protestes.-25-Gusht-2026.jpg?fit=900%2C600&ssl=1&resize=350%2C200 1x, https:\/\/i0.wp.com\/www.shqiperia.com\/blog\/wp-content\/uploads\/2026\/08\/Dita-e-87-te-e-Protestes.-25-Gusht-2026.jpg?fit=900%2C600&ssl=1&resize=525%2C300 1.5x, https:\/\/i0.wp.com\/www.shqiperia.com\/blog\/wp-content\/uploads\/2026\/08\/Dita-e-87-te-e-Protestes.-25-Gusht-2026.jpg?fit=900%2C600&ssl=1&resize=700%2C400 2x"},"classes":[]},{"id":103852,"url":"https:\/\/www.shqiperia.com\/blog\/sot-dita-e-67-e-protestes-kunder-rames\/","url_meta":{"origin":100955,"position":5},"title":"Sot dita e 67 e protest\u00ebs kund\u00ebr Ram\u00ebs","author":"Kurt Farka","date":"August 5, 2026","format":false,"excerpt":"5 Gusht 2026 Dita e 67-t\u00eb e protest\u00ebs, qytetar\u00ebt marshojn\u00eb s\u00ebrish drejt Kryeministris\u00eb: \u201cRama, jep dor\u00ebheqjen\u201d Protesta qytetare kund\u00ebr qeveris\u00eb hyn sot n\u00eb dit\u00ebn e 67-t\u00eb radhazi, nd\u00ebrsa qytetar\u00ebt pritet t\u00eb mblidhen s\u00ebrish n\u00eb mbr\u00ebmje n\u00eb sheshin \u201cSk\u00ebnderbej\u201d. Pas grumbullimit n\u00eb shesh, protestuesit do t\u00eb marshojn\u00eb drejt Kryeministris\u00eb, ku do\u2026","rel":"","context":"In &quot;Blogu i Udh\u00ebtarit&quot;","block_context":{"text":"Blogu i Udh\u00ebtarit","link":"https:\/\/www.shqiperia.com\/blog\/category\/blogu-i-udhetarit\/"},"img":{"alt_text":"","src":"https:\/\/i0.wp.com\/www.shqiperia.com\/blog\/wp-content\/uploads\/2026\/08\/auto_Protesta-foto-masive11785863100.jpg?fit=900%2C506&ssl=1&resize=350%2C200","width":350,"height":200,"srcset":"https:\/\/i0.wp.com\/www.shqiperia.com\/blog\/wp-content\/uploads\/2026\/08\/auto_Protesta-foto-masive11785863100.jpg?fit=900%2C506&ssl=1&resize=350%2C200 1x, https:\/\/i0.wp.com\/www.shqiperia.com\/blog\/wp-content\/uploads\/2026\/08\/auto_Protesta-foto-masive11785863100.jpg?fit=900%2C506&ssl=1&resize=525%2C300 1.5x, https:\/\/i0.wp.com\/www.shqiperia.com\/blog\/wp-content\/uploads\/2026\/08\/auto_Protesta-foto-masive11785863100.jpg?fit=900%2C506&ssl=1&resize=700%2C400 2x"},"classes":[]}],"_links":{"self":[{"href":"https:\/\/www.shqiperia.com\/blog\/wp-json\/wp\/v2\/posts\/100955","targetHints":{"allow":["GET"]}}],"collection":[{"href":"https:\/\/www.shqiperia.com\/blog\/wp-json\/wp\/v2\/posts"}],"about":[{"href":"https:\/\/www.shqiperia.com\/blog\/wp-json\/wp\/v2\/types\/post"}],"author":[{"embeddable":true,"href":"https:\/\/www.shqiperia.com\/blog\/wp-json\/wp\/v2\/users\/9"}],"replies":[{"embeddable":true,"href":"https:\/\/www.shqiperia.com\/blog\/wp-json\/wp\/v2\/comments?post=100955"}],"version-history":[{"count":1,"href":"https:\/\/www.shqiperia.com\/blog\/wp-json\/wp\/v2\/posts\/100955\/revisions"}],"predecessor-version":[{"id":100957,"href":"https:\/\/www.shqiperia.com\/blog\/wp-json\/wp\/v2\/posts\/100955\/revisions\/100957"}],"wp:featuredmedia":[{"embeddable":true,"href":"https:\/\/www.shqiperia.com\/blog\/wp-json\/wp\/v2\/media\/100956"}],"wp:attachment":[{"href":"https:\/\/www.shqiperia.com\/blog\/wp-json\/wp\/v2\/media?parent=100955"}],"wp:term":[{"taxonomy":"category","embeddable":true,"href":"https:\/\/www.shqiperia.com\/blog\/wp-json\/wp\/v2\/categories?post=100955"},{"taxonomy":"post_tag","embeddable":true,"href":"https:\/\/www.shqiperia.com\/blog\/wp-json\/wp\/v2\/tags?post=100955"}],"curies":[{"name":"wp","href":"https:\/\/api.w.org\/{rel}","templated":true}]}}