{"id":100951,"date":"2026-06-02T21:27:08","date_gmt":"2026-06-02T21:27:08","guid":{"rendered":"https:\/\/www.shqiperia.com\/blog\/?p=100951"},"modified":"2026-06-02T21:27:22","modified_gmt":"2026-06-02T21:27:22","slug":"alarmi-i-serwer-vucic-po-pret-mundesine-per-te-marre-veriun-e-kosoves-shqiperia-te-vendose-me-shume-trupa","status":"publish","type":"post","link":"https:\/\/www.shqiperia.com\/blog\/alarmi-i-serwer-vucic-po-pret-mundesine-per-te-marre-veriun-e-kosoves-shqiperia-te-vendose-me-shume-trupa\/","title":{"rendered":"Alarmi i Serwer: &#8211; Vu\u00e7i\u00e7 po pret mund\u00ebsin\u00eb p\u00ebr t\u00eb marr\u00eb veriun e Kosov\u00ebs! Shqip\u00ebria t\u00eb vendos\u00eb m\u00eb shum\u00eb trupa"},"content":{"rendered":"<p><img data-recalc-dims=\"1\" loading=\"lazy\" decoding=\"async\" data-attachment-id=\"100952\" data-permalink=\"https:\/\/www.shqiperia.com\/blog\/alarmi-i-serwer-vucic-po-pret-mundesine-per-te-marre-veriun-e-kosoves-shqiperia-te-vendose-me-shume-trupa\/vucic-15\/\" data-orig-file=\"https:\/\/i0.wp.com\/www.shqiperia.com\/blog\/wp-content\/uploads\/2026\/06\/Vucic.webp?fit=1536%2C864&amp;ssl=1\" data-orig-size=\"1536,864\" data-comments-opened=\"1\" data-image-meta=\"{&quot;aperture&quot;:&quot;0&quot;,&quot;credit&quot;:&quot;&quot;,&quot;camera&quot;:&quot;&quot;,&quot;caption&quot;:&quot;&quot;,&quot;created_timestamp&quot;:&quot;0&quot;,&quot;copyright&quot;:&quot;&quot;,&quot;focal_length&quot;:&quot;0&quot;,&quot;iso&quot;:&quot;0&quot;,&quot;shutter_speed&quot;:&quot;0&quot;,&quot;title&quot;:&quot;&quot;,&quot;orientation&quot;:&quot;0&quot;}\" data-image-title=\"Vucic\" data-image-description=\"\" data-image-caption=\"\" data-medium-file=\"https:\/\/i0.wp.com\/www.shqiperia.com\/blog\/wp-content\/uploads\/2026\/06\/Vucic.webp?fit=300%2C169&amp;ssl=1\" data-large-file=\"https:\/\/i0.wp.com\/www.shqiperia.com\/blog\/wp-content\/uploads\/2026\/06\/Vucic.webp?fit=1024%2C576&amp;ssl=1\" class=\"alignnone wp-image-100952\" alt=\"\" src=\"https:\/\/i0.wp.com\/www.shqiperia.com\/blog\/wp-content\/uploads\/2026\/06\/Vucic.webp?resize=620%2C349&#038;ssl=1\" width=\"620\" height=\"349\" srcset=\"https:\/\/i0.wp.com\/www.shqiperia.com\/blog\/wp-content\/uploads\/2026\/06\/Vucic.webp?resize=300%2C169&amp;ssl=1 300w, https:\/\/i0.wp.com\/www.shqiperia.com\/blog\/wp-content\/uploads\/2026\/06\/Vucic.webp?resize=1024%2C576&amp;ssl=1 1024w, https:\/\/i0.wp.com\/www.shqiperia.com\/blog\/wp-content\/uploads\/2026\/06\/Vucic.webp?resize=768%2C432&amp;ssl=1 768w, https:\/\/i0.wp.com\/www.shqiperia.com\/blog\/wp-content\/uploads\/2026\/06\/Vucic.webp?resize=450%2C253&amp;ssl=1 450w, https:\/\/i0.wp.com\/www.shqiperia.com\/blog\/wp-content\/uploads\/2026\/06\/Vucic.webp?resize=600%2C338&amp;ssl=1 600w, https:\/\/i0.wp.com\/www.shqiperia.com\/blog\/wp-content\/uploads\/2026\/06\/Vucic.webp?resize=1500%2C844&amp;ssl=1 1500w, https:\/\/i0.wp.com\/www.shqiperia.com\/blog\/wp-content\/uploads\/2026\/06\/Vucic.webp?resize=1300%2C731&amp;ssl=1 1300w, https:\/\/i0.wp.com\/www.shqiperia.com\/blog\/wp-content\/uploads\/2026\/06\/Vucic.webp?resize=400%2C225&amp;ssl=1 400w, https:\/\/i0.wp.com\/www.shqiperia.com\/blog\/wp-content\/uploads\/2026\/06\/Vucic.webp?w=1536&amp;ssl=1 1536w\" sizes=\"auto, (max-width: 620px) 100vw, 620px\" \/><\/p>\n<p>2 Qershor 2026<\/p>\n<p>Profesori amerikan dhe eksperti i Ballkanit, Daniel Serwer, paralajm\u00ebroi se prania ushtarake amerikane n\u00eb Kosov\u00eb mund t\u00eb reduktohet n\u00eb t\u00eb ardhmen, duke theksuar se vendi duhet t\u00eb p\u00ebrgatitet p\u00ebr nj\u00eb skenar t\u00eb till\u00eb. N\u00eb nj\u00eb intervist\u00eb n\u00eb nj\u00eb studio televizive ai sugjeroi se Shqip\u00ebria si vend i NATO-s mund t\u00eb luaj\u00eb nj\u00eb rol m\u00eb t\u00eb madh n\u00eb garantimin e siguris\u00eb s\u00eb Kosov\u00ebs.<\/p>\n<p>\u201cDo doja t\u00eb shikoja m\u00eb shum\u00eb trupa amerikane n\u00eb Kosov\u00eb dhe t\u00eb q\u00ebndronin, por s\u2019do habitesha edhe n\u00ebse do t\u00eb kishte ndonj\u00eb t\u00ebrheqje. Duhet t\u00eb m\u00ebsoheni t\u00eb jetoni me k\u00ebt\u00eb fakt. Ndoshta mund ta dini q\u00eb Shqip\u00ebria duke qen\u00eb an\u00ebtar i NATO-s, mund t\u00eb v\u00ebr\u00eb m\u00eb shum\u00eb trupa n\u00eb Kosov\u00eb dhe t\u00eb ruaj\u00eb fqinjin e vet. E r\u00ebnd\u00ebsishme p\u00ebr Kosov\u00ebn \u00ebsht\u00eb an\u00ebtar\u00ebsimi n\u00eb NATO dhe BE.<\/p>\n<p>An\u00ebtar\u00ebsimi n\u00eb NATO do t\u00eb zgjidhte shum\u00eb probleme. Serbia po p\u00ebrmbush objektivat e bot\u00ebs s\u00eb saj serbe dhe askush nuk po pret q\u00eb kosovar\u00ebt t\u00eb l\u00ebvizin dhe njer\u00ebzit k\u00ebt\u00eb duhet ta kuptojn\u00eb, q\u00eb bota vazhdon t\u00eb ec\u00eb. T\u00eb kesh nj\u00eb vit e gjysm\u00eb q\u00eb t\u00eb kesh qeverisje t\u00eb q\u00ebndrueshme, bota s\u2019ka p\u00ebr t\u2019u ndalur, dhe me \u00e7far\u00eb situate do p\u00ebrballeni pas k\u00ebsaj ngecje politike. Duhen par\u00eb edhe disavantazhet e nj\u00eb situate t\u00eb till\u00eb. Kosova duhet t\u00eb loboj\u00eb q\u00eb t\u00eb hyj\u00eb n\u00eb NATO sa m\u00eb shpejt si ushtri e mir\u00ebkualifikuar. A po ndodh sot? V\u00ebshtir\u00eb ta themi, q\u00eb NATO t\u00eb pranoj\u00eb nj\u00eb an\u00ebtar t\u00eb ri pa nj\u00eb qeveri t\u00eb q\u00ebndrueshme\u201d.<\/p>\n<p>Serwer po ashtu ngriti alarmin p\u00ebr synimet e Serbis\u00eb ndaj Kosov\u00ebs, duke deklaruar se presidenti Aleksandar Vu\u00e7i\u00e7 po pret nj\u00eb moment t\u00eb favorsh\u00ebm gjeopolitik p\u00ebr t\u00eb marr\u00eb s\u00eb paku veriun e Kosov\u00ebs.<\/p>\n<p>\u201c\u00cbsht\u00eb e qart\u00eb se Serbia n\u00ebn Vu\u00e7i\u00e7 po pret p\u00ebr nj\u00eb mund\u00ebsi gjeopolitike n\u00eb t\u00eb cil\u00ebn mund t\u00eb marrin t\u00eb pakt\u00ebn veriun e Kosov\u00ebs, sepse s\u2019ka q\u00ebllim q\u00eb t\u00eb marr\u00eb pjes\u00ebn tjet\u00ebr t\u00eb Kosov\u00ebs, pasi do p\u00ebrballej me nj\u00eb luft\u00eb guerrile q\u00eb do t\u00eb ishte shkat\u00ebrruese p\u00ebr Serbin\u00eb\u201d.<\/p>\n","protected":false},"excerpt":{"rendered":"<p>2 Qershor 2026 Profesori amerikan dhe eksperti i Ballkanit, Daniel Serwer, paralajm\u00ebroi se prania ushtarake amerikane n\u00eb Kosov\u00eb mund t\u00eb reduktohet n\u00eb t\u00eb ardhmen, duke theksuar se vendi duhet t\u00eb p\u00ebrgatitet p\u00ebr nj\u00eb skenar t\u00eb till\u00eb. N\u00eb nj\u00eb intervist\u00eb n\u00eb nj\u00eb studio televizive ai sugjeroi se Shqip\u00ebria si vend i NATO-s mund t\u00eb luaj\u00eb nj\u00eb [&hellip;]<\/p>\n","protected":false},"author":9,"featured_media":100952,"comment_status":"open","ping_status":"open","sticky":false,"template":"","format":"standard","meta":{"jetpack_post_was_ever_published":false,"_jetpack_newsletter_access":"","_jetpack_dont_email_post_to_subs":false,"_jetpack_newsletter_tier_id":0,"_jetpack_memberships_contains_paywalled_content":false,"_jetpack_memberships_contains_paid_content":false,"footnotes":"","jetpack_publicize_message":"","jetpack_publicize_feature_enabled":true,"jetpack_social_post_already_shared":true,"jetpack_social_options":{"image_generator_settings":{"template":"highway","default_image_id":0,"font":"","enabled":false},"version":2}},"categories":[1,2],"tags":[],"class_list":["post-100951","post","type-post","status-publish","format-standard","has-post-thumbnail","hentry","category-njoftime-shtypi","category-politika"],"jetpack_publicize_connections":[],"jetpack_featured_media_url":"https:\/\/i0.wp.com\/www.shqiperia.com\/blog\/wp-content\/uploads\/2026\/06\/Vucic.webp?fit=1536%2C864&ssl=1","jetpack_sharing_enabled":true,"jetpack_shortlink":"https:\/\/wp.me\/p5Z6wp-qgf","jetpack-related-posts":[{"id":100067,"url":"https:\/\/www.shqiperia.com\/blog\/levizja-e-fundit-e-trump-shba-drejt-zhvendosjes-se-trupave-nga-gjermania-drejt-polonise\/","url_meta":{"origin":100951,"position":0},"title":"L\u00ebvizja e fundit e Trump, SHBA drejt zhvendosjes s\u00eb trupave nga Gjermania drejt Polonis\u00eb","author":"Kurt Farka","date":"May 9, 2026","format":false,"excerpt":"9 Maji 2026 Presidenti amerikan Donald Trump deklaroi se \u201cmund\u201d t\u00eb zhvendos\u00eb trupat amerikane nga Gjermania drejt Polonis\u00eb, nd\u00ebrsa Pentagoni po p\u00ebrgatitet t\u00eb t\u00ebrheq\u00eb rreth 5 mij\u00eb ushtar\u00eb amerikan\u00eb nga Gjermania gjat\u00eb vitit t\u00eb ardhsh\u00ebm. \u201cPolonia do ta d\u00ebshironte k\u00ebt\u00eb,\u201d u tha Trump gazetar\u00ebve t\u00eb premten kur u pyet p\u00ebr\u2026","rel":"","context":"In &quot;Blogu i Udh\u00ebtarit&quot;","block_context":{"text":"Blogu i Udh\u00ebtarit","link":"https:\/\/www.shqiperia.com\/blog\/category\/blogu-i-udhetarit\/"},"img":{"alt_text":"","src":"https:\/\/i0.wp.com\/www.shqiperia.com\/blog\/wp-content\/uploads\/2026\/05\/ddddddddsdsd.jpg?fit=970%2C520&ssl=1&resize=350%2C200","width":350,"height":200,"srcset":"https:\/\/i0.wp.com\/www.shqiperia.com\/blog\/wp-content\/uploads\/2026\/05\/ddddddddsdsd.jpg?fit=970%2C520&ssl=1&resize=350%2C200 1x, https:\/\/i0.wp.com\/www.shqiperia.com\/blog\/wp-content\/uploads\/2026\/05\/ddddddddsdsd.jpg?fit=970%2C520&ssl=1&resize=525%2C300 1.5x, https:\/\/i0.wp.com\/www.shqiperia.com\/blog\/wp-content\/uploads\/2026\/05\/ddddddddsdsd.jpg?fit=970%2C520&ssl=1&resize=700%2C400 2x"},"classes":[]},{"id":100205,"url":"https:\/\/www.shqiperia.com\/blog\/media-amerikane-ngre-alarmin-shqiperia-eshte-kercenimi-me-i-ri-i-botes-si-narkoshtet\/","url_meta":{"origin":100951,"position":1},"title":"Media amerikane ngre alarmin: &#8211; Shqip\u00ebria \u00ebsht\u00eb k\u00ebrc\u00ebnimi m\u00eb i ri i bot\u00ebs si narkoshtet","author":"Kurt Farka","date":"May 13, 2026","format":false,"excerpt":"13 Maji 2026 Nga Michael Rubin \u2013\u00a0Washington Examiner\/ Me mij\u00ebra t\u00eb vdekur n\u00eb p\u00ebrshkall\u00ebzimin e fundit t\u00eb luftimeve mes Hezbollahut dhe Izraelit n\u00eb Liban, \u00ebsht\u00eb e v\u00ebshtir\u00eb t\u00eb imagjinosh se Libani dikur ishte nj\u00eb oaz\u00eb paqeje dhe tolerance. Bejruti dikur kishte me t\u00eb drejt\u00eb reputacionin si Parisi i Lindjes s\u00eb\u2026","rel":"","context":"In &quot;Blogu i Udh\u00ebtarit&quot;","block_context":{"text":"Blogu i Udh\u00ebtarit","link":"https:\/\/www.shqiperia.com\/blog\/category\/blogu-i-udhetarit\/"},"img":{"alt_text":"","src":"https:\/\/i0.wp.com\/www.shqiperia.com\/blog\/wp-content\/uploads\/2026\/05\/auto_drugs_albanie21778583343-1.jpg?fit=900%2C654&ssl=1&resize=350%2C200","width":350,"height":200,"srcset":"https:\/\/i0.wp.com\/www.shqiperia.com\/blog\/wp-content\/uploads\/2026\/05\/auto_drugs_albanie21778583343-1.jpg?fit=900%2C654&ssl=1&resize=350%2C200 1x, https:\/\/i0.wp.com\/www.shqiperia.com\/blog\/wp-content\/uploads\/2026\/05\/auto_drugs_albanie21778583343-1.jpg?fit=900%2C654&ssl=1&resize=525%2C300 1.5x, https:\/\/i0.wp.com\/www.shqiperia.com\/blog\/wp-content\/uploads\/2026\/05\/auto_drugs_albanie21778583343-1.jpg?fit=900%2C654&ssl=1&resize=700%2C400 2x"},"classes":[]},{"id":105244,"url":"https:\/\/www.shqiperia.com\/blog\/spartak-ngjela-shqiperia-ende-nuk-po-drejtohet-nga-patrotizmi-shqiptar-por-nga-ish-renegatet-shqiptare\/","url_meta":{"origin":100951,"position":2},"title":"Spartak Ngjela: &#8211; Shqip\u00ebria ende nuk po drejtohet nga patrotizmi shqiptar, por nga ish renegatet shqiptar\u00eb","author":"Kurt Farka","date":"August 26, 2026","format":false,"excerpt":"26 Gusht 2026 Spartak Ngjela zb\u00ebrthen prapaskenat e forta dhe nxjerr zbuluar loj\u00ebn e Tiran\u00ebs, ja si frika nga SHBA dhe faktorizimi i shqiptar\u00ebve ka trembur Edi Ram\u00ebn Avokat i njohur, Spartak Ngjela ka zb\u00ebrthyer prapaskenat e forta politike, duke nxjerr\u00eb zbuluar loj\u00ebn e Tiran\u00ebs zyrtare dhe frik\u00ebn e saj\u2026","rel":"","context":"In &quot;Kultura&quot;","block_context":{"text":"Kultura","link":"https:\/\/www.shqiperia.com\/blog\/category\/kultura\/"},"img":{"alt_text":"","src":"https:\/\/i0.wp.com\/www.shqiperia.com\/blog\/wp-content\/uploads\/2026\/08\/ajdss-6a8ea84e2f7cd-1.png?fit=622%2C386&ssl=1&resize=350%2C200","width":350,"height":200,"srcset":"https:\/\/i0.wp.com\/www.shqiperia.com\/blog\/wp-content\/uploads\/2026\/08\/ajdss-6a8ea84e2f7cd-1.png?fit=622%2C386&ssl=1&resize=350%2C200 1x, https:\/\/i0.wp.com\/www.shqiperia.com\/blog\/wp-content\/uploads\/2026\/08\/ajdss-6a8ea84e2f7cd-1.png?fit=622%2C386&ssl=1&resize=525%2C300 1.5x"},"classes":[]},{"id":104722,"url":"https:\/\/www.shqiperia.com\/blog\/shqiperia-nuk-do-te-pasurohet-nga-turizmi-dhe-as-duke-shkaterruar-ate-qe-e-ben-unike\/","url_meta":{"origin":100951,"position":3},"title":"Shqip\u00ebria nuk do t\u00eb pasurohet nga turizmi dhe as duke shkat\u00ebrruar at\u00eb q\u00eb e b\u00ebn unike","author":"Kurt Farka","date":"August 19, 2026","format":false,"excerpt":"19 Gusht 2026 Panajota Seva \u2013 Agolli\u00a0 Shqip\u00ebria po p\u00ebrjeton nj\u00eb bum turistik. Numri i vizitor\u00ebve rritet, hotelet shtohen, \u00e7mimet e tok\u00ebs n\u00eb bregdet shum\u00ebfishohen dhe investimet turistike paraqiten pothuajse \u00e7do dit\u00eb si prova se vendi po ec\u00ebn drejt prosperitetit. N\u00eb k\u00ebt\u00eb atmosfer\u00eb, kund\u00ebrshtimi ndaj nd\u00ebrtimeve n\u00eb zona si Narta\u2026","rel":"","context":"In &quot;Histori&quot;","block_context":{"text":"Histori","link":"https:\/\/www.shqiperia.com\/blog\/category\/histori\/"},"img":{"alt_text":"","src":"https:\/\/i0.wp.com\/www.shqiperia.com\/blog\/wp-content\/uploads\/2026\/08\/IMG_5686-1.jpeg?fit=1200%2C801&ssl=1&resize=350%2C200","width":350,"height":200,"srcset":"https:\/\/i0.wp.com\/www.shqiperia.com\/blog\/wp-content\/uploads\/2026\/08\/IMG_5686-1.jpeg?fit=1200%2C801&ssl=1&resize=350%2C200 1x, https:\/\/i0.wp.com\/www.shqiperia.com\/blog\/wp-content\/uploads\/2026\/08\/IMG_5686-1.jpeg?fit=1200%2C801&ssl=1&resize=525%2C300 1.5x, https:\/\/i0.wp.com\/www.shqiperia.com\/blog\/wp-content\/uploads\/2026\/08\/IMG_5686-1.jpeg?fit=1200%2C801&ssl=1&resize=700%2C400 2x, https:\/\/i0.wp.com\/www.shqiperia.com\/blog\/wp-content\/uploads\/2026\/08\/IMG_5686-1.jpeg?fit=1200%2C801&ssl=1&resize=1050%2C600 3x"},"classes":[]},{"id":103628,"url":"https:\/\/www.shqiperia.com\/blog\/rama-ne-fund-te-ciklit-politik-spartak-ngjela-paralajmeron-zhvillime-te-forta-ja-roli-i-amerikaneve-dhe\/","url_meta":{"origin":100951,"position":4},"title":"Rama n\u00eb fund t\u00eb ciklit politik, Spartak Ngjela paralajm\u00ebron zhvillime t\u00eb forta, ja roli i amerikan\u00ebve dhe\u2026","author":"Kurt Farka","date":"August 1, 2026","format":false,"excerpt":"1 Gusht 2026 Rigels Seliman Avokati i njohur, Spartak Ngjela, ka hedhur akuza t\u00eb forta ndaj kryeministrit Edi Rama, nd\u00ebrsa shpreh bindjen se ai \u00ebsht\u00eb n\u00eb fund t\u00eb ciklit t\u00eb tij politik. P\u00ebrmes nj\u00eb reagimi n\u00eb rrjetet sociale, Ngjela analizon se pushteti i kryeministrit \u00ebsht\u00eb nd\u00ebrtuar mbi komplekse dhe frik\u00eb\u2026","rel":"","context":"In &quot;Blogu i Udh\u00ebtarit&quot;","block_context":{"text":"Blogu i Udh\u00ebtarit","link":"https:\/\/www.shqiperia.com\/blog\/category\/blogu-i-udhetarit\/"},"img":{"alt_text":"","src":"https:\/\/i0.wp.com\/www.shqiperia.com\/blog\/wp-content\/uploads\/2026\/08\/foto-2.jpg-1-1140x570-1.jpeg?fit=1140%2C570&ssl=1&resize=350%2C200","width":350,"height":200,"srcset":"https:\/\/i0.wp.com\/www.shqiperia.com\/blog\/wp-content\/uploads\/2026\/08\/foto-2.jpg-1-1140x570-1.jpeg?fit=1140%2C570&ssl=1&resize=350%2C200 1x, https:\/\/i0.wp.com\/www.shqiperia.com\/blog\/wp-content\/uploads\/2026\/08\/foto-2.jpg-1-1140x570-1.jpeg?fit=1140%2C570&ssl=1&resize=525%2C300 1.5x, https:\/\/i0.wp.com\/www.shqiperia.com\/blog\/wp-content\/uploads\/2026\/08\/foto-2.jpg-1-1140x570-1.jpeg?fit=1140%2C570&ssl=1&resize=700%2C400 2x, https:\/\/i0.wp.com\/www.shqiperia.com\/blog\/wp-content\/uploads\/2026\/08\/foto-2.jpg-1-1140x570-1.jpeg?fit=1140%2C570&ssl=1&resize=1050%2C600 3x"},"classes":[]},{"id":103378,"url":"https:\/\/www.shqiperia.com\/blog\/serbia-ne-prag-te-luftes-civile-enver-bytyci-destabilizimi-do-te-ndikoje-ne-shqiperi-dhe-kosove\/","url_meta":{"origin":100951,"position":5},"title":"\u201cSerbia n\u00eb prag t\u00eb luft\u00ebs civile\u201d- Enver Byty\u00e7i: &#8211; Destabilizimi do t\u00eb ndikoj\u00eb n\u00eb Shqip\u00ebri dhe Kosov\u00eb","author":"Kurt Farka","date":"July 29, 2026","format":false,"excerpt":"29 Korrik 2026 Eksperti i marr\u00ebdh\u00ebnieve nd\u00ebrkomb\u00ebtare, Enver Byty\u00e7i, ka komentuar zhvillimet e fundit dramatike n\u00eb Serbi, ku protesta masive kund\u00ebr presidentit Aleksandar Vu\u00e7i\u00e7 po p\u00ebrshkall\u00ebzohen \u00e7do dit\u00eb. I ftuar n\u00eb studion e \u201cNews24\u201d, Byty\u00e7i e cil\u00ebsoi situat\u00ebn si t\u00eb jasht\u00ebzakonshme dhe n\u00eb prag t\u00eb nj\u00eb konflikti t\u00eb brendsh\u00ebm. \u201cMb\u00ebshtet\u00ebsit\u2026","rel":"","context":"In &quot;Blogu i Udh\u00ebtarit&quot;","block_context":{"text":"Blogu i Udh\u00ebtarit","link":"https:\/\/www.shqiperia.com\/blog\/category\/blogu-i-udhetarit\/"},"img":{"alt_text":"","src":"https:\/\/i0.wp.com\/www.shqiperia.com\/blog\/wp-content\/uploads\/2026\/07\/beo_sd.jpg?fit=1200%2C675&ssl=1&resize=350%2C200","width":350,"height":200,"srcset":"https:\/\/i0.wp.com\/www.shqiperia.com\/blog\/wp-content\/uploads\/2026\/07\/beo_sd.jpg?fit=1200%2C675&ssl=1&resize=350%2C200 1x, https:\/\/i0.wp.com\/www.shqiperia.com\/blog\/wp-content\/uploads\/2026\/07\/beo_sd.jpg?fit=1200%2C675&ssl=1&resize=525%2C300 1.5x, https:\/\/i0.wp.com\/www.shqiperia.com\/blog\/wp-content\/uploads\/2026\/07\/beo_sd.jpg?fit=1200%2C675&ssl=1&resize=700%2C400 2x, https:\/\/i0.wp.com\/www.shqiperia.com\/blog\/wp-content\/uploads\/2026\/07\/beo_sd.jpg?fit=1200%2C675&ssl=1&resize=1050%2C600 3x"},"classes":[]}],"_links":{"self":[{"href":"https:\/\/www.shqiperia.com\/blog\/wp-json\/wp\/v2\/posts\/100951","targetHints":{"allow":["GET"]}}],"collection":[{"href":"https:\/\/www.shqiperia.com\/blog\/wp-json\/wp\/v2\/posts"}],"about":[{"href":"https:\/\/www.shqiperia.com\/blog\/wp-json\/wp\/v2\/types\/post"}],"author":[{"embeddable":true,"href":"https:\/\/www.shqiperia.com\/blog\/wp-json\/wp\/v2\/users\/9"}],"replies":[{"embeddable":true,"href":"https:\/\/www.shqiperia.com\/blog\/wp-json\/wp\/v2\/comments?post=100951"}],"version-history":[{"count":2,"href":"https:\/\/www.shqiperia.com\/blog\/wp-json\/wp\/v2\/posts\/100951\/revisions"}],"predecessor-version":[{"id":100954,"href":"https:\/\/www.shqiperia.com\/blog\/wp-json\/wp\/v2\/posts\/100951\/revisions\/100954"}],"wp:featuredmedia":[{"embeddable":true,"href":"https:\/\/www.shqiperia.com\/blog\/wp-json\/wp\/v2\/media\/100952"}],"wp:attachment":[{"href":"https:\/\/www.shqiperia.com\/blog\/wp-json\/wp\/v2\/media?parent=100951"}],"wp:term":[{"taxonomy":"category","embeddable":true,"href":"https:\/\/www.shqiperia.com\/blog\/wp-json\/wp\/v2\/categories?post=100951"},{"taxonomy":"post_tag","embeddable":true,"href":"https:\/\/www.shqiperia.com\/blog\/wp-json\/wp\/v2\/tags?post=100951"}],"curies":[{"name":"wp","href":"https:\/\/api.w.org\/{rel}","templated":true}]}}