{"id":100938,"date":"2026-06-02T18:27:27","date_gmt":"2026-06-02T18:27:27","guid":{"rendered":"https:\/\/www.shqiperia.com\/blog\/?p=100938"},"modified":"2026-06-02T18:27:46","modified_gmt":"2026-06-02T18:27:46","slug":"edhe-nje-kulle-jeter-shpallet-projekti-fitues-i-rikualifikimit-te-pallatit-te-kongreseve-do-te-ndertohet-edhe-nje-kulle-ngjitur","status":"publish","type":"post","link":"https:\/\/www.shqiperia.com\/blog\/edhe-nje-kulle-jeter-shpallet-projekti-fitues-i-rikualifikimit-te-pallatit-te-kongreseve-do-te-ndertohet-edhe-nje-kulle-ngjitur\/","title":{"rendered":"Edhe nje kulle jeter. &#8211; Shpallet projekti fitues i rikualifikimit t\u00eb Pallatit t\u00eb Kongreseve, do t\u00eb nd\u00ebrtohet edhe nj\u00eb kull\u00eb ngjitur"},"content":{"rendered":"<p><img data-recalc-dims=\"1\" loading=\"lazy\" decoding=\"async\" data-attachment-id=\"100939\" data-permalink=\"https:\/\/www.shqiperia.com\/blog\/edhe-nje-kulle-jeter-shpallet-projekti-fitues-i-rikualifikimit-te-pallatit-te-kongreseve-do-te-ndertohet-edhe-nje-kulle-ngjitur\/kulla-fituese-pallati-i-kongresve-1024x672-1\/\" data-orig-file=\"https:\/\/i0.wp.com\/www.shqiperia.com\/blog\/wp-content\/uploads\/2026\/06\/kulla-fituese-pallati-i-kongresve-1024x672-1.jpg?fit=1024%2C672&amp;ssl=1\" data-orig-size=\"1024,672\" data-comments-opened=\"1\" data-image-meta=\"{&quot;aperture&quot;:&quot;0&quot;,&quot;credit&quot;:&quot;&quot;,&quot;camera&quot;:&quot;&quot;,&quot;caption&quot;:&quot;&quot;,&quot;created_timestamp&quot;:&quot;0&quot;,&quot;copyright&quot;:&quot;&quot;,&quot;focal_length&quot;:&quot;0&quot;,&quot;iso&quot;:&quot;0&quot;,&quot;shutter_speed&quot;:&quot;0&quot;,&quot;title&quot;:&quot;&quot;,&quot;orientation&quot;:&quot;0&quot;}\" data-image-title=\"kulla-fituese-pallati-i-kongresve-1024&#215;672-1\" data-image-description=\"\" data-image-caption=\"\" data-medium-file=\"https:\/\/i0.wp.com\/www.shqiperia.com\/blog\/wp-content\/uploads\/2026\/06\/kulla-fituese-pallati-i-kongresve-1024x672-1.jpg?fit=300%2C197&amp;ssl=1\" data-large-file=\"https:\/\/i0.wp.com\/www.shqiperia.com\/blog\/wp-content\/uploads\/2026\/06\/kulla-fituese-pallati-i-kongresve-1024x672-1.jpg?fit=1024%2C672&amp;ssl=1\" class=\"alignnone wp-image-100939\" alt=\"\" src=\"https:\/\/i0.wp.com\/www.shqiperia.com\/blog\/wp-content\/uploads\/2026\/06\/kulla-fituese-pallati-i-kongresve-1024x672-1.jpg?resize=618%2C406&#038;ssl=1\" width=\"618\" height=\"406\" srcset=\"https:\/\/i0.wp.com\/www.shqiperia.com\/blog\/wp-content\/uploads\/2026\/06\/kulla-fituese-pallati-i-kongresve-1024x672-1.jpg?resize=300%2C197&amp;ssl=1 300w, https:\/\/i0.wp.com\/www.shqiperia.com\/blog\/wp-content\/uploads\/2026\/06\/kulla-fituese-pallati-i-kongresve-1024x672-1.jpg?resize=768%2C504&amp;ssl=1 768w, https:\/\/i0.wp.com\/www.shqiperia.com\/blog\/wp-content\/uploads\/2026\/06\/kulla-fituese-pallati-i-kongresve-1024x672-1.jpg?resize=450%2C295&amp;ssl=1 450w, https:\/\/i0.wp.com\/www.shqiperia.com\/blog\/wp-content\/uploads\/2026\/06\/kulla-fituese-pallati-i-kongresve-1024x672-1.jpg?resize=600%2C394&amp;ssl=1 600w, https:\/\/i0.wp.com\/www.shqiperia.com\/blog\/wp-content\/uploads\/2026\/06\/kulla-fituese-pallati-i-kongresve-1024x672-1.jpg?resize=400%2C263&amp;ssl=1 400w, https:\/\/i0.wp.com\/www.shqiperia.com\/blog\/wp-content\/uploads\/2026\/06\/kulla-fituese-pallati-i-kongresve-1024x672-1.jpg?w=1024&amp;ssl=1 1024w\" sizes=\"auto, (max-width: 618px) 100vw, 618px\" \/><\/p>\n<p>2 Qershor 2026<\/p>\n<p>Fituesi i gar\u00ebs p\u00ebr rikualifikimin e Pallatit t\u00eb Kongresit \u00ebsht\u00eb \u201cHerzog &amp; de Meuron Basel Ltd\u201d dhe Julian Beqiri + \u201cMarsela Demaj\u201d + \u201cMichel Desvigne (MDP)\u201d + \u201cGentian Shkurti\u201d + \u201cSUEB INDUSTRIES sh.p.k.\u201d + \u201cThe Space Factory Ltd\u201d + \u201cKLAR\u201d sh.p.k.<\/p>\n<div class=\"ai-viewport-1\" data-insertion-position=\"prepend\" data-selector=\".ai-insert-6-80972779\" data-insertion-no-dbg=\"\" data-code=\"PGRpdiBjbGFzcz0nY29kZS1ibG9jayBjb2RlLWJsb2NrLTYnIHN0eWxlPSdtYXJnaW46IDhweCAwOyBjbGVhcjogYm90aDsnPgo8L2Rpdj4K\" data-block=\"6\">\n<div class=\"code-block code-block-6\">Gjat\u00eb prezantimit t\u00eb zhvilluar paraditen e k\u00ebsaj t\u00eb marte, p\u00ebrfaq\u00ebsues t\u00eb ekipit fitues shpjeguan projektin, i cili n\u00ebnvizonte nd\u00ebrhyrje minimale n\u00eb projektin ekzistues dhe afron jet\u00ebn urbane ndaj publikut.<\/div>\n<\/div>\n<div class=\"galery-slider\"><a class=\"flex-next flex-disabled\" href=\"https:\/\/www.balkanweb.com\/shpallet-projekti-fitues-i-rikualifikimit-te-pallatit-te-kongreseve-do-te-ndertohet-edhe-nje-kulle-ngjitur\/#\"><\/a><\/div>\n<p>\u201cNe duam t\u00eb nd\u00ebrhyjm\u00eb n\u00eb m\u00ebnyr\u00eb minimaliste tek Pallati i Kongreseve. Kjo nd\u00ebrtes\u00eb, p\u00ebr koh\u00ebn kur \u00ebsht\u00eb nd\u00ebrtuar, ka qen\u00eb novatore dhe mbart histori\u201d, u shpreh\u00ebn arkitekt\u00ebt.<\/p>\n<p>Koncepti bazohet n\u00eb kat\u00ebr ose pes\u00eb nd\u00ebrhyrje kryesore, duke e rrethuar nd\u00ebrtes\u00ebn me nj\u00eb hap\u00ebsir\u00eb t\u00eb gjelb\u00ebr q\u00eb funksionon si \u201cdhoma e pritjes\u201d e kompleksit. Projekti p\u00ebrfshin krijimin e nj\u00eb sheshi t\u00eb ri publik, riorganizimin e qarkullimit t\u00eb k\u00ebmb\u00ebsor\u00ebve dhe nj\u00eb atrium q\u00eb zbret gradualisht n\u00eb nivelet e poshtme, duke krijuar efektin e nj\u00eb pylli urban.<\/p>\n<p>\u201cSheshi i ri i gjelb\u00ebr q\u00eb do t\u00eb kaloj\u00eb shkall\u00eb pas shkalle posht\u00eb do t\u00eb duket si nj\u00eb pyll dhe si nj\u00eb hap\u00ebsir\u00eb q\u00eb p\u00ebrdoret nga t\u00eb gjith\u00eb\u201d, than\u00eb projektuesit.<\/p>\n<p>Brenda godin\u00ebs, propozohen p\u00ebrmir\u00ebsime t\u00eb akustik\u00ebs, z\u00ebvend\u00ebsimi i \u00e7atis\u00eb me nj\u00eb struktur\u00eb \u00e7eliku dhe krijimi i gjasht\u00eb sallave t\u00eb reja konferencash me kapacitet t\u00eb p\u00ebrgjithsh\u00ebm prej rreth 1,600 personash. Projekti p\u00ebrfshin gjithashtu nj\u00eb kull\u00eb multifunksionale me zyra dhe hotel.<\/p>\n<p>Juria u b\u00ebri thirrje fituesve q\u00eb t\u00eb marrin parasysh lart\u00ebsin\u00eb e kull\u00ebs dhe pjes\u00ebn e sip\u00ebrme p\u00ebr t\u00eb p\u00ebrmir\u00ebsuar hap\u00ebsirat publike. N\u00eb vend t\u00eb tret\u00eb, sipas juris\u00eb, u rendit\u00ebn \u201cStudio GANG\u201d + \u201cGener 2\u201d sh.p.k. + \u201cAD-STAR sh.p.k.\u201d + \u201cDigi Print\u201d + \u201cBesart Papa\u201d + \u201cRudina Papavasili\u201d, kurse n\u00eb vend t\u00eb dyt\u00eb \u201cMVRDV B.V\u201d + \u201cAEI Progetti Srl\u201d + \u201cIRI sh.p.k.\u201d + \u201cJason Bruges Studio Ltd\u201d + \u201cCharcoalblue International Ltd\u201d + \u201cArup Engineering Trading as Ove Arup &amp; Partners Ireland Ltd\u201d + \u201cBami Holding\u201d sh.p.k.\/ Monitor.al<\/p>\n<div class=\"post-copyright\"><span>Balkan<\/span><span>Web<\/span><\/div>\n","protected":false},"excerpt":{"rendered":"<p>2 Qershor 2026 Fituesi i gar\u00ebs p\u00ebr rikualifikimin e Pallatit t\u00eb Kongresit \u00ebsht\u00eb \u201cHerzog &amp; de Meuron Basel Ltd\u201d dhe Julian Beqiri + \u201cMarsela Demaj\u201d + \u201cMichel Desvigne (MDP)\u201d + \u201cGentian Shkurti\u201d + \u201cSUEB INDUSTRIES sh.p.k.\u201d + \u201cThe Space Factory Ltd\u201d + \u201cKLAR\u201d sh.p.k. Gjat\u00eb prezantimit t\u00eb zhvilluar paraditen e k\u00ebsaj t\u00eb marte, p\u00ebrfaq\u00ebsues t\u00eb [&hellip;]<\/p>\n","protected":false},"author":9,"featured_media":100939,"comment_status":"open","ping_status":"open","sticky":false,"template":"","format":"standard","meta":{"jetpack_post_was_ever_published":false,"_jetpack_newsletter_access":"","_jetpack_dont_email_post_to_subs":false,"_jetpack_newsletter_tier_id":0,"_jetpack_memberships_contains_paywalled_content":false,"_jetpack_memberships_contains_paid_content":false,"footnotes":"","jetpack_publicize_message":"","jetpack_publicize_feature_enabled":true,"jetpack_social_post_already_shared":true,"jetpack_social_options":{"image_generator_settings":{"template":"highway","default_image_id":0,"font":"","enabled":false},"version":2}},"categories":[1,2,14,35],"tags":[],"class_list":["post-100938","post","type-post","status-publish","format-standard","has-post-thumbnail","hentry","category-njoftime-shtypi","category-politika","category-press-releases","category-shoqerore"],"jetpack_publicize_connections":[],"jetpack_featured_media_url":"https:\/\/i0.wp.com\/www.shqiperia.com\/blog\/wp-content\/uploads\/2026\/06\/kulla-fituese-pallati-i-kongresve-1024x672-1.jpg?fit=1024%2C672&ssl=1","jetpack_sharing_enabled":true,"jetpack_shortlink":"https:\/\/wp.me\/p5Z6wp-qg2","jetpack-related-posts":[{"id":101163,"url":"https:\/\/www.shqiperia.com\/blog\/rezulton-me-1-2-milione-metra-ne-zonen-e-mbrojtur-biznesmeni-i-lidhur-me-zvernecin-fiton-koncesionin-milot-balldren\/","url_meta":{"origin":100938,"position":0},"title":"Rezulton me 1.2 milion\u00eb metra n\u00eb zon\u00ebn e mbrojtur, biznesmeni i lidhur me Zv\u00ebrnecin fiton koncesionin Milot-Balldren","author":"Kurt Farka","date":"June 6, 2026","format":false,"excerpt":"6 Qershor 2026 Nga Vladimir Karaj Kompania \u201cInfraKonsult\u201d e Redi Strug\u00ebs, nj\u00eb prej personave t\u00eb lidhur me planet p\u00ebr nd\u00ebrtim n\u00eb zon\u00ebn e Zv\u00ebrnecit, \u00ebsht\u00eb pjes\u00eb e nj\u00eb konsorciumi kompanish q\u00eb fitoi koncesionin me vler\u00eb rreth 364 milion\u00eb euro p\u00ebr 17 kilometrat e rrug\u00ebs Milot-Balldren. Ministri i Infrastruktur\u00ebs dhe Energjis\u00eb,\u2026","rel":"","context":"In &quot;Blogu i Udh\u00ebtarit&quot;","block_context":{"text":"Blogu i Udh\u00ebtarit","link":"https:\/\/www.shqiperia.com\/blog\/category\/blogu-i-udhetarit\/"},"img":{"alt_text":"","src":"https:\/\/i0.wp.com\/www.shqiperia.com\/blog\/wp-content\/uploads\/2026\/06\/autostrada-milot-balldren.jpg?fit=1141%2C643&ssl=1&resize=350%2C200","width":350,"height":200,"srcset":"https:\/\/i0.wp.com\/www.shqiperia.com\/blog\/wp-content\/uploads\/2026\/06\/autostrada-milot-balldren.jpg?fit=1141%2C643&ssl=1&resize=350%2C200 1x, https:\/\/i0.wp.com\/www.shqiperia.com\/blog\/wp-content\/uploads\/2026\/06\/autostrada-milot-balldren.jpg?fit=1141%2C643&ssl=1&resize=525%2C300 1.5x, https:\/\/i0.wp.com\/www.shqiperia.com\/blog\/wp-content\/uploads\/2026\/06\/autostrada-milot-balldren.jpg?fit=1141%2C643&ssl=1&resize=700%2C400 2x, https:\/\/i0.wp.com\/www.shqiperia.com\/blog\/wp-content\/uploads\/2026\/06\/autostrada-milot-balldren.jpg?fit=1141%2C643&ssl=1&resize=1050%2C600 3x"},"classes":[]},{"id":100422,"url":"https:\/\/www.shqiperia.com\/blog\/lufta-per-aksionet-e-aeroportit-te-vlores-zbret-ne-kantier-bllokohen-punimet-ja-si-pazaret-e-fshehta-te-belinda\/","url_meta":{"origin":100938,"position":1},"title":"Lufta p\u00ebr aksionet e Aeroportit t\u00eb Vlor\u00ebs zbret n\u00eb kantier, bllokohen punimet, ja si pazaret e fshehta t\u00eb Belinda\u2026","author":"Kurt Farka","date":"May 19, 2026","format":false,"excerpt":"19 Maji 2026 Konflikti mes aksionar\u00ebve t\u00eb Aeroportit Nd\u00ebrkomb\u00ebtar t\u00eb Vlor\u00ebs ka dal\u00eb tashm\u00eb nga sallat e gjyqit dhe \u00ebsht\u00eb zhvendosur drejtp\u00ebrdrejt n\u00eb kantierin e punimeve, duke prodhuar p\u00ebrplasje fizike dhe tension mes p\u00ebrfaq\u00ebsuesve t\u00eb kompanive q\u00eb operojn\u00eb n\u00eb projektin strategjik t\u00eb aviacionit. Nj\u00eb situat\u00eb e tensionuar u regjistrua m\u00ebngjesin\u2026","rel":"","context":"In &quot;Blogu i Udh\u00ebtarit&quot;","block_context":{"text":"Blogu i Udh\u00ebtarit","link":"https:\/\/www.shqiperia.com\/blog\/category\/blogu-i-udhetarit\/"},"img":{"alt_text":"","src":"https:\/\/i0.wp.com\/www.shqiperia.com\/blog\/wp-content\/uploads\/2026\/05\/foto-7-3-1140x570-1.jpg?fit=1140%2C570&ssl=1&resize=350%2C200","width":350,"height":200,"srcset":"https:\/\/i0.wp.com\/www.shqiperia.com\/blog\/wp-content\/uploads\/2026\/05\/foto-7-3-1140x570-1.jpg?fit=1140%2C570&ssl=1&resize=350%2C200 1x, https:\/\/i0.wp.com\/www.shqiperia.com\/blog\/wp-content\/uploads\/2026\/05\/foto-7-3-1140x570-1.jpg?fit=1140%2C570&ssl=1&resize=525%2C300 1.5x, https:\/\/i0.wp.com\/www.shqiperia.com\/blog\/wp-content\/uploads\/2026\/05\/foto-7-3-1140x570-1.jpg?fit=1140%2C570&ssl=1&resize=700%2C400 2x, https:\/\/i0.wp.com\/www.shqiperia.com\/blog\/wp-content\/uploads\/2026\/05\/foto-7-3-1140x570-1.jpg?fit=1140%2C570&ssl=1&resize=1050%2C600 3x"},"classes":[]},{"id":101881,"url":"https:\/\/www.shqiperia.com\/blog\/gazetari-holandez-edi-rama-eshte-kumbari-ne-shqiperi-kjo-studio-arkitekturore-ndertoi-vilen-e-tij-ne-surrel\/","url_meta":{"origin":100938,"position":2},"title":"Gazetari holandez: Edi Rama \u00ebsht\u00eb kumbari n\u00eb Shqip\u00ebri. Kjo studio arkitekturore nd\u00ebrtoi vil\u00ebn e tij n\u00eb Surrel","author":"Kurt Farka","date":"June 27, 2026","format":false,"excerpt":"27 Qershor 2026 Gazetari holandez Vincent van Gerven Oei q\u00eb \u00ebsht\u00eb marr\u00eb shum\u00eb m\u00eb investigime n\u00eb Shqip\u00ebri, p\u00ebr lidhjet e Edi Ram\u00ebs dhe vazhdimisht ka zbardhur detaje t\u00eb r\u00ebnd\u00ebsishme t\u00eb aferave shum\u00eb t\u00eb r\u00ebnd\u00ebsishme n\u00eb Shqip\u00ebri. N\u00eb nj\u00eb intervist\u00eb ekskluzive me Armela Fekron n\u00eb SYRI TV, ai tregon se si\u2026","rel":"","context":"In &quot;Blogu i Udh\u00ebtarit&quot;","block_context":{"text":"Blogu i Udh\u00ebtarit","link":"https:\/\/www.shqiperia.com\/blog\/category\/blogu-i-udhetarit\/"},"img":{"alt_text":"","src":"https:\/\/i0.wp.com\/www.shqiperia.com\/blog\/wp-content\/uploads\/2026\/06\/Untitled-1-183-1024x538-1.jpg?fit=1024%2C538&ssl=1&resize=350%2C200","width":350,"height":200,"srcset":"https:\/\/i0.wp.com\/www.shqiperia.com\/blog\/wp-content\/uploads\/2026\/06\/Untitled-1-183-1024x538-1.jpg?fit=1024%2C538&ssl=1&resize=350%2C200 1x, https:\/\/i0.wp.com\/www.shqiperia.com\/blog\/wp-content\/uploads\/2026\/06\/Untitled-1-183-1024x538-1.jpg?fit=1024%2C538&ssl=1&resize=525%2C300 1.5x, https:\/\/i0.wp.com\/www.shqiperia.com\/blog\/wp-content\/uploads\/2026\/06\/Untitled-1-183-1024x538-1.jpg?fit=1024%2C538&ssl=1&resize=700%2C400 2x"},"classes":[]},{"id":105459,"url":"https:\/\/www.shqiperia.com\/blog\/belinda-ballukun-mbledh-sot-12-deputete-te-ps-ne-hekal-te-mallakastres-dhe-i-dergon-mesazhin-e-forte-rames\/","url_meta":{"origin":100938,"position":3},"title":"Belinda Ballukun mbledh sot 12 deputet\u00eb t\u00eb PS n\u00eb Hekal t\u00eb Mallakastr\u00ebs dhe i d\u00ebrgon mesazhin e fort\u00eb Ram\u00ebs","author":"Kurt Farka","date":"August 29, 2026","format":false,"excerpt":"29 Gusht 2026 Ngushtimi i lakut hetimor nga Prokuroria e Posa\u00e7me (SPAK) ndaj ish-z\u00ebvend\u00ebskryeministres Belinda Balluku ka ndezur alarmin e kuq brenda mazhoranc\u00ebs socialiste, duke krijuar nj\u00eb trazir\u00eb t\u00eb madhe politike. Teksa disa dit\u00eb m\u00eb par\u00eb drejtuesi i Prokuroris\u00eb s\u00eb Posa\u00e7me, Klodjan Braho, la t\u00eb hapur mund\u00ebsin\u00eb e nj\u00eb k\u00ebrkese\u2026","rel":"","context":"In &quot;Blogu i Udh\u00ebtarit&quot;","block_context":{"text":"Blogu i Udh\u00ebtarit","link":"https:\/\/www.shqiperia.com\/blog\/category\/blogu-i-udhetarit\/"},"img":{"alt_text":"","src":"https:\/\/i0.wp.com\/www.shqiperia.com\/blog\/wp-content\/uploads\/2026\/08\/800-0-capture-6a9296a44aef9.png?fit=800%2C363&ssl=1&resize=350%2C200","width":350,"height":200,"srcset":"https:\/\/i0.wp.com\/www.shqiperia.com\/blog\/wp-content\/uploads\/2026\/08\/800-0-capture-6a9296a44aef9.png?fit=800%2C363&ssl=1&resize=350%2C200 1x, https:\/\/i0.wp.com\/www.shqiperia.com\/blog\/wp-content\/uploads\/2026\/08\/800-0-capture-6a9296a44aef9.png?fit=800%2C363&ssl=1&resize=525%2C300 1.5x, https:\/\/i0.wp.com\/www.shqiperia.com\/blog\/wp-content\/uploads\/2026\/08\/800-0-capture-6a9296a44aef9.png?fit=800%2C363&ssl=1&resize=700%2C400 2x"},"classes":[]},{"id":105625,"url":"https:\/\/www.shqiperia.com\/blog\/resorti-tek-gjiri-i-manastirit-shkaterroi-potencialin-arkeologjik-te-parkut-te-butrintit\/","url_meta":{"origin":100938,"position":4},"title":"Resorti tek Gjiri i Manastirit shkat\u00ebrroi potencialin arkeologjik t\u00eb Parkut t\u00eb Butrintit","author":"Kurt Farka","date":"September 1, 2026","format":false,"excerpt":"1 Shtator 2026 Nd\u00ebrtimi i nj\u00eb resorti e transformoi p\u00ebrgjithmon\u00eb Gjirin e Manastirit, q\u00eb ndan Detin Jon me Liqenin e Butrintit dhe nga ana tjet\u00ebr shkat\u00ebrroi potencialin arkeologjik t\u00eb zon\u00ebs, p\u00ebrfshir\u00eb nj\u00eb zbulim t\u00eb vitit 2010. Kompania nuk respektoi monitorimin arkeologjik dhe u gjet n\u00eb shkelje nga nj\u00eb vler\u00ebsim i\u2026","rel":"","context":"In &quot;Histori&quot;","block_context":{"text":"Histori","link":"https:\/\/www.shqiperia.com\/blog\/category\/histori\/"},"img":{"alt_text":"","src":"https:\/\/i0.wp.com\/www.shqiperia.com\/blog\/wp-content\/uploads\/2026\/09\/Gjurma-e-zbulimit-arkeologjik-te%CC%88-vitit-2010.-Foto-nga-raporti-i-ish-Agjencise%CC%88-se%CC%88-She%CC%88rbimit-Arkeologjik-1.png?fit=1200%2C800&ssl=1&resize=350%2C200","width":350,"height":200,"srcset":"https:\/\/i0.wp.com\/www.shqiperia.com\/blog\/wp-content\/uploads\/2026\/09\/Gjurma-e-zbulimit-arkeologjik-te%CC%88-vitit-2010.-Foto-nga-raporti-i-ish-Agjencise%CC%88-se%CC%88-She%CC%88rbimit-Arkeologjik-1.png?fit=1200%2C800&ssl=1&resize=350%2C200 1x, https:\/\/i0.wp.com\/www.shqiperia.com\/blog\/wp-content\/uploads\/2026\/09\/Gjurma-e-zbulimit-arkeologjik-te%CC%88-vitit-2010.-Foto-nga-raporti-i-ish-Agjencise%CC%88-se%CC%88-She%CC%88rbimit-Arkeologjik-1.png?fit=1200%2C800&ssl=1&resize=525%2C300 1.5x, https:\/\/i0.wp.com\/www.shqiperia.com\/blog\/wp-content\/uploads\/2026\/09\/Gjurma-e-zbulimit-arkeologjik-te%CC%88-vitit-2010.-Foto-nga-raporti-i-ish-Agjencise%CC%88-se%CC%88-She%CC%88rbimit-Arkeologjik-1.png?fit=1200%2C800&ssl=1&resize=700%2C400 2x, https:\/\/i0.wp.com\/www.shqiperia.com\/blog\/wp-content\/uploads\/2026\/09\/Gjurma-e-zbulimit-arkeologjik-te%CC%88-vitit-2010.-Foto-nga-raporti-i-ish-Agjencise%CC%88-se%CC%88-She%CC%88rbimit-Arkeologjik-1.png?fit=1200%2C800&ssl=1&resize=1050%2C600 3x"},"classes":[]},{"id":103220,"url":"https:\/\/www.shqiperia.com\/blog\/kameleoni-rama-ofron-bese-pasi-peshtyu-mbi-flamingot-dhe-i-dogji-me-acid\/","url_meta":{"origin":100938,"position":5},"title":"Kameleoni Rama \u2018ofron\u2019 Bes\u00eb pasi p\u00ebshtyu mbi \u2018Flamingot\u2019 dhe i dogji me acid","author":"Kurt Farka","date":"July 25, 2026","format":false,"excerpt":"25 Korrik 2026 Nga Genc Burimi Cil\u00ebn Bes\u00eb t\u00eb Zotit Rama t\u00eb besojm\u00eb? At\u00eb t\u00eb fillimit t\u00eb Revolucionit t\u00eb Flamingove kur i tallte me imitime t\u00eb denja p\u00ebr nj\u00eb klloun cirku dhe i intimidonte si agjent\u00eb t\u00eb sh\u00ebrbimeve t\u00eb huaja nga Serbia dhe Greqia deri te Kina dhe Irani? Apo\u2026","rel":"","context":"In &quot;Blogu i Udh\u00ebtarit&quot;","block_context":{"text":"Blogu i Udh\u00ebtarit","link":"https:\/\/www.shqiperia.com\/blog\/category\/blogu-i-udhetarit\/"},"img":{"alt_text":"","src":"https:\/\/i0.wp.com\/www.shqiperia.com\/blog\/wp-content\/uploads\/2026\/07\/auto_genc_burimi_rama1770056401.jpeg?fit=900%2C635&ssl=1&resize=350%2C200","width":350,"height":200,"srcset":"https:\/\/i0.wp.com\/www.shqiperia.com\/blog\/wp-content\/uploads\/2026\/07\/auto_genc_burimi_rama1770056401.jpeg?fit=900%2C635&ssl=1&resize=350%2C200 1x, https:\/\/i0.wp.com\/www.shqiperia.com\/blog\/wp-content\/uploads\/2026\/07\/auto_genc_burimi_rama1770056401.jpeg?fit=900%2C635&ssl=1&resize=525%2C300 1.5x, https:\/\/i0.wp.com\/www.shqiperia.com\/blog\/wp-content\/uploads\/2026\/07\/auto_genc_burimi_rama1770056401.jpeg?fit=900%2C635&ssl=1&resize=700%2C400 2x"},"classes":[]}],"_links":{"self":[{"href":"https:\/\/www.shqiperia.com\/blog\/wp-json\/wp\/v2\/posts\/100938","targetHints":{"allow":["GET"]}}],"collection":[{"href":"https:\/\/www.shqiperia.com\/blog\/wp-json\/wp\/v2\/posts"}],"about":[{"href":"https:\/\/www.shqiperia.com\/blog\/wp-json\/wp\/v2\/types\/post"}],"author":[{"embeddable":true,"href":"https:\/\/www.shqiperia.com\/blog\/wp-json\/wp\/v2\/users\/9"}],"replies":[{"embeddable":true,"href":"https:\/\/www.shqiperia.com\/blog\/wp-json\/wp\/v2\/comments?post=100938"}],"version-history":[{"count":2,"href":"https:\/\/www.shqiperia.com\/blog\/wp-json\/wp\/v2\/posts\/100938\/revisions"}],"predecessor-version":[{"id":100941,"href":"https:\/\/www.shqiperia.com\/blog\/wp-json\/wp\/v2\/posts\/100938\/revisions\/100941"}],"wp:featuredmedia":[{"embeddable":true,"href":"https:\/\/www.shqiperia.com\/blog\/wp-json\/wp\/v2\/media\/100939"}],"wp:attachment":[{"href":"https:\/\/www.shqiperia.com\/blog\/wp-json\/wp\/v2\/media?parent=100938"}],"wp:term":[{"taxonomy":"category","embeddable":true,"href":"https:\/\/www.shqiperia.com\/blog\/wp-json\/wp\/v2\/categories?post=100938"},{"taxonomy":"post_tag","embeddable":true,"href":"https:\/\/www.shqiperia.com\/blog\/wp-json\/wp\/v2\/tags?post=100938"}],"curies":[{"name":"wp","href":"https:\/\/api.w.org\/{rel}","templated":true}]}}