{"id":100934,"date":"2026-06-02T18:22:27","date_gmt":"2026-06-02T18:22:27","guid":{"rendered":"https:\/\/www.shqiperia.com\/blog\/?p=100934"},"modified":"2026-06-02T18:22:27","modified_gmt":"2026-06-02T18:22:27","slug":"shqiperia-eshte-e-te-gjithe-shqiptareve-gazetarja-ola-xama-thirrje-protestuesve-mos-u-ulni-ne-negociata-me-ramen","status":"publish","type":"post","link":"https:\/\/www.shqiperia.com\/blog\/shqiperia-eshte-e-te-gjithe-shqiptareve-gazetarja-ola-xama-thirrje-protestuesve-mos-u-ulni-ne-negociata-me-ramen\/","title":{"rendered":"\u201cShqip\u00ebria \u00ebsht\u00eb e t\u00eb gjith\u00eb shqiptar\u00ebve\u201d, gazetarja Ola Xama thirrje protestuesve: Mos u ulni n\u00eb negociata me Ram\u00ebn!"},"content":{"rendered":"<p><img data-recalc-dims=\"1\" loading=\"lazy\" decoding=\"async\" data-attachment-id=\"100936\" data-permalink=\"https:\/\/www.shqiperia.com\/blog\/shqiperia-eshte-e-te-gjithe-shqiptareve-gazetarja-ola-xama-thirrje-protestuesve-mos-u-ulni-ne-negociata-me-ramen\/ola\/\" data-orig-file=\"https:\/\/i0.wp.com\/www.shqiperia.com\/blog\/wp-content\/uploads\/2026\/06\/ola.png?fit=883%2C452&amp;ssl=1\" data-orig-size=\"883,452\" data-comments-opened=\"1\" data-image-meta=\"{&quot;aperture&quot;:&quot;0&quot;,&quot;credit&quot;:&quot;&quot;,&quot;camera&quot;:&quot;&quot;,&quot;caption&quot;:&quot;&quot;,&quot;created_timestamp&quot;:&quot;0&quot;,&quot;copyright&quot;:&quot;&quot;,&quot;focal_length&quot;:&quot;0&quot;,&quot;iso&quot;:&quot;0&quot;,&quot;shutter_speed&quot;:&quot;0&quot;,&quot;title&quot;:&quot;&quot;,&quot;orientation&quot;:&quot;0&quot;}\" data-image-title=\"ola\" data-image-description=\"\" data-image-caption=\"\" data-medium-file=\"https:\/\/i0.wp.com\/www.shqiperia.com\/blog\/wp-content\/uploads\/2026\/06\/ola.png?fit=300%2C154&amp;ssl=1\" data-large-file=\"https:\/\/i0.wp.com\/www.shqiperia.com\/blog\/wp-content\/uploads\/2026\/06\/ola.png?fit=883%2C452&amp;ssl=1\" class=\"alignnone  wp-image-100936\" alt=\"\" src=\"https:\/\/i0.wp.com\/www.shqiperia.com\/blog\/wp-content\/uploads\/2026\/06\/ola.png?resize=697%2C358&#038;ssl=1\" width=\"697\" height=\"358\" srcset=\"https:\/\/i0.wp.com\/www.shqiperia.com\/blog\/wp-content\/uploads\/2026\/06\/ola.png?resize=300%2C154&amp;ssl=1 300w, https:\/\/i0.wp.com\/www.shqiperia.com\/blog\/wp-content\/uploads\/2026\/06\/ola.png?resize=768%2C393&amp;ssl=1 768w, https:\/\/i0.wp.com\/www.shqiperia.com\/blog\/wp-content\/uploads\/2026\/06\/ola.png?resize=450%2C230&amp;ssl=1 450w, https:\/\/i0.wp.com\/www.shqiperia.com\/blog\/wp-content\/uploads\/2026\/06\/ola.png?resize=600%2C307&amp;ssl=1 600w, https:\/\/i0.wp.com\/www.shqiperia.com\/blog\/wp-content\/uploads\/2026\/06\/ola.png?resize=400%2C205&amp;ssl=1 400w, https:\/\/i0.wp.com\/www.shqiperia.com\/blog\/wp-content\/uploads\/2026\/06\/ola.png?w=883&amp;ssl=1 883w\" sizes=\"auto, (max-width: 697px) 100vw, 697px\" \/><\/p>\n<p>2 Qershor 2026<\/p>\n<p>Nga protesta para Kryeministris\u00eb, nj\u00eb nga z\u00ebrat q\u00eb t\u00ebrhoqi v\u00ebmendje ishte ai i gazetares Ola Xama, e cila u ndal te \u00e7\u00ebshtja e pasurive publike dhe roli i qytetar\u00ebve n\u00eb mbrojtjen e tyre.<\/p>\n<p>Ajo u shpreh se, p\u00ebrtej profesionit t\u00eb saj, e konsideron veten qytetare me p\u00ebrgjegj\u00ebsi p\u00ebr t\u00eb reaguar ndaj zhvillimeve q\u00eb prekin pron\u00ebn publike.<\/p>\n<p>\u201cP\u00ebrsh\u00ebndetje! Jam gazetare. T\u00eb raportosh p\u00ebr protest\u00ebn si gazetare do t\u00eb thot\u00eb t\u00eb jesh e pavarur. Por p\u00ebrpara se t\u00eb jem gazetare, jam qytetare e k\u00ebtij vendi. Kam ardhur k\u00ebtu p\u00ebr t\u00eb gjitha ato pasuri publike t\u00eb Shqip\u00ebris\u00eb, q\u00eb jan\u00eb t\u00eb shqiptar\u00ebve, jo t\u00eb politik\u00ebs dhe pushtetit. Nuk \u00ebsht\u00eb Zv\u00ebrneci i Kushner dhe Ivanka Trump, por i shqiptar\u00ebve. Ai tha n\u00eb konferenc\u00eb: dialogojm\u00eb, por mos negocioni, se kush t\u00eb vjedh sot, t\u00eb vjedh edhe nes\u00ebr\u201d, u shpreh ajo.<\/p>\n","protected":false},"excerpt":{"rendered":"<p>2 Qershor 2026 Nga protesta para Kryeministris\u00eb, nj\u00eb nga z\u00ebrat q\u00eb t\u00ebrhoqi v\u00ebmendje ishte ai i gazetares Ola Xama, e cila u ndal te \u00e7\u00ebshtja e pasurive publike dhe roli i qytetar\u00ebve n\u00eb mbrojtjen e tyre. Ajo u shpreh se, p\u00ebrtej profesionit t\u00eb saj, e konsideron veten qytetare me p\u00ebrgjegj\u00ebsi p\u00ebr t\u00eb reaguar ndaj zhvillimeve [&hellip;]<\/p>\n","protected":false},"author":9,"featured_media":100936,"comment_status":"open","ping_status":"open","sticky":false,"template":"","format":"standard","meta":{"jetpack_post_was_ever_published":false,"_jetpack_newsletter_access":"","_jetpack_dont_email_post_to_subs":false,"_jetpack_newsletter_tier_id":0,"_jetpack_memberships_contains_paywalled_content":false,"_jetpack_memberships_contains_paid_content":false,"footnotes":"","jetpack_publicize_message":"","jetpack_publicize_feature_enabled":true,"jetpack_social_post_already_shared":true,"jetpack_social_options":{"image_generator_settings":{"template":"highway","default_image_id":0,"font":"","enabled":false},"version":2}},"categories":[1,2,35],"tags":[],"class_list":["post-100934","post","type-post","status-publish","format-standard","has-post-thumbnail","hentry","category-njoftime-shtypi","category-politika","category-shoqerore"],"jetpack_publicize_connections":[],"jetpack_featured_media_url":"https:\/\/i0.wp.com\/www.shqiperia.com\/blog\/wp-content\/uploads\/2026\/06\/ola.png?fit=883%2C452&ssl=1","jetpack_sharing_enabled":true,"jetpack_shortlink":"https:\/\/wp.me\/p5Z6wp-qfY","jetpack-related-posts":[{"id":105589,"url":"https:\/\/www.shqiperia.com\/blog\/cunami-politik-ne-tirane-grid-rroji-zbulon-planin-sekret-te-qeverise-per-te-inskenuar-trazira-ne-proteste-ja-si-po-pergatitet-perplasja-e-madhe\/","url_meta":{"origin":100934,"position":0},"title":"Cunami politik n\u00eb Tiran\u00eb, Grid Rroji zbulon planin sekret t\u00eb qeveris\u00eb p\u00ebr t\u00eb inskenuar trazira n\u00eb protest\u00eb, ja si po p\u00ebrgatitet p\u00ebrplasja e madhe","author":"Kurt Farka","date":"August 31, 2026","format":false,"excerpt":"31 Gusht 2026 Grid Rroji, pedagog i shkencave politike n\u00eb universitetin CUNY-New York n\u00eb Shtetet e Bashkuara t\u00eb Amerik\u00ebs (SHBA) ka paralajm\u00ebruar opinionin publik se kasta politike n\u00eb pushtet po zbaton skenar\u00eb t\u00eb rreziksh\u00ebm p\u00ebr t\u00eb mbajtur kontrollin e vendit dhe p\u00ebr t\u00eb shp\u00ebrqendruar v\u00ebmendjen nga skandalet e m\u00ebdha. Sipas\u2026","rel":"","context":"In &quot;Blogu i Udh\u00ebtarit&quot;","block_context":{"text":"Blogu i Udh\u00ebtarit","link":"https:\/\/www.shqiperia.com\/blog\/category\/blogu-i-udhetarit\/"},"img":{"alt_text":"","src":"https:\/\/i0.wp.com\/www.shqiperia.com\/blog\/wp-content\/uploads\/2026\/08\/800-0-foto-5-6a9539341ab63.jpg?fit=800%2C506&ssl=1&resize=350%2C200","width":350,"height":200,"srcset":"https:\/\/i0.wp.com\/www.shqiperia.com\/blog\/wp-content\/uploads\/2026\/08\/800-0-foto-5-6a9539341ab63.jpg?fit=800%2C506&ssl=1&resize=350%2C200 1x, https:\/\/i0.wp.com\/www.shqiperia.com\/blog\/wp-content\/uploads\/2026\/08\/800-0-foto-5-6a9539341ab63.jpg?fit=800%2C506&ssl=1&resize=525%2C300 1.5x, https:\/\/i0.wp.com\/www.shqiperia.com\/blog\/wp-content\/uploads\/2026\/08\/800-0-foto-5-6a9539341ab63.jpg?fit=800%2C506&ssl=1&resize=700%2C400 2x"},"classes":[]},{"id":104977,"url":"https:\/\/www.shqiperia.com\/blog\/ditmir-bushati-hapesirat-publike-jane-privatizuar-nga-nje-grusht-njerezish\/","url_meta":{"origin":100934,"position":1},"title":"Ditmir Bushati: &#8211; Hap\u00ebsirat publike jan\u00eb \u201cprivatizuar\u201d nga nj\u00eb grusht njer\u00ebzish!","author":"Kurt Farka","date":"August 22, 2026","format":false,"excerpt":"22 Gusht 2026 Ish-ministri i Jasht\u00ebm, Ditmir Bushati ka komentuar protestat q\u00eb prej 84 dit\u00ebsh k\u00ebrkojn\u00eb dor\u00ebheqjen e Edi Ram\u00ebs, duke i cil\u00ebsuar ato si nd\u00ebr l\u00ebvizjet m\u00eb masive q\u00eb jan\u00eb par\u00eb n\u00eb vend q\u00eb prej r\u00ebnies s\u00eb komunizmit. Bushati argumentoi p\u00ebr TheNewsAgents se pas protestave q\u00ebndron nj\u00eb pak\u00ebnaq\u00ebsi shum\u00eb\u2026","rel":"","context":"In &quot;Blogu i Udh\u00ebtarit&quot;","block_context":{"text":"Blogu i Udh\u00ebtarit","link":"https:\/\/www.shqiperia.com\/blog\/category\/blogu-i-udhetarit\/"},"img":{"alt_text":"","src":"https:\/\/i0.wp.com\/www.shqiperia.com\/blog\/wp-content\/uploads\/2026\/08\/bushati.jpg?fit=799%2C498&ssl=1&resize=350%2C200","width":350,"height":200,"srcset":"https:\/\/i0.wp.com\/www.shqiperia.com\/blog\/wp-content\/uploads\/2026\/08\/bushati.jpg?fit=799%2C498&ssl=1&resize=350%2C200 1x, https:\/\/i0.wp.com\/www.shqiperia.com\/blog\/wp-content\/uploads\/2026\/08\/bushati.jpg?fit=799%2C498&ssl=1&resize=525%2C300 1.5x, https:\/\/i0.wp.com\/www.shqiperia.com\/blog\/wp-content\/uploads\/2026\/08\/bushati.jpg?fit=799%2C498&ssl=1&resize=700%2C400 2x"},"classes":[]},{"id":105565,"url":"https:\/\/www.shqiperia.com\/blog\/duhet-te-mobilizohemi-per-mosbindje-civile-me-12-shtator-diaspora-zbarkon-fuqimisht-ne-tirane\/","url_meta":{"origin":100934,"position":2},"title":"&#8220;Duhet t\u00eb mobilizohemi p\u00ebr mosbindje civile&#8221;\/ M\u00eb 12 shtator diaspora &#8216;zbarkon&#8217; fuqimisht n\u00eb Tiran\u00eb.","author":"Kurt Farka","date":"August 31, 2026","format":false,"excerpt":"31 Gusht 2026 Aktivisti shqiptar q\u00eb jeton n\u00eb Britani, Ilir Dedej, i ftuar ne nje lidhje te drejteperdrejte televizive ka komentuar protestat kund\u00ebr qeveris\u00eb, duke deklaruar se pas 93 dit\u00ebsh mobilizimi qytetar, sipas tij, pushteti i kryeministrit Edi Rama \u00ebsht\u00eb dob\u00ebsuar. Dedej tha se protesta duhet t\u00eb shkoj\u00eb p\u00ebrtej tubimeve\u2026","rel":"","context":"In &quot;Blogu i Udh\u00ebtarit&quot;","block_context":{"text":"Blogu i Udh\u00ebtarit","link":"https:\/\/www.shqiperia.com\/blog\/category\/blogu-i-udhetarit\/"},"img":{"alt_text":"","src":"https:\/\/i0.wp.com\/www.shqiperia.com\/blog\/wp-content\/uploads\/2026\/08\/Mijera-emigrante-shqiptare-proteste-ne-Londer.-Foto-Arkiv.jpg?fit=1200%2C675&ssl=1&resize=350%2C200","width":350,"height":200,"srcset":"https:\/\/i0.wp.com\/www.shqiperia.com\/blog\/wp-content\/uploads\/2026\/08\/Mijera-emigrante-shqiptare-proteste-ne-Londer.-Foto-Arkiv.jpg?fit=1200%2C675&ssl=1&resize=350%2C200 1x, https:\/\/i0.wp.com\/www.shqiperia.com\/blog\/wp-content\/uploads\/2026\/08\/Mijera-emigrante-shqiptare-proteste-ne-Londer.-Foto-Arkiv.jpg?fit=1200%2C675&ssl=1&resize=525%2C300 1.5x, https:\/\/i0.wp.com\/www.shqiperia.com\/blog\/wp-content\/uploads\/2026\/08\/Mijera-emigrante-shqiptare-proteste-ne-Londer.-Foto-Arkiv.jpg?fit=1200%2C675&ssl=1&resize=700%2C400 2x, https:\/\/i0.wp.com\/www.shqiperia.com\/blog\/wp-content\/uploads\/2026\/08\/Mijera-emigrante-shqiptare-proteste-ne-Londer.-Foto-Arkiv.jpg?fit=1200%2C675&ssl=1&resize=1050%2C600 3x"},"classes":[]},{"id":101766,"url":"https:\/\/www.shqiperia.com\/blog\/kryeministri-edi-rama-i-quan-shqiptaret-e-kosoves-dhe-maqedonise-se-veriut-qe-moren-pjese-ne-protestehordhi-pushtuese\/","url_meta":{"origin":100934,"position":3},"title":"Kryeministri Edi Rama i quan shqiptar\u00ebt e Kosov\u00ebs dhe Maqedonis\u00eb s\u00eb Veriut q\u00eb mor\u00ebn pjes\u00eb n\u00eb protest\u00eb,\u2018Hordhi pushtuese\u2019","author":"Kurt Farka","date":"June 24, 2026","format":false,"excerpt":"Ai shkoi m\u00eb tej duke e cil\u00ebsuar p\u00ebrdorimin e flamurit t\u00eb U\u00c7K-s\u00eb n\u00eb protest\u00eb si \u201cp\u00ebrdhosje\u201d, duke e paraqitur at\u00eb jo si simbol komb\u00ebtar apo politik, por si instrument urrejtjeje kund\u00ebr qeveris\u00eb s\u00eb Tiran\u00ebs. Ai p\u00ebrdori vazhdimisht terma p\u00ebr\u00e7mues p\u00ebr aktivist\u00ebt e lidhur me Vet\u00ebvendosjen, edhe pse n\u00eb fund ai\u2026","rel":"","context":"In &quot;Blogu i Udh\u00ebtarit&quot;","block_context":{"text":"Blogu i Udh\u00ebtarit","link":"https:\/\/www.shqiperia.com\/blog\/category\/blogu-i-udhetarit\/"},"img":{"alt_text":"","src":"https:\/\/i0.wp.com\/www.shqiperia.com\/blog\/wp-content\/uploads\/2026\/06\/Edi-Rama2-1440x960-1.jpg?fit=1200%2C800&ssl=1&resize=350%2C200","width":350,"height":200,"srcset":"https:\/\/i0.wp.com\/www.shqiperia.com\/blog\/wp-content\/uploads\/2026\/06\/Edi-Rama2-1440x960-1.jpg?fit=1200%2C800&ssl=1&resize=350%2C200 1x, https:\/\/i0.wp.com\/www.shqiperia.com\/blog\/wp-content\/uploads\/2026\/06\/Edi-Rama2-1440x960-1.jpg?fit=1200%2C800&ssl=1&resize=525%2C300 1.5x, https:\/\/i0.wp.com\/www.shqiperia.com\/blog\/wp-content\/uploads\/2026\/06\/Edi-Rama2-1440x960-1.jpg?fit=1200%2C800&ssl=1&resize=700%2C400 2x, https:\/\/i0.wp.com\/www.shqiperia.com\/blog\/wp-content\/uploads\/2026\/06\/Edi-Rama2-1440x960-1.jpg?fit=1200%2C800&ssl=1&resize=1050%2C600 3x"},"classes":[]},{"id":103074,"url":"https:\/\/www.shqiperia.com\/blog\/hijet-e-grupit-te-fuqishem-aruba-pas-koncesionit-te-aksit-milot-balldren-zbulohet-emri-i-biznesmenit-nen-hetim\/","url_meta":{"origin":100934,"position":4},"title":"Hijet e grupit t\u00eb fuqish\u00ebm \u201cAruba\u201d pas koncesionit t\u00eb aksit Milot-Balldren, zbulohet emri i biznesmenit n\u00ebn hetim\u2026]","author":"Kurt Farka","date":"July 22, 2026","format":false,"excerpt":"22 Korrik 2026 Hijet e grupit t\u00eb fuqish\u00ebm \u201cAruba\u201d pas koncesionit t\u00eb aksit Milot-Balldren, zbulohet emri i biznesmenit n\u00ebn hetim, pjes\u00eb e kontrat\u00ebs 365 milion\u00eb euro, ja shumat marramend\u00ebse q\u00eb ka marr\u00eb nga buxheti i shtetit, plasin akuzat a njoftuar n\u00ebnshkrimin e kontrat\u00ebs koncesionare p\u00ebr nd\u00ebrtimin e aksit rrugor Milot-Balldren,\u2026","rel":"","context":"In &quot;Blogu i Udh\u00ebtarit&quot;","block_context":{"text":"Blogu i Udh\u00ebtarit","link":"https:\/\/www.shqiperia.com\/blog\/category\/blogu-i-udhetarit\/"},"img":{"alt_text":"","src":"https:\/\/i0.wp.com\/www.shqiperia.com\/blog\/wp-content\/uploads\/2026\/07\/foto-2-4-1051x570-1.jpg?fit=1051%2C570&ssl=1&resize=350%2C200","width":350,"height":200,"srcset":"https:\/\/i0.wp.com\/www.shqiperia.com\/blog\/wp-content\/uploads\/2026\/07\/foto-2-4-1051x570-1.jpg?fit=1051%2C570&ssl=1&resize=350%2C200 1x, https:\/\/i0.wp.com\/www.shqiperia.com\/blog\/wp-content\/uploads\/2026\/07\/foto-2-4-1051x570-1.jpg?fit=1051%2C570&ssl=1&resize=525%2C300 1.5x, https:\/\/i0.wp.com\/www.shqiperia.com\/blog\/wp-content\/uploads\/2026\/07\/foto-2-4-1051x570-1.jpg?fit=1051%2C570&ssl=1&resize=700%2C400 2x, https:\/\/i0.wp.com\/www.shqiperia.com\/blog\/wp-content\/uploads\/2026\/07\/foto-2-4-1051x570-1.jpg?fit=1051%2C570&ssl=1&resize=1050%2C600 3x"},"classes":[]},{"id":100671,"url":"https:\/\/www.shqiperia.com\/blog\/delegacioni-i-kongresisteve-amerikane-ne-presheve-ka-probleme-reale-mes-shqiptareve-dhe-serbise\/","url_meta":{"origin":100934,"position":5},"title":"Delegacioni i kongresist\u00ebve amerikan\u00eb n\u00eb Preshev\u00eb: Ka probleme reale mes shqiptar\u00ebve dhe Serbis\u00eb","author":"Kurt Farka","date":"May 26, 2026","format":false,"excerpt":"26 Maji 2026 Delegacioni i kongresist\u00ebve amerikan\u00eb, q\u00eb vizitoi Lugin\u00ebn e Preshev\u00ebs t\u00eb mart\u00ebn, theksoi r\u00ebnd\u00ebsin\u00eb e stabilitetit dhe t\u00eb prosperitetit n\u00eb trajtimin e \u00e7\u00ebshtjeve mes shqiptar\u00ebve dhe serb\u00ebve. Keith Self nga radh\u00ebt e republikan\u00ebve dhe Suhas Subramanyam nga radh\u00ebt e demokrat\u00ebve u takuan me zyrtar\u00eb t\u00eb ndrysh\u00ebm, p\u00ebrfshir\u00eb deputetin\u2026","rel":"","context":"In &quot;Njoftime Shtypi&quot;","block_context":{"text":"Njoftime Shtypi","link":"https:\/\/www.shqiperia.com\/blog\/category\/njoftime-shtypi\/"},"img":{"alt_text":"","src":"https:\/\/i0.wp.com\/www.shqiperia.com\/blog\/wp-content\/uploads\/2026\/05\/1779800710_shaipkamberi.jpg?fit=780%2C440&ssl=1&resize=350%2C200","width":350,"height":200,"srcset":"https:\/\/i0.wp.com\/www.shqiperia.com\/blog\/wp-content\/uploads\/2026\/05\/1779800710_shaipkamberi.jpg?fit=780%2C440&ssl=1&resize=350%2C200 1x, https:\/\/i0.wp.com\/www.shqiperia.com\/blog\/wp-content\/uploads\/2026\/05\/1779800710_shaipkamberi.jpg?fit=780%2C440&ssl=1&resize=525%2C300 1.5x, https:\/\/i0.wp.com\/www.shqiperia.com\/blog\/wp-content\/uploads\/2026\/05\/1779800710_shaipkamberi.jpg?fit=780%2C440&ssl=1&resize=700%2C400 2x"},"classes":[]}],"_links":{"self":[{"href":"https:\/\/www.shqiperia.com\/blog\/wp-json\/wp\/v2\/posts\/100934","targetHints":{"allow":["GET"]}}],"collection":[{"href":"https:\/\/www.shqiperia.com\/blog\/wp-json\/wp\/v2\/posts"}],"about":[{"href":"https:\/\/www.shqiperia.com\/blog\/wp-json\/wp\/v2\/types\/post"}],"author":[{"embeddable":true,"href":"https:\/\/www.shqiperia.com\/blog\/wp-json\/wp\/v2\/users\/9"}],"replies":[{"embeddable":true,"href":"https:\/\/www.shqiperia.com\/blog\/wp-json\/wp\/v2\/comments?post=100934"}],"version-history":[{"count":1,"href":"https:\/\/www.shqiperia.com\/blog\/wp-json\/wp\/v2\/posts\/100934\/revisions"}],"predecessor-version":[{"id":100937,"href":"https:\/\/www.shqiperia.com\/blog\/wp-json\/wp\/v2\/posts\/100934\/revisions\/100937"}],"wp:featuredmedia":[{"embeddable":true,"href":"https:\/\/www.shqiperia.com\/blog\/wp-json\/wp\/v2\/media\/100936"}],"wp:attachment":[{"href":"https:\/\/www.shqiperia.com\/blog\/wp-json\/wp\/v2\/media?parent=100934"}],"wp:term":[{"taxonomy":"category","embeddable":true,"href":"https:\/\/www.shqiperia.com\/blog\/wp-json\/wp\/v2\/categories?post=100934"},{"taxonomy":"post_tag","embeddable":true,"href":"https:\/\/www.shqiperia.com\/blog\/wp-json\/wp\/v2\/tags?post=100934"}],"curies":[{"name":"wp","href":"https:\/\/api.w.org\/{rel}","templated":true}]}}