{"id":100931,"date":"2026-06-02T18:12:53","date_gmt":"2026-06-02T18:12:53","guid":{"rendered":"https:\/\/www.shqiperia.com\/blog\/?p=100931"},"modified":"2026-06-02T18:12:53","modified_gmt":"2026-06-02T18:12:53","slug":"pa-doreheqje-ska-dialog-protesta-per-zvernecin-qytetaret-i-pergjigjen-rames","status":"publish","type":"post","link":"https:\/\/www.shqiperia.com\/blog\/pa-doreheqje-ska-dialog-protesta-per-zvernecin-qytetaret-i-pergjigjen-rames\/","title":{"rendered":"&#8220;Pa dor\u00ebheqje, s\u2019ka dialog&#8221; &#8211; Protesta p\u00ebr Zv\u00ebrnecin, qytetar\u00ebt i p\u00ebrgjigjen Ram\u00ebs"},"content":{"rendered":"<p data-a11y-orig-inline=\"\" data-a11y-base-fs=\"18\"><img data-recalc-dims=\"1\" loading=\"lazy\" decoding=\"async\" data-attachment-id=\"100932\" data-permalink=\"https:\/\/www.shqiperia.com\/blog\/pa-doreheqje-ska-dialog-protesta-per-zvernecin-qytetaret-i-pergjigjen-rames\/600-388-protjpg-1780418688\/\" data-orig-file=\"https:\/\/i0.wp.com\/www.shqiperia.com\/blog\/wp-content\/uploads\/2026\/06\/600-388-protjpg-1780418688.jpg?fit=600%2C388&amp;ssl=1\" data-orig-size=\"600,388\" data-comments-opened=\"1\" data-image-meta=\"{&quot;aperture&quot;:&quot;0&quot;,&quot;credit&quot;:&quot;&quot;,&quot;camera&quot;:&quot;&quot;,&quot;caption&quot;:&quot;&quot;,&quot;created_timestamp&quot;:&quot;0&quot;,&quot;copyright&quot;:&quot;&quot;,&quot;focal_length&quot;:&quot;0&quot;,&quot;iso&quot;:&quot;0&quot;,&quot;shutter_speed&quot;:&quot;0&quot;,&quot;title&quot;:&quot;&quot;,&quot;orientation&quot;:&quot;0&quot;}\" data-image-title=\"-600-388-protjpg-1780418688\" data-image-description=\"\" data-image-caption=\"\" data-medium-file=\"https:\/\/i0.wp.com\/www.shqiperia.com\/blog\/wp-content\/uploads\/2026\/06\/600-388-protjpg-1780418688.jpg?fit=300%2C194&amp;ssl=1\" data-large-file=\"https:\/\/i0.wp.com\/www.shqiperia.com\/blog\/wp-content\/uploads\/2026\/06\/600-388-protjpg-1780418688.jpg?fit=600%2C388&amp;ssl=1\" class=\"alignnone  wp-image-100932\" alt=\"\" src=\"https:\/\/i0.wp.com\/www.shqiperia.com\/blog\/wp-content\/uploads\/2026\/06\/600-388-protjpg-1780418688.jpg?resize=643%2C416&#038;ssl=1\" width=\"643\" height=\"416\" srcset=\"https:\/\/i0.wp.com\/www.shqiperia.com\/blog\/wp-content\/uploads\/2026\/06\/600-388-protjpg-1780418688.jpg?resize=300%2C194&amp;ssl=1 300w, https:\/\/i0.wp.com\/www.shqiperia.com\/blog\/wp-content\/uploads\/2026\/06\/600-388-protjpg-1780418688.jpg?resize=450%2C291&amp;ssl=1 450w, https:\/\/i0.wp.com\/www.shqiperia.com\/blog\/wp-content\/uploads\/2026\/06\/600-388-protjpg-1780418688.jpg?resize=400%2C259&amp;ssl=1 400w, https:\/\/i0.wp.com\/www.shqiperia.com\/blog\/wp-content\/uploads\/2026\/06\/600-388-protjpg-1780418688.jpg?w=600&amp;ssl=1 600w\" sizes=\"auto, (max-width: 643px) 100vw, 643px\" \/><\/p>\n<p data-a11y-orig-inline=\"\" data-a11y-base-fs=\"18\">2 Qershor 2026<\/p>\n<p data-a11y-orig-inline=\"\" data-a11y-base-fs=\"18\">Ka nisur n\u00eb Tiran\u00eb protesta kund\u00ebr nd\u00ebrtimeve n\u00eb Zv\u00ebrnec, ku mij\u00ebra qytetar\u00eb jan\u00eb mbledhur s\u00ebrish n\u00eb kryeqytet p\u00ebr t\u00eb tret\u00ebn dit\u00eb me radh\u00eb.<\/p>\n<p data-a11y-orig-inline=\"\" data-a11y-base-fs=\"18\"><em data-a11y-orig-inline=\"\" data-a11y-base-fs=\"18\">\u201cPa dor\u00ebheqje, s\u2019ka dialog\u201d,<\/em>\u00a0d\u00ebgjohet t\u00eb th\u00ebrrasin nj\u00ebz\u00ebri qytetar\u00ebt, duke iu p\u00ebrgjigjur thirrjes s\u00eb kryeministrit, i cili sot i ftoi nj\u00eb grup p\u00ebrfaq\u00ebsuesish t\u00eb ulen p\u00ebr nj\u00eb konsultim publik lidhur me projektin.<\/p>\n<p data-a11y-orig-inline=\"\" data-a11y-base-fs=\"18\"><em data-a11y-orig-inline=\"\" data-a11y-base-fs=\"18\">\u201cJam bir shqipe more shkja, ti sha ne s\u2019dime me sha, ta kemi th\u00ebn\u00eb s\u2019na e njef trunin.<span>\u00a0<\/span><\/em><em data-a11y-orig-inline=\"\" data-a11y-base-fs=\"18\">N\u2019kryeministri ta ngrem\u00eb flamurin.\u201d,<\/em><span>\u00a0<\/span>thuhet n\u00eb pankart\u00ebn e madhe q\u00eb mbajn\u00eb protestuesit n\u00eb duar.<\/p>\n<p data-a11y-orig-inline=\"\" data-a11y-base-fs=\"18\">Po ashtu, n\u00eb t\u00eb tjera shihen edhe shprehje si\u00a0\u201cRama n\u00eb burg, Berisha n\u00eb burg\u201d, \u201cS\u2019ka lind ai bir k\u2019rve, e as ai bir cifuti qe t\u2019na mari trojet tona\u201d, etj.<\/p>\n<p data-a11y-orig-inline=\"\" data-a11y-base-fs=\"18\"><img data-recalc-dims=\"1\" loading=\"lazy\" decoding=\"async\" class=\"\" alt=\"VIDEO\/ &quot;Pa dor\u00ebheqje, s\u2019ka dialog&quot; - Protesta p\u00ebr\" src=\"https:\/\/i0.wp.com\/media.oranews.tv\/oranews.tv\/media3\/-640-0-44d5150bd0cfc8e7403da13255159d89.png?resize=876%2C507&#038;ssl=1\" width=\"876\" height=\"507\" data-size=\"x\" data-id=\"839260\" data-a11y-orig-inline=\"\" data-a11y-base-fs=\"18\" \/><\/p>\n<p data-a11y-orig-inline=\"\" data-a11y-base-fs=\"18\">Mij\u00ebra qytetar\u00eb, ashtu si nj\u00eb dit\u00eb m\u00eb par\u00eb, jan\u00eb mbledhur fillimisht n\u00eb Sheshin Sk\u00ebnderbej, m\u00eb pas kan\u00eb marshuar drejt bulevardit para kryeministris\u00eb.<\/p>\n","protected":false},"excerpt":{"rendered":"<p>2 Qershor 2026 Ka nisur n\u00eb Tiran\u00eb protesta kund\u00ebr nd\u00ebrtimeve n\u00eb Zv\u00ebrnec, ku mij\u00ebra qytetar\u00eb jan\u00eb mbledhur s\u00ebrish n\u00eb kryeqytet p\u00ebr t\u00eb tret\u00ebn dit\u00eb me radh\u00eb. \u201cPa dor\u00ebheqje, s\u2019ka dialog\u201d,\u00a0d\u00ebgjohet t\u00eb th\u00ebrrasin nj\u00ebz\u00ebri qytetar\u00ebt, duke iu p\u00ebrgjigjur thirrjes s\u00eb kryeministrit, i cili sot i ftoi nj\u00eb grup p\u00ebrfaq\u00ebsuesish t\u00eb ulen p\u00ebr nj\u00eb konsultim publik lidhur [&hellip;]<\/p>\n","protected":false},"author":9,"featured_media":100932,"comment_status":"open","ping_status":"open","sticky":false,"template":"","format":"standard","meta":{"jetpack_post_was_ever_published":false,"_jetpack_newsletter_access":"","_jetpack_dont_email_post_to_subs":false,"_jetpack_newsletter_tier_id":0,"_jetpack_memberships_contains_paywalled_content":false,"_jetpack_memberships_contains_paid_content":false,"footnotes":"","jetpack_publicize_message":"","jetpack_publicize_feature_enabled":true,"jetpack_social_post_already_shared":true,"jetpack_social_options":{"image_generator_settings":{"template":"highway","default_image_id":0,"font":"","enabled":false},"version":2}},"categories":[27,2,35],"tags":[],"class_list":["post-100931","post","type-post","status-publish","format-standard","has-post-thumbnail","hentry","category-blogu-i-udhetarit","category-politika","category-shoqerore"],"jetpack_publicize_connections":[],"jetpack_featured_media_url":"https:\/\/i0.wp.com\/www.shqiperia.com\/blog\/wp-content\/uploads\/2026\/06\/600-388-protjpg-1780418688.jpg?fit=600%2C388&ssl=1","jetpack_sharing_enabled":true,"jetpack_shortlink":"https:\/\/wp.me\/p5Z6wp-qfV","jetpack-related-posts":[{"id":103250,"url":"https:\/\/www.shqiperia.com\/blog\/rama-humb-qetesine-dhe-sulmon-qytetaret-sorrat-dhe-korbat-te-protestojne-deri-ne-2029-sdorehiqem\/","url_meta":{"origin":100931,"position":0},"title":"Rama humb qet\u00ebsin\u00eb dhe sulmon qytetar\u00ebt: &#8211; Sorrat dhe korbat t\u00eb protestojn\u00eb deri n\u00eb 2029, s\u2019dor\u00ebhiqem!","author":"Kurt Farka","date":"July 26, 2026","format":false,"excerpt":"26 Korrik 2026 Edi Rama ka sulmuar p\u00ebrs\u00ebri protestuesit shqiptar\u00eb duke i etiketuar me epitetet \u201csorra dhe korba\u201d q\u00eb i vijn\u00eb posht\u00eb penxheres dhe i k\u00ebrkojn\u00eb dor\u00ebheqjen. Me nj\u00eb postim n\u00eb rrjetin social X, kryeministri duket se ka ndryshuar mendim ku shprehet se bes\u00ebn k\u00ebrkon ta lidh\u00eb me flamingot e\u2026","rel":"","context":"In &quot;Blogu i Udh\u00ebtarit&quot;","block_context":{"text":"Blogu i Udh\u00ebtarit","link":"https:\/\/www.shqiperia.com\/blog\/category\/blogu-i-udhetarit\/"},"img":{"alt_text":"","src":"https:\/\/i0.wp.com\/www.shqiperia.com\/blog\/wp-content\/uploads\/2026\/07\/auto_auto_RAMA17808398651785067860.jpg?fit=900%2C507&ssl=1&resize=350%2C200","width":350,"height":200,"srcset":"https:\/\/i0.wp.com\/www.shqiperia.com\/blog\/wp-content\/uploads\/2026\/07\/auto_auto_RAMA17808398651785067860.jpg?fit=900%2C507&ssl=1&resize=350%2C200 1x, https:\/\/i0.wp.com\/www.shqiperia.com\/blog\/wp-content\/uploads\/2026\/07\/auto_auto_RAMA17808398651785067860.jpg?fit=900%2C507&ssl=1&resize=525%2C300 1.5x, https:\/\/i0.wp.com\/www.shqiperia.com\/blog\/wp-content\/uploads\/2026\/07\/auto_auto_RAMA17808398651785067860.jpg?fit=900%2C507&ssl=1&resize=700%2C400 2x"},"classes":[]},{"id":101626,"url":"https:\/\/www.shqiperia.com\/blog\/parlament-i-krimit-parlament-i-turpit-doreheqje-protestuesit-marshojne-drejt-kuvendit\/","url_meta":{"origin":100931,"position":1},"title":"\u2018Parlament i krimit\u2019, \u2018Parlament i turpit\u2019, \u2018Dor\u00ebheqje\u2019 &#8211; Protestuesit marshojn\u00eb drejt Kuvendit","author":"Kurt Farka","date":"June 19, 2026","format":false,"excerpt":"N\u00eb dit\u00ebn e 19 t\u00eb protest\u00ebs masive, qytetar\u00ebt kan\u00eb nisur marshimin drejt Parlamentit, nd\u00ebrsa ky i fundit vijon punimet p\u00ebr t\u00eb votuar ligjin p\u00ebr amnistin\u00eb. Marshimin drejt Kuvendit, protestuesit e kan\u00eb shoq\u00ebruar me thirrjet: \u2018Parlament i krimit\u2019, \u2018parlament i turpit\u2019, \u2018dor\u00ebheqje\u2019 dhe 'Dor\u00ebzoni mandatet'. Qytetar\u00ebt k\u00ebrkojn\u00eb dor\u00ebheqjen e kryeministrit Edi\u2026","rel":"","context":"In &quot;Blogu i Udh\u00ebtarit&quot;","block_context":{"text":"Blogu i Udh\u00ebtarit","link":"https:\/\/www.shqiperia.com\/blog\/category\/blogu-i-udhetarit\/"},"img":{"alt_text":"","src":"https:\/\/i0.wp.com\/www.shqiperia.com\/blog\/wp-content\/uploads\/2026\/06\/download.jpg?resize=350%2C200&ssl=1","width":350,"height":200,"srcset":"https:\/\/i0.wp.com\/www.shqiperia.com\/blog\/wp-content\/uploads\/2026\/06\/download.jpg?resize=350%2C200&ssl=1 1x, https:\/\/i0.wp.com\/www.shqiperia.com\/blog\/wp-content\/uploads\/2026\/06\/download.jpg?resize=525%2C300&ssl=1 1.5x"},"classes":[]},{"id":101821,"url":"https:\/\/www.shqiperia.com\/blog\/edhe-hajdut-edhe-arrogant-qytetaret-kerkojne-doreheqje-te-pa-negociueshme-te-edi-rames\/","url_meta":{"origin":100931,"position":2},"title":"\u201cEdhe hajdut edhe arrogant\u201d. Qytetar\u00ebt k\u00ebrkojn\u00eb dor\u00ebheqje t\u00eb pa negociueshme t\u00eb Edi Ram\u00ebs","author":"Kurt Farka","date":"June 25, 2026","format":false,"excerpt":"25 Qershor 2026 Mbahet sot protesta e 26 masive ku qytetar\u00ebt k\u00ebrkojn\u00eb largimin e qeveris\u00eb dhe dor\u00ebheqjen e pa negociueshme t\u00eb kryeministrit Edi Rama. Protesta konsiderohet si kulmi i mobilizimit qytetar pas mbi tri jav\u00ebsh demonstrata t\u00eb pand\u00ebrprera. Revolta ka tejkaluar tashm\u00eb kauz\u00ebn fillestare dhe \u00ebsht\u00eb shnd\u00ebrruar n\u00eb nj\u00eb l\u00ebvizje\u2026","rel":"","context":"In &quot;Blogu i Udh\u00ebtarit&quot;","block_context":{"text":"Blogu i Udh\u00ebtarit","link":"https:\/\/www.shqiperia.com\/blog\/category\/blogu-i-udhetarit\/"},"img":{"alt_text":"","src":"https:\/\/i0.wp.com\/www.shqiperia.com\/blog\/wp-content\/uploads\/2026\/06\/Edi-Rama2-1440x960-2.jpg?fit=1200%2C800&ssl=1&resize=350%2C200","width":350,"height":200,"srcset":"https:\/\/i0.wp.com\/www.shqiperia.com\/blog\/wp-content\/uploads\/2026\/06\/Edi-Rama2-1440x960-2.jpg?fit=1200%2C800&ssl=1&resize=350%2C200 1x, https:\/\/i0.wp.com\/www.shqiperia.com\/blog\/wp-content\/uploads\/2026\/06\/Edi-Rama2-1440x960-2.jpg?fit=1200%2C800&ssl=1&resize=525%2C300 1.5x, https:\/\/i0.wp.com\/www.shqiperia.com\/blog\/wp-content\/uploads\/2026\/06\/Edi-Rama2-1440x960-2.jpg?fit=1200%2C800&ssl=1&resize=700%2C400 2x, https:\/\/i0.wp.com\/www.shqiperia.com\/blog\/wp-content\/uploads\/2026\/06\/Edi-Rama2-1440x960-2.jpg?fit=1200%2C800&ssl=1&resize=1050%2C600 3x"},"classes":[]},{"id":104342,"url":"https:\/\/www.shqiperia.com\/blog\/doreheqje-protesta-e-75-te-antiqeveritare-qytetaret-sfidojne-ramen-dhe-temperaturat-perveluese\/","url_meta":{"origin":100931,"position":3},"title":"\u201cDor\u00ebheqje!\u201d-Protesta e 75-t\u00eb antiqeveritare\/ Qytetar\u00ebt sfidojn\u00eb Ram\u00ebn dhe temperaturat p\u00ebrv\u00ebluese","author":"Kurt Farka","date":"August 13, 2026","format":false,"excerpt":"13 Gusht 2026 K\u00ebt\u00eb t\u00eb enjte, 13 gusht, pritet t\u00eb zhvillohet n\u00eb Tiran\u00eb protesta e 75-t\u00eb, n\u00eb vijim t\u00eb protestave t\u00eb p\u00ebrditshme t\u00eb zhvilluara prej jav\u00ebsh. Protestuesit pritet t\u00eb mblidhen s\u00ebrish n\u00eb kryeqytet, nd\u00ebrsa n\u00eb fokus mbeten k\u00ebrkesat e tyre politike dhe qytetare. Protesta pritet t\u00eb shoq\u00ebrohet me marshim dhe\u2026","rel":"","context":"In &quot;Blogu i Udh\u00ebtarit&quot;","block_context":{"text":"Blogu i Udh\u00ebtarit","link":"https:\/\/www.shqiperia.com\/blog\/category\/blogu-i-udhetarit\/"},"img":{"alt_text":"","src":"https:\/\/i0.wp.com\/www.shqiperia.com\/blog\/wp-content\/uploads\/2026\/08\/protestaaaaaaaaaaaaaaa.jpg?fit=673%2C450&ssl=1&resize=350%2C200","width":350,"height":200,"srcset":"https:\/\/i0.wp.com\/www.shqiperia.com\/blog\/wp-content\/uploads\/2026\/08\/protestaaaaaaaaaaaaaaa.jpg?fit=673%2C450&ssl=1&resize=350%2C200 1x, https:\/\/i0.wp.com\/www.shqiperia.com\/blog\/wp-content\/uploads\/2026\/08\/protestaaaaaaaaaaaaaaa.jpg?fit=673%2C450&ssl=1&resize=525%2C300 1.5x"},"classes":[]},{"id":101545,"url":"https:\/\/www.shqiperia.com\/blog\/doreheqje-pa-kompromis-e-edi-rames-sheshet-dhe-rruget-plot-me-qytetare-sot-ne-1900-protesta-e-18-te-per-largimin-e-kryeministrit\/","url_meta":{"origin":100931,"position":4},"title":"\u201cDor\u00ebheqje pa kompromis e Edi Ram\u00ebs\u201d\/ Sheshet dhe rrug\u00ebt plot me qytetar\u00eb, sot n\u00eb 19:00 protesta e 18-t\u00eb p\u00ebr largimin e kryeministrit","author":"Kurt Farka","date":"June 17, 2026","format":false,"excerpt":"Mbahet sot n\u00eb or\u00ebn 19:00 protesta e 18 ku qytetar\u00ebt k\u00ebrkojn\u00eb dor\u00ebheqjen e kryeministrit Edi Rama dhe largimin e qeveris\u00eb s\u00eb tij. Ndryshimi i orarit u mor si vendim p\u00ebr shkak t\u00eb temperaturave t\u00eb larta q\u00eb kan\u00eb p\u00ebrfshir\u00eb vendin.Edhe pse kan\u00eb kaluar plot 17 dit\u00eb nga nisja e protestave, pjes\u00ebmarrja\u2026","rel":"","context":"In &quot;Blogu i Udh\u00ebtarit&quot;","block_context":{"text":"Blogu i Udh\u00ebtarit","link":"https:\/\/www.shqiperia.com\/blog\/category\/blogu-i-udhetarit\/"},"img":{"alt_text":"","src":"https:\/\/i0.wp.com\/www.shqiperia.com\/blog\/wp-content\/uploads\/2026\/06\/ga1-11-2-1.jpg?fit=600%2C315&ssl=1&resize=350%2C200","width":350,"height":200,"srcset":"https:\/\/i0.wp.com\/www.shqiperia.com\/blog\/wp-content\/uploads\/2026\/06\/ga1-11-2-1.jpg?fit=600%2C315&ssl=1&resize=350%2C200 1x, https:\/\/i0.wp.com\/www.shqiperia.com\/blog\/wp-content\/uploads\/2026\/06\/ga1-11-2-1.jpg?fit=600%2C315&ssl=1&resize=525%2C300 1.5x"},"classes":[]},{"id":100928,"url":"https:\/\/www.shqiperia.com\/blog\/foto-lajmi-me-qeleshe-dhe-fustanelle-protestuesit-zbresin-ne-shesh-me-patriot-se-kurre-tubimi-skuqet-nga-flamunjt-kuqezi\/","url_meta":{"origin":100931,"position":5},"title":"FOTO-LAJMI\/ Me qeleshe dhe fustanell\u00eb, protestuesit zbresin n\u00eb shesh m\u00eb patriot se kurr\u00eb. Tubimi &#8216;skuqet&#8217; nga flamunjt kuqezi","author":"Kurt Farka","date":"June 2, 2026","format":false,"excerpt":"2 Qershor 2026 Nj\u00eb qytetar i veshur me qeleshe dhe fustanell\u00eb t\u00ebrhoqi v\u00ebmendjen n\u00eb protest\u00ebn e zhvilluar k\u00ebt\u00eb t\u00eb mart\u00eb para Kryeministris\u00eb kund\u00ebr projektit t\u00eb resortit turistik n\u00eb Zv\u00ebrnec. Mes mij\u00ebra protestuesve, aktivist\u00ebve dhe mbrojt\u00ebsve t\u00eb mjedisit, ai u ve\u00e7ua p\u00ebr paraqitjen me veshje tradicionale shqiptare, nd\u00ebrsa q\u00ebndroi p\u00ebrkrah pjes\u00ebmarr\u00ebsve\u2026","rel":"","context":"In &quot;Blogu i Udh\u00ebtarit&quot;","block_context":{"text":"Blogu i Udh\u00ebtarit","link":"https:\/\/www.shqiperia.com\/blog\/category\/blogu-i-udhetarit\/"},"img":{"alt_text":"","src":"https:\/\/i0.wp.com\/www.shqiperia.com\/blog\/wp-content\/uploads\/2026\/06\/640-0-whatsapp-image-2026-06-02-at-71402-pm-1780420974.jpeg?fit=640%2C480&ssl=1&resize=350%2C200","width":350,"height":200,"srcset":"https:\/\/i0.wp.com\/www.shqiperia.com\/blog\/wp-content\/uploads\/2026\/06\/640-0-whatsapp-image-2026-06-02-at-71402-pm-1780420974.jpeg?fit=640%2C480&ssl=1&resize=350%2C200 1x, https:\/\/i0.wp.com\/www.shqiperia.com\/blog\/wp-content\/uploads\/2026\/06\/640-0-whatsapp-image-2026-06-02-at-71402-pm-1780420974.jpeg?fit=640%2C480&ssl=1&resize=525%2C300 1.5x"},"classes":[]}],"_links":{"self":[{"href":"https:\/\/www.shqiperia.com\/blog\/wp-json\/wp\/v2\/posts\/100931","targetHints":{"allow":["GET"]}}],"collection":[{"href":"https:\/\/www.shqiperia.com\/blog\/wp-json\/wp\/v2\/posts"}],"about":[{"href":"https:\/\/www.shqiperia.com\/blog\/wp-json\/wp\/v2\/types\/post"}],"author":[{"embeddable":true,"href":"https:\/\/www.shqiperia.com\/blog\/wp-json\/wp\/v2\/users\/9"}],"replies":[{"embeddable":true,"href":"https:\/\/www.shqiperia.com\/blog\/wp-json\/wp\/v2\/comments?post=100931"}],"version-history":[{"count":1,"href":"https:\/\/www.shqiperia.com\/blog\/wp-json\/wp\/v2\/posts\/100931\/revisions"}],"predecessor-version":[{"id":100933,"href":"https:\/\/www.shqiperia.com\/blog\/wp-json\/wp\/v2\/posts\/100931\/revisions\/100933"}],"wp:featuredmedia":[{"embeddable":true,"href":"https:\/\/www.shqiperia.com\/blog\/wp-json\/wp\/v2\/media\/100932"}],"wp:attachment":[{"href":"https:\/\/www.shqiperia.com\/blog\/wp-json\/wp\/v2\/media?parent=100931"}],"wp:term":[{"taxonomy":"category","embeddable":true,"href":"https:\/\/www.shqiperia.com\/blog\/wp-json\/wp\/v2\/categories?post=100931"},{"taxonomy":"post_tag","embeddable":true,"href":"https:\/\/www.shqiperia.com\/blog\/wp-json\/wp\/v2\/tags?post=100931"}],"curies":[{"name":"wp","href":"https:\/\/api.w.org\/{rel}","templated":true}]}}