{"id":100928,"date":"2026-06-02T18:09:25","date_gmt":"2026-06-02T18:09:25","guid":{"rendered":"https:\/\/www.shqiperia.com\/blog\/?p=100928"},"modified":"2026-06-02T18:09:25","modified_gmt":"2026-06-02T18:09:25","slug":"foto-lajmi-me-qeleshe-dhe-fustanelle-protestuesit-zbresin-ne-shesh-me-patriot-se-kurre-tubimi-skuqet-nga-flamunjt-kuqezi","status":"publish","type":"post","link":"https:\/\/www.shqiperia.com\/blog\/foto-lajmi-me-qeleshe-dhe-fustanelle-protestuesit-zbresin-ne-shesh-me-patriot-se-kurre-tubimi-skuqet-nga-flamunjt-kuqezi\/","title":{"rendered":"FOTO-LAJMI\/ Me qeleshe dhe fustanell\u00eb, protestuesit zbresin n\u00eb shesh m\u00eb patriot se kurr\u00eb. Tubimi &#8216;skuqet&#8217; nga flamunjt kuqezi"},"content":{"rendered":"<p data-a11y-orig-inline=\"\" data-a11y-base-fs=\"18\"><img data-recalc-dims=\"1\" loading=\"lazy\" decoding=\"async\" data-attachment-id=\"100929\" data-permalink=\"https:\/\/www.shqiperia.com\/blog\/foto-lajmi-me-qeleshe-dhe-fustanelle-protestuesit-zbresin-ne-shesh-me-patriot-se-kurre-tubimi-skuqet-nga-flamunjt-kuqezi\/640-0-whatsapp-image-2026-06-02-at-71402-pm-1780420974\/\" data-orig-file=\"https:\/\/i0.wp.com\/www.shqiperia.com\/blog\/wp-content\/uploads\/2026\/06\/640-0-whatsapp-image-2026-06-02-at-71402-pm-1780420974.jpeg?fit=640%2C480&amp;ssl=1\" data-orig-size=\"640,480\" data-comments-opened=\"1\" data-image-meta=\"{&quot;aperture&quot;:&quot;0&quot;,&quot;credit&quot;:&quot;&quot;,&quot;camera&quot;:&quot;&quot;,&quot;caption&quot;:&quot;&quot;,&quot;created_timestamp&quot;:&quot;0&quot;,&quot;copyright&quot;:&quot;&quot;,&quot;focal_length&quot;:&quot;0&quot;,&quot;iso&quot;:&quot;0&quot;,&quot;shutter_speed&quot;:&quot;0&quot;,&quot;title&quot;:&quot;&quot;,&quot;orientation&quot;:&quot;0&quot;}\" data-image-title=\"-640-0-whatsapp-image-2026-06-02-at-71402-pm-1780420974\" data-image-description=\"\" data-image-caption=\"\" data-medium-file=\"https:\/\/i0.wp.com\/www.shqiperia.com\/blog\/wp-content\/uploads\/2026\/06\/640-0-whatsapp-image-2026-06-02-at-71402-pm-1780420974.jpeg?fit=300%2C225&amp;ssl=1\" data-large-file=\"https:\/\/i0.wp.com\/www.shqiperia.com\/blog\/wp-content\/uploads\/2026\/06\/640-0-whatsapp-image-2026-06-02-at-71402-pm-1780420974.jpeg?fit=640%2C480&amp;ssl=1\" class=\"alignnone  wp-image-100929\" alt=\"\" src=\"https:\/\/i0.wp.com\/www.shqiperia.com\/blog\/wp-content\/uploads\/2026\/06\/640-0-whatsapp-image-2026-06-02-at-71402-pm-1780420974.jpeg?resize=491%2C368&#038;ssl=1\" width=\"491\" height=\"368\" srcset=\"https:\/\/i0.wp.com\/www.shqiperia.com\/blog\/wp-content\/uploads\/2026\/06\/640-0-whatsapp-image-2026-06-02-at-71402-pm-1780420974.jpeg?resize=300%2C225&amp;ssl=1 300w, https:\/\/i0.wp.com\/www.shqiperia.com\/blog\/wp-content\/uploads\/2026\/06\/640-0-whatsapp-image-2026-06-02-at-71402-pm-1780420974.jpeg?resize=450%2C338&amp;ssl=1 450w, https:\/\/i0.wp.com\/www.shqiperia.com\/blog\/wp-content\/uploads\/2026\/06\/640-0-whatsapp-image-2026-06-02-at-71402-pm-1780420974.jpeg?resize=600%2C450&amp;ssl=1 600w, https:\/\/i0.wp.com\/www.shqiperia.com\/blog\/wp-content\/uploads\/2026\/06\/640-0-whatsapp-image-2026-06-02-at-71402-pm-1780420974.jpeg?resize=400%2C300&amp;ssl=1 400w, https:\/\/i0.wp.com\/www.shqiperia.com\/blog\/wp-content\/uploads\/2026\/06\/640-0-whatsapp-image-2026-06-02-at-71402-pm-1780420974.jpeg?w=640&amp;ssl=1 640w\" sizes=\"auto, (max-width: 491px) 100vw, 491px\" \/><\/p>\n<p data-a11y-orig-inline=\"\" data-a11y-base-fs=\"18\">2 Qershor 2026<\/p>\n<p data-a11y-orig-inline=\"\" data-a11y-base-fs=\"18\">Nj\u00eb qytetar i veshur me qeleshe dhe fustanell\u00eb t\u00ebrhoqi v\u00ebmendjen n\u00eb protest\u00ebn e zhvilluar k\u00ebt\u00eb t\u00eb mart\u00eb para Kryeministris\u00eb kund\u00ebr projektit t\u00eb resortit turistik n\u00eb Zv\u00ebrnec.<\/p>\n<p data-a11y-orig-inline=\"\" data-a11y-base-fs=\"18\">Mes mij\u00ebra protestuesve, aktivist\u00ebve dhe mbrojt\u00ebsve t\u00eb mjedisit, ai u ve\u00e7ua p\u00ebr paraqitjen me veshje tradicionale shqiptare, nd\u00ebrsa q\u00ebndroi p\u00ebrkrah pjes\u00ebmarr\u00ebsve q\u00eb kund\u00ebrshtojn\u00eb investimin n\u00eb zon\u00ebn e mbrojtur.<\/p>\n<p data-a11y-orig-inline=\"\" data-a11y-base-fs=\"18\">Tubimi u shoq\u00ebrua me pankarta dhe thirrje kund\u00ebr projektit, nd\u00ebrsa protestuesit k\u00ebrkuan s\u00ebrish anulimin e tij. N\u00eb shesh nuk munguan as mesazhet politike.<\/p>\n<p data-a11y-orig-inline=\"\" data-a11y-base-fs=\"18\">Pas thirrjes s\u00eb kryeministrit p\u00ebr dialog, nga turma u d\u00ebgjua slogani: \u201cPa dor\u00ebheqje, s\u2019ka dialog!\u201d, duke shprehur q\u00ebndrimin e protestuesve ndaj ftes\u00ebs s\u00eb b\u00ebr\u00eb nga kreu i qeveris\u00eb.<\/p>\n<p data-a11y-orig-inline=\"\" data-a11y-base-fs=\"18\">Protesta vijoi p\u00ebr disa or\u00eb para godin\u00ebs s\u00eb Kryeministris\u00eb, n\u00ebn masa t\u00eb zakonshme sigurie.<\/p>\n","protected":false},"excerpt":{"rendered":"<p>2 Qershor 2026 Nj\u00eb qytetar i veshur me qeleshe dhe fustanell\u00eb t\u00ebrhoqi v\u00ebmendjen n\u00eb protest\u00ebn e zhvilluar k\u00ebt\u00eb t\u00eb mart\u00eb para Kryeministris\u00eb kund\u00ebr projektit t\u00eb resortit turistik n\u00eb Zv\u00ebrnec. Mes mij\u00ebra protestuesve, aktivist\u00ebve dhe mbrojt\u00ebsve t\u00eb mjedisit, ai u ve\u00e7ua p\u00ebr paraqitjen me veshje tradicionale shqiptare, nd\u00ebrsa q\u00ebndroi p\u00ebrkrah pjes\u00ebmarr\u00ebsve q\u00eb kund\u00ebrshtojn\u00eb investimin n\u00eb zon\u00ebn [&hellip;]<\/p>\n","protected":false},"author":9,"featured_media":100929,"comment_status":"open","ping_status":"open","sticky":false,"template":"","format":"standard","meta":{"jetpack_post_was_ever_published":false,"_jetpack_newsletter_access":"","_jetpack_dont_email_post_to_subs":false,"_jetpack_newsletter_tier_id":0,"_jetpack_memberships_contains_paywalled_content":false,"_jetpack_memberships_contains_paid_content":false,"footnotes":"","jetpack_publicize_message":"","jetpack_publicize_feature_enabled":true,"jetpack_social_post_already_shared":true,"jetpack_social_options":{"image_generator_settings":{"template":"highway","default_image_id":0,"font":"","enabled":false},"version":2}},"categories":[27,2,35],"tags":[],"class_list":["post-100928","post","type-post","status-publish","format-standard","has-post-thumbnail","hentry","category-blogu-i-udhetarit","category-politika","category-shoqerore"],"jetpack_publicize_connections":[],"jetpack_featured_media_url":"https:\/\/i0.wp.com\/www.shqiperia.com\/blog\/wp-content\/uploads\/2026\/06\/640-0-whatsapp-image-2026-06-02-at-71402-pm-1780420974.jpeg?fit=640%2C480&ssl=1","jetpack_sharing_enabled":true,"jetpack_shortlink":"https:\/\/wp.me\/p5Z6wp-qfS","jetpack-related-posts":[{"id":100955,"url":"https:\/\/www.shqiperia.com\/blog\/anulim-projekti-dhe-doreheqje-e-rames-protesta-qytetare\/","url_meta":{"origin":100928,"position":0},"title":"\u201cAnulim projekti dhe dor\u00ebheqje e Ram\u00ebs\u201d\/ Protesta Qytetare","author":"Kurt Farka","date":"June 2, 2026","format":false,"excerpt":"2 Qershor 2026 Pas tre or\u00ebsh, \u00ebsht\u00eb mbyllur protesta e tret\u00eb qytetare e zhvilluar n\u00eb Tiran\u00eb kund\u00ebr projektit t\u00eb nd\u00ebrtimit n\u00eb zon\u00ebn e mbrojtur t\u00eb Zv\u00ebrnecit. Tubimi u mbajt n\u00eb Bulevardin \u201cD\u00ebshmor\u00ebt e Kombit\u201d dhe para Kryemninistris\u00eb, ku protestuesit p\u00ebrs\u00ebrit\u00ebn kund\u00ebrshtimin e tyre ndaj projektit, duke k\u00ebrkuar anulimin e tij\u2026","rel":"","context":"In &quot;Blogu i Udh\u00ebtarit&quot;","block_context":{"text":"Blogu i Udh\u00ebtarit","link":"https:\/\/www.shqiperia.com\/blog\/category\/blogu-i-udhetarit\/"},"img":{"alt_text":"","src":"https:\/\/i0.wp.com\/www.shqiperia.com\/blog\/wp-content\/uploads\/2026\/06\/WhatsApp-Image-2026-06-02-at-21.14.58-1-675x450-1.jpeg?fit=675%2C450&ssl=1&resize=350%2C200","width":350,"height":200,"srcset":"https:\/\/i0.wp.com\/www.shqiperia.com\/blog\/wp-content\/uploads\/2026\/06\/WhatsApp-Image-2026-06-02-at-21.14.58-1-675x450-1.jpeg?fit=675%2C450&ssl=1&resize=350%2C200 1x, https:\/\/i0.wp.com\/www.shqiperia.com\/blog\/wp-content\/uploads\/2026\/06\/WhatsApp-Image-2026-06-02-at-21.14.58-1-675x450-1.jpeg?fit=675%2C450&ssl=1&resize=525%2C300 1.5x"},"classes":[]},{"id":104755,"url":"https:\/\/www.shqiperia.com\/blog\/81-dite-revolte-shqiptaret-serish-ne-shesh-kunder-kastes-politike-ju-erdhi-fundi\/","url_meta":{"origin":100928,"position":1},"title":"81 dit\u00eb revolt\u00eb\/ Shqiptar\u00ebt s\u00ebrish n\u00eb shesh kund\u00ebr Kast\u00ebs politike: &#8211; Ju erdhi fundi!","author":"Kurt Farka","date":"August 19, 2026","format":false,"excerpt":"Protesta ka hyr\u00eb n\u00eb dit\u00ebn e 81-t\u00eb, duke sh\u00ebnuar nj\u00eb nga periudhat m\u00eb t\u00eb gjata t\u00eb protestave t\u00eb nj\u00ebpasnj\u00ebshme t\u00eb zhvilluara gjat\u00eb muajve t\u00eb fundit n\u00eb kryeqytet. Prej 81 dit\u00ebsh, qytetar\u00ebt jan\u00eb mbledhur n\u00eb hap\u00ebsirat qendrore t\u00eb Tiran\u00ebs dhe para Kryeministris\u00eb, duke vijuar thirrjet kund\u00ebr qeveris\u00eb dhe k\u00ebrkesat p\u00ebr ndryshim\u2026","rel":"","context":"In &quot;Blogu i Udh\u00ebtarit&quot;","block_context":{"text":"Blogu i Udh\u00ebtarit","link":"https:\/\/www.shqiperia.com\/blog\/category\/blogu-i-udhetarit\/"},"img":{"alt_text":"","src":"https:\/\/i0.wp.com\/www.shqiperia.com\/blog\/wp-content\/uploads\/2026\/08\/770985824_3285727254921661_236673638084350325_n.jpg?fit=1200%2C800&ssl=1&resize=350%2C200","width":350,"height":200,"srcset":"https:\/\/i0.wp.com\/www.shqiperia.com\/blog\/wp-content\/uploads\/2026\/08\/770985824_3285727254921661_236673638084350325_n.jpg?fit=1200%2C800&ssl=1&resize=350%2C200 1x, https:\/\/i0.wp.com\/www.shqiperia.com\/blog\/wp-content\/uploads\/2026\/08\/770985824_3285727254921661_236673638084350325_n.jpg?fit=1200%2C800&ssl=1&resize=525%2C300 1.5x, https:\/\/i0.wp.com\/www.shqiperia.com\/blog\/wp-content\/uploads\/2026\/08\/770985824_3285727254921661_236673638084350325_n.jpg?fit=1200%2C800&ssl=1&resize=700%2C400 2x, https:\/\/i0.wp.com\/www.shqiperia.com\/blog\/wp-content\/uploads\/2026\/08\/770985824_3285727254921661_236673638084350325_n.jpg?fit=1200%2C800&ssl=1&resize=1050%2C600 3x"},"classes":[]},{"id":102441,"url":"https:\/\/www.shqiperia.com\/blog\/festivali-ne-korce-kthehet-ne-shesh-tubimi-qytetaret-kendojne-rama-jepe-doreheqjen\/","url_meta":{"origin":100928,"position":2},"title":"Festivali n\u00eb Kor\u00e7\u00eb kthehet n\u00eb shesh tubimi, qytetar\u00ebt k\u00ebndojn\u00eb: &#8211; Rama jepe dor\u00ebheqjen!","author":"Kurt Farka","date":"July 9, 2026","format":false,"excerpt":"9 Korrik 2026 \u201cMoto & Rock Festival n\u00eb Kor\u00e7\u00eb \u00ebsht\u00eb kthyer n\u00eb nj\u00eb shesh proteste, pasi t\u00eb pranishmit kan\u00eb nisur t\u00eb k\u00ebndojn\u00eb \u201chitin\u201d e 40-t\u00eb dit\u00ebve protest\u00eb n\u00eb Tiran\u00eb kund\u00ebr qeveris\u00eb dhe kryeministrit \u00a0\u201cRama, jep dor\u00ebheqjen!\u201d. Gjat\u00eb aktivitetit, si\u00e7 shihet edhe nga pamjet, disa prej t\u00eb pranishm\u00ebve kan\u00eb p\u00ebrcjell\u00eb thirrjen\u2026","rel":"","context":"In &quot;Blogu i Udh\u00ebtarit&quot;","block_context":{"text":"Blogu i Udh\u00ebtarit","link":"https:\/\/www.shqiperia.com\/blog\/category\/blogu-i-udhetarit\/"},"img":{"alt_text":"","src":"https:\/\/i0.wp.com\/www.shqiperia.com\/blog\/wp-content\/uploads\/2026\/07\/korce-rama-jepe-dorheqjen.jpg?fit=1200%2C692&ssl=1&resize=350%2C200","width":350,"height":200,"srcset":"https:\/\/i0.wp.com\/www.shqiperia.com\/blog\/wp-content\/uploads\/2026\/07\/korce-rama-jepe-dorheqjen.jpg?fit=1200%2C692&ssl=1&resize=350%2C200 1x, https:\/\/i0.wp.com\/www.shqiperia.com\/blog\/wp-content\/uploads\/2026\/07\/korce-rama-jepe-dorheqjen.jpg?fit=1200%2C692&ssl=1&resize=525%2C300 1.5x, https:\/\/i0.wp.com\/www.shqiperia.com\/blog\/wp-content\/uploads\/2026\/07\/korce-rama-jepe-dorheqjen.jpg?fit=1200%2C692&ssl=1&resize=700%2C400 2x, https:\/\/i0.wp.com\/www.shqiperia.com\/blog\/wp-content\/uploads\/2026\/07\/korce-rama-jepe-dorheqjen.jpg?fit=1200%2C692&ssl=1&resize=1050%2C600 3x"},"classes":[]},{"id":101089,"url":"https:\/\/www.shqiperia.com\/blog\/bulevardi-deshmoret-e-kombit-mbushet-plot-protestuesit-i-pergjigjen-policise-femijet-dhe-grate-udheheqin-marshimin\/","url_meta":{"origin":100928,"position":3},"title":"Bulevardi \u201cD\u00ebshmor\u00ebt e Kombit\u201d mbushet plot, protestuesit i p\u00ebrgjigjen policis\u00eb, f\u00ebmij\u00ebt dhe grat\u00eb udh\u00ebheqin marshimin","author":"Kurt Farka","date":"June 4, 2026","format":false,"excerpt":"4 Qershor 2026 Bulevardi \u201cD\u00ebshmor\u00ebt e Kombit\u201d \u00ebsht\u00eb mbushur me protestues q\u00eb i jan\u00eb bashkuar tubimit kund\u00ebr projektit p\u00ebr nd\u00ebrtimin e resortit turistik n\u00eb zon\u00ebn e mbrojtur t\u00eb Zv\u00ebrnecit. Pas grumbullimit n\u00eb sheshin \u201cSk\u00ebnderbej\u201d, qytetar\u00ebt kan\u00eb nisur marshimin drejt Kryeministris\u00eb, duke mbajtur pankarta dhe duke brohoritur kund\u00ebr projektit q\u00eb, sipas\u2026","rel":"","context":"In &quot;Blogu i Udh\u00ebtarit&quot;","block_context":{"text":"Blogu i Udh\u00ebtarit","link":"https:\/\/www.shqiperia.com\/blog\/category\/blogu-i-udhetarit\/"},"img":{"alt_text":"","src":"https:\/\/i0.wp.com\/www.shqiperia.com\/blog\/wp-content\/uploads\/2026\/06\/gra-protesta.jpg?fit=1027%2C570&ssl=1&resize=350%2C200","width":350,"height":200,"srcset":"https:\/\/i0.wp.com\/www.shqiperia.com\/blog\/wp-content\/uploads\/2026\/06\/gra-protesta.jpg?fit=1027%2C570&ssl=1&resize=350%2C200 1x, https:\/\/i0.wp.com\/www.shqiperia.com\/blog\/wp-content\/uploads\/2026\/06\/gra-protesta.jpg?fit=1027%2C570&ssl=1&resize=525%2C300 1.5x, https:\/\/i0.wp.com\/www.shqiperia.com\/blog\/wp-content\/uploads\/2026\/06\/gra-protesta.jpg?fit=1027%2C570&ssl=1&resize=700%2C400 2x"},"classes":[]},{"id":102863,"url":"https:\/\/www.shqiperia.com\/blog\/qytetaret-serish-ne-shesh-kunder-rames-dhe-qeverise-se-tij-sot-dita-e-49-te-e-revoltes-ne-tirane\/","url_meta":{"origin":100928,"position":4},"title":"Qytetar\u00ebt s\u00ebrish n\u00eb shesh kund\u00ebr Ram\u00ebs dhe qeveris\u00eb s\u00eb tij.  Sot dita e 49-t\u00eb e revolt\u00ebs n\u00eb Tiran\u00eb","author":"Kurt Farka","date":"July 18, 2026","format":false,"excerpt":"18 Korrik 2026 Revolta qytetare kund\u00ebr kryeministrit Edi Rama, qeveris\u00eb s\u00eb tij dhe gjith\u00eb klas\u00ebs politike sh\u00ebnon sot, m\u00eb 18 korrik 2026, dit\u00ebn e saj t\u00eb 49-t\u00eb radhazi. Pas nj\u00eb tjet\u00ebr marshimi masiv mbr\u00ebmjen e djeshme, ku protestuesit u stacionuan para godin\u00ebs s\u00eb Kryeministris\u00eb, organizator\u00ebt kan\u00eb b\u00ebr\u00eb thirrje p\u00ebr nj\u00eb\u2026","rel":"","context":"In &quot;Blogu i Udh\u00ebtarit&quot;","block_context":{"text":"Blogu i Udh\u00ebtarit","link":"https:\/\/www.shqiperia.com\/blog\/category\/blogu-i-udhetarit\/"},"img":{"alt_text":"","src":"https:\/\/i0.wp.com\/www.shqiperia.com\/blog\/wp-content\/uploads\/2026\/07\/protesta-4-673x450-1-1.jpg?fit=673%2C450&ssl=1&resize=350%2C200","width":350,"height":200,"srcset":"https:\/\/i0.wp.com\/www.shqiperia.com\/blog\/wp-content\/uploads\/2026\/07\/protesta-4-673x450-1-1.jpg?fit=673%2C450&ssl=1&resize=350%2C200 1x, https:\/\/i0.wp.com\/www.shqiperia.com\/blog\/wp-content\/uploads\/2026\/07\/protesta-4-673x450-1-1.jpg?fit=673%2C450&ssl=1&resize=525%2C300 1.5x"},"classes":[]},{"id":101067,"url":"https:\/\/www.shqiperia.com\/blog\/rama-te-jape-doreheqjen-shqiperia-nuk-shitet-zeri-yne-dinjiteti-yne-e-ardhmja-jone-qytetaret-tejmbushen-bulevardin-per-4-dite-sot-protesta-e-5-kunder-projektit-ne-zvernec\/","url_meta":{"origin":100928,"position":5},"title":"Rama t\u00eb jap\u00eb dor\u00ebheqjen! Shqip\u00ebria nuk shitet! \u201cZ\u00ebri yn\u00eb, dinjiteti yn\u00eb, e ardhmja jon\u00eb\u201d\/ Qytetar\u00ebt tejmbush\u00ebn Bulevardin p\u00ebr 4 dit\u00eb, sot protesta e 5 kund\u00ebr projektit n\u00eb Zv\u00ebrnec","author":"Kurt Farka","date":"June 4, 2026","format":false,"excerpt":"4 Qershor 2026 Mbahet sot n\u00eb or\u00ebn 18:00 protesta e pest\u00eb e qytetar\u00ebve kund\u00ebr projektit t\u00eb nd\u00ebrtimit t\u00eb resortit n\u00eb zon\u00ebn e mbrojtur n\u00eb Zv\u00ebrnec. Grumbullimi i qytetar\u00ebve do t\u00eb b\u00ebhet s\u00ebrish n\u00eb sheshin \u201cSk\u00ebnderbej\u201d dhe m\u00eb pas do t\u00eb marshohet drejt Kryeministris\u00eb. \u201cZ\u00ebri yn\u00eb, dinjiteti yn\u00eb, e ardhmja jon\u00eb\u201d,\u2026","rel":"","context":"In &quot;Blogu i Udh\u00ebtarit&quot;","block_context":{"text":"Blogu i Udh\u00ebtarit","link":"https:\/\/www.shqiperia.com\/blog\/category\/blogu-i-udhetarit\/"},"img":{"alt_text":"","src":"https:\/\/i0.wp.com\/www.shqiperia.com\/blog\/wp-content\/uploads\/2026\/06\/Capture-20.jpg?fit=478%2C269&ssl=1&resize=350%2C200","width":350,"height":200},"classes":[]}],"_links":{"self":[{"href":"https:\/\/www.shqiperia.com\/blog\/wp-json\/wp\/v2\/posts\/100928","targetHints":{"allow":["GET"]}}],"collection":[{"href":"https:\/\/www.shqiperia.com\/blog\/wp-json\/wp\/v2\/posts"}],"about":[{"href":"https:\/\/www.shqiperia.com\/blog\/wp-json\/wp\/v2\/types\/post"}],"author":[{"embeddable":true,"href":"https:\/\/www.shqiperia.com\/blog\/wp-json\/wp\/v2\/users\/9"}],"replies":[{"embeddable":true,"href":"https:\/\/www.shqiperia.com\/blog\/wp-json\/wp\/v2\/comments?post=100928"}],"version-history":[{"count":1,"href":"https:\/\/www.shqiperia.com\/blog\/wp-json\/wp\/v2\/posts\/100928\/revisions"}],"predecessor-version":[{"id":100930,"href":"https:\/\/www.shqiperia.com\/blog\/wp-json\/wp\/v2\/posts\/100928\/revisions\/100930"}],"wp:featuredmedia":[{"embeddable":true,"href":"https:\/\/www.shqiperia.com\/blog\/wp-json\/wp\/v2\/media\/100929"}],"wp:attachment":[{"href":"https:\/\/www.shqiperia.com\/blog\/wp-json\/wp\/v2\/media?parent=100928"}],"wp:term":[{"taxonomy":"category","embeddable":true,"href":"https:\/\/www.shqiperia.com\/blog\/wp-json\/wp\/v2\/categories?post=100928"},{"taxonomy":"post_tag","embeddable":true,"href":"https:\/\/www.shqiperia.com\/blog\/wp-json\/wp\/v2\/tags?post=100928"}],"curies":[{"name":"wp","href":"https:\/\/api.w.org\/{rel}","templated":true}]}}