{"id":100923,"date":"2026-06-02T18:06:06","date_gmt":"2026-06-02T18:06:06","guid":{"rendered":"https:\/\/www.shqiperia.com\/blog\/?p=100923"},"modified":"2026-06-02T18:06:06","modified_gmt":"2026-06-02T18:06:06","slug":"te-dorehiqet-e-gjithe-qeveria-protestuesit-te-shfuqizohet-ligji-per-investitoret-strategjike-e-paketa-e-maleve","status":"publish","type":"post","link":"https:\/\/www.shqiperia.com\/blog\/te-dorehiqet-e-gjithe-qeveria-protestuesit-te-shfuqizohet-ligji-per-investitoret-strategjike-e-paketa-e-maleve\/","title":{"rendered":"\u201cT\u00eb dor\u00ebhiqet e gjith\u00eb qeveria!\u201d\/ Protestuesit: T\u00eb shfuqizohet ligji p\u00ebr investitor\u00ebt strategjik\u00eb e Paketa e Maleve!"},"content":{"rendered":"<p><img data-recalc-dims=\"1\" loading=\"lazy\" decoding=\"async\" data-attachment-id=\"100926\" data-permalink=\"https:\/\/www.shqiperia.com\/blog\/te-dorehiqet-e-gjithe-qeveria-protestuesit-te-shfuqizohet-ligji-per-investitoret-strategjike-e-paketa-e-maleve\/okkii-770x307-1-1-2\/\" data-orig-file=\"https:\/\/i0.wp.com\/www.shqiperia.com\/blog\/wp-content\/uploads\/2026\/06\/okkii-770x307-1-1-1.png?fit=770%2C307&amp;ssl=1\" data-orig-size=\"770,307\" data-comments-opened=\"1\" data-image-meta=\"{&quot;aperture&quot;:&quot;0&quot;,&quot;credit&quot;:&quot;&quot;,&quot;camera&quot;:&quot;&quot;,&quot;caption&quot;:&quot;&quot;,&quot;created_timestamp&quot;:&quot;0&quot;,&quot;copyright&quot;:&quot;&quot;,&quot;focal_length&quot;:&quot;0&quot;,&quot;iso&quot;:&quot;0&quot;,&quot;shutter_speed&quot;:&quot;0&quot;,&quot;title&quot;:&quot;&quot;,&quot;orientation&quot;:&quot;0&quot;}\" data-image-title=\"okkii-770&#215;307-1 (1)\" data-image-description=\"\" data-image-caption=\"\" data-medium-file=\"https:\/\/i0.wp.com\/www.shqiperia.com\/blog\/wp-content\/uploads\/2026\/06\/okkii-770x307-1-1-1.png?fit=300%2C120&amp;ssl=1\" data-large-file=\"https:\/\/i0.wp.com\/www.shqiperia.com\/blog\/wp-content\/uploads\/2026\/06\/okkii-770x307-1-1-1.png?fit=770%2C307&amp;ssl=1\" class=\"alignnone  wp-image-100926\" alt=\"\" src=\"https:\/\/i0.wp.com\/www.shqiperia.com\/blog\/wp-content\/uploads\/2026\/06\/okkii-770x307-1-1-1.png?resize=705%2C282&#038;ssl=1\" width=\"705\" height=\"282\" srcset=\"https:\/\/i0.wp.com\/www.shqiperia.com\/blog\/wp-content\/uploads\/2026\/06\/okkii-770x307-1-1-1.png?resize=300%2C120&amp;ssl=1 300w, https:\/\/i0.wp.com\/www.shqiperia.com\/blog\/wp-content\/uploads\/2026\/06\/okkii-770x307-1-1-1.png?resize=768%2C306&amp;ssl=1 768w, https:\/\/i0.wp.com\/www.shqiperia.com\/blog\/wp-content\/uploads\/2026\/06\/okkii-770x307-1-1-1.png?resize=450%2C179&amp;ssl=1 450w, https:\/\/i0.wp.com\/www.shqiperia.com\/blog\/wp-content\/uploads\/2026\/06\/okkii-770x307-1-1-1.png?resize=600%2C239&amp;ssl=1 600w, https:\/\/i0.wp.com\/www.shqiperia.com\/blog\/wp-content\/uploads\/2026\/06\/okkii-770x307-1-1-1.png?resize=400%2C159&amp;ssl=1 400w, https:\/\/i0.wp.com\/www.shqiperia.com\/blog\/wp-content\/uploads\/2026\/06\/okkii-770x307-1-1-1.png?w=770&amp;ssl=1 770w\" sizes=\"auto, (max-width: 705px) 100vw, 705px\" \/><\/p>\n<p>2 Qershor 2026<\/p>\n<p>\u201cPosht\u00eb spiun\u00ebve.\u201d.<\/p>\n<p>Kjo ka qen\u00eb nj\u00eb tjet\u00ebr thirrje pikante q\u00eb vjen nga protesta q\u00eb po mbahet sot n\u00eb Bulevardin \u201cD\u00ebshmor\u00ebt e Kombit\u201d.<\/p>\n<p>Nd\u00ebrkoh\u00eb nj\u00eb qytetare b\u00ebri thirrje p\u00ebr dor\u00ebheqjen e t\u00eb gjith\u00eb qeveris\u00eb nd\u00ebrsa k\u00ebrkoi shfuqizimin e ligjit p\u00ebr investimet strategjike dhe paket\u00ebn e maleve.<\/p>\n","protected":false},"excerpt":{"rendered":"<p>2 Qershor 2026 \u201cPosht\u00eb spiun\u00ebve.\u201d. Kjo ka qen\u00eb nj\u00eb tjet\u00ebr thirrje pikante q\u00eb vjen nga protesta q\u00eb po mbahet sot n\u00eb Bulevardin \u201cD\u00ebshmor\u00ebt e Kombit\u201d. Nd\u00ebrkoh\u00eb nj\u00eb qytetare b\u00ebri thirrje p\u00ebr dor\u00ebheqjen e t\u00eb gjith\u00eb qeveris\u00eb nd\u00ebrsa k\u00ebrkoi shfuqizimin e ligjit p\u00ebr investimet strategjike dhe paket\u00ebn e maleve.<\/p>\n","protected":false},"author":9,"featured_media":100925,"comment_status":"open","ping_status":"open","sticky":false,"template":"","format":"standard","meta":{"jetpack_post_was_ever_published":false,"_jetpack_newsletter_access":"","_jetpack_dont_email_post_to_subs":false,"_jetpack_newsletter_tier_id":0,"_jetpack_memberships_contains_paywalled_content":false,"_jetpack_memberships_contains_paid_content":false,"footnotes":"","jetpack_publicize_message":"","jetpack_publicize_feature_enabled":true,"jetpack_social_post_already_shared":true,"jetpack_social_options":{"image_generator_settings":{"template":"highway","default_image_id":0,"font":"","enabled":false},"version":2}},"categories":[27,1,2],"tags":[],"class_list":["post-100923","post","type-post","status-publish","format-standard","has-post-thumbnail","hentry","category-blogu-i-udhetarit","category-njoftime-shtypi","category-politika"],"jetpack_publicize_connections":[],"jetpack_featured_media_url":"https:\/\/i0.wp.com\/www.shqiperia.com\/blog\/wp-content\/uploads\/2026\/06\/okkii-770x307-1-1.png?fit=770%2C307&ssl=1","jetpack_sharing_enabled":true,"jetpack_shortlink":"https:\/\/wp.me\/p5Z6wp-qfN","jetpack-related-posts":[{"id":101233,"url":"https:\/\/www.shqiperia.com\/blog\/ka-ardhur-dita-qe-kjo-beteje-te-protesta-reagon-zhupa-mbeshtetje-e-plote-kerkesave-te-protestuesve\/","url_meta":{"origin":100923,"position":0},"title":"\u201cKa ardhur dita q\u00eb kjo betej\u00eb t\u00eb\u2026\u201d\/ Protesta, reagon Zhupa: Mb\u00ebshtetje e plot\u00eb, k\u00ebrkesave t\u00eb protestuesve","author":"Kurt Farka","date":"June 7, 2026","format":false,"excerpt":"7 Qershor 2026 Deputetja e Partis\u00eb Demokratike, Ina Zhupa, ka shprehur mb\u00ebshtetjen e saj p\u00ebr pes\u00eb k\u00ebrkesat e protestuesve n\u00eb Shqip\u00ebri dhe diaspor\u00eb, duke k\u00ebrkuar dor\u00ebheqjen e qeveris\u00eb, shfuqizimin e ligjit p\u00ebr investitor\u00ebt strategjik\u00eb, Paket\u00ebs s\u00eb Maleve, ndryshimeve n\u00eb Ligjin p\u00ebr Zonat e Mbrojtura dhe n\u00eb Ligjin p\u00ebr Trash\u00ebgimin\u00eb Kulturore.\u2026","rel":"","context":"In &quot;Blogu i Udh\u00ebtarit&quot;","block_context":{"text":"Blogu i Udh\u00ebtarit","link":"https:\/\/www.shqiperia.com\/blog\/category\/blogu-i-udhetarit\/"},"img":{"alt_text":"","src":"https:\/\/i0.wp.com\/www.shqiperia.com\/blog\/wp-content\/uploads\/2026\/06\/Ina-zhupa.jpg?fit=524%2C350&ssl=1&resize=350%2C200","width":350,"height":200},"classes":[]},{"id":100955,"url":"https:\/\/www.shqiperia.com\/blog\/anulim-projekti-dhe-doreheqje-e-rames-protesta-qytetare\/","url_meta":{"origin":100923,"position":1},"title":"\u201cAnulim projekti dhe dor\u00ebheqje e Ram\u00ebs\u201d\/ Protesta Qytetare","author":"Kurt Farka","date":"June 2, 2026","format":false,"excerpt":"2 Qershor 2026 Pas tre or\u00ebsh, \u00ebsht\u00eb mbyllur protesta e tret\u00eb qytetare e zhvilluar n\u00eb Tiran\u00eb kund\u00ebr projektit t\u00eb nd\u00ebrtimit n\u00eb zon\u00ebn e mbrojtur t\u00eb Zv\u00ebrnecit. Tubimi u mbajt n\u00eb Bulevardin \u201cD\u00ebshmor\u00ebt e Kombit\u201d dhe para Kryemninistris\u00eb, ku protestuesit p\u00ebrs\u00ebrit\u00ebn kund\u00ebrshtimin e tyre ndaj projektit, duke k\u00ebrkuar anulimin e tij\u2026","rel":"","context":"In &quot;Blogu i Udh\u00ebtarit&quot;","block_context":{"text":"Blogu i Udh\u00ebtarit","link":"https:\/\/www.shqiperia.com\/blog\/category\/blogu-i-udhetarit\/"},"img":{"alt_text":"","src":"https:\/\/i0.wp.com\/www.shqiperia.com\/blog\/wp-content\/uploads\/2026\/06\/WhatsApp-Image-2026-06-02-at-21.14.58-1-675x450-1.jpeg?fit=675%2C450&ssl=1&resize=350%2C200","width":350,"height":200,"srcset":"https:\/\/i0.wp.com\/www.shqiperia.com\/blog\/wp-content\/uploads\/2026\/06\/WhatsApp-Image-2026-06-02-at-21.14.58-1-675x450-1.jpeg?fit=675%2C450&ssl=1&resize=350%2C200 1x, https:\/\/i0.wp.com\/www.shqiperia.com\/blog\/wp-content\/uploads\/2026\/06\/WhatsApp-Image-2026-06-02-at-21.14.58-1-675x450-1.jpeg?fit=675%2C450&ssl=1&resize=525%2C300 1.5x"},"classes":[]},{"id":104915,"url":"https:\/\/www.shqiperia.com\/blog\/protestuesit-riperserisin-kerkesat-kryesore-ne-protesten-e-83-te-nga-doreheqja-e-panegociueshme-e-rames-te-qeveria-teknike\/","url_meta":{"origin":100923,"position":2},"title":"Protestuesit rip\u00ebrs\u00ebrisin k\u00ebrkesat kryesore n\u00eb protest\u00ebn e 83-t\u00eb: &#8211; Nga dor\u00ebheqja e panegociueshme e Ram\u00ebs te qeveria teknike.","author":"Kurt Farka","date":"August 22, 2026","format":false,"excerpt":"22 Gusht 2026 N\u00eb protest\u00ebn e 83 kund\u00ebr kryeministrit Edi Rama, protestuesit kan\u00eb rilistuar edhe nj\u00ebher\u00eb k\u00ebrkesat e tyre. Ata shprehen se k\u00ebrkesa p\u00ebr dor\u00ebheqjen e kryeministrit Edi Rama \u00a0\u00ebsht\u00eb nj\u00eb k\u00ebkes\u00eb e panegociueshme.1-Dor\u00ebheqjen e panegociueshme t\u00eb kryeministrit dhe qeveris\u00eb. -Krijimin e nj\u00eb qeverie teknike dhe tranzitore, jopartiake dhe me\u2026","rel":"","context":"In &quot;Blogu i Udh\u00ebtarit&quot;","block_context":{"text":"Blogu i Udh\u00ebtarit","link":"https:\/\/www.shqiperia.com\/blog\/category\/blogu-i-udhetarit\/"},"img":{"alt_text":"","src":"https:\/\/i0.wp.com\/www.shqiperia.com\/blog\/wp-content\/uploads\/2026\/08\/Protesta-22-Gusht.jpg?fit=1200%2C531&ssl=1&resize=350%2C200","width":350,"height":200,"srcset":"https:\/\/i0.wp.com\/www.shqiperia.com\/blog\/wp-content\/uploads\/2026\/08\/Protesta-22-Gusht.jpg?fit=1200%2C531&ssl=1&resize=350%2C200 1x, https:\/\/i0.wp.com\/www.shqiperia.com\/blog\/wp-content\/uploads\/2026\/08\/Protesta-22-Gusht.jpg?fit=1200%2C531&ssl=1&resize=525%2C300 1.5x, https:\/\/i0.wp.com\/www.shqiperia.com\/blog\/wp-content\/uploads\/2026\/08\/Protesta-22-Gusht.jpg?fit=1200%2C531&ssl=1&resize=700%2C400 2x, https:\/\/i0.wp.com\/www.shqiperia.com\/blog\/wp-content\/uploads\/2026\/08\/Protesta-22-Gusht.jpg?fit=1200%2C531&ssl=1&resize=1050%2C600 3x"},"classes":[]},{"id":103106,"url":"https:\/\/www.shqiperia.com\/blog\/revolta-ne-diten-e-53-te-kunder-qeverise-shqiptaret-kerkojne-doreheqjen-e-panegociueshme-te-rames-dhe-kastes-politike\/","url_meta":{"origin":100923,"position":3},"title":"Revolta n\u00eb dit\u00ebn e 53-t\u00eb kund\u00ebr qeveris\u00eb\/ Shqiptar\u00ebt k\u00ebrkojn\u00eb dor\u00ebheqjen e panegociueshme t\u00eb Ram\u00ebs dhe kast\u00ebs politike","author":"Kurt Farka","date":"July 22, 2026","format":false,"excerpt":"22 Korrik 2026 L\u00ebvizja qytetare kund\u00ebr qeveris\u00eb vijon edhe sot n\u00eb Tiran\u00eb, u mbajt protesta e 53-t\u00eb radhazi me k\u00ebrkes\u00ebn kryesore p\u00ebr dor\u00ebheqjen e kryeministrit Edi Rama dhe largimin e qeveris\u00eb. Ashtu si n\u00eb dit\u00ebt e m\u00ebparshme, protesta pritet t\u00eb nis\u00eb n\u00eb or\u00ebn 19:00, n\u00eb sheshin \u201cSk\u00ebnderbej\u201d, ku m\u00eb pas\u2026","rel":"","context":"In &quot;Blogu i Udh\u00ebtarit&quot;","block_context":{"text":"Blogu i Udh\u00ebtarit","link":"https:\/\/www.shqiperia.com\/blog\/category\/blogu-i-udhetarit\/"},"img":{"alt_text":"","src":"https:\/\/i0.wp.com\/www.shqiperia.com\/blog\/wp-content\/uploads\/2026\/07\/protesta-e-4-korrikut1.jpg?fit=832%2C556&ssl=1&resize=350%2C200","width":350,"height":200,"srcset":"https:\/\/i0.wp.com\/www.shqiperia.com\/blog\/wp-content\/uploads\/2026\/07\/protesta-e-4-korrikut1.jpg?fit=832%2C556&ssl=1&resize=350%2C200 1x, https:\/\/i0.wp.com\/www.shqiperia.com\/blog\/wp-content\/uploads\/2026\/07\/protesta-e-4-korrikut1.jpg?fit=832%2C556&ssl=1&resize=525%2C300 1.5x, https:\/\/i0.wp.com\/www.shqiperia.com\/blog\/wp-content\/uploads\/2026\/07\/protesta-e-4-korrikut1.jpg?fit=832%2C556&ssl=1&resize=700%2C400 2x"},"classes":[]},{"id":103027,"url":"https:\/\/www.shqiperia.com\/blog\/rama-ata-qe-bertasin-per-shqiperine-e-shqiptareve-jane-e-keqja-me-e-madhe-qe-mund-ti-ndodhe-ketij-vendi\/","url_meta":{"origin":100923,"position":4},"title":"Rama: &#8211; Ata q\u00eb b\u00ebrtasin p\u00ebr \u201cShqip\u00ebrin\u00eb e shqiptar\u00ebve\u201d jan\u00eb e keqja m\u00eb e madhe q\u00eb mund t\u2019i ndodh\u00eb k\u00ebtij vendi","author":"Kurt Farka","date":"July 21, 2026","format":false,"excerpt":"21 Korrik 2026 Kryeministri Edi Rama refuzon k\u00ebrkes\u00ebn e protestuesve p\u00ebr t\u00eb anuluar Paket\u00ebn e Maleve. N\u00eb nj\u00eb video live n\u00eb Facebook,\u00a0kryeministri deklaroi se\u00a0Paketa e Maleve po shitet si nj\u00eb \u201cakt tradhtie\u201d nga ana e tij, nd\u00ebrsa e mbrojti ligjin duke th\u00ebn\u00eb se \u00ebsht\u00eb nj\u00eb mund\u00ebsi p\u00ebr emigrant\u00ebt q\u00eb duan\u2026","rel":"","context":"In &quot;Blogu i Udh\u00ebtarit&quot;","block_context":{"text":"Blogu i Udh\u00ebtarit","link":"https:\/\/www.shqiperia.com\/blog\/category\/blogu-i-udhetarit\/"},"img":{"alt_text":"","src":"https:\/\/i0.wp.com\/www.shqiperia.com\/blog\/wp-content\/uploads\/2026\/07\/Edi-Rama-3-1.jpg?fit=640%2C487&ssl=1&resize=350%2C200","width":350,"height":200,"srcset":"https:\/\/i0.wp.com\/www.shqiperia.com\/blog\/wp-content\/uploads\/2026\/07\/Edi-Rama-3-1.jpg?fit=640%2C487&ssl=1&resize=350%2C200 1x, https:\/\/i0.wp.com\/www.shqiperia.com\/blog\/wp-content\/uploads\/2026\/07\/Edi-Rama-3-1.jpg?fit=640%2C487&ssl=1&resize=525%2C300 1.5x"},"classes":[]},{"id":101710,"url":"https:\/\/www.shqiperia.com\/blog\/kerkesat-zyrtare-dhe-te-panegociueshme-te-perpiluara-pas-propozimeve-te-marra-nga-qytetaret\/","url_meta":{"origin":100923,"position":5},"title":"K\u00ebrkesat zyrtare dhe t\u00eb panegociueshme t\u00eb p\u00ebrpiluara pas propozimeve t\u00eb marra nga qytetar\u00ebt","author":"Kurt Farka","date":"June 22, 2026","format":false,"excerpt":"Gjat\u00eb tubimit t\u00eb sot\u00ebm, n\u00eb em\u00ebr t\u00eb grupit koordinues t\u00eb protest\u00ebs, ka dal\u00eb me nj\u00eb deklarat\u00eb t\u00eb r\u00ebnd\u00ebsishme politike Dritan Goxhaj, i cili ka shpalosur k\u00ebrkesat zyrtare dhe t\u00eb panegociueshme t\u00eb p\u00ebrpiluara pas propozimeve t\u00eb marra nga qytetar\u00ebt p\u00ebrgjat\u00eb m\u00eb shum\u00eb se tri jav\u00ebve t\u00eb q\u00ebndres\u00ebs. Goxhaj u shpreh se\u2026","rel":"","context":"In &quot;Blogu i Udh\u00ebtarit&quot;","block_context":{"text":"Blogu i Udh\u00ebtarit","link":"https:\/\/www.shqiperia.com\/blog\/category\/blogu-i-udhetarit\/"},"img":{"alt_text":"","src":"https:\/\/i0.wp.com\/www.shqiperia.com\/blog\/wp-content\/uploads\/2026\/06\/1781637540_pankarta15-768x576-1-2.jpg?fit=768%2C576&ssl=1&resize=350%2C200","width":350,"height":200,"srcset":"https:\/\/i0.wp.com\/www.shqiperia.com\/blog\/wp-content\/uploads\/2026\/06\/1781637540_pankarta15-768x576-1-2.jpg?fit=768%2C576&ssl=1&resize=350%2C200 1x, https:\/\/i0.wp.com\/www.shqiperia.com\/blog\/wp-content\/uploads\/2026\/06\/1781637540_pankarta15-768x576-1-2.jpg?fit=768%2C576&ssl=1&resize=525%2C300 1.5x, https:\/\/i0.wp.com\/www.shqiperia.com\/blog\/wp-content\/uploads\/2026\/06\/1781637540_pankarta15-768x576-1-2.jpg?fit=768%2C576&ssl=1&resize=700%2C400 2x"},"classes":[]}],"_links":{"self":[{"href":"https:\/\/www.shqiperia.com\/blog\/wp-json\/wp\/v2\/posts\/100923","targetHints":{"allow":["GET"]}}],"collection":[{"href":"https:\/\/www.shqiperia.com\/blog\/wp-json\/wp\/v2\/posts"}],"about":[{"href":"https:\/\/www.shqiperia.com\/blog\/wp-json\/wp\/v2\/types\/post"}],"author":[{"embeddable":true,"href":"https:\/\/www.shqiperia.com\/blog\/wp-json\/wp\/v2\/users\/9"}],"replies":[{"embeddable":true,"href":"https:\/\/www.shqiperia.com\/blog\/wp-json\/wp\/v2\/comments?post=100923"}],"version-history":[{"count":1,"href":"https:\/\/www.shqiperia.com\/blog\/wp-json\/wp\/v2\/posts\/100923\/revisions"}],"predecessor-version":[{"id":100927,"href":"https:\/\/www.shqiperia.com\/blog\/wp-json\/wp\/v2\/posts\/100923\/revisions\/100927"}],"wp:featuredmedia":[{"embeddable":true,"href":"https:\/\/www.shqiperia.com\/blog\/wp-json\/wp\/v2\/media\/100925"}],"wp:attachment":[{"href":"https:\/\/www.shqiperia.com\/blog\/wp-json\/wp\/v2\/media?parent=100923"}],"wp:term":[{"taxonomy":"category","embeddable":true,"href":"https:\/\/www.shqiperia.com\/blog\/wp-json\/wp\/v2\/categories?post=100923"},{"taxonomy":"post_tag","embeddable":true,"href":"https:\/\/www.shqiperia.com\/blog\/wp-json\/wp\/v2\/tags?post=100923"}],"curies":[{"name":"wp","href":"https:\/\/api.w.org\/{rel}","templated":true}]}}