{"id":100914,"date":"2026-06-02T05:50:57","date_gmt":"2026-06-02T05:50:57","guid":{"rendered":"https:\/\/www.shqiperia.com\/blog\/?p=100914"},"modified":"2026-06-02T05:50:57","modified_gmt":"2026-06-02T05:50:57","slug":"makina-ngel-e-varur-ne-peme-plagosen-dy-persona-ne-bulqize","status":"publish","type":"post","link":"https:\/\/www.shqiperia.com\/blog\/makina-ngel-e-varur-ne-peme-plagosen-dy-persona-ne-bulqize\/","title":{"rendered":"Makina ngel e varur n\u00eb pem\u00eb, plagosen dy persona ne Bulqize"},"content":{"rendered":"<div class=\"row vc_row wpb_row vc_row-fluid\">\n<div class=\"jeg-vc-wrapper\">\n<div class=\"wpb_column jeg_column vc_column_container vc_col-sm-12\">\n<div class=\"jeg_wrapper wpb_wrapper\">\n<div class=\"jeg_custom_title_wrapper   \">\n<h1 class=\"jeg_post_title\"><img data-recalc-dims=\"1\" loading=\"lazy\" decoding=\"async\" data-attachment-id=\"100915\" data-permalink=\"https:\/\/www.shqiperia.com\/blog\/makina-ngel-e-varur-ne-peme-plagosen-dy-persona-ne-bulqize\/untitled-design-5_sd-1140x570-2\/\" data-orig-file=\"https:\/\/i0.wp.com\/www.shqiperia.com\/blog\/wp-content\/uploads\/2026\/06\/Untitled-design-5_sd-1140x570-2.jpeg?fit=1140%2C570&amp;ssl=1\" data-orig-size=\"1140,570\" data-comments-opened=\"1\" data-image-meta=\"{&quot;aperture&quot;:&quot;0&quot;,&quot;credit&quot;:&quot;&quot;,&quot;camera&quot;:&quot;&quot;,&quot;caption&quot;:&quot;&quot;,&quot;created_timestamp&quot;:&quot;0&quot;,&quot;copyright&quot;:&quot;&quot;,&quot;focal_length&quot;:&quot;0&quot;,&quot;iso&quot;:&quot;0&quot;,&quot;shutter_speed&quot;:&quot;0&quot;,&quot;title&quot;:&quot;&quot;,&quot;orientation&quot;:&quot;0&quot;}\" data-image-title=\"Untitled-design-5_sd-1140&#215;570\" data-image-description=\"\" data-image-caption=\"\" data-medium-file=\"https:\/\/i0.wp.com\/www.shqiperia.com\/blog\/wp-content\/uploads\/2026\/06\/Untitled-design-5_sd-1140x570-2.jpeg?fit=300%2C150&amp;ssl=1\" data-large-file=\"https:\/\/i0.wp.com\/www.shqiperia.com\/blog\/wp-content\/uploads\/2026\/06\/Untitled-design-5_sd-1140x570-2.jpeg?fit=1024%2C512&amp;ssl=1\" class=\"alignnone  wp-image-100915\" alt=\"\" src=\"https:\/\/i0.wp.com\/www.shqiperia.com\/blog\/wp-content\/uploads\/2026\/06\/Untitled-design-5_sd-1140x570-2.jpeg?resize=684%2C342&#038;ssl=1\" width=\"684\" height=\"342\" srcset=\"https:\/\/i0.wp.com\/www.shqiperia.com\/blog\/wp-content\/uploads\/2026\/06\/Untitled-design-5_sd-1140x570-2.jpeg?resize=300%2C150&amp;ssl=1 300w, https:\/\/i0.wp.com\/www.shqiperia.com\/blog\/wp-content\/uploads\/2026\/06\/Untitled-design-5_sd-1140x570-2.jpeg?resize=1024%2C512&amp;ssl=1 1024w, https:\/\/i0.wp.com\/www.shqiperia.com\/blog\/wp-content\/uploads\/2026\/06\/Untitled-design-5_sd-1140x570-2.jpeg?resize=768%2C384&amp;ssl=1 768w, https:\/\/i0.wp.com\/www.shqiperia.com\/blog\/wp-content\/uploads\/2026\/06\/Untitled-design-5_sd-1140x570-2.jpeg?resize=450%2C225&amp;ssl=1 450w, https:\/\/i0.wp.com\/www.shqiperia.com\/blog\/wp-content\/uploads\/2026\/06\/Untitled-design-5_sd-1140x570-2.jpeg?resize=600%2C300&amp;ssl=1 600w, https:\/\/i0.wp.com\/www.shqiperia.com\/blog\/wp-content\/uploads\/2026\/06\/Untitled-design-5_sd-1140x570-2.jpeg?resize=400%2C200&amp;ssl=1 400w, https:\/\/i0.wp.com\/www.shqiperia.com\/blog\/wp-content\/uploads\/2026\/06\/Untitled-design-5_sd-1140x570-2.jpeg?w=1140&amp;ssl=1 1140w\" sizes=\"auto, (max-width: 684px) 100vw, 684px\" \/><\/h1>\n<\/div>\n<\/div>\n<\/div>\n<\/div>\n<\/div>\n<div class=\"row vc_row wpb_row vc_row-fluid\">\n<div class=\"jeg-vc-wrapper\">\n<div class=\"wpb_column jeg_column vc_column_container vc_col-sm-8\">\n<div class=\"jeg_wrapper wpb_wrapper\">\n<div class=\"row vc_row wpb_row vc_inner vc_row-fluid\">\n<div class=\"wpb_column vc_column_container vc_col-sm-6\">\n<div class=\"jeg_wrapper \">\n<div class=\"wpb_wrapper\">\n<div class=\"wpb_text_column wpb_content_element\">\n<div class=\"wpb_wrapper\"><\/div>\n<\/div>\n<\/div>\n<\/div>\n<\/div>\n<\/div>\n<div class=\"jeg_custom_content_wrapper   \">\n<div class=\"entry-content  no-share\">\n<div class=\"jeg_share_button share-float jeg_sticky_share clearfix share-normal\">\n<div class=\"jegStickyHolder\">\n<div class=\"theiaStickySidebar\">2 Qershor 2026<\/div>\n<\/div>\n<\/div>\n<div class=\"content-inner\">\n<p>Nj\u00eb tjet\u00ebr aksident rrugor \u00ebsht\u00eb sh\u00ebnuar k\u00ebt\u00eb pasdite n\u00eb aksin rrugor Shupenz\u00eb-Ura e Topojanit, n\u00eb vendin e quajtur Bo\u00e7ev\u00eb, ku nj\u00eb makin\u00eb furgon \u00ebsht\u00eb p\u00ebrplasur me nj\u00eb makin\u00eb tjet\u00ebr dhe p\u00ebr pasoj\u00eb jan\u00eb plagosur dy persona.<\/p>\n<p>Si\u00e7 shihet edhe n\u00eb foto, nj\u00ebra nga makinat ka ngelur e varur n\u00eb pem\u00eb.<\/p>\n<p>Aksidenti fillimisht \u00ebsht\u00eb pikasur nga drejtuesit e tjer\u00eb, t\u00eb cil\u00ebt kan\u00eb lajm\u00ebruar ambulanc\u00ebn dhe policin\u00eb, ku kjo e fundit ka nisur hetimet.<\/p>\n<p>Nj\u00ebri nga t\u00eb plagosurit \u00ebsht\u00eb nisur n\u00eb Spitalin e Traum\u00ebs, nd\u00ebrsa tjetri n\u00eb spitalin e Bulqiz\u00ebs.<\/p>\n<\/div>\n<\/div>\n<\/div>\n<div class=\"jeg_custom_tag_wrapper   \"><\/div>\n<\/div>\n<\/div>\n<\/div>\n<\/div>\n","protected":false},"excerpt":{"rendered":"<p>2 Qershor 2026 Nj\u00eb tjet\u00ebr aksident rrugor \u00ebsht\u00eb sh\u00ebnuar k\u00ebt\u00eb pasdite n\u00eb aksin rrugor Shupenz\u00eb-Ura e Topojanit, n\u00eb vendin e quajtur Bo\u00e7ev\u00eb, ku nj\u00eb makin\u00eb furgon \u00ebsht\u00eb p\u00ebrplasur me nj\u00eb makin\u00eb tjet\u00ebr dhe p\u00ebr pasoj\u00eb jan\u00eb plagosur dy persona. Si\u00e7 shihet edhe n\u00eb foto, nj\u00ebra nga makinat ka ngelur e varur n\u00eb pem\u00eb. Aksidenti fillimisht [&hellip;]<\/p>\n","protected":false},"author":9,"featured_media":100915,"comment_status":"open","ping_status":"open","sticky":false,"template":"","format":"standard","meta":{"jetpack_post_was_ever_published":false,"_jetpack_newsletter_access":"","_jetpack_dont_email_post_to_subs":false,"_jetpack_newsletter_tier_id":0,"_jetpack_memberships_contains_paywalled_content":false,"_jetpack_memberships_contains_paid_content":false,"footnotes":"","jetpack_publicize_message":"","jetpack_publicize_feature_enabled":true,"jetpack_social_post_already_shared":true,"jetpack_social_options":{"image_generator_settings":{"template":"highway","default_image_id":0,"font":"","enabled":false},"version":2}},"categories":[27,1],"tags":[],"class_list":["post-100914","post","type-post","status-publish","format-standard","has-post-thumbnail","hentry","category-blogu-i-udhetarit","category-njoftime-shtypi"],"jetpack_publicize_connections":[],"jetpack_featured_media_url":"https:\/\/i0.wp.com\/www.shqiperia.com\/blog\/wp-content\/uploads\/2026\/06\/Untitled-design-5_sd-1140x570-2.jpeg?fit=1140%2C570&ssl=1","jetpack_sharing_enabled":true,"jetpack_shortlink":"https:\/\/wp.me\/p5Z6wp-qfE","jetpack-related-posts":[{"id":104390,"url":"https:\/\/www.shqiperia.com\/blog\/diber-dy-vatra-zjarri-aktive-flaket-perhapen-ne-terren-pyjor-ne-qafe-helmes-situata-jashte-kontrollit\/","url_meta":{"origin":100914,"position":0},"title":"Dib\u00ebr\/ Dy vatra zjarri aktive, flak\u00ebt p\u00ebrhapen n\u00eb terren pyjor, n\u00eb Qaf\u00eb-Helmes situata jasht\u00eb kontrollit","author":"Kurt Farka","date":"August 14, 2026","format":false,"excerpt":"14 Gusht 2026 Situata nga zjarret n\u00eb qarkun e Dibr\u00ebs vijon t\u00eb jet\u00eb problematike, me dy vatra aktive n\u00eb zon\u00ebn e Selisht\u00ebs, n\u00eb Bashkin\u00eb Dib\u00ebr, dhe n\u00eb territorin e Bashkis\u00eb Bulqiz\u00eb. Vatra m\u00eb problematike ndodhet n\u00eb zon\u00ebn e Qaf\u00eb-Helmesit, pran\u00eb kufirit mes Selisht\u00ebs dhe Nj\u00ebsis\u00eb Administrative Fush\u00eb-Bulqiz\u00eb. Zjarri vijon t\u00eb\u2026","rel":"","context":"In &quot;Blogu i Udh\u00ebtarit&quot;","block_context":{"text":"Blogu i Udh\u00ebtarit","link":"https:\/\/www.shqiperia.com\/blog\/category\/blogu-i-udhetarit\/"},"img":{"alt_text":"","src":"https:\/\/i0.wp.com\/www.shqiperia.com\/blog\/wp-content\/uploads\/2026\/08\/6a7c58128bd96kruja-1.jpg?fit=1015%2C567&ssl=1&resize=350%2C200","width":350,"height":200,"srcset":"https:\/\/i0.wp.com\/www.shqiperia.com\/blog\/wp-content\/uploads\/2026\/08\/6a7c58128bd96kruja-1.jpg?fit=1015%2C567&ssl=1&resize=350%2C200 1x, https:\/\/i0.wp.com\/www.shqiperia.com\/blog\/wp-content\/uploads\/2026\/08\/6a7c58128bd96kruja-1.jpg?fit=1015%2C567&ssl=1&resize=525%2C300 1.5x, https:\/\/i0.wp.com\/www.shqiperia.com\/blog\/wp-content\/uploads\/2026\/08\/6a7c58128bd96kruja-1.jpg?fit=1015%2C567&ssl=1&resize=700%2C400 2x"},"classes":[]},{"id":93395,"url":"https:\/\/www.shqiperia.com\/blog\/stuhi-ne-tirane-pemet-bien-mbi-automjetet-per-shkak-te-eres-se-forte\/","url_meta":{"origin":100914,"position":1},"title":"Stuhi n\u00eb Tiran\u00eb, pem\u00ebt bien mbi automjetet p\u00ebr shkak t\u00eb er\u00ebs s\u00eb fort\u00eb","author":"Kurt Farka","date":"August 30, 2025","format":false,"excerpt":"30 Gusht 2025 Vendi yn\u00eb \u00ebsht\u00eb p\u00ebrfshir\u00eb mesdit\u00ebn e sotme nga reshje t\u00eb dendura shiu e stuhi, t\u00eb cilat kan\u00eb shkaktar edhe d\u00ebme n\u00eb kryeqytet. Si\u00e7 shihet edhe nga pamjet, n\u00eb rrug\u00ebn e Kavaj\u00ebs n\u00eb Tiran\u00eb, p\u00ebr shakak t\u00eb er\u00ebs s\u00eb fort\u00eb pem\u00ebt n\u00eb an\u00eb t\u00eb rrug\u00ebs kan\u00eb r\u00ebn\u00eb mbi\u2026","rel":"","context":"In &quot;Blogu i Udh\u00ebtarit&quot;","block_context":{"text":"Blogu i Udh\u00ebtarit","link":"https:\/\/www.shqiperia.com\/blog\/category\/blogu-i-udhetarit\/"},"img":{"alt_text":"","src":"https:\/\/i0.wp.com\/www.shqiperia.com\/blog\/wp-content\/uploads\/2025\/08\/shi-tirane-ere-makina-peme-2.jpeg?fit=1200%2C874&ssl=1&resize=350%2C200","width":350,"height":200,"srcset":"https:\/\/i0.wp.com\/www.shqiperia.com\/blog\/wp-content\/uploads\/2025\/08\/shi-tirane-ere-makina-peme-2.jpeg?fit=1200%2C874&ssl=1&resize=350%2C200 1x, https:\/\/i0.wp.com\/www.shqiperia.com\/blog\/wp-content\/uploads\/2025\/08\/shi-tirane-ere-makina-peme-2.jpeg?fit=1200%2C874&ssl=1&resize=525%2C300 1.5x, https:\/\/i0.wp.com\/www.shqiperia.com\/blog\/wp-content\/uploads\/2025\/08\/shi-tirane-ere-makina-peme-2.jpeg?fit=1200%2C874&ssl=1&resize=700%2C400 2x, https:\/\/i0.wp.com\/www.shqiperia.com\/blog\/wp-content\/uploads\/2025\/08\/shi-tirane-ere-makina-peme-2.jpeg?fit=1200%2C874&ssl=1&resize=1050%2C600 3x"},"classes":[]},{"id":92304,"url":"https:\/\/www.shqiperia.com\/blog\/surprizon-sali-berisha-shfaqet-me-kokoren-e-minatorit-ne-bulqize-premton-statusin\/","url_meta":{"origin":100914,"position":2},"title":"Surprizon Sali Berisha! &#8211; Shfaqet me kokoren e minatorit n\u00eb Bulqiz\u00eb, premton statusin","author":"Kurt Farka","date":"May 5, 2025","format":false,"excerpt":"5 Maji 2025 Kreu i Partis\u00eb Demokratike Sali Berisha ka surprizuar gjat\u00eb takimit t\u00eb tij n\u00eb qytetin e Bulqiz\u00ebs. Ai ka veshur nj\u00eb kokore, gjat\u00eb takimeve q\u00eb ka pasur me qytetar\u00ebt.","rel":"","context":"In &quot;Blogu i Udh\u00ebtarit&quot;","block_context":{"text":"Blogu i Udh\u00ebtarit","link":"https:\/\/www.shqiperia.com\/blog\/category\/blogu-i-udhetarit\/"},"img":{"alt_text":"","src":"https:\/\/i0.wp.com\/www.shqiperia.com\/blog\/wp-content\/uploads\/2025\/05\/Berisha-kokore2.jpg?fit=1128%2C645&ssl=1&resize=350%2C200","width":350,"height":200,"srcset":"https:\/\/i0.wp.com\/www.shqiperia.com\/blog\/wp-content\/uploads\/2025\/05\/Berisha-kokore2.jpg?fit=1128%2C645&ssl=1&resize=350%2C200 1x, https:\/\/i0.wp.com\/www.shqiperia.com\/blog\/wp-content\/uploads\/2025\/05\/Berisha-kokore2.jpg?fit=1128%2C645&ssl=1&resize=525%2C300 1.5x, https:\/\/i0.wp.com\/www.shqiperia.com\/blog\/wp-content\/uploads\/2025\/05\/Berisha-kokore2.jpg?fit=1128%2C645&ssl=1&resize=700%2C400 2x, https:\/\/i0.wp.com\/www.shqiperia.com\/blog\/wp-content\/uploads\/2025\/05\/Berisha-kokore2.jpg?fit=1128%2C645&ssl=1&resize=1050%2C600 3x"},"classes":[]},{"id":91874,"url":"https:\/\/www.shqiperia.com\/blog\/shperthim-masiv-ne-iran-vriten-te-pakten-14-persona-plagosen-qindra-te-tjere\/","url_meta":{"origin":100914,"position":3},"title":"Shp\u00ebrthim masiv n\u00eb Iran\/ Vriten t\u00eb pakt\u00ebn 14 persona, plagosen qindra t\u00eb tjer\u00eb","author":"Kurt Farka","date":"April 27, 2025","format":false,"excerpt":"27 Prill 2025 T\u00eb pakt\u00ebn 14 persona jan\u00eb vrar\u00eb dhe 750 jan\u00eb plagosur n\u00eb nj\u00eb shp\u00ebrthim t\u00eb madh n\u00eb portin e Bandar Abbas n\u00eb jugper\u00ebndim t\u00eb Iranit, sipas mediave zyrtare iraniane q\u00eb citojn\u00eb ministrin\u00eb e brendshme t\u00eb vendit. Shp\u00ebrthimi d\u00ebrgoi nj\u00eb sht\u00ebllung\u00eb t\u00eb madhe tymi nga pjesa Shahid Rajaee e\u2026","rel":"","context":"In &quot;Blogu i Udh\u00ebtarit&quot;","block_context":{"text":"Blogu i Udh\u00ebtarit","link":"https:\/\/www.shqiperia.com\/blog\/category\/blogu-i-udhetarit\/"},"img":{"alt_text":"","src":"https:\/\/i0.wp.com\/www.shqiperia.com\/blog\/wp-content\/uploads\/2025\/04\/skynews-iran-explosion-port_6897907.jpg?fit=768%2C407&ssl=1&resize=350%2C200","width":350,"height":200,"srcset":"https:\/\/i0.wp.com\/www.shqiperia.com\/blog\/wp-content\/uploads\/2025\/04\/skynews-iran-explosion-port_6897907.jpg?fit=768%2C407&ssl=1&resize=350%2C200 1x, https:\/\/i0.wp.com\/www.shqiperia.com\/blog\/wp-content\/uploads\/2025\/04\/skynews-iran-explosion-port_6897907.jpg?fit=768%2C407&ssl=1&resize=525%2C300 1.5x, https:\/\/i0.wp.com\/www.shqiperia.com\/blog\/wp-content\/uploads\/2025\/04\/skynews-iran-explosion-port_6897907.jpg?fit=768%2C407&ssl=1&resize=700%2C400 2x"},"classes":[]},{"id":102931,"url":"https:\/\/www.shqiperia.com\/blog\/zjarr-ne-gjirokaster-dy-vatra-aktive-ne-fshatrat-andon-poci-e-hundkuq\/","url_meta":{"origin":100914,"position":4},"title":"Zjarr n\u00eb Gjirokast\u00ebr, dy vatra aktive n\u00eb fshatrat Andon Po\u00e7i e Hundkuq","author":"Kurt Farka","date":"July 20, 2026","format":false,"excerpt":"20 Korrik 2026 Nj\u00eb zjarr i madh ka prekur pyjet e fshatrave Andon Po\u00e7i e Hundkuq n\u00eb Gjirokast\u00ebr. Flak\u00ebt ushqehen nga dy vatra aktive n\u00eb dy kodra. Terreni kodrinor e ka b\u00ebr\u00eb t\u00eb v\u00ebshtir\u00eb nd\u00ebrhyrjen dhe forcat zjarrfik\u00ebse po punojn\u00eb intensivisht p\u00ebr izolimin dhe shuarjen e flak\u00ebve.","rel":"","context":"In &quot;Blogu i Udh\u00ebtarit&quot;","block_context":{"text":"Blogu i Udh\u00ebtarit","link":"https:\/\/www.shqiperia.com\/blog\/category\/blogu-i-udhetarit\/"},"img":{"alt_text":"","src":"https:\/\/i0.wp.com\/www.shqiperia.com\/blog\/wp-content\/uploads\/2026\/07\/1784492895_zjarr.jpeg?fit=780%2C440&ssl=1&resize=350%2C200","width":350,"height":200,"srcset":"https:\/\/i0.wp.com\/www.shqiperia.com\/blog\/wp-content\/uploads\/2026\/07\/1784492895_zjarr.jpeg?fit=780%2C440&ssl=1&resize=350%2C200 1x, https:\/\/i0.wp.com\/www.shqiperia.com\/blog\/wp-content\/uploads\/2026\/07\/1784492895_zjarr.jpeg?fit=780%2C440&ssl=1&resize=525%2C300 1.5x, https:\/\/i0.wp.com\/www.shqiperia.com\/blog\/wp-content\/uploads\/2026\/07\/1784492895_zjarr.jpeg?fit=780%2C440&ssl=1&resize=700%2C400 2x"},"classes":[]},{"id":101526,"url":"https:\/\/www.shqiperia.com\/blog\/tirana-zien-rama-shfaqet-ne-nje-bar-ne-zvicer-duke-pire-ne-kembe\/","url_meta":{"origin":100914,"position":5},"title":"Tirana \u201czien\u201d, Rama shfaqet n\u00eb nj\u00eb bar n\u00eb Zvic\u00ebr duke pir\u00eb n\u00eb k\u00ebmb\u00eb","author":"Kurt Farka","date":"June 16, 2026","format":false,"excerpt":"Nga mbr\u00ebmja e djeshme kryeministri Edi Rama ndodhet n\u00eb Zvic\u00ebr, nd\u00ebrsa n\u00eb Tiran\u00eb protestat e qytetar\u00ebve kund\u00ebr projektit t\u00eb Zv\u00ebrnecit sh\u00ebnojn\u00eb sot dit\u00ebn e 16-t\u00eb. N\u00eb nj\u00eb video t\u00eb siguruar nga \u201cOra News\u201d kryeministri Rama \u00ebsht\u00eb pikasur n\u00eb nj\u00eb nga baret zviceriane n\u00eb shoq\u00ebrin\u00eb tre personave, dy burrave q\u00eb s\u00eb\u2026","rel":"","context":"In &quot;Blogu i Udh\u00ebtarit&quot;","block_context":{"text":"Blogu i Udh\u00ebtarit","link":"https:\/\/www.shqiperia.com\/blog\/category\/blogu-i-udhetarit\/"},"img":{"alt_text":"","src":"https:\/\/i0.wp.com\/www.shqiperia.com\/blog\/wp-content\/uploads\/2026\/06\/600-388-whatsapp-image-2026-06-15-at-213846-1781552482.jpeg?fit=600%2C388&ssl=1&resize=350%2C200","width":350,"height":200,"srcset":"https:\/\/i0.wp.com\/www.shqiperia.com\/blog\/wp-content\/uploads\/2026\/06\/600-388-whatsapp-image-2026-06-15-at-213846-1781552482.jpeg?fit=600%2C388&ssl=1&resize=350%2C200 1x, https:\/\/i0.wp.com\/www.shqiperia.com\/blog\/wp-content\/uploads\/2026\/06\/600-388-whatsapp-image-2026-06-15-at-213846-1781552482.jpeg?fit=600%2C388&ssl=1&resize=525%2C300 1.5x"},"classes":[]}],"_links":{"self":[{"href":"https:\/\/www.shqiperia.com\/blog\/wp-json\/wp\/v2\/posts\/100914","targetHints":{"allow":["GET"]}}],"collection":[{"href":"https:\/\/www.shqiperia.com\/blog\/wp-json\/wp\/v2\/posts"}],"about":[{"href":"https:\/\/www.shqiperia.com\/blog\/wp-json\/wp\/v2\/types\/post"}],"author":[{"embeddable":true,"href":"https:\/\/www.shqiperia.com\/blog\/wp-json\/wp\/v2\/users\/9"}],"replies":[{"embeddable":true,"href":"https:\/\/www.shqiperia.com\/blog\/wp-json\/wp\/v2\/comments?post=100914"}],"version-history":[{"count":1,"href":"https:\/\/www.shqiperia.com\/blog\/wp-json\/wp\/v2\/posts\/100914\/revisions"}],"predecessor-version":[{"id":100916,"href":"https:\/\/www.shqiperia.com\/blog\/wp-json\/wp\/v2\/posts\/100914\/revisions\/100916"}],"wp:featuredmedia":[{"embeddable":true,"href":"https:\/\/www.shqiperia.com\/blog\/wp-json\/wp\/v2\/media\/100915"}],"wp:attachment":[{"href":"https:\/\/www.shqiperia.com\/blog\/wp-json\/wp\/v2\/media?parent=100914"}],"wp:term":[{"taxonomy":"category","embeddable":true,"href":"https:\/\/www.shqiperia.com\/blog\/wp-json\/wp\/v2\/categories?post=100914"},{"taxonomy":"post_tag","embeddable":true,"href":"https:\/\/www.shqiperia.com\/blog\/wp-json\/wp\/v2\/tags?post=100914"}],"curies":[{"name":"wp","href":"https:\/\/api.w.org\/{rel}","templated":true}]}}