{"id":100891,"date":"2026-06-01T21:13:26","date_gmt":"2026-06-01T21:13:26","guid":{"rendered":"https:\/\/www.shqiperia.com\/blog\/?p=100891"},"modified":"2026-06-01T21:13:26","modified_gmt":"2026-06-01T21:13:26","slug":"u-munduan-te-na-intimidojne-si-te-shitur-te-greku-dhe-serbi-protestuesja-jemi-te-gjithe-shqiptare-per-zonen-e-mbrojtur-rama-jep-doreheqjen-para-drejtesise","status":"publish","type":"post","link":"https:\/\/www.shqiperia.com\/blog\/u-munduan-te-na-intimidojne-si-te-shitur-te-greku-dhe-serbi-protestuesja-jemi-te-gjithe-shqiptare-per-zonen-e-mbrojtur-rama-jep-doreheqjen-para-drejtesise\/","title":{"rendered":"\u201cU munduan t\u00eb na intimidojn\u00eb si t\u00eb shitur te greku dhe serbi\u201d- Protestuesja: Jemi t\u00eb gjith\u00eb shqiptar\u00eb p\u00ebr zon\u00ebn e mbrojtur! Rama jep dor\u00ebheqjen, para drejt\u00ebsis\u00eb"},"content":{"rendered":"<h5><img data-recalc-dims=\"1\" loading=\"lazy\" decoding=\"async\" data-attachment-id=\"100892\" data-permalink=\"https:\/\/www.shqiperia.com\/blog\/u-munduan-te-na-intimidojne-si-te-shitur-te-greku-dhe-serbi-protestuesja-jemi-te-gjithe-shqiptare-per-zonen-e-mbrojtur-rama-jep-doreheqjen-para-drejtesise\/protesta-zverneci-tirane-1-433x300\/\" data-orig-file=\"https:\/\/i0.wp.com\/www.shqiperia.com\/blog\/wp-content\/uploads\/2026\/06\/protesta-zverneci-tirane-1-433x300-1.jpeg?fit=433%2C300&amp;ssl=1\" data-orig-size=\"433,300\" data-comments-opened=\"1\" data-image-meta=\"{&quot;aperture&quot;:&quot;0&quot;,&quot;credit&quot;:&quot;&quot;,&quot;camera&quot;:&quot;&quot;,&quot;caption&quot;:&quot;&quot;,&quot;created_timestamp&quot;:&quot;0&quot;,&quot;copyright&quot;:&quot;&quot;,&quot;focal_length&quot;:&quot;0&quot;,&quot;iso&quot;:&quot;0&quot;,&quot;shutter_speed&quot;:&quot;0&quot;,&quot;title&quot;:&quot;&quot;,&quot;orientation&quot;:&quot;0&quot;}\" data-image-title=\"protesta-zverneci-tirane-1-433&#215;300\" data-image-description=\"\" data-image-caption=\"\" data-medium-file=\"https:\/\/i0.wp.com\/www.shqiperia.com\/blog\/wp-content\/uploads\/2026\/06\/protesta-zverneci-tirane-1-433x300-1.jpeg?fit=300%2C208&amp;ssl=1\" data-large-file=\"https:\/\/i0.wp.com\/www.shqiperia.com\/blog\/wp-content\/uploads\/2026\/06\/protesta-zverneci-tirane-1-433x300-1.jpeg?fit=433%2C300&amp;ssl=1\" class=\"alignnone  wp-image-100892\" alt=\"\" src=\"https:\/\/i0.wp.com\/www.shqiperia.com\/blog\/wp-content\/uploads\/2026\/06\/protesta-zverneci-tirane-1-433x300-1.jpeg?resize=692%2C480&#038;ssl=1\" width=\"692\" height=\"480\" srcset=\"https:\/\/i0.wp.com\/www.shqiperia.com\/blog\/wp-content\/uploads\/2026\/06\/protesta-zverneci-tirane-1-433x300-1.jpeg?resize=300%2C208&amp;ssl=1 300w, https:\/\/i0.wp.com\/www.shqiperia.com\/blog\/wp-content\/uploads\/2026\/06\/protesta-zverneci-tirane-1-433x300-1.jpeg?resize=400%2C277&amp;ssl=1 400w, https:\/\/i0.wp.com\/www.shqiperia.com\/blog\/wp-content\/uploads\/2026\/06\/protesta-zverneci-tirane-1-433x300-1.jpeg?w=433&amp;ssl=1 433w\" sizes=\"auto, (max-width: 692px) 100vw, 692px\" \/><\/h5>\n<h5>1 Qershor 2026<\/h5>\n<h5><strong>Nj\u00eb prej protestuesve sot para Kryeministris\u00eb u shpreh se Rama u p\u00ebrpoq t\u00eb intimidonte protestuesit si t\u00eb sponsorizuar prej grekut dhe serbit.<\/strong><\/h5>\n<p>Ajo u shpreh se t\u00eb gjith\u00eb aty n\u00eb shesh jan\u00eb shqiptar\u00eb t\u00eb cil\u00ebt duan Zv\u00ebrnecin zon\u00eb t\u00eb mbrojtur.<\/p>\n<p>Sakaq, ajo b\u00ebri thirrje q\u00eb kryeministri Rama t\u00eb jap\u00eb dor\u00ebheqjen dhe t\u00eb shkoj\u00eb para drejt\u00ebsis\u00eb.<\/p>\n<p><strong>Protestuesja:<\/strong><span>\u00a0<\/span><em>Sot u munduan t\u00eb na intimidojn\u00eb duke na th\u00ebn\u00eb si t\u00eb shitur te greku t\u00eb sponsorizuar nga serbi. Mendon se intimidon duke th\u00ebn\u00eb mysliman\u00eb pa Kuran. Sot jemi t\u00eb gjith\u00eb shqiptar\u00eb, p\u00ebr zon\u00ebn e mbrojtur, p\u00ebr mos tu privatizuar prona publike. Jemi k\u00ebtu. Sot Rama jep dor\u00ebheqjen. T\u00eb duam para drejt\u00ebsis\u00eb. Dor\u00ebheqje. Dor\u00ebheqje. T\u00eb gjith\u00eb para drejt\u00ebsis\u00eb. Dor\u00ebheqje, dor\u00ebheqje, dor\u00ebheqje. K\u00ebrkojm\u00eb n\u00eb m\u00ebnyr\u00eb t\u00eb menj\u00ebhershme anulimin e projektit. Anulo projektin! Dor\u00ebheqje. Dor\u00ebheqje.<\/em><\/p>\n","protected":false},"excerpt":{"rendered":"<p>1 Qershor 2026 Nj\u00eb prej protestuesve sot para Kryeministris\u00eb u shpreh se Rama u p\u00ebrpoq t\u00eb intimidonte protestuesit si t\u00eb sponsorizuar prej grekut dhe serbit. Ajo u shpreh se t\u00eb gjith\u00eb aty n\u00eb shesh jan\u00eb shqiptar\u00eb t\u00eb cil\u00ebt duan Zv\u00ebrnecin zon\u00eb t\u00eb mbrojtur. Sakaq, ajo b\u00ebri thirrje q\u00eb kryeministri Rama t\u00eb jap\u00eb dor\u00ebheqjen dhe t\u00eb [&hellip;]<\/p>\n","protected":false},"author":9,"featured_media":100892,"comment_status":"open","ping_status":"open","sticky":false,"template":"","format":"standard","meta":{"jetpack_post_was_ever_published":false,"_jetpack_newsletter_access":"","_jetpack_dont_email_post_to_subs":false,"_jetpack_newsletter_tier_id":0,"_jetpack_memberships_contains_paywalled_content":false,"_jetpack_memberships_contains_paid_content":false,"footnotes":"","jetpack_publicize_message":"","jetpack_publicize_feature_enabled":true,"jetpack_social_post_already_shared":true,"jetpack_social_options":{"image_generator_settings":{"template":"highway","default_image_id":0,"font":"","enabled":false},"version":2}},"categories":[27,2,35],"tags":[],"class_list":["post-100891","post","type-post","status-publish","format-standard","has-post-thumbnail","hentry","category-blogu-i-udhetarit","category-politika","category-shoqerore"],"jetpack_publicize_connections":[],"jetpack_featured_media_url":"https:\/\/i0.wp.com\/www.shqiperia.com\/blog\/wp-content\/uploads\/2026\/06\/protesta-zverneci-tirane-1-433x300-1.jpeg?fit=433%2C300&ssl=1","jetpack_sharing_enabled":true,"jetpack_shortlink":"https:\/\/wp.me\/p5Z6wp-qfh","jetpack-related-posts":[{"id":102945,"url":"https:\/\/www.shqiperia.com\/blog\/nuk-ikim-pa-ikur-ju-protestuesit-sna-shantazhoni-dot-nuk-e-negociojme-me-dinjitetin-rama-na-tha-serbe-dhe-greke-por-ne-shesh-ka-vetem-shqiptare-te-revoltuar\/","url_meta":{"origin":100891,"position":0},"title":"\u201cNuk ikim pa ikur ju!\u201d\/ Protestuesit: &#8211; S\u2019na shantazhoni dot, nuk e negociojm\u00eb m\u00eb dinjitetin! Rama na tha serb\u00eb dhe grek\u00eb, por n\u00eb shesh ka vet\u00ebm shqiptar\u00eb t\u00eb revoltuar","author":"Kurt Farka","date":"July 20, 2026","format":false,"excerpt":"20 Korrik 2026 Nj\u00eb prej fjalimeve q\u00eb t\u00ebrhoqi v\u00ebmendjen gjat\u00eb protest\u00ebs s\u00eb dit\u00ebs s\u00eb 50-t\u00eb ishte ai i nj\u00eb qytetareje, e cila deklaroi se protestuesit do t\u00eb vijojn\u00eb rezistenc\u00ebn deri n\u00eb p\u00ebrmbushjen e k\u00ebrkesave t\u00eb tyre N\u00eb fjal\u00ebn e saj, ajo kund\u00ebrshtoi etiketimet q\u00eb, sipas saj, u jan\u00eb b\u00ebr\u00eb pjes\u00ebmarr\u00ebsve\u2026","rel":"","context":"In &quot;Blogu i Udh\u00ebtarit&quot;","block_context":{"text":"Blogu i Udh\u00ebtarit","link":"https:\/\/www.shqiperia.com\/blog\/category\/blogu-i-udhetarit\/"},"img":{"alt_text":"","src":"https:\/\/i0.wp.com\/www.shqiperia.com\/blog\/wp-content\/uploads\/2026\/07\/Capture-192.jpg?fit=1200%2C641&ssl=1&resize=350%2C200","width":350,"height":200,"srcset":"https:\/\/i0.wp.com\/www.shqiperia.com\/blog\/wp-content\/uploads\/2026\/07\/Capture-192.jpg?fit=1200%2C641&ssl=1&resize=350%2C200 1x, https:\/\/i0.wp.com\/www.shqiperia.com\/blog\/wp-content\/uploads\/2026\/07\/Capture-192.jpg?fit=1200%2C641&ssl=1&resize=525%2C300 1.5x, https:\/\/i0.wp.com\/www.shqiperia.com\/blog\/wp-content\/uploads\/2026\/07\/Capture-192.jpg?fit=1200%2C641&ssl=1&resize=700%2C400 2x, https:\/\/i0.wp.com\/www.shqiperia.com\/blog\/wp-content\/uploads\/2026\/07\/Capture-192.jpg?fit=1200%2C641&ssl=1&resize=1050%2C600 3x"},"classes":[]},{"id":102924,"url":"https:\/\/www.shqiperia.com\/blog\/rama-jepe-doreheqjen-sot-dita-e-50-te-e-rezistences-qytetare-per-rrezimin-e-qeverise\/","url_meta":{"origin":100891,"position":1},"title":"\u201cRama jepe dor\u00ebheqjen\u201d- Sot dita e 50-t\u00eb e rezistenc\u00ebs qytetare p\u00ebr rr\u00ebzimin e qeveris\u00eb","author":"Kurt Farka","date":"July 19, 2026","format":false,"excerpt":"19 Korrik 2026 Qytetar\u00ebt k\u00ebrkojn\u00eb nd\u00ebrrimin e saj dhe rr\u00ebzimin e qeveris\u00eb aktuale, duke pasur si k\u00ebrkes\u00eb kryesore dor\u00ebheqjen e kryeministrit Edi Rama. K\u00ebrkesa \u00ebsht\u00eb e panegocueshme, teksa mij\u00ebra qytetar\u00eb shqiptar\u00eb mblidhen \u00e7do nat\u00eb n\u00eb bulevardin para Kryeministris\u00eb ku mbajn\u00eb fjalime dhe m\u00eb pas marshojn\u00eb rrug\u00ebve t\u00eb Tiran\u00ebs, duke sensibilizuar.\u2026","rel":"","context":"In &quot;Blogu i Udh\u00ebtarit&quot;","block_context":{"text":"Blogu i Udh\u00ebtarit","link":"https:\/\/www.shqiperia.com\/blog\/category\/blogu-i-udhetarit\/"},"img":{"alt_text":"","src":"https:\/\/i0.wp.com\/www.shqiperia.com\/blog\/wp-content\/uploads\/2026\/07\/der-spiegel-protesta-433x300-1.jpg?fit=433%2C300&ssl=1&resize=350%2C200","width":350,"height":200},"classes":[]},{"id":103452,"url":"https:\/\/www.shqiperia.com\/blog\/shqiperia-kerkon-revolucion-61-dite-revolte-qytetaret-mblidhen-sot-serish-ne-proteste-rama-jep-doreheqjen\/","url_meta":{"origin":100891,"position":2},"title":"\u201cShqip\u00ebria k\u00ebrkon revolucion\u201d\/ 61 dit\u00eb revolt\u00eb, qytetar\u00ebt mblidhen sot s\u00ebrish n\u00eb protest\u00eb: Rama jep dor\u00ebheqjen!","author":"Kurt Farka","date":"July 30, 2026","format":false,"excerpt":"30 Korrik 2026 Protesta kund\u00ebr qeveris\u00eb hyn sot n\u00eb dit\u00ebn e saj t\u00eb 61-t\u00eb, teksa edhe k\u00ebt\u00eb pasdite qytetar\u00ebt do t\u00eb mblidhen para godin\u00ebs s\u00eb Kryeministris\u00eb p\u00ebr t\u00eb vijuar mobilizimin e p\u00ebrditsh\u00ebm. Ajo q\u00eb nisi si nj\u00eb reagim ndaj zhvillimeve n\u00eb Zv\u00ebrnec \u00ebsht\u00eb shnd\u00ebrruar n\u00eb nj\u00eb l\u00ebvizje t\u00eb p\u00ebrditshme qytetare,\u2026","rel":"","context":"In &quot;Blogu i Udh\u00ebtarit&quot;","block_context":{"text":"Blogu i Udh\u00ebtarit","link":"https:\/\/www.shqiperia.com\/blog\/category\/blogu-i-udhetarit\/"},"img":{"alt_text":"","src":"https:\/\/i0.wp.com\/www.shqiperia.com\/blog\/wp-content\/uploads\/2026\/07\/protesta-4-673x450-1-2-1-1.jpg?fit=673%2C450&ssl=1&resize=350%2C200","width":350,"height":200,"srcset":"https:\/\/i0.wp.com\/www.shqiperia.com\/blog\/wp-content\/uploads\/2026\/07\/protesta-4-673x450-1-2-1-1.jpg?fit=673%2C450&ssl=1&resize=350%2C200 1x, https:\/\/i0.wp.com\/www.shqiperia.com\/blog\/wp-content\/uploads\/2026\/07\/protesta-4-673x450-1-2-1-1.jpg?fit=673%2C450&ssl=1&resize=525%2C300 1.5x"},"classes":[]},{"id":101308,"url":"https:\/\/www.shqiperia.com\/blog\/rama-jep-doreheqjen-jehon-ne-gjithe-tiranen\/","url_meta":{"origin":100891,"position":3},"title":"Rama jep dor\u00ebheqjen \u2018jehon\u2019 n\u00eb gjithe Tiran\u00ebn.","author":"Kurt Farka","date":"June 9, 2026","format":false,"excerpt":"9 Qershor 2026 Tirana \u00ebsht\u00eb n\u00eb k\u00ebmb\u00eb. Po neser me 10 Qershor diten e Lidhjes Shqiptare te Prizrenit, a do jene ketu edhe Shqiptaret e Ballkanit. Mij\u00ebra protestues marshojn\u00eb n\u00eb kryeqytet dhe k\u00ebrkojn\u00eb dor\u00ebheqjen e kryeministrit Edi Rama. Prej 3 or\u00ebsh, qytetar\u00ebt vazhdojn\u00eb t\u00eb q\u00ebndrojn\u00eb t\u00eb vendosur, t\u00eb bashkuar n\u00eb\u2026","rel":"","context":"In &quot;Blogu i Udh\u00ebtarit&quot;","block_context":{"text":"Blogu i Udh\u00ebtarit","link":"https:\/\/www.shqiperia.com\/blog\/category\/blogu-i-udhetarit\/"},"img":{"alt_text":"","src":"https:\/\/i0.wp.com\/www.shqiperia.com\/blog\/wp-content\/uploads\/2026\/06\/edi-rama-tirane-proteste.jpg?fit=1200%2C579&ssl=1&resize=350%2C200","width":350,"height":200,"srcset":"https:\/\/i0.wp.com\/www.shqiperia.com\/blog\/wp-content\/uploads\/2026\/06\/edi-rama-tirane-proteste.jpg?fit=1200%2C579&ssl=1&resize=350%2C200 1x, https:\/\/i0.wp.com\/www.shqiperia.com\/blog\/wp-content\/uploads\/2026\/06\/edi-rama-tirane-proteste.jpg?fit=1200%2C579&ssl=1&resize=525%2C300 1.5x, https:\/\/i0.wp.com\/www.shqiperia.com\/blog\/wp-content\/uploads\/2026\/06\/edi-rama-tirane-proteste.jpg?fit=1200%2C579&ssl=1&resize=700%2C400 2x, https:\/\/i0.wp.com\/www.shqiperia.com\/blog\/wp-content\/uploads\/2026\/06\/edi-rama-tirane-proteste.jpg?fit=1200%2C579&ssl=1&resize=1050%2C600 3x"},"classes":[]},{"id":102698,"url":"https:\/\/www.shqiperia.com\/blog\/ke-po-mbron-nje-narko-diktature-presidenti-i-eds-nga-brukseli-rinia-shqiptare-po-frymezon-gjithe-europen\/","url_meta":{"origin":100891,"position":4},"title":"\u2018KE po mbron nj\u00eb narko-diktatur\u00eb\u2019\/ Presidenti i EDS nga Brukseli: Rinia shqiptare po frym\u00ebzon gjith\u00eb Europ\u00ebn","author":"Kurt Farka","date":"July 14, 2026","format":false,"excerpt":"14 Korrik 2026 Presidenti i Demokrat\u00ebve Student\u00eb Europian\u00eb (EDS), Francesco Sismondini, iu bashkua protest\u00ebs s\u00eb shqiptar\u00ebve n\u00eb Bruksel, e zhvilluar paralelisht me protest\u00ebn n\u00eb Tiran\u00eb ku k\u00ebrkohet dor\u00ebheqja e kryeministrit Edi Rama. N\u00eb fjal\u00ebn e tij, ai shprehu mb\u00ebshtetjen p\u00ebr protestuesit, duke e cil\u00ebsuar rinin\u00eb shqiptare si burim frym\u00ebzimi p\u00ebr\u2026","rel":"","context":"In &quot;Blogu i Udh\u00ebtarit&quot;","block_context":{"text":"Blogu i Udh\u00ebtarit","link":"https:\/\/www.shqiperia.com\/blog\/category\/blogu-i-udhetarit\/"},"img":{"alt_text":"","src":"https:\/\/i0.wp.com\/www.shqiperia.com\/blog\/wp-content\/uploads\/2026\/07\/auto_747881711_1821674332646994_1385962774563651358_n1784052719.jpg?fit=900%2C506&ssl=1&resize=350%2C200","width":350,"height":200,"srcset":"https:\/\/i0.wp.com\/www.shqiperia.com\/blog\/wp-content\/uploads\/2026\/07\/auto_747881711_1821674332646994_1385962774563651358_n1784052719.jpg?fit=900%2C506&ssl=1&resize=350%2C200 1x, https:\/\/i0.wp.com\/www.shqiperia.com\/blog\/wp-content\/uploads\/2026\/07\/auto_747881711_1821674332646994_1385962774563651358_n1784052719.jpg?fit=900%2C506&ssl=1&resize=525%2C300 1.5x, https:\/\/i0.wp.com\/www.shqiperia.com\/blog\/wp-content\/uploads\/2026\/07\/auto_747881711_1821674332646994_1385962774563651358_n1784052719.jpg?fit=900%2C506&ssl=1&resize=700%2C400 2x"},"classes":[]},{"id":103642,"url":"https:\/\/www.shqiperia.com\/blog\/protestuesja-ne-nuk-harrojme-se-edi-rama-na-shiti-shqiperine-dhe-na-beri-popull-refugjatesh\/","url_meta":{"origin":100891,"position":5},"title":"Protestuesja: &#8211; Ne nuk harrojm\u00eb se Edi Rama na shiti Shqip\u00ebrin\u00eb dhe na b\u00ebri popull refugjat\u00ebsh","author":"Kurt Farka","date":"August 2, 2026","format":false,"excerpt":"2 Gusht 2026 Nj\u00eb shqiptare me banim n\u00eb Itali iu bashkua sot protest\u00ebs para kryeministris\u00eb p\u00ebr t\u00eb k\u00ebrkuar dor\u00ebheqjen e kryeministrit Edi Rama. Protestuesja b\u00ebri me faj Edi Ram\u00ebn p\u00ebr shpopullimin e vendit nd\u00ebrsa i b\u00ebri thirrje diaspor\u00ebs t\u00eb solidarizohet me protestuesit p\u00ebr t\u00eb larguar kryeministrin \u201c Ne nuk e\u2026","rel":"","context":"In &quot;Blogu i Udh\u00ebtarit&quot;","block_context":{"text":"Blogu i Udh\u00ebtarit","link":"https:\/\/www.shqiperia.com\/blog\/category\/blogu-i-udhetarit\/"},"img":{"alt_text":"","src":"https:\/\/i0.wp.com\/www.shqiperia.com\/blog\/wp-content\/uploads\/2026\/08\/Refugjat-t.webp?fit=780%2C470&ssl=1&resize=350%2C200","width":350,"height":200,"srcset":"https:\/\/i0.wp.com\/www.shqiperia.com\/blog\/wp-content\/uploads\/2026\/08\/Refugjat-t.webp?fit=780%2C470&ssl=1&resize=350%2C200 1x, https:\/\/i0.wp.com\/www.shqiperia.com\/blog\/wp-content\/uploads\/2026\/08\/Refugjat-t.webp?fit=780%2C470&ssl=1&resize=525%2C300 1.5x, https:\/\/i0.wp.com\/www.shqiperia.com\/blog\/wp-content\/uploads\/2026\/08\/Refugjat-t.webp?fit=780%2C470&ssl=1&resize=700%2C400 2x"},"classes":[]}],"_links":{"self":[{"href":"https:\/\/www.shqiperia.com\/blog\/wp-json\/wp\/v2\/posts\/100891","targetHints":{"allow":["GET"]}}],"collection":[{"href":"https:\/\/www.shqiperia.com\/blog\/wp-json\/wp\/v2\/posts"}],"about":[{"href":"https:\/\/www.shqiperia.com\/blog\/wp-json\/wp\/v2\/types\/post"}],"author":[{"embeddable":true,"href":"https:\/\/www.shqiperia.com\/blog\/wp-json\/wp\/v2\/users\/9"}],"replies":[{"embeddable":true,"href":"https:\/\/www.shqiperia.com\/blog\/wp-json\/wp\/v2\/comments?post=100891"}],"version-history":[{"count":1,"href":"https:\/\/www.shqiperia.com\/blog\/wp-json\/wp\/v2\/posts\/100891\/revisions"}],"predecessor-version":[{"id":100893,"href":"https:\/\/www.shqiperia.com\/blog\/wp-json\/wp\/v2\/posts\/100891\/revisions\/100893"}],"wp:featuredmedia":[{"embeddable":true,"href":"https:\/\/www.shqiperia.com\/blog\/wp-json\/wp\/v2\/media\/100892"}],"wp:attachment":[{"href":"https:\/\/www.shqiperia.com\/blog\/wp-json\/wp\/v2\/media?parent=100891"}],"wp:term":[{"taxonomy":"category","embeddable":true,"href":"https:\/\/www.shqiperia.com\/blog\/wp-json\/wp\/v2\/categories?post=100891"},{"taxonomy":"post_tag","embeddable":true,"href":"https:\/\/www.shqiperia.com\/blog\/wp-json\/wp\/v2\/tags?post=100891"}],"curies":[{"name":"wp","href":"https:\/\/api.w.org\/{rel}","templated":true}]}}