{"id":100888,"date":"2026-06-01T21:07:13","date_gmt":"2026-06-01T21:07:13","guid":{"rendered":"https:\/\/www.shqiperia.com\/blog\/?p=100888"},"modified":"2026-06-01T21:07:13","modified_gmt":"2026-06-01T21:07:13","slug":"zverneci-do-te-perveloje-njerez-ne-nivel-te-larte-klodiana-lala-e-zbulon-ja-cfare-ka-ne-duar-spak","status":"publish","type":"post","link":"https:\/\/www.shqiperia.com\/blog\/zverneci-do-te-perveloje-njerez-ne-nivel-te-larte-klodiana-lala-e-zbulon-ja-cfare-ka-ne-duar-spak\/","title":{"rendered":"\u201c\u2018Zv\u00ebrneci\u2019 do t\u00eb p\u00ebrv\u00ebloj\u00eb njer\u00ebz n\u00eb nivel t\u00eb lart\u00eb\u201d, Klodiana Lala e zbulon: Ja \u00e7far\u00eb ka n\u00eb duar SPAK!"},"content":{"rendered":"<p><img data-recalc-dims=\"1\" loading=\"lazy\" decoding=\"async\" data-attachment-id=\"100889\" data-permalink=\"https:\/\/www.shqiperia.com\/blog\/zverneci-do-te-perveloje-njerez-ne-nivel-te-larte-klodiana-lala-e-zbulon-ja-cfare-ka-ne-duar-spak\/screenshot-2026-05-30-180744-460x300\/\" data-orig-file=\"https:\/\/i0.wp.com\/www.shqiperia.com\/blog\/wp-content\/uploads\/2026\/06\/Screenshot-2026-05-30-180744-460x300-1.png?fit=460%2C300&amp;ssl=1\" data-orig-size=\"460,300\" data-comments-opened=\"1\" data-image-meta=\"{&quot;aperture&quot;:&quot;0&quot;,&quot;credit&quot;:&quot;&quot;,&quot;camera&quot;:&quot;&quot;,&quot;caption&quot;:&quot;&quot;,&quot;created_timestamp&quot;:&quot;0&quot;,&quot;copyright&quot;:&quot;&quot;,&quot;focal_length&quot;:&quot;0&quot;,&quot;iso&quot;:&quot;0&quot;,&quot;shutter_speed&quot;:&quot;0&quot;,&quot;title&quot;:&quot;&quot;,&quot;orientation&quot;:&quot;0&quot;}\" data-image-title=\"Screenshot-2026-05-30-180744-460&#215;300\" data-image-description=\"\" data-image-caption=\"\" data-medium-file=\"https:\/\/i0.wp.com\/www.shqiperia.com\/blog\/wp-content\/uploads\/2026\/06\/Screenshot-2026-05-30-180744-460x300-1.png?fit=300%2C196&amp;ssl=1\" data-large-file=\"https:\/\/i0.wp.com\/www.shqiperia.com\/blog\/wp-content\/uploads\/2026\/06\/Screenshot-2026-05-30-180744-460x300-1.png?fit=460%2C300&amp;ssl=1\" class=\"alignnone  wp-image-100889\" alt=\"\" src=\"https:\/\/i0.wp.com\/www.shqiperia.com\/blog\/wp-content\/uploads\/2026\/06\/Screenshot-2026-05-30-180744-460x300-1.png?resize=595%2C389&#038;ssl=1\" width=\"595\" height=\"389\" srcset=\"https:\/\/i0.wp.com\/www.shqiperia.com\/blog\/wp-content\/uploads\/2026\/06\/Screenshot-2026-05-30-180744-460x300-1.png?resize=300%2C196&amp;ssl=1 300w, https:\/\/i0.wp.com\/www.shqiperia.com\/blog\/wp-content\/uploads\/2026\/06\/Screenshot-2026-05-30-180744-460x300-1.png?resize=450%2C293&amp;ssl=1 450w, https:\/\/i0.wp.com\/www.shqiperia.com\/blog\/wp-content\/uploads\/2026\/06\/Screenshot-2026-05-30-180744-460x300-1.png?resize=400%2C261&amp;ssl=1 400w, https:\/\/i0.wp.com\/www.shqiperia.com\/blog\/wp-content\/uploads\/2026\/06\/Screenshot-2026-05-30-180744-460x300-1.png?w=460&amp;ssl=1 460w\" sizes=\"auto, (max-width: 595px) 100vw, 595px\" \/><\/p>\n<p>1 Qershor 2026<\/p>\n<p>Gazetarja e News24 Klodiana Lala ka zbuluar se hetimi n\u00eb i Prokuroris\u00eb s\u00eb Posa\u00e7me n\u00eb lidhje me Zv\u00ebrnecin ka nisur prej 1 viti e gjysm\u00eb, nd\u00ebrkoh\u00eb ka paralajm\u00ebruar se t\u00eb dh\u00ebnat q\u00eb SPAK ka n\u00eb duar, mund t\u00eb \u201cdjegin\u201d nivele t\u00eb larta n\u00eb politik\u00eb.<\/p>\n<p>\u201cJemi ende her\u00ebt p\u00ebr t\u00eb kuptuar \u00e7far\u00eb po ndodh me Zv\u00ebrnecin, por ama di nj\u00eb gj\u00eb: q\u00eb SPAK ka nj\u00eb dosje q\u00eb mund t\u00eb p\u00ebrv\u00ebloj\u00eb shum\u00eb nivele t\u00eb larta. K\u00ebt\u00eb e them me p\u00ebrgjegj\u00ebsi t\u00eb plot\u00eb.<\/p>\n<p>Q\u00eb do t\u00eb thot\u00eb ka veprime konkrete q\u00eb nuk kan\u00eb filluar sot dhe nuk \u00ebsht\u00eb e v\u00ebrtet\u00eb q\u00eb hetimet kan\u00eb nisur sot dhe kryesisht, por \u00ebsht\u00eb nj\u00eb hetim q\u00eb zgjat prej m\u00eb shum\u00eb se nj\u00eb viti e gjysm\u00eb.<\/p>\n<div id=\"beacon_e0c06455ba\"><img loading=\"lazy\" decoding=\"async\" alt=\"\" src=\"https:\/\/ads.balkanweb.com\/www\/delivery\/lg.php?bannerid=0&amp;campaignid=0&amp;zoneid=629&amp;loc=https%3A%2F%2Fwww.balkanweb.com%2Fzverneci-do-te-djege-njerez-ne-nivel-te-larte-klodiana-lala-e-zbulon-ja-cfare-ka-ne-duar-spak%2F&amp;referer=https%3A%2F%2Fwww.balkanweb.com%2F&amp;cb=e0c06455ba\" width=\"0\" height=\"0\" \/>Flas p\u00ebr hetimin e SPAK-ut q\u00eb ka rreth nj\u00eb vit e gjysm\u00eb q\u00eb ka nisur dhe q\u00eb ka veprime konkrete. Madje, dhe dit\u00ebn e sotme n\u00eb News24, asnj\u00eb televizion tjet\u00ebr nuk e transmetoi, por ne kishim t\u00eb gjitha l\u00ebvizjet e SPAK-ut duke ushtruar kontrolle tek njer\u00ebz t\u00eb besuar apo t\u00eb bashk\u00eblidhur me Artur Shehun, q\u00eb njihet si nj\u00eb personazh kontrovers i bot\u00ebs s\u00eb krimit, me banim n\u00eb Shtetet e Bashkuara t\u00eb Amerik\u00ebs. Ka pasur n\u00eb mesin e atyre q\u00eb jan\u00eb kontrolluar n\u00eb banesa dhe zyra, biznesmen\u00eb t\u00eb njohur, jan\u00eb sekuestruar celular\u00eb\u2026 Pra, ka nj\u00eb hetim shum\u00eb t\u00eb thelluar q\u00eb mendoj se dhe aty brenda n\u00eb at\u00eb hetim nuk jan\u00eb vet\u00ebm dokumente, por n\u00eb informacione q\u00eb News24 disponon, ka edhe p\u00ebrgjime, ndoshta-ndoshta edhe t\u00eb prokurorive t\u00eb huaja, t\u00eb cilat kan\u00eb qen\u00eb duke hetuar grupe t\u00eb strukturuara kriminale dhe individ\u00eb p\u00ebr llogari t\u00eb tyre, kur nd\u00ebrkoh\u00eb kan\u00eb p\u00ebrgjuar edhe eksponent\u00ebt shqiptar\u00eb t\u00eb krimit\u201d, tha ajo.<\/div>\n<div class=\"\" id=\"MDA34416\" data-adid=\"mdabalkanweb121885\" data-netid=\"137356148\" data-sizes=\"300x250\" data-google-query-id=\"CIeA65D45pQDFVfLEQgdXdgY0g\">\n<div id=\"google_ads_iframe_\/137356148\/mdabalkanweb121885_0__container__\"><\/div>\n<\/div>\n<div class=\"post-copyright\"><span>Balkan<\/span><span>Web<\/span><\/div>\n","protected":false},"excerpt":{"rendered":"<p>1 Qershor 2026 Gazetarja e News24 Klodiana Lala ka zbuluar se hetimi n\u00eb i Prokuroris\u00eb s\u00eb Posa\u00e7me n\u00eb lidhje me Zv\u00ebrnecin ka nisur prej 1 viti e gjysm\u00eb, nd\u00ebrkoh\u00eb ka paralajm\u00ebruar se t\u00eb dh\u00ebnat q\u00eb SPAK ka n\u00eb duar, mund t\u00eb \u201cdjegin\u201d nivele t\u00eb larta n\u00eb politik\u00eb. \u201cJemi ende her\u00ebt p\u00ebr t\u00eb kuptuar \u00e7far\u00eb po [&hellip;]<\/p>\n","protected":false},"author":9,"featured_media":100889,"comment_status":"open","ping_status":"open","sticky":false,"template":"","format":"standard","meta":{"jetpack_post_was_ever_published":false,"_jetpack_newsletter_access":"","_jetpack_dont_email_post_to_subs":false,"_jetpack_newsletter_tier_id":0,"_jetpack_memberships_contains_paywalled_content":false,"_jetpack_memberships_contains_paid_content":false,"footnotes":"","jetpack_publicize_message":"","jetpack_publicize_feature_enabled":true,"jetpack_social_post_already_shared":true,"jetpack_social_options":{"image_generator_settings":{"template":"highway","default_image_id":0,"font":"","enabled":false},"version":2}},"categories":[27,1,2],"tags":[],"class_list":["post-100888","post","type-post","status-publish","format-standard","has-post-thumbnail","hentry","category-blogu-i-udhetarit","category-njoftime-shtypi","category-politika"],"jetpack_publicize_connections":[],"jetpack_featured_media_url":"https:\/\/i0.wp.com\/www.shqiperia.com\/blog\/wp-content\/uploads\/2026\/06\/Screenshot-2026-05-30-180744-460x300-1.png?fit=460%2C300&ssl=1","jetpack_sharing_enabled":true,"jetpack_shortlink":"https:\/\/wp.me\/p5Z6wp-qfe","jetpack-related-posts":[{"id":100560,"url":"https:\/\/www.shqiperia.com\/blog\/korrupsionit-ne-nivele-te-larta-qeverisese-shehaj-paralajmeron-spak-nuk-ben-show-rama-do-te-perfundoje-ne-qeli\/","url_meta":{"origin":100888,"position":0},"title":"\u201cKorrupsionit n\u00eb nivele t\u00eb larta qeveris\u00ebse\u201d, Shehaj paralajm\u00ebron: &#8211; SPAK nuk b\u00ebn show, Rama do t\u00eb p\u00ebrfundoj\u00eb n\u00eb qeli..","author":"Kurt Farka","date":"May 22, 2026","format":false,"excerpt":"22 Maji 2026 Kreu i Partis\u00eb Mund\u00ebsia, Agron Shehaj ka komentuar situat\u00ebn politike n\u00eb vend dhe zhvillimet e fundit me fjalimin e kandidatit t\u00eb SHBA si ambasador n\u00eb Tiran\u00eb dhe raportin IBAR t\u00eb BE. N\u00eb nj\u00eb emision televiziv, ai u shpreh se SHBA dhe BE jan\u00eb n\u00eb nj\u00eb linj\u00eb sa\u2026","rel":"","context":"In &quot;Blogu i Udh\u00ebtarit&quot;","block_context":{"text":"Blogu i Udh\u00ebtarit","link":"https:\/\/www.shqiperia.com\/blog\/category\/blogu-i-udhetarit\/"},"img":{"alt_text":"","src":"https:\/\/i0.wp.com\/www.shqiperia.com\/blog\/wp-content\/uploads\/2026\/05\/640-0-agron-shehaj-edi-rama-300.jpg?fit=640%2C416&ssl=1&resize=350%2C200","width":350,"height":200,"srcset":"https:\/\/i0.wp.com\/www.shqiperia.com\/blog\/wp-content\/uploads\/2026\/05\/640-0-agron-shehaj-edi-rama-300.jpg?fit=640%2C416&ssl=1&resize=350%2C200 1x, https:\/\/i0.wp.com\/www.shqiperia.com\/blog\/wp-content\/uploads\/2026\/05\/640-0-agron-shehaj-edi-rama-300.jpg?fit=640%2C416&ssl=1&resize=525%2C300 1.5x"},"classes":[]},{"id":105306,"url":"https:\/\/www.shqiperia.com\/blog\/jo-vetem-mirlinda-karcanaj-dhjetera-zyrtare-te-filmuar-ne-zyret-cfare-fshihet-ne-celularet-e-sekuestruar-te-ergys-agasit\/","url_meta":{"origin":100888,"position":1},"title":"Jo vet\u00ebm Mirlinda Kar\u00e7anaj, dhjet\u00ebra zyrtar\u00eb t\u00eb filmuar n\u00eb zyr\u00ebt: &#8211; \u00c7far\u00eb fshihet n\u00eb celular\u00ebt e sekuestruar t\u00eb Ergys Agasit?","author":"Kurt Farka","date":"August 27, 2026","format":false,"excerpt":"27 Gusht 2026 Gazetarja Klodiana Lala n\u00eb nj\u00eb intervist\u00eb n\u00eb studion e \u201cNews24\u201d, foli p\u00ebr arrestimin e Ergys Agasit. Gazetaraja Lala ka b\u00ebr\u00eb nj\u00eb pasqyrim t\u00eb zhvillimeve duke b\u00ebr\u00eb kronologjin\u00eb e ngjarjeve, nga hetimet te momentin i nd\u00ebrhyrjen p\u00ebr arrestimin e Agasit. Ajo theksoi se Agasi kishte nj\u00eb pushtet t\u00eb\u2026","rel":"","context":"In &quot;Blogu i Udh\u00ebtarit&quot;","block_context":{"text":"Blogu i Udh\u00ebtarit","link":"https:\/\/www.shqiperia.com\/blog\/category\/blogu-i-udhetarit\/"},"img":{"alt_text":"","src":"https:\/\/i0.wp.com\/www.shqiperia.com\/blog\/wp-content\/uploads\/2026\/08\/lala.jpg?fit=702%2C356&ssl=1&resize=350%2C200","width":350,"height":200,"srcset":"https:\/\/i0.wp.com\/www.shqiperia.com\/blog\/wp-content\/uploads\/2026\/08\/lala.jpg?fit=702%2C356&ssl=1&resize=350%2C200 1x, https:\/\/i0.wp.com\/www.shqiperia.com\/blog\/wp-content\/uploads\/2026\/08\/lala.jpg?fit=702%2C356&ssl=1&resize=525%2C300 1.5x, https:\/\/i0.wp.com\/www.shqiperia.com\/blog\/wp-content\/uploads\/2026\/08\/lala.jpg?fit=702%2C356&ssl=1&resize=700%2C400 2x"},"classes":[]},{"id":100882,"url":"https:\/\/www.shqiperia.com\/blog\/cfare-e-tremb-vertet-edi-ramen-lala-brenda-10-ditesh-mund-te-sekuestrohen\/","url_meta":{"origin":100888,"position":2},"title":"\u201c\u00c7far\u00eb e tremb v\u00ebrtet Edi Ram\u00ebn?\u201d, Lala: Brenda 10 dit\u00ebsh mund t\u00eb sekuestrohen\u2026","author":"Kurt Farka","date":"June 1, 2026","format":false,"excerpt":"1 Qershor 2026 E ftuar n\u00eb emisionin \u201cStudio24\u201d, gazetarja Klodiana Lala, ka l\u00ebshuar nj\u00eb deklarat\u00eb t\u00eb fort\u00eb, duke zbuluar se kryeministri Edi Rama i trembet m\u00eb shum\u00eb l\u00ebvizjeve t\u00eb SPAK-ut sesa revolt\u00ebs qytetare. Sipas gazetares, dit\u00ebt n\u00eb vijim pritet t\u00eb sjellin zhvillime dramatike q\u00eb mund t\u00eb \u00e7ojn\u00eb n\u00eb sekuestrimin e\u2026","rel":"","context":"In &quot;Blogu i Udh\u00ebtarit&quot;","block_context":{"text":"Blogu i Udh\u00ebtarit","link":"https:\/\/www.shqiperia.com\/blog\/category\/blogu-i-udhetarit\/"},"img":{"alt_text":"","src":"https:\/\/i0.wp.com\/www.shqiperia.com\/blog\/wp-content\/uploads\/2026\/06\/00000000000000-1-1.jpg?fit=1018%2C707&ssl=1&resize=350%2C200","width":350,"height":200,"srcset":"https:\/\/i0.wp.com\/www.shqiperia.com\/blog\/wp-content\/uploads\/2026\/06\/00000000000000-1-1.jpg?fit=1018%2C707&ssl=1&resize=350%2C200 1x, https:\/\/i0.wp.com\/www.shqiperia.com\/blog\/wp-content\/uploads\/2026\/06\/00000000000000-1-1.jpg?fit=1018%2C707&ssl=1&resize=525%2C300 1.5x, https:\/\/i0.wp.com\/www.shqiperia.com\/blog\/wp-content\/uploads\/2026\/06\/00000000000000-1-1.jpg?fit=1018%2C707&ssl=1&resize=700%2C400 2x"},"classes":[]},{"id":104714,"url":"https:\/\/www.shqiperia.com\/blog\/klodiana-lala-priten-zhvillime-nga-dosja-aruba\/","url_meta":{"origin":100888,"position":3},"title":"Klodiana Lala: &#8211; Priten zhvillime nga dosja \u201cAruba\u201d","author":"Kurt Farka","date":"August 18, 2026","format":false,"excerpt":"18 Gusht 2026 Gazetarja Klodiana Lala, e ftuar n\u00eb \u201cNews24\u201d, ka analizuar ecurin\u00eb e disa prej dosjeve m\u00eb t\u00eb r\u00ebnd\u00ebsishme q\u00eb po hetohen nga SPAK, duke nisur nga r\u00ebndimi i pozit\u00ebs ligjore t\u00eb ish-z\u00ebvend\u00ebskryeministres Belinda Balluku, hetimet mbi pasurin\u00eb e Erion Veliajt, e deri te aferat e AKSHI-t dhe dosja\u2026","rel":"","context":"In &quot;Blogu i Udh\u00ebtarit&quot;","block_context":{"text":"Blogu i Udh\u00ebtarit","link":"https:\/\/www.shqiperia.com\/blog\/category\/blogu-i-udhetarit\/"},"img":{"alt_text":"","src":"https:\/\/i0.wp.com\/www.shqiperia.com\/blog\/wp-content\/uploads\/2026\/08\/Klodiana-Lala.jpg?fit=1200%2C620&ssl=1&resize=350%2C200","width":350,"height":200,"srcset":"https:\/\/i0.wp.com\/www.shqiperia.com\/blog\/wp-content\/uploads\/2026\/08\/Klodiana-Lala.jpg?fit=1200%2C620&ssl=1&resize=350%2C200 1x, https:\/\/i0.wp.com\/www.shqiperia.com\/blog\/wp-content\/uploads\/2026\/08\/Klodiana-Lala.jpg?fit=1200%2C620&ssl=1&resize=525%2C300 1.5x, https:\/\/i0.wp.com\/www.shqiperia.com\/blog\/wp-content\/uploads\/2026\/08\/Klodiana-Lala.jpg?fit=1200%2C620&ssl=1&resize=700%2C400 2x, https:\/\/i0.wp.com\/www.shqiperia.com\/blog\/wp-content\/uploads\/2026\/08\/Klodiana-Lala.jpg?fit=1200%2C620&ssl=1&resize=1050%2C600 3x"},"classes":[]},{"id":105179,"url":"https:\/\/www.shqiperia.com\/blog\/7-muaj-ne-krye-te-spak-braho-atrofizon-institucionin-asnje-arrestim-ne-politike\/","url_meta":{"origin":100888,"position":4},"title":"7 muaj n\u00eb krye t\u00eb SPAK, Braho atrofizon institucionin, asnj\u00eb arrestim n\u00eb politik\u00eb.","author":"Kurt Farka","date":"August 25, 2026","format":false,"excerpt":"25 Gusht 2026 Pritshm\u00ebrit\u00eb e m\u00ebdha q\u00eb shoq\u00ebruan marrjen e drejtimit t\u00eb Prokuroris\u00eb s\u00eb Posa\u00e7me (SPAK) nga Klodjan Braho n\u00eb dhjetor t\u00eb vitit 2025, t\u00eb mb\u00ebshtetura nga nj\u00eb proces p\u00ebrzgjedhjeje me bekimin e partner\u00ebve amerikan\u00eb dhe garancin\u00eb e Altin Dumanit, jan\u00eb shnd\u00ebrruar n\u00eb nj\u00eb zhg\u00ebnjim t\u00eb thell\u00eb publik. N\u00eb vend\u2026","rel":"","context":"In &quot;Blogu i Udh\u00ebtarit&quot;","block_context":{"text":"Blogu i Udh\u00ebtarit","link":"https:\/\/www.shqiperia.com\/blog\/category\/blogu-i-udhetarit\/"},"img":{"alt_text":"","src":"https:\/\/i0.wp.com\/www.shqiperia.com\/blog\/wp-content\/uploads\/2026\/08\/SPAKU.png?fit=658%2C364&ssl=1&resize=350%2C200","width":350,"height":200,"srcset":"https:\/\/i0.wp.com\/www.shqiperia.com\/blog\/wp-content\/uploads\/2026\/08\/SPAKU.png?fit=658%2C364&ssl=1&resize=350%2C200 1x, https:\/\/i0.wp.com\/www.shqiperia.com\/blog\/wp-content\/uploads\/2026\/08\/SPAKU.png?fit=658%2C364&ssl=1&resize=525%2C300 1.5x"},"classes":[]},{"id":101236,"url":"https:\/\/www.shqiperia.com\/blog\/shqiperia-nuk-eshte-ne-shitje-lubonja-flet-nga-protesta-sistemi-i-rames-ka-grabitur-vendin-te-permbysim-pushtetin\/","url_meta":{"origin":100888,"position":5},"title":"\u2018Shqip\u00ebria nuk \u00ebsht\u00eb n\u00eb shitje\u2019, Lubonja flet nga protesta: Sistemi i Ram\u00ebs ka grabitur vendin, t\u00eb p\u00ebrmbysim pushtetin","author":"Kurt Farka","date":"June 7, 2026","format":false,"excerpt":"7 Qershor 2026 Dita e tet\u00eb e protest\u00ebs pa s\u00ebrish mij\u00ebra qytetar\u00eb q\u00eb marshuan nga sheshi Sk\u00ebnderbej te Kryeministria ku protestuan s\u00ebrish kund\u00ebr nd\u00ebrtimit t\u00eb resortit n\u00eb Zv\u00ebrnec. Sakaq, n\u00eb podiumin e improvizuar foli edhe analisti Fatos Lubonja. Ai u shpreh se rasti i Zv\u00ebrnecit tregoi se si funksionon sistemi\u2026","rel":"","context":"In &quot;Blogu i Udh\u00ebtarit&quot;","block_context":{"text":"Blogu i Udh\u00ebtarit","link":"https:\/\/www.shqiperia.com\/blog\/category\/blogu-i-udhetarit\/"},"img":{"alt_text":"","src":"https:\/\/i0.wp.com\/www.shqiperia.com\/blog\/wp-content\/uploads\/2026\/06\/luboinja-979x570-1.jpg?fit=979%2C570&ssl=1&resize=350%2C200","width":350,"height":200,"srcset":"https:\/\/i0.wp.com\/www.shqiperia.com\/blog\/wp-content\/uploads\/2026\/06\/luboinja-979x570-1.jpg?fit=979%2C570&ssl=1&resize=350%2C200 1x, https:\/\/i0.wp.com\/www.shqiperia.com\/blog\/wp-content\/uploads\/2026\/06\/luboinja-979x570-1.jpg?fit=979%2C570&ssl=1&resize=525%2C300 1.5x, https:\/\/i0.wp.com\/www.shqiperia.com\/blog\/wp-content\/uploads\/2026\/06\/luboinja-979x570-1.jpg?fit=979%2C570&ssl=1&resize=700%2C400 2x"},"classes":[]}],"_links":{"self":[{"href":"https:\/\/www.shqiperia.com\/blog\/wp-json\/wp\/v2\/posts\/100888","targetHints":{"allow":["GET"]}}],"collection":[{"href":"https:\/\/www.shqiperia.com\/blog\/wp-json\/wp\/v2\/posts"}],"about":[{"href":"https:\/\/www.shqiperia.com\/blog\/wp-json\/wp\/v2\/types\/post"}],"author":[{"embeddable":true,"href":"https:\/\/www.shqiperia.com\/blog\/wp-json\/wp\/v2\/users\/9"}],"replies":[{"embeddable":true,"href":"https:\/\/www.shqiperia.com\/blog\/wp-json\/wp\/v2\/comments?post=100888"}],"version-history":[{"count":1,"href":"https:\/\/www.shqiperia.com\/blog\/wp-json\/wp\/v2\/posts\/100888\/revisions"}],"predecessor-version":[{"id":100890,"href":"https:\/\/www.shqiperia.com\/blog\/wp-json\/wp\/v2\/posts\/100888\/revisions\/100890"}],"wp:featuredmedia":[{"embeddable":true,"href":"https:\/\/www.shqiperia.com\/blog\/wp-json\/wp\/v2\/media\/100889"}],"wp:attachment":[{"href":"https:\/\/www.shqiperia.com\/blog\/wp-json\/wp\/v2\/media?parent=100888"}],"wp:term":[{"taxonomy":"category","embeddable":true,"href":"https:\/\/www.shqiperia.com\/blog\/wp-json\/wp\/v2\/categories?post=100888"},{"taxonomy":"post_tag","embeddable":true,"href":"https:\/\/www.shqiperia.com\/blog\/wp-json\/wp\/v2\/tags?post=100888"}],"curies":[{"name":"wp","href":"https:\/\/api.w.org\/{rel}","templated":true}]}}