{"id":100885,"date":"2026-06-01T21:01:36","date_gmt":"2026-06-01T21:01:36","guid":{"rendered":"https:\/\/www.shqiperia.com\/blog\/?p=100885"},"modified":"2026-06-01T21:01:36","modified_gmt":"2026-06-01T21:01:36","slug":"ferri-i-dantes-mes-mitit-dhe-shkences-hipoteza-e-re-per-nje-perplasje-asteroidesh-ne-toke","status":"publish","type":"post","link":"https:\/\/www.shqiperia.com\/blog\/ferri-i-dantes-mes-mitit-dhe-shkences-hipoteza-e-re-per-nje-perplasje-asteroidesh-ne-toke\/","title":{"rendered":"Ferri i Dantes mes mitit dhe shkenc\u00ebs: Hipoteza e re p\u00ebr nj\u00eb p\u00ebrplasje asteroidesh n\u00eb tok\u00eb"},"content":{"rendered":"<p><img data-recalc-dims=\"1\" loading=\"lazy\" decoding=\"async\" data-attachment-id=\"100886\" data-permalink=\"https:\/\/www.shqiperia.com\/blog\/ferri-i-dantes-mes-mitit-dhe-shkences-hipoteza-e-re-per-nje-perplasje-asteroidesh-ne-toke\/auto_-900-0-1779978477xinferno-di-dante-1020x680-4531779985600\/\" data-orig-file=\"https:\/\/i0.wp.com\/www.shqiperia.com\/blog\/wp-content\/uploads\/2026\/06\/auto_-900-0-1779978477xinferno-di-dante-1020x680-4531779985600.jpg?fit=900%2C600&amp;ssl=1\" data-orig-size=\"900,600\" data-comments-opened=\"1\" data-image-meta=\"{&quot;aperture&quot;:&quot;0&quot;,&quot;credit&quot;:&quot;&quot;,&quot;camera&quot;:&quot;&quot;,&quot;caption&quot;:&quot;&quot;,&quot;created_timestamp&quot;:&quot;0&quot;,&quot;copyright&quot;:&quot;&quot;,&quot;focal_length&quot;:&quot;0&quot;,&quot;iso&quot;:&quot;0&quot;,&quot;shutter_speed&quot;:&quot;0&quot;,&quot;title&quot;:&quot;&quot;,&quot;orientation&quot;:&quot;0&quot;}\" data-image-title=\"auto_-900-0-1779978477xinferno-di-dante-1020&#215;680-4531779985600\" data-image-description=\"\" data-image-caption=\"\" data-medium-file=\"https:\/\/i0.wp.com\/www.shqiperia.com\/blog\/wp-content\/uploads\/2026\/06\/auto_-900-0-1779978477xinferno-di-dante-1020x680-4531779985600.jpg?fit=300%2C200&amp;ssl=1\" data-large-file=\"https:\/\/i0.wp.com\/www.shqiperia.com\/blog\/wp-content\/uploads\/2026\/06\/auto_-900-0-1779978477xinferno-di-dante-1020x680-4531779985600.jpg?fit=900%2C600&amp;ssl=1\" class=\"alignnone  wp-image-100886\" alt=\"\" src=\"https:\/\/i0.wp.com\/www.shqiperia.com\/blog\/wp-content\/uploads\/2026\/06\/auto_-900-0-1779978477xinferno-di-dante-1020x680-4531779985600.jpg?resize=521%2C347&#038;ssl=1\" width=\"521\" height=\"347\" srcset=\"https:\/\/i0.wp.com\/www.shqiperia.com\/blog\/wp-content\/uploads\/2026\/06\/auto_-900-0-1779978477xinferno-di-dante-1020x680-4531779985600.jpg?resize=300%2C200&amp;ssl=1 300w, https:\/\/i0.wp.com\/www.shqiperia.com\/blog\/wp-content\/uploads\/2026\/06\/auto_-900-0-1779978477xinferno-di-dante-1020x680-4531779985600.jpg?resize=768%2C512&amp;ssl=1 768w, https:\/\/i0.wp.com\/www.shqiperia.com\/blog\/wp-content\/uploads\/2026\/06\/auto_-900-0-1779978477xinferno-di-dante-1020x680-4531779985600.jpg?resize=600%2C400&amp;ssl=1 600w, https:\/\/i0.wp.com\/www.shqiperia.com\/blog\/wp-content\/uploads\/2026\/06\/auto_-900-0-1779978477xinferno-di-dante-1020x680-4531779985600.jpg?resize=450%2C300&amp;ssl=1 450w, https:\/\/i0.wp.com\/www.shqiperia.com\/blog\/wp-content\/uploads\/2026\/06\/auto_-900-0-1779978477xinferno-di-dante-1020x680-4531779985600.jpg?resize=400%2C267&amp;ssl=1 400w, https:\/\/i0.wp.com\/www.shqiperia.com\/blog\/wp-content\/uploads\/2026\/06\/auto_-900-0-1779978477xinferno-di-dante-1020x680-4531779985600.jpg?w=900&amp;ssl=1 900w\" sizes=\"auto, (max-width: 521px) 100vw, 521px\" \/><\/p>\n<p>1 Qershor 2026<\/p>\n<p>Nj\u00eb teori e re, e prezantuar n\u00eb Asamblen\u00eb e P\u00ebrgjithshme t\u00eb Unionit Evropian t\u00eb Gjeoshkencave, sugjeron se \u2018Ferri\u2019 i Dante Alighierit mund t\u00eb p\u00ebrshkruaj\u00eb jo vet\u00ebm nj\u00eb udh\u00ebtim shpirt\u00ebror, por edhe nj\u00eb transformim fizik t\u00eb Tok\u00ebs.<\/p>\n<p>Sipas studiuesit amerikan Timothy Burbery, figura e Satanait n\u00eb \u2018Komedin\u00eb Hyjnore\u2019 mund t\u00eb p\u00ebrfaq\u00ebsoj\u00eb nj\u00eb asteroid gjigant q\u00eb u p\u00ebrplas me Tok\u00ebn dhe krijoi nj\u00eb krater masiv, vet\u00eb Ferrin.<\/p>\n<p>Burbery, ekspert i geomitologjis\u00eb, fusha q\u00eb studion lidhjet midis miteve dhe ngjarjeve reale gjeologjike, argumenton se Satani nuk ishte thjesht nj\u00eb frym\u00eb e lig\u00eb e d\u00ebbuar nga Zoti, por edhe nj\u00eb trup qiellor q\u00eb goditi hemisfer\u00ebn jugore t\u00eb Tok\u00ebs dhe u fundos pran\u00eb b\u00ebrtham\u00ebs s\u00eb saj. Sipas tij, p\u00ebrplasja krijoi nj\u00eb krater gjigant n\u00eb form\u00eb hinke, t\u00eb cilin Dante e p\u00ebrshkruan si Ferrin, nd\u00ebrsa materiali i nxjerr\u00eb nga impakti formoi, n\u00eb an\u00ebn tjet\u00ebr t\u00eb planetit, Malin e Purgatorit.<\/p>\n<p>P\u00ebr t\u00eb ilustruar p\u00ebrmasat e k\u00ebsaj ngjarjeje hipotetike, studiuesi e krahason at\u00eb me impaktin e Chicxulub, p\u00ebrplasjen kozmike q\u00eb besohet se shkaktoi zhdukjen e dinosaur\u00ebve rreth 66 milion\u00eb vjet m\u00eb par\u00eb. Ai e p\u00ebrshkruan \u2018Satanin\u2019 e Dantes si nj\u00eb objekt t\u00eb ngjash\u00ebm me meteoritin Hoba, guri m\u00eb i madh hap\u00ebsinor i gjetur ndonj\u00ebher\u00eb n\u00eb Tok\u00eb, me pesh\u00eb rreth 64 ton.<\/p>\n<p>Nj\u00eb tjet\u00ebr element q\u00eb Burbery interpreton n\u00eb m\u00ebnyr\u00eb gjeologjike jan\u00eb n\u00ebnt\u00eb rrath\u00ebt e Ferrit. Sipas tij, ato mund t\u00eb krahasohen me unazat koncentrike q\u00eb v\u00ebrehen n\u00eb krateret e impakteve n\u00eb planet\u00eb dhe satelit\u00eb t\u00eb Sistemit Diellor, si H\u00ebna apo Venusi.<\/p>\n<p>\u2018Komed\u00eda Hyjnore\u2019 \u00ebsht\u00eb si Piramidat: her\u00eb pas here shfaqen teori t\u00eb reja, pak a shum\u00eb t\u00eb besueshme, mbi natyr\u00ebn dhe kuptimin e saj.<\/p>\n<p>Megjithat\u00eb, vlen t\u00eb theksohet se, t\u00eb pakt\u00ebn p\u00ebr momentin, kjo hipotez\u00eb \u00ebsht\u00eb paraqitur vet\u00ebm n\u00eb nj\u00eb konferenc\u00eb dhe ende nuk mb\u00ebshtetet nga nj\u00eb botim n\u00eb nj\u00eb revist\u00eb shkencore t\u00eb rishikuar nga koleg\u00ebt.<\/p>\n<p>Mbetet p\u00ebr t\u2019u par\u00eb n\u00ebse Dante kishte nj\u00eb kuptim intuitiv t\u00eb fizik\u00ebs s\u00eb impakteve kozmike, apo n\u00ebse ai p\u00ebrshkroi, pa vet\u00ebdije, fenomene reale gjeologjike.<\/p>\n","protected":false},"excerpt":{"rendered":"<p>1 Qershor 2026 Nj\u00eb teori e re, e prezantuar n\u00eb Asamblen\u00eb e P\u00ebrgjithshme t\u00eb Unionit Evropian t\u00eb Gjeoshkencave, sugjeron se \u2018Ferri\u2019 i Dante Alighierit mund t\u00eb p\u00ebrshkruaj\u00eb jo vet\u00ebm nj\u00eb udh\u00ebtim shpirt\u00ebror, por edhe nj\u00eb transformim fizik t\u00eb Tok\u00ebs. Sipas studiuesit amerikan Timothy Burbery, figura e Satanait n\u00eb \u2018Komedin\u00eb Hyjnore\u2019 mund t\u00eb p\u00ebrfaq\u00ebsoj\u00eb nj\u00eb asteroid [&hellip;]<\/p>\n","protected":false},"author":9,"featured_media":100886,"comment_status":"open","ping_status":"open","sticky":false,"template":"","format":"standard","meta":{"jetpack_post_was_ever_published":false,"_jetpack_newsletter_access":"","_jetpack_dont_email_post_to_subs":false,"_jetpack_newsletter_tier_id":0,"_jetpack_memberships_contains_paywalled_content":false,"_jetpack_memberships_contains_paid_content":false,"footnotes":"","jetpack_publicize_message":"","jetpack_publicize_feature_enabled":true,"jetpack_social_post_already_shared":true,"jetpack_social_options":{"image_generator_settings":{"template":"highway","default_image_id":0,"font":"","enabled":false},"version":2}},"categories":[85,35],"tags":[],"class_list":["post-100885","post","type-post","status-publish","format-standard","has-post-thumbnail","hentry","category-histori","category-shoqerore"],"jetpack_publicize_connections":[],"jetpack_featured_media_url":"https:\/\/i0.wp.com\/www.shqiperia.com\/blog\/wp-content\/uploads\/2026\/06\/auto_-900-0-1779978477xinferno-di-dante-1020x680-4531779985600.jpg?fit=900%2C600&ssl=1","jetpack_sharing_enabled":true,"jetpack_shortlink":"https:\/\/wp.me\/p5Z6wp-qfb","jetpack-related-posts":[{"id":103805,"url":"https:\/\/www.shqiperia.com\/blog\/toka-po-behet-me-e-erret-shkencetaret-japin-alarmin-ngrohja-globale-po-pershpejton-ndryshimin-e-planetit\/","url_meta":{"origin":100885,"position":0},"title":"Toka po b\u00ebhet m\u00eb e err\u00ebt, shkenc\u00ebtar\u00ebt japin alarmin: &#8211; Ngrohja globale po p\u00ebrshpejton ndryshimin e planetit","author":"Kurt Farka","date":"August 4, 2026","format":false,"excerpt":"4 Gusht 2026 Ndryshimi i klim\u00ebs nuk po matet vet\u00ebm p\u00ebrmes rritjes s\u00eb temperaturave. Nj\u00eb tjet\u00ebr tregues shqet\u00ebsues q\u00eb po v\u00ebzhgojn\u00eb shkenc\u00ebtar\u00ebt \u00ebsht\u00eb edhe ndryshimi i shk\u00eblqimit t\u00eb Tok\u00ebs: planeti po humbet gradualisht aft\u00ebsin\u00eb e tij natyrore p\u00ebr t\u00eb reflektuar rrezet e Diellit drejt hap\u00ebsir\u00ebs. Ky fenomen njihet si ulja\u2026","rel":"","context":"In &quot;Blogu i Udh\u00ebtarit&quot;","block_context":{"text":"Blogu i Udh\u00ebtarit","link":"https:\/\/www.shqiperia.com\/blog\/category\/blogu-i-udhetarit\/"},"img":{"alt_text":"","src":"https:\/\/i0.wp.com\/www.shqiperia.com\/blog\/wp-content\/uploads\/2026\/08\/b78dde7c-ap19227568082481.jpg?fit=1200%2C720&ssl=1&resize=350%2C200","width":350,"height":200,"srcset":"https:\/\/i0.wp.com\/www.shqiperia.com\/blog\/wp-content\/uploads\/2026\/08\/b78dde7c-ap19227568082481.jpg?fit=1200%2C720&ssl=1&resize=350%2C200 1x, https:\/\/i0.wp.com\/www.shqiperia.com\/blog\/wp-content\/uploads\/2026\/08\/b78dde7c-ap19227568082481.jpg?fit=1200%2C720&ssl=1&resize=525%2C300 1.5x, https:\/\/i0.wp.com\/www.shqiperia.com\/blog\/wp-content\/uploads\/2026\/08\/b78dde7c-ap19227568082481.jpg?fit=1200%2C720&ssl=1&resize=700%2C400 2x, https:\/\/i0.wp.com\/www.shqiperia.com\/blog\/wp-content\/uploads\/2026\/08\/b78dde7c-ap19227568082481.jpg?fit=1200%2C720&ssl=1&resize=1050%2C600 3x"},"classes":[]},{"id":100659,"url":"https:\/\/www.shqiperia.com\/blog\/ekspertet-ngrene-alarmin-popullsia-e-tokes-mund-te-pergjysmohet-deri-ne-vitin-2064-shkak-pandemite-ndryshimet-klimatike-dhe\/","url_meta":{"origin":100885,"position":1},"title":"Ekspert\u00ebt ngren\u00eb alarmin\/ Popullsia e Tok\u00ebs mund t\u00eb p\u00ebrgjysmohet deri n\u00eb vitin 2064, shkak pandemit\u00eb, ndryshimet klimatike dhe\u2026","author":"Kurt Farka","date":"May 26, 2026","format":false,"excerpt":"26 Maji 2026 Ekspert\u00ebt paralajm\u00ebrojn\u00eb se popullsia e Tok\u00ebs mund t\u00eb p\u00ebrgjysmohet deri n\u00eb vitin 2064, si pasoj\u00eb e krizave globale si ndryshimet klimatike, pandemit\u00eb, konfliktet apo mungesa e burimeve. Sipas nj\u00eb studimi t\u00eb publikuar n\u00eb revist\u00ebn shkencore Chaos, Solitons & Fractals, studiuesit nga Universiteti i Milanit analizuan rritjen e\u2026","rel":"","context":"In &quot;Blogu i Udh\u00ebtarit&quot;","block_context":{"text":"Blogu i Udh\u00ebtarit","link":"https:\/\/www.shqiperia.com\/blog\/category\/blogu-i-udhetarit\/"},"img":{"alt_text":"","src":"https:\/\/i0.wp.com\/www.shqiperia.com\/blog\/wp-content\/uploads\/2026\/05\/toka_sd-1.webp?fit=1200%2C675&ssl=1&resize=350%2C200","width":350,"height":200,"srcset":"https:\/\/i0.wp.com\/www.shqiperia.com\/blog\/wp-content\/uploads\/2026\/05\/toka_sd-1.webp?fit=1200%2C675&ssl=1&resize=350%2C200 1x, https:\/\/i0.wp.com\/www.shqiperia.com\/blog\/wp-content\/uploads\/2026\/05\/toka_sd-1.webp?fit=1200%2C675&ssl=1&resize=525%2C300 1.5x, https:\/\/i0.wp.com\/www.shqiperia.com\/blog\/wp-content\/uploads\/2026\/05\/toka_sd-1.webp?fit=1200%2C675&ssl=1&resize=700%2C400 2x, https:\/\/i0.wp.com\/www.shqiperia.com\/blog\/wp-content\/uploads\/2026\/05\/toka_sd-1.webp?fit=1200%2C675&ssl=1&resize=1050%2C600 3x"},"classes":[]},{"id":103039,"url":"https:\/\/www.shqiperia.com\/blog\/a-ka-ekzistuar-vertet-homeri-misteri-qe-historianet-vazhdojne-te-debatojne\/","url_meta":{"origin":100885,"position":2},"title":"A ka ekzistuar v\u00ebrtet Homeri? Misteri q\u00eb historian\u00ebt vazhdojn\u00eb t\u00eb debatojn\u00eb","author":"Kurt Farka","date":"July 21, 2026","format":false,"excerpt":"21 Korrik 2026 N\u00ebse pyesni se kush i shkroi Iliad\u00ebn ose Odisen\u00eb, kushdo q\u00eb ka njohuri p\u00ebr let\u00ebrsin\u00eb (ose \u00ebsht\u00eb i zoti n\u00eb loj\u00ebrat me pyetje) pa dyshim do t'ju thot\u00eb se autori ishte Homeri. Madje mund t'ju tregojn\u00eb se Homeri ishte nj\u00eb poet i Greqis\u00eb s\u00eb Lasht\u00eb, ndoshta me\u2026","rel":"","context":"In &quot;Histori&quot;","block_context":{"text":"Histori","link":"https:\/\/www.shqiperia.com\/blog\/category\/histori\/"},"img":{"alt_text":"","src":"https:\/\/i0.wp.com\/www.shqiperia.com\/blog\/wp-content\/uploads\/2026\/07\/homer-author-of-the-iliad-and-the-odyssey-considered-to-be-the-first-poet-of-the-occident-woodcut-from-1880-RD6WMC.jpg?fit=1150%2C1200&ssl=1&resize=350%2C200","width":350,"height":200,"srcset":"https:\/\/i0.wp.com\/www.shqiperia.com\/blog\/wp-content\/uploads\/2026\/07\/homer-author-of-the-iliad-and-the-odyssey-considered-to-be-the-first-poet-of-the-occident-woodcut-from-1880-RD6WMC.jpg?fit=1150%2C1200&ssl=1&resize=350%2C200 1x, https:\/\/i0.wp.com\/www.shqiperia.com\/blog\/wp-content\/uploads\/2026\/07\/homer-author-of-the-iliad-and-the-odyssey-considered-to-be-the-first-poet-of-the-occident-woodcut-from-1880-RD6WMC.jpg?fit=1150%2C1200&ssl=1&resize=525%2C300 1.5x, https:\/\/i0.wp.com\/www.shqiperia.com\/blog\/wp-content\/uploads\/2026\/07\/homer-author-of-the-iliad-and-the-odyssey-considered-to-be-the-first-poet-of-the-occident-woodcut-from-1880-RD6WMC.jpg?fit=1150%2C1200&ssl=1&resize=700%2C400 2x, https:\/\/i0.wp.com\/www.shqiperia.com\/blog\/wp-content\/uploads\/2026\/07\/homer-author-of-the-iliad-and-the-odyssey-considered-to-be-the-first-poet-of-the-occident-woodcut-from-1880-RD6WMC.jpg?fit=1150%2C1200&ssl=1&resize=1050%2C600 3x"},"classes":[]},{"id":105236,"url":"https:\/\/www.shqiperia.com\/blog\/grate-e-martuara-si-i-kontrollonin-burrat-dhe-mbronin-martesen-nje-histori-nga-mesjeta\/","url_meta":{"origin":100885,"position":3},"title":"Grat\u00eb e martuara, si i \u201ckontrollonin\u201d burrat dhe mbronin martes\u00ebn? Nj\u00eb histori nga mesjeta","author":"Kurt Farka","date":"August 26, 2026","format":false,"excerpt":"26 Gusht 2026 Ka histori q\u00eb mbijetojn\u00eb jo sepse jan\u00eb domosdoshm\u00ebrisht t\u00eb v\u00ebrteta, por sepse jan\u00eb tep\u00ebr t\u00eb bukura, t\u00eb \u00e7uditshme ose ironike p\u00ebr t\u2019u harruar. Mes tyre qarkullon edhe nj\u00eb rr\u00ebfim i pazakont\u00eb, q\u00eb pretendon se disa gra n\u00eb Mesjet\u00eb p\u00ebrdornin nj\u00eb m\u00ebnyr\u00eb t\u00eb fsheht\u00eb p\u00ebr t\u2019i mbajtur burrat\u2026","rel":"","context":"In &quot;Blogu i Udh\u00ebtarit&quot;","block_context":{"text":"Blogu i Udh\u00ebtarit","link":"https:\/\/www.shqiperia.com\/blog\/category\/blogu-i-udhetarit\/"},"img":{"alt_text":"","src":"https:\/\/i0.wp.com\/www.shqiperia.com\/blog\/wp-content\/uploads\/2026\/08\/640-0-gr-1787642714.jpg?fit=640%2C515&ssl=1&resize=350%2C200","width":350,"height":200,"srcset":"https:\/\/i0.wp.com\/www.shqiperia.com\/blog\/wp-content\/uploads\/2026\/08\/640-0-gr-1787642714.jpg?fit=640%2C515&ssl=1&resize=350%2C200 1x, https:\/\/i0.wp.com\/www.shqiperia.com\/blog\/wp-content\/uploads\/2026\/08\/640-0-gr-1787642714.jpg?fit=640%2C515&ssl=1&resize=525%2C300 1.5x"},"classes":[]},{"id":105050,"url":"https:\/\/www.shqiperia.com\/blog\/mbi-31-miliarde-kartemonedha-euro-ne-qarkullim-pse-evropianet-po-mbajne-gjithnje-e-me-shume-para-cash-ne-shtepi\/","url_meta":{"origin":100885,"position":4},"title":"Mbi 31 miliard\u00eb kart\u00ebmonedha euro n\u00eb qarkullim, pse evropian\u00ebt po mbajn\u00eb gjithnj\u00eb e m\u00eb shum\u00eb para cash n\u00eb sht\u00ebpi?","author":"Kurt Farka","date":"August 23, 2026","format":false,"excerpt":"23 Gusht 2026 N\u00eb nj\u00eb koh\u00eb kur pagesat me kart\u00eb, telefon apo or\u00eb inteligjente jan\u00eb b\u00ebr\u00eb pjes\u00eb e p\u00ebrditshm\u00ebris\u00eb, mund t\u00eb duket paradoksale q\u00eb gjithnj\u00eb e m\u00eb shum\u00eb evropian\u00eb po zgjedhin t\u00eb mbajn\u00eb para cash n\u00eb sht\u00ebpi. Por sipas Bank\u00ebs Qendrore Evropiane (BQE), kjo \u00ebsht\u00eb pik\u00ebrisht ajo q\u00eb po ndodh\u2026","rel":"","context":"In &quot;Blogu i Udh\u00ebtarit&quot;","block_context":{"text":"Blogu i Udh\u00ebtarit","link":"https:\/\/www.shqiperia.com\/blog\/category\/blogu-i-udhetarit\/"},"img":{"alt_text":"","src":"https:\/\/i0.wp.com\/www.shqiperia.com\/blog\/wp-content\/uploads\/2026\/08\/800-0-1787496351x1787495595-euro-354-6a8b0949be296.jpg?fit=800%2C451&ssl=1&resize=350%2C200","width":350,"height":200,"srcset":"https:\/\/i0.wp.com\/www.shqiperia.com\/blog\/wp-content\/uploads\/2026\/08\/800-0-1787496351x1787495595-euro-354-6a8b0949be296.jpg?fit=800%2C451&ssl=1&resize=350%2C200 1x, https:\/\/i0.wp.com\/www.shqiperia.com\/blog\/wp-content\/uploads\/2026\/08\/800-0-1787496351x1787495595-euro-354-6a8b0949be296.jpg?fit=800%2C451&ssl=1&resize=525%2C300 1.5x, https:\/\/i0.wp.com\/www.shqiperia.com\/blog\/wp-content\/uploads\/2026\/08\/800-0-1787496351x1787495595-euro-354-6a8b0949be296.jpg?fit=800%2C451&ssl=1&resize=700%2C400 2x"},"classes":[]},{"id":101950,"url":"https:\/\/www.shqiperia.com\/blog\/zef-preci-a-ka-shqiperia-luksin-te-shese-token\/","url_meta":{"origin":100885,"position":5},"title":"Zef Pre\u00e7i: &#8211; A ka Shqip\u00ebria luksin t\u00eb shes\u00eb tok\u00ebn?","author":"Kurt Farka","date":"June 28, 2026","format":false,"excerpt":"29 Qershor 2026 Projektligji parashikon q\u00eb t\u00eb huajt t\u00eb mund t\u00eb blejn\u00eb tok\u00eb bujq\u00ebsore private dhe tok\u00eb shtet\u00ebrore \u201ct\u00eb disponueshme\u201d, me kufij formal\u00eb prej 2 hektar\u00ebsh n\u00eb nj\u00eb bashki dhe deri n\u00eb 30 hektar\u00eb n\u00eb gjith\u00eb vendin, shtat\u00eb vite pas an\u00ebtar\u00ebsimit n\u00eb BE. N\u00eb gjuh\u00eb t\u00eb thjesht\u00eb, shteti po p\u00ebrgatitet\u2026","rel":"","context":"In &quot;Blogu i Udh\u00ebtarit&quot;","block_context":{"text":"Blogu i Udh\u00ebtarit","link":"https:\/\/www.shqiperia.com\/blog\/category\/blogu-i-udhetarit\/"},"img":{"alt_text":"","src":"https:\/\/i0.wp.com\/www.shqiperia.com\/blog\/wp-content\/uploads\/2026\/06\/farmland-and-village-on-the-plain-aerial-view-of-vast-farmland-and-village-video.jpg?fit=1200%2C675&ssl=1&resize=350%2C200","width":350,"height":200,"srcset":"https:\/\/i0.wp.com\/www.shqiperia.com\/blog\/wp-content\/uploads\/2026\/06\/farmland-and-village-on-the-plain-aerial-view-of-vast-farmland-and-village-video.jpg?fit=1200%2C675&ssl=1&resize=350%2C200 1x, https:\/\/i0.wp.com\/www.shqiperia.com\/blog\/wp-content\/uploads\/2026\/06\/farmland-and-village-on-the-plain-aerial-view-of-vast-farmland-and-village-video.jpg?fit=1200%2C675&ssl=1&resize=525%2C300 1.5x, https:\/\/i0.wp.com\/www.shqiperia.com\/blog\/wp-content\/uploads\/2026\/06\/farmland-and-village-on-the-plain-aerial-view-of-vast-farmland-and-village-video.jpg?fit=1200%2C675&ssl=1&resize=700%2C400 2x, https:\/\/i0.wp.com\/www.shqiperia.com\/blog\/wp-content\/uploads\/2026\/06\/farmland-and-village-on-the-plain-aerial-view-of-vast-farmland-and-village-video.jpg?fit=1200%2C675&ssl=1&resize=1050%2C600 3x"},"classes":[]}],"_links":{"self":[{"href":"https:\/\/www.shqiperia.com\/blog\/wp-json\/wp\/v2\/posts\/100885","targetHints":{"allow":["GET"]}}],"collection":[{"href":"https:\/\/www.shqiperia.com\/blog\/wp-json\/wp\/v2\/posts"}],"about":[{"href":"https:\/\/www.shqiperia.com\/blog\/wp-json\/wp\/v2\/types\/post"}],"author":[{"embeddable":true,"href":"https:\/\/www.shqiperia.com\/blog\/wp-json\/wp\/v2\/users\/9"}],"replies":[{"embeddable":true,"href":"https:\/\/www.shqiperia.com\/blog\/wp-json\/wp\/v2\/comments?post=100885"}],"version-history":[{"count":1,"href":"https:\/\/www.shqiperia.com\/blog\/wp-json\/wp\/v2\/posts\/100885\/revisions"}],"predecessor-version":[{"id":100887,"href":"https:\/\/www.shqiperia.com\/blog\/wp-json\/wp\/v2\/posts\/100885\/revisions\/100887"}],"wp:featuredmedia":[{"embeddable":true,"href":"https:\/\/www.shqiperia.com\/blog\/wp-json\/wp\/v2\/media\/100886"}],"wp:attachment":[{"href":"https:\/\/www.shqiperia.com\/blog\/wp-json\/wp\/v2\/media?parent=100885"}],"wp:term":[{"taxonomy":"category","embeddable":true,"href":"https:\/\/www.shqiperia.com\/blog\/wp-json\/wp\/v2\/categories?post=100885"},{"taxonomy":"post_tag","embeddable":true,"href":"https:\/\/www.shqiperia.com\/blog\/wp-json\/wp\/v2\/tags?post=100885"}],"curies":[{"name":"wp","href":"https:\/\/api.w.org\/{rel}","templated":true}]}}