{"id":100882,"date":"2026-06-01T20:56:18","date_gmt":"2026-06-01T20:56:18","guid":{"rendered":"https:\/\/www.shqiperia.com\/blog\/?p=100882"},"modified":"2026-06-01T20:56:18","modified_gmt":"2026-06-01T20:56:18","slug":"cfare-e-tremb-vertet-edi-ramen-lala-brenda-10-ditesh-mund-te-sekuestrohen","status":"publish","type":"post","link":"https:\/\/www.shqiperia.com\/blog\/cfare-e-tremb-vertet-edi-ramen-lala-brenda-10-ditesh-mund-te-sekuestrohen\/","title":{"rendered":"\u201c\u00c7far\u00eb e tremb v\u00ebrtet Edi Ram\u00ebn?\u201d, Lala: Brenda 10 dit\u00ebsh mund t\u00eb sekuestrohen\u2026"},"content":{"rendered":"<p><img data-recalc-dims=\"1\" loading=\"lazy\" decoding=\"async\" data-attachment-id=\"100883\" data-permalink=\"https:\/\/www.shqiperia.com\/blog\/cfare-e-tremb-vertet-edi-ramen-lala-brenda-10-ditesh-mund-te-sekuestrohen\/00000000000000-1-1\/\" data-orig-file=\"https:\/\/i0.wp.com\/www.shqiperia.com\/blog\/wp-content\/uploads\/2026\/06\/00000000000000-1-1.jpg?fit=1018%2C707&amp;ssl=1\" data-orig-size=\"1018,707\" data-comments-opened=\"1\" data-image-meta=\"{&quot;aperture&quot;:&quot;0&quot;,&quot;credit&quot;:&quot;Redaksia&quot;,&quot;camera&quot;:&quot;&quot;,&quot;caption&quot;:&quot;&quot;,&quot;created_timestamp&quot;:&quot;1773698232&quot;,&quot;copyright&quot;:&quot;&quot;,&quot;focal_length&quot;:&quot;0&quot;,&quot;iso&quot;:&quot;0&quot;,&quot;shutter_speed&quot;:&quot;0&quot;,&quot;title&quot;:&quot;&quot;,&quot;orientation&quot;:&quot;0&quot;}\" data-image-title=\"00000000000000-1 (1)\" data-image-description=\"\" data-image-caption=\"\" data-medium-file=\"https:\/\/i0.wp.com\/www.shqiperia.com\/blog\/wp-content\/uploads\/2026\/06\/00000000000000-1-1.jpg?fit=300%2C208&amp;ssl=1\" data-large-file=\"https:\/\/i0.wp.com\/www.shqiperia.com\/blog\/wp-content\/uploads\/2026\/06\/00000000000000-1-1.jpg?fit=1018%2C707&amp;ssl=1\" class=\"alignnone  wp-image-100883\" alt=\"\" src=\"https:\/\/i0.wp.com\/www.shqiperia.com\/blog\/wp-content\/uploads\/2026\/06\/00000000000000-1-1.jpg?resize=614%2C426&#038;ssl=1\" width=\"614\" height=\"426\" srcset=\"https:\/\/i0.wp.com\/www.shqiperia.com\/blog\/wp-content\/uploads\/2026\/06\/00000000000000-1-1.jpg?resize=300%2C208&amp;ssl=1 300w, https:\/\/i0.wp.com\/www.shqiperia.com\/blog\/wp-content\/uploads\/2026\/06\/00000000000000-1-1.jpg?resize=768%2C533&amp;ssl=1 768w, https:\/\/i0.wp.com\/www.shqiperia.com\/blog\/wp-content\/uploads\/2026\/06\/00000000000000-1-1.jpg?resize=450%2C313&amp;ssl=1 450w, https:\/\/i0.wp.com\/www.shqiperia.com\/blog\/wp-content\/uploads\/2026\/06\/00000000000000-1-1.jpg?resize=600%2C417&amp;ssl=1 600w, https:\/\/i0.wp.com\/www.shqiperia.com\/blog\/wp-content\/uploads\/2026\/06\/00000000000000-1-1.jpg?resize=400%2C278&amp;ssl=1 400w, https:\/\/i0.wp.com\/www.shqiperia.com\/blog\/wp-content\/uploads\/2026\/06\/00000000000000-1-1.jpg?w=1018&amp;ssl=1 1018w\" sizes=\"auto, (max-width: 614px) 100vw, 614px\" \/><\/p>\n<p>1 Qershor 2026<\/p>\n<p>E ftuar n\u00eb emisionin \u201cStudio24\u201d, gazetarja Klodiana Lala, ka l\u00ebshuar nj\u00eb deklarat\u00eb t\u00eb fort\u00eb, duke zbuluar se kryeministri Edi Rama i trembet m\u00eb shum\u00eb l\u00ebvizjeve t\u00eb SPAK-ut sesa revolt\u00ebs qytetare.<\/p>\n<p>Sipas gazetares, dit\u00ebt n\u00eb vijim pritet t\u00eb sjellin zhvillime dramatike q\u00eb mund t\u00eb \u00e7ojn\u00eb n\u00eb sekuestrimin e plot\u00eb t\u00eb pronave t\u00eb dyshuara si t\u00eb falsifikuara, nj\u00eb hap ky q\u00eb do t\u00eb sillte ngrirjen imediate t\u00eb t\u00eb gjith\u00eb projektit.<\/p>\n<p>\u201cM\u00eb shum\u00eb se nga protesta dhe \u00e7far\u00eb po ndodh, Rama trembet nga hetimi i prokuroris\u00eb SPAK. Mendoj se n\u00eb dit\u00ebt n\u00eb vijim mund t\u00eb ket\u00eb vendime q\u00eb mund t\u00eb shkojn\u00eb deri n\u00eb sekuestrim t\u00eb mundsh\u00ebm t\u00eb pron\u00ebs q\u00eb dyshohet e falsifikuar. Sekuestrimi sjell automatikisht nj\u00eb problem, pengohet komplet projekti,\u201d deklaroi Lala.<\/p>\n<p>Lala ka paralajm\u00ebruar se ky aksion i mundsh\u00ebm i drejt\u00ebsis\u00eb s\u00eb re nuk \u00ebsht\u00eb i larg\u00ebt, duke dh\u00ebn\u00eb edhe nj\u00eb afat kohor mjaft t\u00eb af\u00ebrt. Ky vendim jo vet\u00ebm q\u00eb do t\u00eb bllokonte punimet n\u00eb terren, por do t\u00eb krijonte nj\u00eb ng\u00ebr\u00e7 t\u00eb madh nd\u00ebrkomb\u00ebtar me vet\u00eb investitorin Jared Kushner.<\/p>\n<p>M\u00eb shum\u00eb se \u00e7do gj\u00eb tjet\u00ebr, kryeministrin e shqet\u00ebson pik\u00ebrisht ky veprim konkret i prokuror\u00ebve, i cili pritet t\u00eb ndodh\u00eb ndoshta brenda 10 dit\u00ebsh. Nj\u00eb sekuestro e till\u00eb preventive do t\u00eb godiste direkt themelet e marr\u00ebveshjes dhe do t\u00eb krijonte probleme serioze me Kushner vete, duke ekspozuar shtetin shqiptar p\u00ebrball\u00eb investitor\u00ebve t\u00eb huaj p\u00ebr shkak t\u00eb titujve t\u00eb pasigurt t\u00eb pron\u00ebsis\u00eb.<\/p>\n","protected":false},"excerpt":{"rendered":"<p>1 Qershor 2026 E ftuar n\u00eb emisionin \u201cStudio24\u201d, gazetarja Klodiana Lala, ka l\u00ebshuar nj\u00eb deklarat\u00eb t\u00eb fort\u00eb, duke zbuluar se kryeministri Edi Rama i trembet m\u00eb shum\u00eb l\u00ebvizjeve t\u00eb SPAK-ut sesa revolt\u00ebs qytetare. Sipas gazetares, dit\u00ebt n\u00eb vijim pritet t\u00eb sjellin zhvillime dramatike q\u00eb mund t\u00eb \u00e7ojn\u00eb n\u00eb sekuestrimin e plot\u00eb t\u00eb pronave t\u00eb dyshuara [&hellip;]<\/p>\n","protected":false},"author":9,"featured_media":100883,"comment_status":"open","ping_status":"open","sticky":false,"template":"","format":"standard","meta":{"jetpack_post_was_ever_published":false,"_jetpack_newsletter_access":"","_jetpack_dont_email_post_to_subs":false,"_jetpack_newsletter_tier_id":0,"_jetpack_memberships_contains_paywalled_content":false,"_jetpack_memberships_contains_paid_content":false,"footnotes":"","jetpack_publicize_message":"","jetpack_publicize_feature_enabled":true,"jetpack_social_post_already_shared":true,"jetpack_social_options":{"image_generator_settings":{"template":"highway","default_image_id":0,"font":"","enabled":false},"version":2}},"categories":[27,1,2],"tags":[],"class_list":["post-100882","post","type-post","status-publish","format-standard","has-post-thumbnail","hentry","category-blogu-i-udhetarit","category-njoftime-shtypi","category-politika"],"jetpack_publicize_connections":[],"jetpack_featured_media_url":"https:\/\/i0.wp.com\/www.shqiperia.com\/blog\/wp-content\/uploads\/2026\/06\/00000000000000-1-1.jpg?fit=1018%2C707&ssl=1","jetpack_sharing_enabled":true,"jetpack_shortlink":"https:\/\/wp.me\/p5Z6wp-qf8","jetpack-related-posts":[{"id":100888,"url":"https:\/\/www.shqiperia.com\/blog\/zverneci-do-te-perveloje-njerez-ne-nivel-te-larte-klodiana-lala-e-zbulon-ja-cfare-ka-ne-duar-spak\/","url_meta":{"origin":100882,"position":0},"title":"\u201c\u2018Zv\u00ebrneci\u2019 do t\u00eb p\u00ebrv\u00ebloj\u00eb njer\u00ebz n\u00eb nivel t\u00eb lart\u00eb\u201d, Klodiana Lala e zbulon: Ja \u00e7far\u00eb ka n\u00eb duar SPAK!","author":"Kurt Farka","date":"June 1, 2026","format":false,"excerpt":"1 Qershor 2026 Gazetarja e News24 Klodiana Lala ka zbuluar se hetimi n\u00eb i Prokuroris\u00eb s\u00eb Posa\u00e7me n\u00eb lidhje me Zv\u00ebrnecin ka nisur prej 1 viti e gjysm\u00eb, nd\u00ebrkoh\u00eb ka paralajm\u00ebruar se t\u00eb dh\u00ebnat q\u00eb SPAK ka n\u00eb duar, mund t\u00eb \u201cdjegin\u201d nivele t\u00eb larta n\u00eb politik\u00eb. \u201cJemi ende her\u00ebt\u2026","rel":"","context":"In &quot;Blogu i Udh\u00ebtarit&quot;","block_context":{"text":"Blogu i Udh\u00ebtarit","link":"https:\/\/www.shqiperia.com\/blog\/category\/blogu-i-udhetarit\/"},"img":{"alt_text":"","src":"https:\/\/i0.wp.com\/www.shqiperia.com\/blog\/wp-content\/uploads\/2026\/06\/Screenshot-2026-05-30-180744-460x300-1.png?fit=460%2C300&ssl=1&resize=350%2C200","width":350,"height":200},"classes":[]},{"id":105306,"url":"https:\/\/www.shqiperia.com\/blog\/jo-vetem-mirlinda-karcanaj-dhjetera-zyrtare-te-filmuar-ne-zyret-cfare-fshihet-ne-celularet-e-sekuestruar-te-ergys-agasit\/","url_meta":{"origin":100882,"position":1},"title":"Jo vet\u00ebm Mirlinda Kar\u00e7anaj, dhjet\u00ebra zyrtar\u00eb t\u00eb filmuar n\u00eb zyr\u00ebt: &#8211; \u00c7far\u00eb fshihet n\u00eb celular\u00ebt e sekuestruar t\u00eb Ergys Agasit?","author":"Kurt Farka","date":"August 27, 2026","format":false,"excerpt":"27 Gusht 2026 Gazetarja Klodiana Lala n\u00eb nj\u00eb intervist\u00eb n\u00eb studion e \u201cNews24\u201d, foli p\u00ebr arrestimin e Ergys Agasit. Gazetaraja Lala ka b\u00ebr\u00eb nj\u00eb pasqyrim t\u00eb zhvillimeve duke b\u00ebr\u00eb kronologjin\u00eb e ngjarjeve, nga hetimet te momentin i nd\u00ebrhyrjen p\u00ebr arrestimin e Agasit. Ajo theksoi se Agasi kishte nj\u00eb pushtet t\u00eb\u2026","rel":"","context":"In &quot;Blogu i Udh\u00ebtarit&quot;","block_context":{"text":"Blogu i Udh\u00ebtarit","link":"https:\/\/www.shqiperia.com\/blog\/category\/blogu-i-udhetarit\/"},"img":{"alt_text":"","src":"https:\/\/i0.wp.com\/www.shqiperia.com\/blog\/wp-content\/uploads\/2026\/08\/lala.jpg?fit=702%2C356&ssl=1&resize=350%2C200","width":350,"height":200,"srcset":"https:\/\/i0.wp.com\/www.shqiperia.com\/blog\/wp-content\/uploads\/2026\/08\/lala.jpg?fit=702%2C356&ssl=1&resize=350%2C200 1x, https:\/\/i0.wp.com\/www.shqiperia.com\/blog\/wp-content\/uploads\/2026\/08\/lala.jpg?fit=702%2C356&ssl=1&resize=525%2C300 1.5x, https:\/\/i0.wp.com\/www.shqiperia.com\/blog\/wp-content\/uploads\/2026\/08\/lala.jpg?fit=702%2C356&ssl=1&resize=700%2C400 2x"},"classes":[]},{"id":100753,"url":"https:\/\/www.shqiperia.com\/blog\/cfare-po-paralajmeron-edi-rama-per-belinda-ballukun-deklaron-se-nuk-do-nderhyjne-me-ne-sistemin-e-drejtesise-pas\/","url_meta":{"origin":100882,"position":2},"title":"\u00c7far\u00eb po paralajm\u00ebron Edi Rama p\u00ebr Belinda Ballukun, deklaron se nuk do nd\u00ebrhyjn\u00eb m\u00eb n\u00eb sistemin e drejt\u00ebsis\u00eb pas\u2026","author":"Kurt Farka","date":"May 30, 2026","format":false,"excerpt":"30 Maji 2026 N\u00eb kuad\u00ebr t\u00eb 35-vjetorit t\u00eb Partis\u00eb Socialiste, kryeministri Edi Rama gjat\u00eb nj\u00eb takimi n\u00eb Dib\u00ebr ka dh\u00ebn\u00eb dje sinjale se do t\u00eb \u201cl\u00ebshoj\u00eb\u201d ish-zv\/kryeministren Belinda Balluku dhe zyrtar\u00eb t\u00eb tjer\u00eb t\u00eb lart\u00eb socialist\u00eb q\u00eb po hetohen nga drejt\u00ebsia, kryesisht Prokuroria e Posa\u00e7me (SPAK) si t\u00eb p\u00ebrfshir\u00eb n\u00eb\u2026","rel":"","context":"In &quot;Blogu i Udh\u00ebtarit&quot;","block_context":{"text":"Blogu i Udh\u00ebtarit","link":"https:\/\/www.shqiperia.com\/blog\/category\/blogu-i-udhetarit\/"},"img":{"alt_text":"","src":"https:\/\/i0.wp.com\/www.shqiperia.com\/blog\/wp-content\/uploads\/2026\/05\/Balluku-Rama.jpg?resize=350%2C200&ssl=1","width":350,"height":200,"srcset":"https:\/\/i0.wp.com\/www.shqiperia.com\/blog\/wp-content\/uploads\/2026\/05\/Balluku-Rama.jpg?resize=350%2C200&ssl=1 1x, https:\/\/i0.wp.com\/www.shqiperia.com\/blog\/wp-content\/uploads\/2026\/05\/Balluku-Rama.jpg?resize=525%2C300&ssl=1 1.5x"},"classes":[]},{"id":103103,"url":"https:\/\/www.shqiperia.com\/blog\/fox-news-cnn-the-new-york-times-cbs-news-the-times-anadolu-agency-mediat-nderkombetare-zbarkojne-ne-spak\/","url_meta":{"origin":100882,"position":3},"title":"Fox News, CNN, The New York Times, CBS News, The Times, Anadolu Agency\/ Mediat nd\u00ebrkomb\u00ebtare \u201czbarkojn\u00eb\u201d n\u00eb SPAK","author":"Kurt Farka","date":"July 22, 2026","format":false,"excerpt":"22 Korrik 2026 Interesi i mediave\u00a0nd\u00ebrkomb\u00ebtare p\u00ebr projektet n\u00eb\u00a0bregdetin shqiptar, t\u00eb\u00a0lidhura me Jared\u00a0Kushner, dh\u00ebndrin e Presidentit amerikan Donald\u00a0Trump, kan\u00eb sjell\u00eb\u00a0nj\u00eb bresh\u00ebri pyetjesh p\u00ebr Prokurorin\u00eb e Posa\u00e7me. Mediat si\u00a0Fox News, CNN, The New York\u00a0Times, CBS News, The Times, Anadolu\u00a0Agency\u00a0dhe disa t\u00eb tjera\u00a0kan\u00eb k\u00ebrkuar\u00a0konfirmim n\u00ebse Prokuroria\u00a0e\u00a0Posa\u00e7me po heton\u00a0projektet turistike n\u00eb\u00a0Sazan, Zv\u00ebrnec apo\u00a0Vjos\u00eb-Nart\u00eb,\u2026","rel":"","context":"In &quot;Blogu i Udh\u00ebtarit&quot;","block_context":{"text":"Blogu i Udh\u00ebtarit","link":"https:\/\/www.shqiperia.com\/blog\/category\/blogu-i-udhetarit\/"},"img":{"alt_text":"","src":"https:\/\/i0.wp.com\/www.shqiperia.com\/blog\/wp-content\/uploads\/2026\/07\/6a60cd6da34ec-1.png?fit=1200%2C630&ssl=1&resize=350%2C200","width":350,"height":200,"srcset":"https:\/\/i0.wp.com\/www.shqiperia.com\/blog\/wp-content\/uploads\/2026\/07\/6a60cd6da34ec-1.png?fit=1200%2C630&ssl=1&resize=350%2C200 1x, https:\/\/i0.wp.com\/www.shqiperia.com\/blog\/wp-content\/uploads\/2026\/07\/6a60cd6da34ec-1.png?fit=1200%2C630&ssl=1&resize=525%2C300 1.5x, https:\/\/i0.wp.com\/www.shqiperia.com\/blog\/wp-content\/uploads\/2026\/07\/6a60cd6da34ec-1.png?fit=1200%2C630&ssl=1&resize=700%2C400 2x, https:\/\/i0.wp.com\/www.shqiperia.com\/blog\/wp-content\/uploads\/2026\/07\/6a60cd6da34ec-1.png?fit=1200%2C630&ssl=1&resize=1050%2C600 3x"},"classes":[]},{"id":105288,"url":"https:\/\/www.shqiperia.com\/blog\/arrestimi-i-agasit-reagon-shehaj-radha-e-rames-e-kishte-krah-te-djathte-e-mbrojti-nderkombetarisht\/","url_meta":{"origin":100882,"position":4},"title":"Arrestimi i Agasit, reagon Shehaj: Radha e Ram\u00ebs, e kishte krah t\u00eb djatht\u00eb, e mbrojti nd\u00ebrkomb\u00ebtarisht","author":"Kurt Farka","date":"August 27, 2026","format":false,"excerpt":"27 Gusht 2026 Kryetari i Partis\u00eb Mund\u00ebsia Agron Shehaj ka reaguar lidhur me arrestimin e Ergys Agasit, i shpallur n\u00eb k\u00ebrkim nga SPAK n\u00eb kuad\u00ebr t\u00eb dosjes s\u00eb AKSHI-t. N\u00eb nj\u00eb video n\u00eb rrjetet sociale Shehaj thekson se Agasi ishte krahu i djatht\u00eb i kryeministrit dhe se tani radha \u00ebsht\u00eb\u2026","rel":"","context":"In &quot;Blogu i Udh\u00ebtarit&quot;","block_context":{"text":"Blogu i Udh\u00ebtarit","link":"https:\/\/www.shqiperia.com\/blog\/category\/blogu-i-udhetarit\/"},"img":{"alt_text":"","src":"https:\/\/i0.wp.com\/www.shqiperia.com\/blog\/wp-content\/uploads\/2026\/08\/shehaj-3.jpg?fit=621%2C323&ssl=1&resize=350%2C200","width":350,"height":200,"srcset":"https:\/\/i0.wp.com\/www.shqiperia.com\/blog\/wp-content\/uploads\/2026\/08\/shehaj-3.jpg?fit=621%2C323&ssl=1&resize=350%2C200 1x, https:\/\/i0.wp.com\/www.shqiperia.com\/blog\/wp-content\/uploads\/2026\/08\/shehaj-3.jpg?fit=621%2C323&ssl=1&resize=525%2C300 1.5x"},"classes":[]},{"id":101236,"url":"https:\/\/www.shqiperia.com\/blog\/shqiperia-nuk-eshte-ne-shitje-lubonja-flet-nga-protesta-sistemi-i-rames-ka-grabitur-vendin-te-permbysim-pushtetin\/","url_meta":{"origin":100882,"position":5},"title":"\u2018Shqip\u00ebria nuk \u00ebsht\u00eb n\u00eb shitje\u2019, Lubonja flet nga protesta: Sistemi i Ram\u00ebs ka grabitur vendin, t\u00eb p\u00ebrmbysim pushtetin","author":"Kurt Farka","date":"June 7, 2026","format":false,"excerpt":"7 Qershor 2026 Dita e tet\u00eb e protest\u00ebs pa s\u00ebrish mij\u00ebra qytetar\u00eb q\u00eb marshuan nga sheshi Sk\u00ebnderbej te Kryeministria ku protestuan s\u00ebrish kund\u00ebr nd\u00ebrtimit t\u00eb resortit n\u00eb Zv\u00ebrnec. Sakaq, n\u00eb podiumin e improvizuar foli edhe analisti Fatos Lubonja. Ai u shpreh se rasti i Zv\u00ebrnecit tregoi se si funksionon sistemi\u2026","rel":"","context":"In &quot;Blogu i Udh\u00ebtarit&quot;","block_context":{"text":"Blogu i Udh\u00ebtarit","link":"https:\/\/www.shqiperia.com\/blog\/category\/blogu-i-udhetarit\/"},"img":{"alt_text":"","src":"https:\/\/i0.wp.com\/www.shqiperia.com\/blog\/wp-content\/uploads\/2026\/06\/luboinja-979x570-1.jpg?fit=979%2C570&ssl=1&resize=350%2C200","width":350,"height":200,"srcset":"https:\/\/i0.wp.com\/www.shqiperia.com\/blog\/wp-content\/uploads\/2026\/06\/luboinja-979x570-1.jpg?fit=979%2C570&ssl=1&resize=350%2C200 1x, https:\/\/i0.wp.com\/www.shqiperia.com\/blog\/wp-content\/uploads\/2026\/06\/luboinja-979x570-1.jpg?fit=979%2C570&ssl=1&resize=525%2C300 1.5x, https:\/\/i0.wp.com\/www.shqiperia.com\/blog\/wp-content\/uploads\/2026\/06\/luboinja-979x570-1.jpg?fit=979%2C570&ssl=1&resize=700%2C400 2x"},"classes":[]}],"_links":{"self":[{"href":"https:\/\/www.shqiperia.com\/blog\/wp-json\/wp\/v2\/posts\/100882","targetHints":{"allow":["GET"]}}],"collection":[{"href":"https:\/\/www.shqiperia.com\/blog\/wp-json\/wp\/v2\/posts"}],"about":[{"href":"https:\/\/www.shqiperia.com\/blog\/wp-json\/wp\/v2\/types\/post"}],"author":[{"embeddable":true,"href":"https:\/\/www.shqiperia.com\/blog\/wp-json\/wp\/v2\/users\/9"}],"replies":[{"embeddable":true,"href":"https:\/\/www.shqiperia.com\/blog\/wp-json\/wp\/v2\/comments?post=100882"}],"version-history":[{"count":1,"href":"https:\/\/www.shqiperia.com\/blog\/wp-json\/wp\/v2\/posts\/100882\/revisions"}],"predecessor-version":[{"id":100884,"href":"https:\/\/www.shqiperia.com\/blog\/wp-json\/wp\/v2\/posts\/100882\/revisions\/100884"}],"wp:featuredmedia":[{"embeddable":true,"href":"https:\/\/www.shqiperia.com\/blog\/wp-json\/wp\/v2\/media\/100883"}],"wp:attachment":[{"href":"https:\/\/www.shqiperia.com\/blog\/wp-json\/wp\/v2\/media?parent=100882"}],"wp:term":[{"taxonomy":"category","embeddable":true,"href":"https:\/\/www.shqiperia.com\/blog\/wp-json\/wp\/v2\/categories?post=100882"},{"taxonomy":"post_tag","embeddable":true,"href":"https:\/\/www.shqiperia.com\/blog\/wp-json\/wp\/v2\/tags?post=100882"}],"curies":[{"name":"wp","href":"https:\/\/api.w.org\/{rel}","templated":true}]}}