{"id":100879,"date":"2026-06-01T20:50:07","date_gmt":"2026-06-01T20:50:07","guid":{"rendered":"https:\/\/www.shqiperia.com\/blog\/?p=100879"},"modified":"2026-06-01T20:50:07","modified_gmt":"2026-06-01T20:50:07","slug":"jeton-me-makthin-e-mafies-qe-kur-u-nda-nga-une-lubonja-per-deklaraten-e-rames-ia-la-shqiperine-krimit-te","status":"publish","type":"post","link":"https:\/\/www.shqiperia.com\/blog\/jeton-me-makthin-e-mafies-qe-kur-u-nda-nga-une-lubonja-per-deklaraten-e-rames-ia-la-shqiperine-krimit-te\/","title":{"rendered":"\u201cJeton me makthin e mafies q\u00eb kur u nda nga un\u00eb!\u201d\/ Lubonja p\u00ebr deklarat\u00ebn e Ram\u00ebs: Ia la Shqip\u00ebrin\u00eb krimit t\u00eb\u2026"},"content":{"rendered":"<p><img data-recalc-dims=\"1\" loading=\"lazy\" decoding=\"async\" data-attachment-id=\"100880\" data-permalink=\"https:\/\/www.shqiperia.com\/blog\/jeton-me-makthin-e-mafies-qe-kur-u-nda-nga-une-lubonja-per-deklaraten-e-rames-ia-la-shqiperine-krimit-te\/img_1800\/\" data-orig-file=\"https:\/\/i0.wp.com\/www.shqiperia.com\/blog\/wp-content\/uploads\/2026\/06\/IMG_1800.jpeg?fit=599%2C378&amp;ssl=1\" data-orig-size=\"599,378\" data-comments-opened=\"1\" data-image-meta=\"{&quot;aperture&quot;:&quot;0&quot;,&quot;credit&quot;:&quot;&quot;,&quot;camera&quot;:&quot;&quot;,&quot;caption&quot;:&quot;&quot;,&quot;created_timestamp&quot;:&quot;0&quot;,&quot;copyright&quot;:&quot;&quot;,&quot;focal_length&quot;:&quot;0&quot;,&quot;iso&quot;:&quot;0&quot;,&quot;shutter_speed&quot;:&quot;0&quot;,&quot;title&quot;:&quot;&quot;,&quot;orientation&quot;:&quot;1&quot;}\" data-image-title=\"IMG_1800\" data-image-description=\"\" data-image-caption=\"\" data-medium-file=\"https:\/\/i0.wp.com\/www.shqiperia.com\/blog\/wp-content\/uploads\/2026\/06\/IMG_1800.jpeg?fit=300%2C189&amp;ssl=1\" data-large-file=\"https:\/\/i0.wp.com\/www.shqiperia.com\/blog\/wp-content\/uploads\/2026\/06\/IMG_1800.jpeg?fit=599%2C378&amp;ssl=1\" class=\"alignnone  wp-image-100880\" alt=\"\" src=\"https:\/\/i0.wp.com\/www.shqiperia.com\/blog\/wp-content\/uploads\/2026\/06\/IMG_1800.jpeg?resize=621%2C391&#038;ssl=1\" width=\"621\" height=\"391\" srcset=\"https:\/\/i0.wp.com\/www.shqiperia.com\/blog\/wp-content\/uploads\/2026\/06\/IMG_1800.jpeg?resize=300%2C189&amp;ssl=1 300w, https:\/\/i0.wp.com\/www.shqiperia.com\/blog\/wp-content\/uploads\/2026\/06\/IMG_1800.jpeg?resize=450%2C284&amp;ssl=1 450w, https:\/\/i0.wp.com\/www.shqiperia.com\/blog\/wp-content\/uploads\/2026\/06\/IMG_1800.jpeg?resize=400%2C252&amp;ssl=1 400w, https:\/\/i0.wp.com\/www.shqiperia.com\/blog\/wp-content\/uploads\/2026\/06\/IMG_1800.jpeg?w=599&amp;ssl=1 599w\" sizes=\"auto, (max-width: 621px) 100vw, 621px\" \/><\/p>\n<p>1 Qershor 2026<\/p>\n<p>Analisti Fatos Lubonja ka reaguar ndaj deklaratave t\u00eb kryeministrit Edi Rama lidhur me debatin p\u00ebr projektin n\u00eb Zv\u00ebrnec, duke e akuzuar se ka braktisur vizionin q\u00eb dikur i bashkonte dhe se ka favorizuar interesa t\u00eb lidhura me krimin e organizuar.<\/p>\n<p>Duke folur n\u00eb nj\u00eb intervist\u00eb televizive, Lubonja kujtoi marr\u00ebdh\u00ebnien e hershme me Ram\u00ebn, duke th\u00ebn\u00eb se t\u00eb dy i bashkonte nj\u00eb vizion i p\u00ebrbashk\u00ebt p\u00ebr zhvillimin e vendit dhe t\u00eb Tiran\u00ebs.<\/p>\n<p>Ai kund\u00ebrshtoi gjithashtu deklarat\u00ebn e Ram\u00ebs se ai \u201cjeton me makthin e mafies\u201d, duke b\u00ebr\u00eb dallimin mes makthit dhe frik\u00ebs reale. Sipas Lubonj\u00ebs, Shqip\u00ebria po p\u00ebrballet me nj\u00eb zgjerim t\u00eb ndikimit t\u00eb grupeve kriminale n\u00eb hap\u00ebsirat publike dhe n\u00eb zhvillimin ekonomik t\u00eb vendit.<\/p>\n<p>\u201cKy ia ka l\u00ebn\u00eb terrenin krimit t\u00eb organizuar. Nes\u00ebr nuk do t\u00eb hyjm\u00eb dot si njer\u00ebz t\u00eb lir\u00eb n\u00eb Zv\u00ebrnec. Po zaptohet gjith\u00e7ka. Prona publike po u jepet privat\u00ebve dhe klient\u00ebve t\u00eb lidhur me oligarkin\u00eb kriminale dhe krimin e organizuar\u201d, deklaroi analisti.<\/p>\n<p>Fatos Lubonja: Sot ai tha q\u00eb \u201cky m\u00eb mori mua n\u00ebp\u00ebr goj\u00eb atje\u201d po, dhe tha q\u00eb \u201cLubonja nuk \u00ebsht\u00eb m\u00eb miku im se i kthen t\u00eb gjitha gj\u00ebrat sipas qejfit\u201d.<br \/>\nKemi qen\u00eb miq, \u00e7far\u00eb na bashkonte ne? Dhe nuk u ndam\u00eb as un\u00eb nga ai, as ai nga un\u00eb n\u00eb kuptimin se s\u2019isha pjes\u00eb e Partis\u00eb Socialiste ndonjehere. Ky ishte njeriu q\u00eb kishte nj\u00eb tjet\u00ebr vizion p\u00ebr bot\u00ebn dhe n\u00eb qoft\u00eb se na bashkonin, na bashkonin n\u00eb revist\u00ebn q\u00eb drejtoja un\u00eb, ky ishte an\u00ebtar bordi, ky vizioni p\u00ebr Tiran\u00ebn, p\u00ebr zhvillimin e Shqip\u00ebris\u00eb midis t\u00eb tjerave.<br \/>\nKur u ndan nga un\u00eb shkoi tek mafia e nd\u00ebrtimit sipas asaj q\u00eb Meta ia ka quajtur \u201cnj\u00eb pallat, nj\u00eb vot\u00eb\u201d p\u00ebr t\u00eb marr\u00eb pushtetin, kupton?<br \/>\nJa pra, ky \u00ebsht\u00eb ndryshimi i vizionit q\u00eb ka b\u00ebr\u00eb, q\u00eb ka tradhtuar, dhe kjo \u00ebsht\u00eb \u00e7\u00ebshtja. Tani thot\u00eb \u201cun\u00eb po b\u00ebj k\u00ebto mrekullira dhe ky shef mafie\u201d, sepse un\u00eb them q\u00eb k\u00ebto jan\u00eb pastrim parash sot, apo jo? Dhe i kam par\u00eb me koh\u00eb si, si rreziqe, q\u00eb tani k\u00ebtu nuk \u00ebsht\u00eb m\u00eb q\u00eb ka makthin e mafies se \u00ebsht\u00eb fjal\u00eb e bukur. Akthi \u00ebsht\u00eb kur ti nuk e sheh gj\u00ebn\u00eb q\u00eb t\u00eb rrezikon po e imagjinon, imagjinon. Un\u00eb nuk, kam fare makthin. Un\u00eb kam frik\u00ebn. Frika \u00ebsht\u00eb tjet\u00ebr. Frika \u00ebsht\u00eb kur e sheh. Dometh\u00ebn\u00eb, nj\u00eb \u00ebsht\u00eb t\u00eb kesh frik\u00eb \u201cse mos m\u00eb ha luani\u201d, nj\u00eb gj\u00eb \u00ebsht\u00eb kur t\u00eb del luani p\u00ebrpara. E kuptoj. Dometh\u00ebn\u00eb, \u201cse mos m\u00eb ha luani\u201d \u00ebsht\u00eb makth se mos vjen luani, kur e ke p\u00ebrpara luani \u00ebsht\u00eb fakt.<br \/>\nNe kemi faktin p\u00ebrpara. Ne kemi k\u00ebt\u00eb q\u00eb pam\u00eb, njeriun q\u00eb u t\u00ebrhoq zvarr\u00eb nga njer\u00ebzit e krimit sipas meje. Dhe u t\u00ebrhoq zvarr\u00eb me nj\u00eb polici q\u00eb nuk vepronte fare Dhe u t\u00ebrhoq zvarr\u00eb edhe si nj\u00eb frik\u00ebsim p\u00ebr t\u00eb gjith\u00eb.<br \/>\nKy ia ka l\u00ebn\u00eb terrenin krimit t\u00eb organizuar, terrenin shqiptar. Pra ne do t\u00eb kontrollohemi nga k\u00ebta njer\u00ebz, se nes\u00ebr ti nuk shkon dot atje, nuk hyn dot si njeri i lir\u00eb atje, si njeri, kupton ti? K\u00ebta kan\u00eb zaptuar gjith\u00e7ka, po zaptojn\u00eb gjith\u00e7ka. At\u00eb q\u00eb ishte pron\u00eb publike ia ka dh\u00ebn\u00eb privat\u00ebve, klient\u00ebve t\u00eb vet q\u00eb jan\u00eb oligarkia kriminale e lidhur me krimin e organizua.<\/p>\n","protected":false},"excerpt":{"rendered":"<p>1 Qershor 2026 Analisti Fatos Lubonja ka reaguar ndaj deklaratave t\u00eb kryeministrit Edi Rama lidhur me debatin p\u00ebr projektin n\u00eb Zv\u00ebrnec, duke e akuzuar se ka braktisur vizionin q\u00eb dikur i bashkonte dhe se ka favorizuar interesa t\u00eb lidhura me krimin e organizuar. Duke folur n\u00eb nj\u00eb intervist\u00eb televizive, Lubonja kujtoi marr\u00ebdh\u00ebnien e hershme me [&hellip;]<\/p>\n","protected":false},"author":9,"featured_media":100880,"comment_status":"open","ping_status":"open","sticky":false,"template":"","format":"standard","meta":{"jetpack_post_was_ever_published":false,"_jetpack_newsletter_access":"","_jetpack_dont_email_post_to_subs":false,"_jetpack_newsletter_tier_id":0,"_jetpack_memberships_contains_paywalled_content":false,"_jetpack_memberships_contains_paid_content":false,"footnotes":"","jetpack_publicize_message":"","jetpack_publicize_feature_enabled":true,"jetpack_social_post_already_shared":true,"jetpack_social_options":{"image_generator_settings":{"template":"highway","default_image_id":0,"font":"","enabled":false},"version":2}},"categories":[27,2,35],"tags":[],"class_list":["post-100879","post","type-post","status-publish","format-standard","has-post-thumbnail","hentry","category-blogu-i-udhetarit","category-politika","category-shoqerore"],"jetpack_publicize_connections":[],"jetpack_featured_media_url":"https:\/\/i0.wp.com\/www.shqiperia.com\/blog\/wp-content\/uploads\/2026\/06\/IMG_1800.jpeg?fit=599%2C378&ssl=1","jetpack_sharing_enabled":true,"jetpack_shortlink":"https:\/\/wp.me\/p5Z6wp-qf5","jetpack-related-posts":[{"id":103045,"url":"https:\/\/www.shqiperia.com\/blog\/pas-gjithe-kesaj-proteste-duhet-te-shkojme-ne-zgjedhje-lubonja-kerkesat-jane-te-panegociueshme\/","url_meta":{"origin":100879,"position":0},"title":"\u201cPas gjith\u00eb k\u00ebsaj proteste duhet t\u00eb shkojm\u00eb n\u00eb zgjedhje\u201d\/ Lubonja: &#8211; K\u00ebrkesat jan\u00eb t\u00eb panegociueshme!","author":"Kurt Farka","date":"July 21, 2026","format":false,"excerpt":"21 Korrik 2026 Analisti Fatos Lubonja u shpreh sot n\u00eb nj\u00eb lidhje direkte n\u00eb nj\u00eb studio televizive se pas protest\u00ebs dhe rezistenc\u00ebs qytetare prej 52 dit\u00ebsh, duhet t\u00eb shkohej n\u00eb zgjedhje t\u00eb reja dhe largim t\u00eb qeveris\u00eb s\u00eb Edi Ram\u00ebs. Ai u shpreh se k\u00ebrkesat e protestuesve jan\u00eb t\u00eb panegociueshme.\u2026","rel":"","context":"In &quot;Blogu i Udh\u00ebtarit&quot;","block_context":{"text":"Blogu i Udh\u00ebtarit","link":"https:\/\/www.shqiperia.com\/blog\/category\/blogu-i-udhetarit\/"},"img":{"alt_text":"","src":"https:\/\/i0.wp.com\/www.shqiperia.com\/blog\/wp-content\/uploads\/2026\/07\/fatos-lubonja-1.jpg?fit=1200%2C675&ssl=1&resize=350%2C200","width":350,"height":200,"srcset":"https:\/\/i0.wp.com\/www.shqiperia.com\/blog\/wp-content\/uploads\/2026\/07\/fatos-lubonja-1.jpg?fit=1200%2C675&ssl=1&resize=350%2C200 1x, https:\/\/i0.wp.com\/www.shqiperia.com\/blog\/wp-content\/uploads\/2026\/07\/fatos-lubonja-1.jpg?fit=1200%2C675&ssl=1&resize=525%2C300 1.5x, https:\/\/i0.wp.com\/www.shqiperia.com\/blog\/wp-content\/uploads\/2026\/07\/fatos-lubonja-1.jpg?fit=1200%2C675&ssl=1&resize=700%2C400 2x, https:\/\/i0.wp.com\/www.shqiperia.com\/blog\/wp-content\/uploads\/2026\/07\/fatos-lubonja-1.jpg?fit=1200%2C675&ssl=1&resize=1050%2C600 3x"},"classes":[]},{"id":102173,"url":"https:\/\/www.shqiperia.com\/blog\/shteti-i-kapur-prova-eshte-aruba-lubonja-ne-vend-te-arrestojne-ramen-per-korrupsionin-ndalojne-protestuesit-pse-hodhen-veze-balla-provokoi\/","url_meta":{"origin":100879,"position":1},"title":"\u201cShteti i kapur, prova \u00ebsht\u00eb Aruba\u201d- Lubonja: N\u00eb vend t\u00eb arrestojn\u00eb Ram\u00ebn p\u00ebr korrupsionin, ndalojn\u00eb protestuesit pse hodh\u00ebn vez\u00eb! Balla provokoi","author":"Kurt Farka","date":"July 2, 2026","format":false,"excerpt":"2 Korrik 2026 Analisti Fatos Lubonja komentoi protest\u00ebn e qytetar\u00ebve dhe aktivist\u00ebve sot para parlamentit, ku Policia ushtroi dhun\u00eb me gaz lotsjell\u00ebs, spraj me piper dhe topa uji, duke shoq\u00ebruar edhe t\u00eb pakt\u00ebn 20 prej tyre me forc\u00eb. Ai e d\u00ebnoi k\u00ebt\u00eb dhun\u00eb policore dhe shtet\u00ebrore, duke b\u00ebr\u00eb p\u00ebrgjegj\u00ebse qeverin\u00eb,\u2026","rel":"","context":"In &quot;Blogu i Udh\u00ebtarit&quot;","block_context":{"text":"Blogu i Udh\u00ebtarit","link":"https:\/\/www.shqiperia.com\/blog\/category\/blogu-i-udhetarit\/"},"img":{"alt_text":"","src":"https:\/\/i0.wp.com\/www.shqiperia.com\/blog\/wp-content\/uploads\/2026\/07\/fatos-lubonja.jpg?fit=700%2C375&ssl=1&resize=350%2C200","width":350,"height":200,"srcset":"https:\/\/i0.wp.com\/www.shqiperia.com\/blog\/wp-content\/uploads\/2026\/07\/fatos-lubonja.jpg?fit=700%2C375&ssl=1&resize=350%2C200 1x, https:\/\/i0.wp.com\/www.shqiperia.com\/blog\/wp-content\/uploads\/2026\/07\/fatos-lubonja.jpg?fit=700%2C375&ssl=1&resize=525%2C300 1.5x, https:\/\/i0.wp.com\/www.shqiperia.com\/blog\/wp-content\/uploads\/2026\/07\/fatos-lubonja.jpg?fit=700%2C375&ssl=1&resize=700%2C400 2x"},"classes":[]},{"id":102167,"url":"https:\/\/www.shqiperia.com\/blog\/lubonja-presidenti-asnje-reagim-e-turpshme\/","url_meta":{"origin":100879,"position":2},"title":"Lubonja: &#8211; Presidenti asnj\u00eb reagim, e turpshme!","author":"Kurt Farka","date":"July 2, 2026","format":false,"excerpt":"2 Korrik 2026 Analisti Fatos Lubonja n\u00eb nj\u00eb intervist\u00eb n\u00eb \u201cNews24\u201d foli p\u00ebr zhvillimet e fundit politike duke u ndalur te protesta e sotme e mbajtur para Kuvendit. Gjat\u00eb intervist\u00ebs, Lubonja tha se protestuesit n\u00eb gjith\u00eb k\u00ebto dit\u00eb kan\u00eb zhvilluar nj\u00eb revolucion paq\u00ebsor. Sipas tij, kryeministri Edi Rama ka p\u00ebrdoru\u2026","rel":"","context":"In &quot;Blogu i Udh\u00ebtarit&quot;","block_context":{"text":"Blogu i Udh\u00ebtarit","link":"https:\/\/www.shqiperia.com\/blog\/category\/blogu-i-udhetarit\/"},"img":{"alt_text":"","src":"https:\/\/i0.wp.com\/www.shqiperia.com\/blog\/wp-content\/uploads\/2026\/07\/Screenshot_115-768x430-1-1.jpeg?fit=768%2C430&ssl=1&resize=350%2C200","width":350,"height":200,"srcset":"https:\/\/i0.wp.com\/www.shqiperia.com\/blog\/wp-content\/uploads\/2026\/07\/Screenshot_115-768x430-1-1.jpeg?fit=768%2C430&ssl=1&resize=350%2C200 1x, https:\/\/i0.wp.com\/www.shqiperia.com\/blog\/wp-content\/uploads\/2026\/07\/Screenshot_115-768x430-1-1.jpeg?fit=768%2C430&ssl=1&resize=525%2C300 1.5x, https:\/\/i0.wp.com\/www.shqiperia.com\/blog\/wp-content\/uploads\/2026\/07\/Screenshot_115-768x430-1-1.jpeg?fit=768%2C430&ssl=1&resize=700%2C400 2x"},"classes":[]},{"id":102161,"url":"https:\/\/www.shqiperia.com\/blog\/qeveria-ka-nje-mllef-te-madh-po-e-shkarkon-ndaj-protestuesve-lubonja-rama-me-gjuhe-dhune-e-denigruese-turp\/","url_meta":{"origin":100879,"position":3},"title":"\u201cQeveria ka nj\u00eb mllef t\u00eb madh, po e shkarkon ndaj protestuesve\u201d\/ Lubonja: &#8211; Rama me gjuh\u00eb dhune e denigruese, turp","author":"Kurt Farka","date":"July 2, 2026","format":false,"excerpt":"2 Korrik 2026 Analisti Fatos Lubonja n\u00eb nj\u00eb intervist\u00eb televizive foli p\u00ebr zhvillimet e fundit politike duke u ndalur te protesta e sotme e mbajtur para Kuvendit. Gjat\u00eb intervist\u00ebs, Lubonja tha se protestuesit n\u00eb gjith\u00eb k\u00ebto dit\u00eb kan\u00eb zhvilluar nj\u00eb revolucion paq\u00ebsor. Sipas tij, kryeministri Edi Rama ka p\u00ebrdoru nj\u00eb\u2026","rel":"","context":"In &quot;Njoftime Shtypi&quot;","block_context":{"text":"Njoftime Shtypi","link":"https:\/\/www.shqiperia.com\/blog\/category\/njoftime-shtypi\/"},"img":{"alt_text":"","src":"https:\/\/i0.wp.com\/www.shqiperia.com\/blog\/wp-content\/uploads\/2026\/07\/fatos-lubonjaa.jpg?fit=640%2C331&ssl=1&resize=350%2C200","width":350,"height":200,"srcset":"https:\/\/i0.wp.com\/www.shqiperia.com\/blog\/wp-content\/uploads\/2026\/07\/fatos-lubonjaa.jpg?fit=640%2C331&ssl=1&resize=350%2C200 1x, https:\/\/i0.wp.com\/www.shqiperia.com\/blog\/wp-content\/uploads\/2026\/07\/fatos-lubonjaa.jpg?fit=640%2C331&ssl=1&resize=525%2C300 1.5x"},"classes":[]},{"id":103730,"url":"https:\/\/www.shqiperia.com\/blog\/lubonja-jemi-ne-nje-regjim-kriminal-ne-nje-shtet-normal-rama-do-te-kishte-dhene-doreheqjen-dhe-ps-do-e-largonte\/","url_meta":{"origin":100879,"position":4},"title":"Lubonja: &#8211; Jemi n\u00eb nj\u00eb regjim kriminal  &#8211; N\u00eb nj\u00eb shtet normal, Rama do t\u00eb kishte dh\u00ebn\u00eb dor\u00ebheqjen dhe PS do e largonte.","author":"Kurt Farka","date":"August 4, 2026","format":false,"excerpt":"4 Gusht 2026 Analisti i njohur Fatos Lubonja, i ftuar n\u00eb\u00a0 nj\u00eb studio televizive ka b\u00ebr\u00eb nj\u00eb analiz\u00eb t\u00eb ashp\u00ebr t\u00eb situat\u00ebs politike n\u00eb vend dhe val\u00ebs s\u00eb protestave masive kund\u00ebr kryeministrit Edi Rama dhe qeveris\u00eb s\u00eb tij. Gjat\u00eb fjal\u00ebs s\u00eb tij, Lubonja u shpreh se n\u00eb nj\u00eb shtet normal\u2026","rel":"","context":"In &quot;Blogu i Udh\u00ebtarit&quot;","block_context":{"text":"Blogu i Udh\u00ebtarit","link":"https:\/\/www.shqiperia.com\/blog\/category\/blogu-i-udhetarit\/"},"img":{"alt_text":"","src":"https:\/\/i0.wp.com\/www.shqiperia.com\/blog\/wp-content\/uploads\/2026\/08\/Lubonja-Rama.webp?fit=1200%2C700&ssl=1&resize=350%2C200","width":350,"height":200,"srcset":"https:\/\/i0.wp.com\/www.shqiperia.com\/blog\/wp-content\/uploads\/2026\/08\/Lubonja-Rama.webp?fit=1200%2C700&ssl=1&resize=350%2C200 1x, https:\/\/i0.wp.com\/www.shqiperia.com\/blog\/wp-content\/uploads\/2026\/08\/Lubonja-Rama.webp?fit=1200%2C700&ssl=1&resize=525%2C300 1.5x, https:\/\/i0.wp.com\/www.shqiperia.com\/blog\/wp-content\/uploads\/2026\/08\/Lubonja-Rama.webp?fit=1200%2C700&ssl=1&resize=700%2C400 2x, https:\/\/i0.wp.com\/www.shqiperia.com\/blog\/wp-content\/uploads\/2026\/08\/Lubonja-Rama.webp?fit=1200%2C700&ssl=1&resize=1050%2C600 3x"},"classes":[]},{"id":103966,"url":"https:\/\/www.shqiperia.com\/blog\/shqiptari-nga-gjermania-ia-numeron-rames-na-ka-vjedhur-kjo-eshte-mundesia-e-fundit-per-ndryshim\/","url_meta":{"origin":100879,"position":5},"title":"Shqiptari nga Gjermania ia num\u00ebron Ram\u00ebs: = Na ka vjedhur! Kjo \u00ebsht\u00eb mund\u00ebsia e fundit p\u00ebr ndryshim","author":"Kurt Farka","date":"August 7, 2026","format":false,"excerpt":"7 Gusht 2026 \u201cPo mos t\u00eb ishte News24, protesta do t\u00eb ishte shuar\u201d. Nj\u00eb qytetar shqiptar q\u00eb jeton n\u00eb Gjermani i \u00ebsht\u00eb bashkuar protest\u00ebs s\u00eb zhvilluar n\u00eb Sheshin Sk\u00ebnderbej, duke e cil\u00ebsuar at\u00eb si nj\u00eb nga momentet m\u00eb t\u00eb r\u00ebnd\u00ebsishme p\u00ebr vendin gjat\u00eb dekadave t\u00eb fundit. Ai tha se protesta\u2026","rel":"","context":"In &quot;Blogu i Udh\u00ebtarit&quot;","block_context":{"text":"Blogu i Udh\u00ebtarit","link":"https:\/\/www.shqiperia.com\/blog\/category\/blogu-i-udhetarit\/"},"img":{"alt_text":"","src":"https:\/\/i0.wp.com\/www.shqiperia.com\/blog\/wp-content\/uploads\/2026\/08\/diaspora-1.jpg?fit=1200%2C549&ssl=1&resize=350%2C200","width":350,"height":200,"srcset":"https:\/\/i0.wp.com\/www.shqiperia.com\/blog\/wp-content\/uploads\/2026\/08\/diaspora-1.jpg?fit=1200%2C549&ssl=1&resize=350%2C200 1x, https:\/\/i0.wp.com\/www.shqiperia.com\/blog\/wp-content\/uploads\/2026\/08\/diaspora-1.jpg?fit=1200%2C549&ssl=1&resize=525%2C300 1.5x, https:\/\/i0.wp.com\/www.shqiperia.com\/blog\/wp-content\/uploads\/2026\/08\/diaspora-1.jpg?fit=1200%2C549&ssl=1&resize=700%2C400 2x, https:\/\/i0.wp.com\/www.shqiperia.com\/blog\/wp-content\/uploads\/2026\/08\/diaspora-1.jpg?fit=1200%2C549&ssl=1&resize=1050%2C600 3x"},"classes":[]}],"_links":{"self":[{"href":"https:\/\/www.shqiperia.com\/blog\/wp-json\/wp\/v2\/posts\/100879","targetHints":{"allow":["GET"]}}],"collection":[{"href":"https:\/\/www.shqiperia.com\/blog\/wp-json\/wp\/v2\/posts"}],"about":[{"href":"https:\/\/www.shqiperia.com\/blog\/wp-json\/wp\/v2\/types\/post"}],"author":[{"embeddable":true,"href":"https:\/\/www.shqiperia.com\/blog\/wp-json\/wp\/v2\/users\/9"}],"replies":[{"embeddable":true,"href":"https:\/\/www.shqiperia.com\/blog\/wp-json\/wp\/v2\/comments?post=100879"}],"version-history":[{"count":1,"href":"https:\/\/www.shqiperia.com\/blog\/wp-json\/wp\/v2\/posts\/100879\/revisions"}],"predecessor-version":[{"id":100881,"href":"https:\/\/www.shqiperia.com\/blog\/wp-json\/wp\/v2\/posts\/100879\/revisions\/100881"}],"wp:featuredmedia":[{"embeddable":true,"href":"https:\/\/www.shqiperia.com\/blog\/wp-json\/wp\/v2\/media\/100880"}],"wp:attachment":[{"href":"https:\/\/www.shqiperia.com\/blog\/wp-json\/wp\/v2\/media?parent=100879"}],"wp:term":[{"taxonomy":"category","embeddable":true,"href":"https:\/\/www.shqiperia.com\/blog\/wp-json\/wp\/v2\/categories?post=100879"},{"taxonomy":"post_tag","embeddable":true,"href":"https:\/\/www.shqiperia.com\/blog\/wp-json\/wp\/v2\/tags?post=100879"}],"curies":[{"name":"wp","href":"https:\/\/api.w.org\/{rel}","templated":true}]}}