{"id":100873,"date":"2026-06-01T16:58:06","date_gmt":"2026-06-01T16:58:06","guid":{"rendered":"https:\/\/www.shqiperia.com\/blog\/?p=100873"},"modified":"2026-06-01T16:58:34","modified_gmt":"2026-06-01T16:58:34","slug":"kunder-projektit-ne-zvernec-mijera-qytetare-marshojne-drejt-kryeministrise-vetem-flamuj-kombetar","status":"publish","type":"post","link":"https:\/\/www.shqiperia.com\/blog\/kunder-projektit-ne-zvernec-mijera-qytetare-marshojne-drejt-kryeministrise-vetem-flamuj-kombetar\/","title":{"rendered":"Kund\u00ebr projektit n\u00eb Zv\u00ebrnec,  Mij\u00ebra qytetar\u00eb marshojn\u00eb drejt Kryeministris\u00eb. Vetem. &#8211; Flamuj Kombetar"},"content":{"rendered":"<p><img data-recalc-dims=\"1\" loading=\"lazy\" decoding=\"async\" data-attachment-id=\"100874\" data-permalink=\"https:\/\/www.shqiperia.com\/blog\/kunder-projektit-ne-zvernec-mijera-qytetare-marshojne-drejt-kryeministrise-vetem-flamuj-kombetar\/screenshot_7\/\" data-orig-file=\"https:\/\/i0.wp.com\/www.shqiperia.com\/blog\/wp-content\/uploads\/2026\/06\/Screenshot_7.jpg?fit=1219%2C701&amp;ssl=1\" data-orig-size=\"1219,701\" data-comments-opened=\"1\" data-image-meta=\"{&quot;aperture&quot;:&quot;0&quot;,&quot;credit&quot;:&quot;&quot;,&quot;camera&quot;:&quot;&quot;,&quot;caption&quot;:&quot;&quot;,&quot;created_timestamp&quot;:&quot;0&quot;,&quot;copyright&quot;:&quot;&quot;,&quot;focal_length&quot;:&quot;0&quot;,&quot;iso&quot;:&quot;0&quot;,&quot;shutter_speed&quot;:&quot;0&quot;,&quot;title&quot;:&quot;&quot;,&quot;orientation&quot;:&quot;0&quot;}\" data-image-title=\"Screenshot_7\" data-image-description=\"\" data-image-caption=\"\" data-medium-file=\"https:\/\/i0.wp.com\/www.shqiperia.com\/blog\/wp-content\/uploads\/2026\/06\/Screenshot_7.jpg?fit=300%2C173&amp;ssl=1\" data-large-file=\"https:\/\/i0.wp.com\/www.shqiperia.com\/blog\/wp-content\/uploads\/2026\/06\/Screenshot_7.jpg?fit=1024%2C589&amp;ssl=1\" class=\"alignnone wp-image-100874\" alt=\"\" src=\"https:\/\/i0.wp.com\/www.shqiperia.com\/blog\/wp-content\/uploads\/2026\/06\/Screenshot_7.jpg?resize=607%2C350&#038;ssl=1\" width=\"607\" height=\"350\" srcset=\"https:\/\/i0.wp.com\/www.shqiperia.com\/blog\/wp-content\/uploads\/2026\/06\/Screenshot_7.jpg?resize=300%2C173&amp;ssl=1 300w, https:\/\/i0.wp.com\/www.shqiperia.com\/blog\/wp-content\/uploads\/2026\/06\/Screenshot_7.jpg?resize=1024%2C589&amp;ssl=1 1024w, https:\/\/i0.wp.com\/www.shqiperia.com\/blog\/wp-content\/uploads\/2026\/06\/Screenshot_7.jpg?resize=768%2C442&amp;ssl=1 768w, https:\/\/i0.wp.com\/www.shqiperia.com\/blog\/wp-content\/uploads\/2026\/06\/Screenshot_7.jpg?resize=450%2C259&amp;ssl=1 450w, https:\/\/i0.wp.com\/www.shqiperia.com\/blog\/wp-content\/uploads\/2026\/06\/Screenshot_7.jpg?resize=600%2C345&amp;ssl=1 600w, https:\/\/i0.wp.com\/www.shqiperia.com\/blog\/wp-content\/uploads\/2026\/06\/Screenshot_7.jpg?resize=400%2C230&amp;ssl=1 400w, https:\/\/i0.wp.com\/www.shqiperia.com\/blog\/wp-content\/uploads\/2026\/06\/Screenshot_7.jpg?w=1219&amp;ssl=1 1219w\" sizes=\"auto, (max-width: 607px) 100vw, 607px\" \/><\/p>\n<p>1 Maji 2026<\/p>\n<p>Qytetar\u00ebt mbajn\u00eb n\u00eb duar pankarta t\u00eb tilla si \u201cShqip\u00ebria nuk \u00ebsht\u00eb n\u00eb shitje\u201d, \u201cAnulo projektin\u201d apo edhe slogane t\u00eb drejtp\u00ebrdrejta politike si \u201cRama n\u00eb burg, Berisha n\u00eb burg\u201d. Protestuesit faj\u00ebsojn\u00eb t\u00eb dy krah\u00ebt e politik\u00ebs p\u00ebr at\u00eb q\u00eb po ndodh n\u00eb Zv\u00ebrnec.<img loading=\"lazy\" decoding=\"async\" alt=\"\" src=\"https:\/\/ads.balkanweb.com\/www\/delivery\/lg.php?bannerid=0&amp;campaignid=0&amp;zoneid=629&amp;loc=https%3A%2F%2Fwww.balkanweb.com%2Flive-kunder-projektit-ne-zvernec-nis-protesta-e-dyte-ne-tirane-mijera-qytetare-marshojne-drejt-kryeministrise%2F&amp;referer=https%3A%2F%2Fwww.balkanweb.com%2F&amp;cb=b8ab094a28\" width=\"0\" height=\"0\" \/><\/p>\n<p>Nj\u00eb dit\u00eb m\u00eb par\u00eb mij\u00ebra qytetar\u00eb iu p\u00ebrgjigj\u00ebn thirrjeve n\u00eb rrjetet sociale p\u00ebr t\u00eb protestuar n\u00eb kryeqytet. Nj\u00eb tubim marashim q\u00eb nisi te Drejtoria e Polici\u00eb s\u00eb Tiran\u00ebs, vijoi drejt Ministris\u00eb s\u00eb Brendshme dhe p\u00ebrfundoi para Kryeministris\u00eb.<\/p>\n","protected":false},"excerpt":{"rendered":"<p>1 Maji 2026 Qytetar\u00ebt mbajn\u00eb n\u00eb duar pankarta t\u00eb tilla si \u201cShqip\u00ebria nuk \u00ebsht\u00eb n\u00eb shitje\u201d, \u201cAnulo projektin\u201d apo edhe slogane t\u00eb drejtp\u00ebrdrejta politike si \u201cRama n\u00eb burg, Berisha n\u00eb burg\u201d. Protestuesit faj\u00ebsojn\u00eb t\u00eb dy krah\u00ebt e politik\u00ebs p\u00ebr at\u00eb q\u00eb po ndodh n\u00eb Zv\u00ebrnec. Nj\u00eb dit\u00eb m\u00eb par\u00eb mij\u00ebra qytetar\u00eb iu p\u00ebrgjigj\u00ebn thirrjeve n\u00eb [&hellip;]<\/p>\n","protected":false},"author":9,"featured_media":100874,"comment_status":"open","ping_status":"open","sticky":false,"template":"","format":"standard","meta":{"jetpack_post_was_ever_published":false,"_jetpack_newsletter_access":"","_jetpack_dont_email_post_to_subs":false,"_jetpack_newsletter_tier_id":0,"_jetpack_memberships_contains_paywalled_content":false,"_jetpack_memberships_contains_paid_content":false,"footnotes":"","jetpack_publicize_message":"","jetpack_publicize_feature_enabled":true,"jetpack_social_post_already_shared":true,"jetpack_social_options":{"image_generator_settings":{"template":"highway","default_image_id":0,"font":"","enabled":false},"version":2}},"categories":[27,10,35],"tags":[],"class_list":["post-100873","post","type-post","status-publish","format-standard","has-post-thumbnail","hentry","category-blogu-i-udhetarit","category-kultura","category-shoqerore"],"jetpack_publicize_connections":[],"jetpack_featured_media_url":"https:\/\/i0.wp.com\/www.shqiperia.com\/blog\/wp-content\/uploads\/2026\/06\/Screenshot_7.jpg?fit=1219%2C701&ssl=1","jetpack_sharing_enabled":true,"jetpack_shortlink":"https:\/\/wp.me\/p5Z6wp-qeZ","jetpack-related-posts":[{"id":100931,"url":"https:\/\/www.shqiperia.com\/blog\/pa-doreheqje-ska-dialog-protesta-per-zvernecin-qytetaret-i-pergjigjen-rames\/","url_meta":{"origin":100873,"position":0},"title":"&#8220;Pa dor\u00ebheqje, s\u2019ka dialog&#8221; &#8211; Protesta p\u00ebr Zv\u00ebrnecin, qytetar\u00ebt i p\u00ebrgjigjen Ram\u00ebs","author":"Kurt Farka","date":"June 2, 2026","format":false,"excerpt":"2 Qershor 2026 Ka nisur n\u00eb Tiran\u00eb protesta kund\u00ebr nd\u00ebrtimeve n\u00eb Zv\u00ebrnec, ku mij\u00ebra qytetar\u00eb jan\u00eb mbledhur s\u00ebrish n\u00eb kryeqytet p\u00ebr t\u00eb tret\u00ebn dit\u00eb me radh\u00eb. \u201cPa dor\u00ebheqje, s\u2019ka dialog\u201d,\u00a0d\u00ebgjohet t\u00eb th\u00ebrrasin nj\u00ebz\u00ebri qytetar\u00ebt, duke iu p\u00ebrgjigjur thirrjes s\u00eb kryeministrit, i cili sot i ftoi nj\u00eb grup p\u00ebrfaq\u00ebsuesish t\u00eb ulen\u2026","rel":"","context":"In &quot;Blogu i Udh\u00ebtarit&quot;","block_context":{"text":"Blogu i Udh\u00ebtarit","link":"https:\/\/www.shqiperia.com\/blog\/category\/blogu-i-udhetarit\/"},"img":{"alt_text":"","src":"https:\/\/i0.wp.com\/www.shqiperia.com\/blog\/wp-content\/uploads\/2026\/06\/600-388-protjpg-1780418688.jpg?fit=600%2C388&ssl=1&resize=350%2C200","width":350,"height":200,"srcset":"https:\/\/i0.wp.com\/www.shqiperia.com\/blog\/wp-content\/uploads\/2026\/06\/600-388-protjpg-1780418688.jpg?fit=600%2C388&ssl=1&resize=350%2C200 1x, https:\/\/i0.wp.com\/www.shqiperia.com\/blog\/wp-content\/uploads\/2026\/06\/600-388-protjpg-1780418688.jpg?fit=600%2C388&ssl=1&resize=525%2C300 1.5x"},"classes":[]},{"id":101239,"url":"https:\/\/www.shqiperia.com\/blog\/protestuesit-i-afrojne-nje-gomone-ramaes-simbol-i-emigrimit\/","url_meta":{"origin":100873,"position":1},"title":"Protestuesit i afrojne nje Gomone Ramaes. &#8211; Simbol i emigrimit,","author":"Kurt Farka","date":"June 7, 2026","format":false,"excerpt":"7 Qershor 2026 Qytetar\u00ebt jan\u00eb mbledhur p\u00ebr t\u00eb tet\u00ebn dit\u00eb radhazi n\u00eb protest\u00ebn kund\u00ebr nd\u00ebrtimit t\u00eb resortit n\u00eb Zv\u00ebrnec. Me thirrjet \u201cdor\u00ebheqje\u201d, \u201cRama n\u00eb burg, Berisha n\u00eb Burg\u201d, ata po marshojn\u00eb nga sheshi \u201cSk\u00ebnderbej\u201d drejt kryeministris\u00eb. Protestuesit kan\u00eb sjell\u00eb nj\u00eb gomone n\u00eb tubimin p\u00ebr Zv\u00ebrnecin para kryeministris\u00eb, si nj\u00eb shenj\u00eb\u2026","rel":"","context":"In &quot;Blogu i Udh\u00ebtarit&quot;","block_context":{"text":"Blogu i Udh\u00ebtarit","link":"https:\/\/www.shqiperia.com\/blog\/category\/blogu-i-udhetarit\/"},"img":{"alt_text":"","src":"https:\/\/i0.wp.com\/www.shqiperia.com\/blog\/wp-content\/uploads\/2026\/06\/1780851947_protestaperzvernecin7qershor.jpg?fit=780%2C440&ssl=1&resize=350%2C200","width":350,"height":200,"srcset":"https:\/\/i0.wp.com\/www.shqiperia.com\/blog\/wp-content\/uploads\/2026\/06\/1780851947_protestaperzvernecin7qershor.jpg?fit=780%2C440&ssl=1&resize=350%2C200 1x, https:\/\/i0.wp.com\/www.shqiperia.com\/blog\/wp-content\/uploads\/2026\/06\/1780851947_protestaperzvernecin7qershor.jpg?fit=780%2C440&ssl=1&resize=525%2C300 1.5x, https:\/\/i0.wp.com\/www.shqiperia.com\/blog\/wp-content\/uploads\/2026\/06\/1780851947_protestaperzvernecin7qershor.jpg?fit=780%2C440&ssl=1&resize=700%2C400 2x"},"classes":[]},{"id":102924,"url":"https:\/\/www.shqiperia.com\/blog\/rama-jepe-doreheqjen-sot-dita-e-50-te-e-rezistences-qytetare-per-rrezimin-e-qeverise\/","url_meta":{"origin":100873,"position":2},"title":"\u201cRama jepe dor\u00ebheqjen\u201d- Sot dita e 50-t\u00eb e rezistenc\u00ebs qytetare p\u00ebr rr\u00ebzimin e qeveris\u00eb","author":"Kurt Farka","date":"July 19, 2026","format":false,"excerpt":"19 Korrik 2026 Qytetar\u00ebt k\u00ebrkojn\u00eb nd\u00ebrrimin e saj dhe rr\u00ebzimin e qeveris\u00eb aktuale, duke pasur si k\u00ebrkes\u00eb kryesore dor\u00ebheqjen e kryeministrit Edi Rama. K\u00ebrkesa \u00ebsht\u00eb e panegocueshme, teksa mij\u00ebra qytetar\u00eb shqiptar\u00eb mblidhen \u00e7do nat\u00eb n\u00eb bulevardin para Kryeministris\u00eb ku mbajn\u00eb fjalime dhe m\u00eb pas marshojn\u00eb rrug\u00ebve t\u00eb Tiran\u00ebs, duke sensibilizuar.\u2026","rel":"","context":"In &quot;Blogu i Udh\u00ebtarit&quot;","block_context":{"text":"Blogu i Udh\u00ebtarit","link":"https:\/\/www.shqiperia.com\/blog\/category\/blogu-i-udhetarit\/"},"img":{"alt_text":"","src":"https:\/\/i0.wp.com\/www.shqiperia.com\/blog\/wp-content\/uploads\/2026\/07\/der-spiegel-protesta-433x300-1.jpg?fit=433%2C300&ssl=1&resize=350%2C200","width":350,"height":200},"classes":[]},{"id":102701,"url":"https:\/\/www.shqiperia.com\/blog\/pjesemarrje-masive-mbyllet-protesta-e-45-te-per-doreheqjen-e-rames-qytetaret-thirrje-nga-bulevardi-ju-erdhi-fundi\/","url_meta":{"origin":100873,"position":3},"title":"Pjes\u00ebmarrje masive! Mbyllet protesta e 45-t\u00eb p\u00ebr dor\u00ebheqjen e Ram\u00ebs. Qytetar\u00ebt thirrje nga Bulevardi: Ju erdhi fundi!","author":"Kurt Farka","date":"July 14, 2026","format":false,"excerpt":"14 Korrik 2026 Shqip\u00ebria mbajti sot dit\u00ebn e 45-t\u00eb t\u00eb protestave qytetare, nd\u00ebrsa organizator\u00ebt kan\u00eb b\u00ebr\u00eb t\u00eb qart\u00eb se revolta nuk do t\u00eb ndalet, pavar\u00ebsisht temperaturave t\u00eb larta apo sezonit turistik. Edhe k\u00ebt\u00eb mbr\u00ebmje qytetar\u00ebt u mblodhen para Kryeministris\u00eb, duke k\u00ebrkuar dor\u00ebheqjen e kryeministrit Edi Rama dhe ndryshimin e sistemit\u2026","rel":"","context":"In &quot;Blogu i Udh\u00ebtarit&quot;","block_context":{"text":"Blogu i Udh\u00ebtarit","link":"https:\/\/www.shqiperia.com\/blog\/category\/blogu-i-udhetarit\/"},"img":{"alt_text":"","src":"https:\/\/i0.wp.com\/www.shqiperia.com\/blog\/wp-content\/uploads\/2026\/07\/protesta-masive-1.jpg?fit=1083%2C641&ssl=1&resize=350%2C200","width":350,"height":200,"srcset":"https:\/\/i0.wp.com\/www.shqiperia.com\/blog\/wp-content\/uploads\/2026\/07\/protesta-masive-1.jpg?fit=1083%2C641&ssl=1&resize=350%2C200 1x, https:\/\/i0.wp.com\/www.shqiperia.com\/blog\/wp-content\/uploads\/2026\/07\/protesta-masive-1.jpg?fit=1083%2C641&ssl=1&resize=525%2C300 1.5x, https:\/\/i0.wp.com\/www.shqiperia.com\/blog\/wp-content\/uploads\/2026\/07\/protesta-masive-1.jpg?fit=1083%2C641&ssl=1&resize=700%2C400 2x, https:\/\/i0.wp.com\/www.shqiperia.com\/blog\/wp-content\/uploads\/2026\/07\/protesta-masive-1.jpg?fit=1083%2C641&ssl=1&resize=1050%2C600 3x"},"classes":[]},{"id":101086,"url":"https:\/\/www.shqiperia.com\/blog\/proteste-madheshtore-ne-tirane-rama-te-jape-doreheqjen-shqiperia-nuk-shitet\/","url_meta":{"origin":100873,"position":4},"title":"Protest\u00eb madh\u00ebshtore n\u00eb Tiran\u00eb: &#8211; Rama t\u00eb jap\u00eb dor\u00ebheqjen! &#8211; Shqip\u00ebria nuk shitet!","author":"Kurt Farka","date":"June 4, 2026","format":false,"excerpt":"4 Qershor 2026 Mij\u00ebra qytetar\u00eb kan\u00eb mbushur k\u00ebt\u00eb mbr\u00ebmje bulevardin \u201cD\u00ebshmor\u00ebt e Kombit\u201d, duke iu bashkuar protest\u00ebs kund\u00ebr projektit p\u00ebr nd\u00ebrtimin e nj\u00eb resorti turistik n\u00eb zon\u00ebn e mbrojtur t\u00eb Zv\u00ebrnecit Pas grumbullimit n\u00eb sheshin \u201cSk\u00ebnderbej\u201d, protestuesit marshuan drejt Kryeministris\u00eb, duke mbajtur pankarta dhe flamuj, nd\u00ebrsa brohorisnin slogane kund\u00ebr qeveris\u00eb\u2026","rel":"","context":"In &quot;Blogu i Udh\u00ebtarit&quot;","block_context":{"text":"Blogu i Udh\u00ebtarit","link":"https:\/\/www.shqiperia.com\/blog\/category\/blogu-i-udhetarit\/"},"img":{"alt_text":"","src":"https:\/\/i0.wp.com\/www.shqiperia.com\/blog\/wp-content\/uploads\/2026\/06\/protesta-ne-bulevard-4-qershor-2026.jpg?fit=632%2C278&ssl=1&resize=350%2C200","width":350,"height":200,"srcset":"https:\/\/i0.wp.com\/www.shqiperia.com\/blog\/wp-content\/uploads\/2026\/06\/protesta-ne-bulevard-4-qershor-2026.jpg?fit=632%2C278&ssl=1&resize=350%2C200 1x, https:\/\/i0.wp.com\/www.shqiperia.com\/blog\/wp-content\/uploads\/2026\/06\/protesta-ne-bulevard-4-qershor-2026.jpg?fit=632%2C278&ssl=1&resize=525%2C300 1.5x"},"classes":[]},{"id":104105,"url":"https:\/\/www.shqiperia.com\/blog\/71-dite-revolte-kombetare-kunder-kastes-politike-qytetaret-te-vendosur-deri-ne-realizimin-e-objektivave\/","url_meta":{"origin":100873,"position":5},"title":"71 dit\u00eb revolt\u00eb komb\u00ebtare kund\u00ebr Kast\u00ebs politike, qytetar\u00ebt t\u00eb vendosur deri n\u00eb realizimin e objektivave","author":"Kurt Farka","date":"August 10, 2026","format":false,"excerpt":"10 Gusht 2026 Protesta qytetare kund\u00ebr qeveris\u00eb dhe klas\u00ebs politike do t\u00eb vijoj\u00eb edhe sot, duke hyr\u00eb n\u00eb dit\u00ebn e 71-t\u00eb. Qytetar\u00ebt edhe k\u00ebt\u00eb t\u00eb die; pritet t\u00eb mblidhen n\u00eb sheshin \u201cSk\u00ebnderbej\u201d, nga ku do t\u00eb marshojn\u00eb drejt Kryeministris\u00eb. K\u00ebrkesa kryesore e protestuesve mbetet dor\u00ebheqja e kryeministrit Edi Rama. Protesta,\u2026","rel":"","context":"In &quot;Blogu i Udh\u00ebtarit&quot;","block_context":{"text":"Blogu i Udh\u00ebtarit","link":"https:\/\/www.shqiperia.com\/blog\/category\/blogu-i-udhetarit\/"},"img":{"alt_text":"","src":"https:\/\/i0.wp.com\/www.shqiperia.com\/blog\/wp-content\/uploads\/2026\/08\/auto_Protesta-foto-masive11785863100-1.jpg?fit=900%2C506&ssl=1&resize=350%2C200","width":350,"height":200,"srcset":"https:\/\/i0.wp.com\/www.shqiperia.com\/blog\/wp-content\/uploads\/2026\/08\/auto_Protesta-foto-masive11785863100-1.jpg?fit=900%2C506&ssl=1&resize=350%2C200 1x, https:\/\/i0.wp.com\/www.shqiperia.com\/blog\/wp-content\/uploads\/2026\/08\/auto_Protesta-foto-masive11785863100-1.jpg?fit=900%2C506&ssl=1&resize=525%2C300 1.5x, https:\/\/i0.wp.com\/www.shqiperia.com\/blog\/wp-content\/uploads\/2026\/08\/auto_Protesta-foto-masive11785863100-1.jpg?fit=900%2C506&ssl=1&resize=700%2C400 2x"},"classes":[]}],"_links":{"self":[{"href":"https:\/\/www.shqiperia.com\/blog\/wp-json\/wp\/v2\/posts\/100873","targetHints":{"allow":["GET"]}}],"collection":[{"href":"https:\/\/www.shqiperia.com\/blog\/wp-json\/wp\/v2\/posts"}],"about":[{"href":"https:\/\/www.shqiperia.com\/blog\/wp-json\/wp\/v2\/types\/post"}],"author":[{"embeddable":true,"href":"https:\/\/www.shqiperia.com\/blog\/wp-json\/wp\/v2\/users\/9"}],"replies":[{"embeddable":true,"href":"https:\/\/www.shqiperia.com\/blog\/wp-json\/wp\/v2\/comments?post=100873"}],"version-history":[{"count":2,"href":"https:\/\/www.shqiperia.com\/blog\/wp-json\/wp\/v2\/posts\/100873\/revisions"}],"predecessor-version":[{"id":100876,"href":"https:\/\/www.shqiperia.com\/blog\/wp-json\/wp\/v2\/posts\/100873\/revisions\/100876"}],"wp:featuredmedia":[{"embeddable":true,"href":"https:\/\/www.shqiperia.com\/blog\/wp-json\/wp\/v2\/media\/100874"}],"wp:attachment":[{"href":"https:\/\/www.shqiperia.com\/blog\/wp-json\/wp\/v2\/media?parent=100873"}],"wp:term":[{"taxonomy":"category","embeddable":true,"href":"https:\/\/www.shqiperia.com\/blog\/wp-json\/wp\/v2\/categories?post=100873"},{"taxonomy":"post_tag","embeddable":true,"href":"https:\/\/www.shqiperia.com\/blog\/wp-json\/wp\/v2\/tags?post=100873"}],"curies":[{"name":"wp","href":"https:\/\/api.w.org\/{rel}","templated":true}]}}