{"id":100869,"date":"2026-06-01T16:51:52","date_gmt":"2026-06-01T16:51:52","guid":{"rendered":"https:\/\/www.shqiperia.com\/blog\/?p=100869"},"modified":"2026-06-01T16:51:52","modified_gmt":"2026-06-01T16:51:52","slug":"protesta-e-dyte-radhazi-ne-tirane-ne-mbrojtje-te-truallit-amtar","status":"publish","type":"post","link":"https:\/\/www.shqiperia.com\/blog\/protesta-e-dyte-radhazi-ne-tirane-ne-mbrojtje-te-truallit-amtar\/","title":{"rendered":"protesta e dyt\u00eb radhazi n\u00eb Tiran\u00eb, n\u00eb mbrojtje t\u00eb truallit amtar"},"content":{"rendered":"<p><img data-recalc-dims=\"1\" loading=\"lazy\" decoding=\"async\" data-attachment-id=\"100871\" data-permalink=\"https:\/\/www.shqiperia.com\/blog\/protesta-e-dyte-radhazi-ne-tirane-ne-mbrojtje-te-truallit-amtar\/screenshot_6-2\/\" data-orig-file=\"https:\/\/i0.wp.com\/www.shqiperia.com\/blog\/wp-content\/uploads\/2026\/06\/Screenshot_6.jpg?fit=1344%2C706&amp;ssl=1\" data-orig-size=\"1344,706\" data-comments-opened=\"1\" data-image-meta=\"{&quot;aperture&quot;:&quot;0&quot;,&quot;credit&quot;:&quot;&quot;,&quot;camera&quot;:&quot;&quot;,&quot;caption&quot;:&quot;&quot;,&quot;created_timestamp&quot;:&quot;0&quot;,&quot;copyright&quot;:&quot;&quot;,&quot;focal_length&quot;:&quot;0&quot;,&quot;iso&quot;:&quot;0&quot;,&quot;shutter_speed&quot;:&quot;0&quot;,&quot;title&quot;:&quot;&quot;,&quot;orientation&quot;:&quot;0&quot;}\" data-image-title=\"Screenshot_6\" data-image-description=\"\" data-image-caption=\"\" data-medium-file=\"https:\/\/i0.wp.com\/www.shqiperia.com\/blog\/wp-content\/uploads\/2026\/06\/Screenshot_6.jpg?fit=300%2C158&amp;ssl=1\" data-large-file=\"https:\/\/i0.wp.com\/www.shqiperia.com\/blog\/wp-content\/uploads\/2026\/06\/Screenshot_6.jpg?fit=1024%2C538&amp;ssl=1\" class=\"alignnone  wp-image-100871\" alt=\"\" src=\"https:\/\/i0.wp.com\/www.shqiperia.com\/blog\/wp-content\/uploads\/2026\/06\/Screenshot_6.jpg?resize=649%2C342&#038;ssl=1\" width=\"649\" height=\"342\" srcset=\"https:\/\/i0.wp.com\/www.shqiperia.com\/blog\/wp-content\/uploads\/2026\/06\/Screenshot_6.jpg?resize=300%2C158&amp;ssl=1 300w, https:\/\/i0.wp.com\/www.shqiperia.com\/blog\/wp-content\/uploads\/2026\/06\/Screenshot_6.jpg?resize=1024%2C538&amp;ssl=1 1024w, https:\/\/i0.wp.com\/www.shqiperia.com\/blog\/wp-content\/uploads\/2026\/06\/Screenshot_6.jpg?resize=768%2C403&amp;ssl=1 768w, https:\/\/i0.wp.com\/www.shqiperia.com\/blog\/wp-content\/uploads\/2026\/06\/Screenshot_6.jpg?resize=450%2C236&amp;ssl=1 450w, https:\/\/i0.wp.com\/www.shqiperia.com\/blog\/wp-content\/uploads\/2026\/06\/Screenshot_6.jpg?resize=600%2C315&amp;ssl=1 600w, https:\/\/i0.wp.com\/www.shqiperia.com\/blog\/wp-content\/uploads\/2026\/06\/Screenshot_6.jpg?resize=1300%2C683&amp;ssl=1 1300w, https:\/\/i0.wp.com\/www.shqiperia.com\/blog\/wp-content\/uploads\/2026\/06\/Screenshot_6.jpg?resize=400%2C210&amp;ssl=1 400w, https:\/\/i0.wp.com\/www.shqiperia.com\/blog\/wp-content\/uploads\/2026\/06\/Screenshot_6.jpg?w=1344&amp;ssl=1 1344w\" sizes=\"auto, (max-width: 649px) 100vw, 649px\" \/><\/p>\n<p>1 Qershor 2025<\/p>\n<p>Ka nisur protesta e dyt\u00eb radhazi n\u00eb Tiran\u00eb, n\u00eb mbrojtje t\u00eb Zv\u00ebrnecit.<\/p>\n<p>Pjesmarrje masive e banorve te Tiranes. Vetem Flamuj Kombetar, nuk ka flamuj partiak.<\/p>\n<p>Kryesisht protestuesit jane te rinje, qe garanton se rinia do i dal zot shqiperise.<\/p>\n<p>Thirrjet jane: Vdekje trathetare, Shqiperia e shqiptareve.<\/p>\n<p>Qytetar\u00ebt mblidhen para Ministris\u00eb s\u00eb Brendshme.<\/p>\n<p>Ata pritet t\u00eb marshojn\u00eb m\u00eb pas drejt Kryeministris\u00eb.<\/p>\n","protected":false},"excerpt":{"rendered":"<p>1 Qershor 2025 Ka nisur protesta e dyt\u00eb radhazi n\u00eb Tiran\u00eb, n\u00eb mbrojtje t\u00eb Zv\u00ebrnecit. Pjesmarrje masive e banorve te Tiranes. Vetem Flamuj Kombetar, nuk ka flamuj partiak. Kryesisht protestuesit jane te rinje, qe garanton se rinia do i dal zot shqiperise. Thirrjet jane: Vdekje trathetare, Shqiperia e shqiptareve. Qytetar\u00ebt mblidhen para Ministris\u00eb s\u00eb Brendshme. [&hellip;]<\/p>\n","protected":false},"author":9,"featured_media":100871,"comment_status":"open","ping_status":"open","sticky":false,"template":"","format":"standard","meta":{"jetpack_post_was_ever_published":false,"_jetpack_newsletter_access":"","_jetpack_dont_email_post_to_subs":false,"_jetpack_newsletter_tier_id":0,"_jetpack_memberships_contains_paywalled_content":false,"_jetpack_memberships_contains_paid_content":false,"footnotes":"","jetpack_publicize_message":"","jetpack_publicize_feature_enabled":true,"jetpack_social_post_already_shared":true,"jetpack_social_options":{"image_generator_settings":{"template":"highway","default_image_id":0,"font":"","enabled":false},"version":2}},"categories":[27,10,1,35],"tags":[],"class_list":["post-100869","post","type-post","status-publish","format-standard","has-post-thumbnail","hentry","category-blogu-i-udhetarit","category-kultura","category-njoftime-shtypi","category-shoqerore"],"jetpack_publicize_connections":[],"jetpack_featured_media_url":"https:\/\/i0.wp.com\/www.shqiperia.com\/blog\/wp-content\/uploads\/2026\/06\/Screenshot_6.jpg?fit=1344%2C706&ssl=1","jetpack_sharing_enabled":true,"jetpack_shortlink":"https:\/\/wp.me\/p5Z6wp-qeV","jetpack-related-posts":[{"id":104525,"url":"https:\/\/www.shqiperia.com\/blog\/tirana-vishet-me-flamuj-kombetar-revolta-kunder-rames-protesta-e-77-te-diaspora-serish-ne-tirane\/","url_meta":{"origin":100869,"position":0},"title":"Tirana vishet me Flamuj Komb\u00ebtar. Revolta kund\u00ebr Ram\u00ebs, protesta e 77-t\u00eb\/ Diaspora s\u00ebrish n\u00eb Tiran\u00eb","author":"Kurt Farka","date":"August 15, 2026","format":false,"excerpt":"15 Gusht 2026 Ka nisur marshimi drejt Kryeministris\u00eb. N\u00eb protest\u00ebn e 77 shqiptar\u00ebt k\u00ebrkojn\u00eb dor\u00ebheqjen e kryeministrit dhe t\u00eb qeveris\u00eb s\u00eb tij. Pjes\u00ebmarr\u00ebse n\u00eb protest\u00eb ashtu si edhe nj\u00eb dit\u00eb m\u00eb par\u00eb \u00ebsht\u00eb edhe Diaspora. Dje, shqiptar\u00eb t\u00eb ardhur nga vende t\u00eb ndryshme t\u00eb bot\u00ebs iu bashkuan protest\u00ebs, duke mbushur\u2026","rel":"","context":"In &quot;Blogu i Udh\u00ebtarit&quot;","block_context":{"text":"Blogu i Udh\u00ebtarit","link":"https:\/\/www.shqiperia.com\/blog\/category\/blogu-i-udhetarit\/"},"img":{"alt_text":"","src":"https:\/\/i0.wp.com\/www.shqiperia.com\/blog\/wp-content\/uploads\/2026\/08\/protesta-masive-1.jpg?fit=1083%2C641&ssl=1&resize=350%2C200","width":350,"height":200,"srcset":"https:\/\/i0.wp.com\/www.shqiperia.com\/blog\/wp-content\/uploads\/2026\/08\/protesta-masive-1.jpg?fit=1083%2C641&ssl=1&resize=350%2C200 1x, https:\/\/i0.wp.com\/www.shqiperia.com\/blog\/wp-content\/uploads\/2026\/08\/protesta-masive-1.jpg?fit=1083%2C641&ssl=1&resize=525%2C300 1.5x, https:\/\/i0.wp.com\/www.shqiperia.com\/blog\/wp-content\/uploads\/2026\/08\/protesta-masive-1.jpg?fit=1083%2C641&ssl=1&resize=700%2C400 2x, https:\/\/i0.wp.com\/www.shqiperia.com\/blog\/wp-content\/uploads\/2026\/08\/protesta-masive-1.jpg?fit=1083%2C641&ssl=1&resize=1050%2C600 3x"},"classes":[]},{"id":104606,"url":"https:\/\/www.shqiperia.com\/blog\/nata-78-nga-gjermania-zvicra-e-shba-diaspora-ne-krye-te-marshimit\/","url_meta":{"origin":100869,"position":1},"title":"Nata 78\/ Nga Gjermania, Zvicra e SHBA, Diaspora n\u00eb krye t\u00eb marshimit","author":"Kurt Farka","date":"August 17, 2026","format":false,"excerpt":"17 Gusht 2026 Protesta e 78-t\u00eb kund\u00ebr qeveris\u00eb vijon n\u00eb Tiran\u00eb, nd\u00ebrsa qytetar\u00eb dhe pjes\u00ebtar\u00eb t\u00eb diaspor\u00ebs shqiptare jan\u00eb b\u00ebr\u00eb pjes\u00eb e marshimit t\u00eb madh n\u00eb rrug\u00ebt e kryeqytetit. Pas grumbullimit dhe protest\u00ebs p\u00ebrpara Kryeministris\u00eb, protestuesit kan\u00eb nisur marshimin n\u00ebp\u00ebr bulevardet dhe rrug\u00ebt e Tiran\u00ebs, duke mbushur hap\u00ebsirat e kryeqytetit.\u2026","rel":"","context":"In &quot;Blogu i Udh\u00ebtarit&quot;","block_context":{"text":"Blogu i Udh\u00ebtarit","link":"https:\/\/www.shqiperia.com\/blog\/category\/blogu-i-udhetarit\/"},"img":{"alt_text":"","src":"https:\/\/i0.wp.com\/www.shqiperia.com\/blog\/wp-content\/uploads\/2026\/08\/800-0-img-6559-6a821aadd8dfe.jpeg?fit=800%2C719&ssl=1&resize=350%2C200","width":350,"height":200,"srcset":"https:\/\/i0.wp.com\/www.shqiperia.com\/blog\/wp-content\/uploads\/2026\/08\/800-0-img-6559-6a821aadd8dfe.jpeg?fit=800%2C719&ssl=1&resize=350%2C200 1x, https:\/\/i0.wp.com\/www.shqiperia.com\/blog\/wp-content\/uploads\/2026\/08\/800-0-img-6559-6a821aadd8dfe.jpeg?fit=800%2C719&ssl=1&resize=525%2C300 1.5x, https:\/\/i0.wp.com\/www.shqiperia.com\/blog\/wp-content\/uploads\/2026\/08\/800-0-img-6559-6a821aadd8dfe.jpeg?fit=800%2C719&ssl=1&resize=700%2C400 2x"},"classes":[]},{"id":101743,"url":"https:\/\/www.shqiperia.com\/blog\/ish-zv-ambasadori-i-osbe-se-ne-tirane-i-bashkohet-protestes-se-24-te-per-doreheqjen-e-kryeministrit-edi-rama\/","url_meta":{"origin":100869,"position":2},"title":"Ish-zv.ambasadori i OSBE-s\u00eb n\u00eb Tiran\u00eb i bashkohet protest\u00ebs s\u00eb 24-t\u00eb p\u00ebr dor\u00ebheqjen e kryeministrit Edi Rama","author":"Kurt Farka","date":"June 24, 2026","format":false,"excerpt":"24 Qershor 2026 Protest\u00ebs s\u00eb 24-t\u00eb radhazi p\u00ebr dor\u00ebheqjen e kryeministrit Edi Rama dhe largimin e qeveris\u00eb i \u00ebsht\u00eb bashkuar edhe ish-zv.ambasadori i OSBE-s\u00eb n\u00eb Tiran\u00eb, Robert Wilton. Prania e Wilton n\u00eb tubimin e zhvilluar n\u00eb kryeqytet \u00ebsht\u00eb v\u00ebn\u00eb re mes qytetar\u00ebve q\u00eb jan\u00eb mbledhur p\u00ebr t\u00eb k\u00ebrkuar largimin e\u2026","rel":"","context":"In &quot;Blogu i Udh\u00ebtarit&quot;","block_context":{"text":"Blogu i Udh\u00ebtarit","link":"https:\/\/www.shqiperia.com\/blog\/category\/blogu-i-udhetarit\/"},"img":{"alt_text":"","src":"https:\/\/i0.wp.com\/www.shqiperia.com\/blog\/wp-content\/uploads\/2026\/06\/Robert-Wilton-1.png?fit=723%2C440&ssl=1&resize=350%2C200","width":350,"height":200,"srcset":"https:\/\/i0.wp.com\/www.shqiperia.com\/blog\/wp-content\/uploads\/2026\/06\/Robert-Wilton-1.png?fit=723%2C440&ssl=1&resize=350%2C200 1x, https:\/\/i0.wp.com\/www.shqiperia.com\/blog\/wp-content\/uploads\/2026\/06\/Robert-Wilton-1.png?fit=723%2C440&ssl=1&resize=525%2C300 1.5x, https:\/\/i0.wp.com\/www.shqiperia.com\/blog\/wp-content\/uploads\/2026\/06\/Robert-Wilton-1.png?fit=723%2C440&ssl=1&resize=700%2C400 2x"},"classes":[]},{"id":95825,"url":"https:\/\/www.shqiperia.com\/blog\/protesta-e-opozites-sot-ne-tirane-mbeshtetesit-e-pd-se-nga-fieri-nisen-drejt-kryeqytetit\/","url_meta":{"origin":100869,"position":3},"title":"Protesta e opozit\u00ebs sot n\u00eb Tiran\u00eb\/ Mb\u00ebshtet\u00ebsit e PD-s\u00eb nga Fieri nisen drejt kryeqytetit","author":"Kurt Farka","date":"December 22, 2025","format":false,"excerpt":"22 Dhjetor 2025 Sot n\u00eb Tiran\u00eb organizohet protesta e opozit\u00ebs, e thirrur nga Partia Demokratike, nd\u00ebrsa mb\u00ebshtet\u00ebs nga qytete t\u00eb ndryshme t\u00eb vendit jan\u00eb nisur drejt kryeqytetit p\u00ebr t\u2019u bashkuar me tubimin para Kryeministris\u00eb. Mb\u00ebshtet\u00ebs t\u00eb Partis\u00eb Demokratike nga Fieri kan\u00eb nisur udh\u00ebtimin drejt Tiran\u00ebs q\u00eb n\u00eb or\u00ebt e paradites.\u2026","rel":"","context":"In &quot;Blogu i Udh\u00ebtarit&quot;","block_context":{"text":"Blogu i Udh\u00ebtarit","link":"https:\/\/www.shqiperia.com\/blog\/category\/blogu-i-udhetarit\/"},"img":{"alt_text":"","src":"https:\/\/i0.wp.com\/www.shqiperia.com\/blog\/wp-content\/uploads\/2025\/12\/640-0-capturepng-1766407741.png?fit=640%2C368&ssl=1&resize=350%2C200","width":350,"height":200,"srcset":"https:\/\/i0.wp.com\/www.shqiperia.com\/blog\/wp-content\/uploads\/2025\/12\/640-0-capturepng-1766407741.png?fit=640%2C368&ssl=1&resize=350%2C200 1x, https:\/\/i0.wp.com\/www.shqiperia.com\/blog\/wp-content\/uploads\/2025\/12\/640-0-capturepng-1766407741.png?fit=640%2C368&ssl=1&resize=525%2C300 1.5x"},"classes":[]},{"id":104868,"url":"https:\/\/www.shqiperia.com\/blog\/protesta-nuk-ndalet-sot-dita-e-83-te-qytetaret-serish-ne-shesh-kunder-qeverise-rama-jep-doreheqjen\/","url_meta":{"origin":100869,"position":4},"title":"Protesta nuk ndalet\/ Sot dita e 83-t\u00eb, qytetar\u00ebt s\u00ebrish n\u00eb shesh kund\u00ebr qeveris\u00eb: Rama jep dor\u00ebheqjen!","author":"Kurt Farka","date":"August 21, 2026","format":false,"excerpt":"21 Gusht 2026 Qytetar\u00ebt do t\u00eb mblidhen s\u00ebrish sot n\u00eb Tiran\u00eb, duke vijuar p\u00ebr t\u00eb 83-\u00ebn dit\u00eb radhazi protest\u00ebn kund\u00ebr qeveris\u00eb dhe kast\u00ebs politike. Ashtu si n\u00eb dit\u00ebt e fundit, protestuesit pritet t\u00eb grumbullohen fillimisht n\u00eb sheshin \u201cSk\u00ebnderbej\u201d dhe m\u00eb pas t\u00eb marshojn\u00eb drejt Kryeministris\u00eb, ku do t\u00eb vijojn\u00eb tubimin\u2026","rel":"","context":"In &quot;Blogu i Udh\u00ebtarit&quot;","block_context":{"text":"Blogu i Udh\u00ebtarit","link":"https:\/\/www.shqiperia.com\/blog\/category\/blogu-i-udhetarit\/"},"img":{"alt_text":"","src":"https:\/\/i0.wp.com\/www.shqiperia.com\/blog\/wp-content\/uploads\/2026\/08\/770985824_3285727254921661_236673638084350325_n-1.jpg?fit=1200%2C800&ssl=1&resize=350%2C200","width":350,"height":200,"srcset":"https:\/\/i0.wp.com\/www.shqiperia.com\/blog\/wp-content\/uploads\/2026\/08\/770985824_3285727254921661_236673638084350325_n-1.jpg?fit=1200%2C800&ssl=1&resize=350%2C200 1x, https:\/\/i0.wp.com\/www.shqiperia.com\/blog\/wp-content\/uploads\/2026\/08\/770985824_3285727254921661_236673638084350325_n-1.jpg?fit=1200%2C800&ssl=1&resize=525%2C300 1.5x, https:\/\/i0.wp.com\/www.shqiperia.com\/blog\/wp-content\/uploads\/2026\/08\/770985824_3285727254921661_236673638084350325_n-1.jpg?fit=1200%2C800&ssl=1&resize=700%2C400 2x, https:\/\/i0.wp.com\/www.shqiperia.com\/blog\/wp-content\/uploads\/2026\/08\/770985824_3285727254921661_236673638084350325_n-1.jpg?fit=1200%2C800&ssl=1&resize=1050%2C600 3x"},"classes":[]},{"id":103852,"url":"https:\/\/www.shqiperia.com\/blog\/sot-dita-e-67-e-protestes-kunder-rames\/","url_meta":{"origin":100869,"position":5},"title":"Sot dita e 67 e protest\u00ebs kund\u00ebr Ram\u00ebs","author":"Kurt Farka","date":"August 5, 2026","format":false,"excerpt":"5 Gusht 2026 Dita e 67-t\u00eb e protest\u00ebs, qytetar\u00ebt marshojn\u00eb s\u00ebrish drejt Kryeministris\u00eb: \u201cRama, jep dor\u00ebheqjen\u201d Protesta qytetare kund\u00ebr qeveris\u00eb hyn sot n\u00eb dit\u00ebn e 67-t\u00eb radhazi, nd\u00ebrsa qytetar\u00ebt pritet t\u00eb mblidhen s\u00ebrish n\u00eb mbr\u00ebmje n\u00eb sheshin \u201cSk\u00ebnderbej\u201d. Pas grumbullimit n\u00eb shesh, protestuesit do t\u00eb marshojn\u00eb drejt Kryeministris\u00eb, ku do\u2026","rel":"","context":"In &quot;Blogu i Udh\u00ebtarit&quot;","block_context":{"text":"Blogu i Udh\u00ebtarit","link":"https:\/\/www.shqiperia.com\/blog\/category\/blogu-i-udhetarit\/"},"img":{"alt_text":"","src":"https:\/\/i0.wp.com\/www.shqiperia.com\/blog\/wp-content\/uploads\/2026\/08\/auto_Protesta-foto-masive11785863100.jpg?fit=900%2C506&ssl=1&resize=350%2C200","width":350,"height":200,"srcset":"https:\/\/i0.wp.com\/www.shqiperia.com\/blog\/wp-content\/uploads\/2026\/08\/auto_Protesta-foto-masive11785863100.jpg?fit=900%2C506&ssl=1&resize=350%2C200 1x, https:\/\/i0.wp.com\/www.shqiperia.com\/blog\/wp-content\/uploads\/2026\/08\/auto_Protesta-foto-masive11785863100.jpg?fit=900%2C506&ssl=1&resize=525%2C300 1.5x, https:\/\/i0.wp.com\/www.shqiperia.com\/blog\/wp-content\/uploads\/2026\/08\/auto_Protesta-foto-masive11785863100.jpg?fit=900%2C506&ssl=1&resize=700%2C400 2x"},"classes":[]}],"_links":{"self":[{"href":"https:\/\/www.shqiperia.com\/blog\/wp-json\/wp\/v2\/posts\/100869","targetHints":{"allow":["GET"]}}],"collection":[{"href":"https:\/\/www.shqiperia.com\/blog\/wp-json\/wp\/v2\/posts"}],"about":[{"href":"https:\/\/www.shqiperia.com\/blog\/wp-json\/wp\/v2\/types\/post"}],"author":[{"embeddable":true,"href":"https:\/\/www.shqiperia.com\/blog\/wp-json\/wp\/v2\/users\/9"}],"replies":[{"embeddable":true,"href":"https:\/\/www.shqiperia.com\/blog\/wp-json\/wp\/v2\/comments?post=100869"}],"version-history":[{"count":2,"href":"https:\/\/www.shqiperia.com\/blog\/wp-json\/wp\/v2\/posts\/100869\/revisions"}],"predecessor-version":[{"id":100872,"href":"https:\/\/www.shqiperia.com\/blog\/wp-json\/wp\/v2\/posts\/100869\/revisions\/100872"}],"wp:featuredmedia":[{"embeddable":true,"href":"https:\/\/www.shqiperia.com\/blog\/wp-json\/wp\/v2\/media\/100871"}],"wp:attachment":[{"href":"https:\/\/www.shqiperia.com\/blog\/wp-json\/wp\/v2\/media?parent=100869"}],"wp:term":[{"taxonomy":"category","embeddable":true,"href":"https:\/\/www.shqiperia.com\/blog\/wp-json\/wp\/v2\/categories?post=100869"},{"taxonomy":"post_tag","embeddable":true,"href":"https:\/\/www.shqiperia.com\/blog\/wp-json\/wp\/v2\/tags?post=100869"}],"curies":[{"name":"wp","href":"https:\/\/api.w.org\/{rel}","templated":true}]}}