{"id":100863,"date":"2026-06-01T13:01:57","date_gmt":"2026-06-01T13:01:57","guid":{"rendered":"https:\/\/www.shqiperia.com\/blog\/?p=100863"},"modified":"2026-06-01T13:01:57","modified_gmt":"2026-06-01T13:01:57","slug":"doreheqje-prej-situates-ne-zvernec-rama-e-zbulon-per-here-te-pare","status":"publish","type":"post","link":"https:\/\/www.shqiperia.com\/blog\/doreheqje-prej-situates-ne-zvernec-rama-e-zbulon-per-here-te-pare\/","title":{"rendered":"Dor\u00ebheqje prej situat\u00ebs n\u00eb Zv\u00ebrnec?\/ Rama e zbulon p\u00ebr her\u00eb t\u00eb par\u00eb"},"content":{"rendered":"<p><img data-recalc-dims=\"1\" loading=\"lazy\" decoding=\"async\" data-attachment-id=\"100864\" data-permalink=\"https:\/\/www.shqiperia.com\/blog\/doreheqje-prej-situates-ne-zvernec-rama-e-zbulon-per-here-te-pare\/meloni-rama-e1692355950124-2\/\" data-orig-file=\"https:\/\/i0.wp.com\/www.shqiperia.com\/blog\/wp-content\/uploads\/2026\/06\/meloni-rama-e1692355950124.jpg?fit=987%2C656&amp;ssl=1\" data-orig-size=\"987,656\" data-comments-opened=\"1\" data-image-meta=\"{&quot;aperture&quot;:&quot;0&quot;,&quot;credit&quot;:&quot;&quot;,&quot;camera&quot;:&quot;&quot;,&quot;caption&quot;:&quot;&quot;,&quot;created_timestamp&quot;:&quot;0&quot;,&quot;copyright&quot;:&quot;&quot;,&quot;focal_length&quot;:&quot;0&quot;,&quot;iso&quot;:&quot;0&quot;,&quot;shutter_speed&quot;:&quot;0&quot;,&quot;title&quot;:&quot;&quot;,&quot;orientation&quot;:&quot;0&quot;}\" data-image-title=\"meloni-rama-e1692355950124\" data-image-description=\"\" data-image-caption=\"\" data-medium-file=\"https:\/\/i0.wp.com\/www.shqiperia.com\/blog\/wp-content\/uploads\/2026\/06\/meloni-rama-e1692355950124.jpg?fit=300%2C199&amp;ssl=1\" data-large-file=\"https:\/\/i0.wp.com\/www.shqiperia.com\/blog\/wp-content\/uploads\/2026\/06\/meloni-rama-e1692355950124.jpg?fit=987%2C656&amp;ssl=1\" class=\"alignnone  wp-image-100864\" alt=\"\" src=\"https:\/\/i0.wp.com\/www.shqiperia.com\/blog\/wp-content\/uploads\/2026\/06\/meloni-rama-e1692355950124-300x199.jpg?resize=716%2C475&#038;ssl=1\" width=\"716\" height=\"475\" srcset=\"https:\/\/i0.wp.com\/www.shqiperia.com\/blog\/wp-content\/uploads\/2026\/06\/meloni-rama-e1692355950124.jpg?resize=300%2C199&amp;ssl=1 300w, https:\/\/i0.wp.com\/www.shqiperia.com\/blog\/wp-content\/uploads\/2026\/06\/meloni-rama-e1692355950124.jpg?resize=768%2C510&amp;ssl=1 768w, https:\/\/i0.wp.com\/www.shqiperia.com\/blog\/wp-content\/uploads\/2026\/06\/meloni-rama-e1692355950124.jpg?resize=450%2C299&amp;ssl=1 450w, https:\/\/i0.wp.com\/www.shqiperia.com\/blog\/wp-content\/uploads\/2026\/06\/meloni-rama-e1692355950124.jpg?resize=600%2C399&amp;ssl=1 600w, https:\/\/i0.wp.com\/www.shqiperia.com\/blog\/wp-content\/uploads\/2026\/06\/meloni-rama-e1692355950124.jpg?resize=400%2C266&amp;ssl=1 400w, https:\/\/i0.wp.com\/www.shqiperia.com\/blog\/wp-content\/uploads\/2026\/06\/meloni-rama-e1692355950124.jpg?w=987&amp;ssl=1 987w\" sizes=\"auto, (max-width: 716px) 100vw, 716px\" \/><\/p>\n<p>1 Qershor 2026<\/p>\n<p>Kryeministri Edi Rama, n\u00eb fjal\u00ebn e tij lidhur me projektin n\u00eb Zv\u00ebrnec t\u00eb Vlor\u00ebs, ndau edhe disa p\u00ebrjetime personale.<\/p>\n<p>Duke folur para mbledhjes s\u00eb Grupit Parlamentar t\u00eb PS-s\u00eb, Rama u shpreh se shpifjet nga disa an\u00eb, p\u00ebrfshir\u00eb edhe gazetat greke, e b\u00ebn\u00eb t\u00eb ndjehet sikur ata jan\u00eb alet\u00eb me shqiptar\u00ebt ndryshe nga realiteti.<\/p>\n<p>Rama tha se ndjesia e tij e par\u00eb ishte edhe l\u00ebnia e detyr\u00ebs, megjith\u00ebse ka b\u00ebr\u00eb zgjedhjen p\u00ebr t\u00eb udh\u00ebhequr vendin.<\/p>\n<p>\u201cNj\u00eb m\u00eb nj\u00eb. B\u00ebjn\u00eb p\u00ebrdit\u00eb krimin e helmimit t\u00eb njer\u00ebzve me shpifje. Si mund t\u00eb jem un\u00eb kund\u00ebr jush dhe kund\u00ebr vetes dhe si mund t\u00eb jen\u00eb gazetat greke alet\u00eb me ju? Ka di\u00e7ka q\u00eb nuk shkon. Kjo \u00ebsht\u00eb ndjesia ime dhe p\u00ebr her\u00eb t\u00eb par\u00eb m\u00eb kan\u00eb b\u00ebr\u00eb \u00eb mendioj edhe q\u00eb t\u2019ju p\u00ebrulem thell\u00eb dhe p\u00ebr t\u2019ju l\u00ebn\u00eb e p\u00ebr t\u00eb ikur n\u00eb katund. Por kam zgjedhur t\u00eb b\u00ebj at\u00eb q\u00eb kam b\u00ebr\u00eb gjithmon\u00eb. T\u00eb udh\u00ebheq drejt asaj Shqip\u00ebrie q\u00eb e dua po aq sa edhe ju dhe t\u2019ju udh\u00ebheq k\u00ebt\u00eb q\u00eb kemi nisur bashk\u00eb dhe i k\u00ebmi dh\u00ebn\u00eb vler\u00eb flamurit ton\u00eb\u201d,-tha Rama.<\/p>\n","protected":false},"excerpt":{"rendered":"<p>1 Qershor 2026 Kryeministri Edi Rama, n\u00eb fjal\u00ebn e tij lidhur me projektin n\u00eb Zv\u00ebrnec t\u00eb Vlor\u00ebs, ndau edhe disa p\u00ebrjetime personale. Duke folur para mbledhjes s\u00eb Grupit Parlamentar t\u00eb PS-s\u00eb, Rama u shpreh se shpifjet nga disa an\u00eb, p\u00ebrfshir\u00eb edhe gazetat greke, e b\u00ebn\u00eb t\u00eb ndjehet sikur ata jan\u00eb alet\u00eb me shqiptar\u00ebt ndryshe nga [&hellip;]<\/p>\n","protected":false},"author":9,"featured_media":100864,"comment_status":"open","ping_status":"open","sticky":false,"template":"","format":"standard","meta":{"jetpack_post_was_ever_published":false,"_jetpack_newsletter_access":"","_jetpack_dont_email_post_to_subs":false,"_jetpack_newsletter_tier_id":0,"_jetpack_memberships_contains_paywalled_content":false,"_jetpack_memberships_contains_paid_content":false,"footnotes":"","jetpack_publicize_message":"","jetpack_publicize_feature_enabled":true,"jetpack_social_post_already_shared":true,"jetpack_social_options":{"image_generator_settings":{"template":"highway","default_image_id":0,"font":"","enabled":false},"version":2}},"categories":[27,2],"tags":[],"class_list":["post-100863","post","type-post","status-publish","format-standard","has-post-thumbnail","hentry","category-blogu-i-udhetarit","category-politika"],"jetpack_publicize_connections":[],"jetpack_featured_media_url":"https:\/\/i0.wp.com\/www.shqiperia.com\/blog\/wp-content\/uploads\/2026\/06\/meloni-rama-e1692355950124.jpg?fit=987%2C656&ssl=1","jetpack_sharing_enabled":true,"jetpack_shortlink":"https:\/\/wp.me\/p5Z6wp-qeP","jetpack-related-posts":[{"id":101050,"url":"https:\/\/www.shqiperia.com\/blog\/rama-perplaset-me-gazetaren-e-cnn-per-projektin-ne-zvernec-po-me-akuzon-per-lajm-te-rreme-do-me-degjosh-apo-jo\/","url_meta":{"origin":100863,"position":0},"title":"Rama p\u00ebrplaset me gazetaren e CNN p\u00ebr projektin n\u00eb Zv\u00ebrnec: &#8211; Po m\u00eb akuzon p\u00ebr lajm t\u00eb rrem\u00eb! &#8211; Do m\u00eb d\u00ebgjosh apo jo\u2026","author":"Kurt Farka","date":"June 3, 2026","format":false,"excerpt":"3 Qershor 2026 Kryeministri Edi Rama foli sot n\u00eb nj\u00eb intervist\u00eb p\u00ebr CNN International, ku u pyet p\u00ebr projektin n\u00eb Zv\u00ebrnec. Gjat\u00eb fjal\u00ebs s\u00eb tij Rama u p\u00ebrplas edhe me gazetaren e cila e pyeste vazhdimisht\u00eb p\u00ebr projektin, nd\u00ebrsa kryeministri thekson se nuk ka asnj\u00eb projekt dhe k\u00ebto jan\u00eb lajme\u2026","rel":"","context":"In &quot;Kultura&quot;","block_context":{"text":"Kultura","link":"https:\/\/www.shqiperia.com\/blog\/category\/kultura\/"},"img":{"alt_text":"","src":"https:\/\/i0.wp.com\/www.shqiperia.com\/blog\/wp-content\/uploads\/2026\/06\/Edi-Rama-2.jpg?fit=780%2C440&ssl=1&resize=350%2C200","width":350,"height":200,"srcset":"https:\/\/i0.wp.com\/www.shqiperia.com\/blog\/wp-content\/uploads\/2026\/06\/Edi-Rama-2.jpg?fit=780%2C440&ssl=1&resize=350%2C200 1x, https:\/\/i0.wp.com\/www.shqiperia.com\/blog\/wp-content\/uploads\/2026\/06\/Edi-Rama-2.jpg?fit=780%2C440&ssl=1&resize=525%2C300 1.5x, https:\/\/i0.wp.com\/www.shqiperia.com\/blog\/wp-content\/uploads\/2026\/06\/Edi-Rama-2.jpg?fit=780%2C440&ssl=1&resize=700%2C400 2x"},"classes":[]},{"id":103039,"url":"https:\/\/www.shqiperia.com\/blog\/a-ka-ekzistuar-vertet-homeri-misteri-qe-historianet-vazhdojne-te-debatojne\/","url_meta":{"origin":100863,"position":1},"title":"A ka ekzistuar v\u00ebrtet Homeri? Misteri q\u00eb historian\u00ebt vazhdojn\u00eb t\u00eb debatojn\u00eb","author":"Kurt Farka","date":"July 21, 2026","format":false,"excerpt":"21 Korrik 2026 N\u00ebse pyesni se kush i shkroi Iliad\u00ebn ose Odisen\u00eb, kushdo q\u00eb ka njohuri p\u00ebr let\u00ebrsin\u00eb (ose \u00ebsht\u00eb i zoti n\u00eb loj\u00ebrat me pyetje) pa dyshim do t'ju thot\u00eb se autori ishte Homeri. Madje mund t'ju tregojn\u00eb se Homeri ishte nj\u00eb poet i Greqis\u00eb s\u00eb Lasht\u00eb, ndoshta me\u2026","rel":"","context":"In &quot;Histori&quot;","block_context":{"text":"Histori","link":"https:\/\/www.shqiperia.com\/blog\/category\/histori\/"},"img":{"alt_text":"","src":"https:\/\/i0.wp.com\/www.shqiperia.com\/blog\/wp-content\/uploads\/2026\/07\/homer-author-of-the-iliad-and-the-odyssey-considered-to-be-the-first-poet-of-the-occident-woodcut-from-1880-RD6WMC.jpg?fit=1150%2C1200&ssl=1&resize=350%2C200","width":350,"height":200,"srcset":"https:\/\/i0.wp.com\/www.shqiperia.com\/blog\/wp-content\/uploads\/2026\/07\/homer-author-of-the-iliad-and-the-odyssey-considered-to-be-the-first-poet-of-the-occident-woodcut-from-1880-RD6WMC.jpg?fit=1150%2C1200&ssl=1&resize=350%2C200 1x, https:\/\/i0.wp.com\/www.shqiperia.com\/blog\/wp-content\/uploads\/2026\/07\/homer-author-of-the-iliad-and-the-odyssey-considered-to-be-the-first-poet-of-the-occident-woodcut-from-1880-RD6WMC.jpg?fit=1150%2C1200&ssl=1&resize=525%2C300 1.5x, https:\/\/i0.wp.com\/www.shqiperia.com\/blog\/wp-content\/uploads\/2026\/07\/homer-author-of-the-iliad-and-the-odyssey-considered-to-be-the-first-poet-of-the-occident-woodcut-from-1880-RD6WMC.jpg?fit=1150%2C1200&ssl=1&resize=700%2C400 2x, https:\/\/i0.wp.com\/www.shqiperia.com\/blog\/wp-content\/uploads\/2026\/07\/homer-author-of-the-iliad-and-the-odyssey-considered-to-be-the-first-poet-of-the-occident-woodcut-from-1880-RD6WMC.jpg?fit=1150%2C1200&ssl=1&resize=1050%2C600 3x"},"classes":[]},{"id":103153,"url":"https:\/\/www.shqiperia.com\/blog\/sheshet-plot-per-doreheqjen-e-tij-rama-e-pranon-edhe-socialistet-pjese-e-protestes-ne-shesh\/","url_meta":{"origin":100863,"position":2},"title":"Sheshet plot p\u00ebr dor\u00ebheqjen e tij, Rama e pranon: Edhe socialist\u00ebt pjes\u00eb e protest\u00ebs n\u00eb shesh!","author":"Kurt Farka","date":"July 24, 2026","format":false,"excerpt":"24 Korrik 2026 Kryeministri Edi Rama ka pranuar se mes protestuesve t\u00eb muajve t\u00eb fundit kan\u00eb pasur edhe an\u00ebtar\u00eb, mb\u00ebshtet\u00ebs dhe votues t\u00eb Partis\u00eb Socialiste. N\u00eb fjal\u00ebn e tij gjat\u00eb mbledhjes s\u00eb zgjeruar t\u00eb grupit parlamentar t\u00eb PS-s\u00eb dhe an\u00ebtar\u00ebve t\u00eb kabinetit qeveritar, Rama u ndal te pak\u00ebnaq\u00ebsit\u00eb e shfaqura\u2026","rel":"","context":"In &quot;Blogu i Udh\u00ebtarit&quot;","block_context":{"text":"Blogu i Udh\u00ebtarit","link":"https:\/\/www.shqiperia.com\/blog\/category\/blogu-i-udhetarit\/"},"img":{"alt_text":"","src":"https:\/\/i0.wp.com\/www.shqiperia.com\/blog\/wp-content\/uploads\/2026\/07\/der-spiegel-protesta-433x300-2-300x208.jpg?resize=350%2C200&ssl=1","width":350,"height":200,"srcset":"https:\/\/i0.wp.com\/www.shqiperia.com\/blog\/wp-content\/uploads\/2026\/07\/der-spiegel-protesta-433x300-2-300x208.jpg?resize=350%2C200&ssl=1 1x, https:\/\/i0.wp.com\/www.shqiperia.com\/blog\/wp-content\/uploads\/2026\/07\/der-spiegel-protesta-433x300-2-300x208.jpg?resize=525%2C300&ssl=1 1.5x"},"classes":[]},{"id":102229,"url":"https:\/\/www.shqiperia.com\/blog\/media-e-njohur-italiane-il-foglio-edi-rama-ne-burg-e-konsiderojne-kriminel-qe-ka-hedhur-shqiperine-ne-gojen-e-peshkaqeneve\/","url_meta":{"origin":100863,"position":3},"title":"Media e njohur italiane, \u201cIl Foglio\u201d &#8211; Edi Rama n\u00eb burg\u201d, e konsiderojn\u00eb kriminel q\u00eb ka hedhur Shqip\u00ebrin\u00eb n\u00eb goj\u00ebn e \u2018peshkaqen\u00ebve\u2019","author":"Kurt Farka","date":"July 4, 2026","format":false,"excerpt":"4 Koriik 2026 Nga \u201cIl Foglio\u201d Nj\u00eb protest\u00eb q\u00eb nisi p\u00ebr t\u00eb mbrojtur flamingot roz\u00eb \u00ebsht\u00eb shnd\u00ebrruar n\u00eb revolt\u00ebn m\u00eb t\u00eb madhe qytetare kund\u00ebr qeveris\u00eb s\u00eb Edi Ram\u00ebs. N\u00eb nj\u00eb analiz\u00eb t\u00eb gjat\u00eb t\u00eb botuar nga e p\u00ebrditshmja italiane \u201cIl Foglio\u201d, Shqip\u00ebria p\u00ebrshkruhet si nj\u00eb vend ku zem\u00ebrimi ndaj korrupsionit,\u2026","rel":"","context":"In &quot;Blogu i Udh\u00ebtarit&quot;","block_context":{"text":"Blogu i Udh\u00ebtarit","link":"https:\/\/www.shqiperia.com\/blog\/category\/blogu-i-udhetarit\/"},"img":{"alt_text":"","src":"https:\/\/i0.wp.com\/www.shqiperia.com\/blog\/wp-content\/uploads\/2026\/07\/edi-rama-protesta-1.jpeg?fit=948%2C580&ssl=1&resize=350%2C200","width":350,"height":200,"srcset":"https:\/\/i0.wp.com\/www.shqiperia.com\/blog\/wp-content\/uploads\/2026\/07\/edi-rama-protesta-1.jpeg?fit=948%2C580&ssl=1&resize=350%2C200 1x, https:\/\/i0.wp.com\/www.shqiperia.com\/blog\/wp-content\/uploads\/2026\/07\/edi-rama-protesta-1.jpeg?fit=948%2C580&ssl=1&resize=525%2C300 1.5x, https:\/\/i0.wp.com\/www.shqiperia.com\/blog\/wp-content\/uploads\/2026\/07\/edi-rama-protesta-1.jpeg?fit=948%2C580&ssl=1&resize=700%2C400 2x"},"classes":[]},{"id":102322,"url":"https:\/\/www.shqiperia.com\/blog\/alimehmeti-rama-eshte-ne-momentin-e-tij-me-te-keq-qeveria-teknike-zgjidhja-e-vetme-per-krizen\/","url_meta":{"origin":100863,"position":4},"title":"Alimehmeti: &#8211; Rama \u00ebsht\u00eb n\u00eb momentin e tij m\u00eb t\u00eb keq, qeveria teknike zgjidhja e vetme p\u00ebr kriz\u00ebn","author":"Kurt Farka","date":"July 6, 2026","format":false,"excerpt":"6 Korrik 2026 Alimehmeti thot\u00eb se kryeministri po p\u00ebrpiqet t\u00eb largoj\u00eb v\u00ebmendjen nga akuzat ndaj tij, nd\u00ebrsa zgjidhja, mbetet largimi i Ram\u00ebs dhe krijimi i nj\u00eb qeverie teknike \u201cRama \u00ebsht\u00eb n\u00eb momentin e tij m\u00eb t\u00eb keq dhe, si \u00e7do bish\u00eb e plagosur, tenton t\u00eb b\u00ebj\u00eb sa m\u00eb shum\u00eb d\u00ebme\u201d,\u00a0u\u2026","rel":"","context":"In &quot;Blogu i Udh\u00ebtarit&quot;","block_context":{"text":"Blogu i Udh\u00ebtarit","link":"https:\/\/www.shqiperia.com\/blog\/category\/blogu-i-udhetarit\/"},"img":{"alt_text":"","src":"https:\/\/i0.wp.com\/www.shqiperia.com\/blog\/wp-content\/uploads\/2026\/07\/Ilir-Alimehmeti.webp?fit=660%2C330&ssl=1&resize=350%2C200","width":350,"height":200,"srcset":"https:\/\/i0.wp.com\/www.shqiperia.com\/blog\/wp-content\/uploads\/2026\/07\/Ilir-Alimehmeti.webp?fit=660%2C330&ssl=1&resize=350%2C200 1x, https:\/\/i0.wp.com\/www.shqiperia.com\/blog\/wp-content\/uploads\/2026\/07\/Ilir-Alimehmeti.webp?fit=660%2C330&ssl=1&resize=525%2C300 1.5x"},"classes":[]},{"id":101125,"url":"https:\/\/www.shqiperia.com\/blog\/3-qershor-rama-publikon-projektin-5-qershor-thote-nuk-ka-projekt-cilin-edi-rama-te-besojme\/","url_meta":{"origin":100863,"position":5},"title":"3 Qershor- Rama Publikon projektin. 5 Qershor, thote nuk ka Projekt. &#8211; Cilin Edi Rama te besojme?","author":"Kurt Farka","date":"June 5, 2026","format":false,"excerpt":"5 Qershor 2026 \u2018Zv\u00ebrneci\u2019- Rama publikon pamjet e 2 projekteve t\u00eb realizuara nga 2 v\u00ebllez\u00ebrit nga Katari: K\u00ebshtu e kuptojn\u00eb zhvillimin n\u00eb harmoni me natyr\u00ebn ata q\u00eb trondit\u00ebn armiqt\u00eb e Shqip\u00ebris\u00eb europiane. (3 Qershor 2026). Kryeministri Edi Rama ka publikuar n\u00eb rrjetet sociale 2 projekte t\u00eb realizuara n\u00eb shtete t\u00eb\u2026","rel":"","context":"In &quot;Arte&quot;","block_context":{"text":"Arte","link":"https:\/\/www.shqiperia.com\/blog\/category\/arte\/"},"img":{"alt_text":"","src":"https:\/\/i0.wp.com\/www.shqiperia.com\/blog\/wp-content\/uploads\/2026\/06\/1780653587_edirama_sd.webp?fit=1200%2C675&ssl=1&resize=350%2C200","width":350,"height":200,"srcset":"https:\/\/i0.wp.com\/www.shqiperia.com\/blog\/wp-content\/uploads\/2026\/06\/1780653587_edirama_sd.webp?fit=1200%2C675&ssl=1&resize=350%2C200 1x, https:\/\/i0.wp.com\/www.shqiperia.com\/blog\/wp-content\/uploads\/2026\/06\/1780653587_edirama_sd.webp?fit=1200%2C675&ssl=1&resize=525%2C300 1.5x, https:\/\/i0.wp.com\/www.shqiperia.com\/blog\/wp-content\/uploads\/2026\/06\/1780653587_edirama_sd.webp?fit=1200%2C675&ssl=1&resize=700%2C400 2x, https:\/\/i0.wp.com\/www.shqiperia.com\/blog\/wp-content\/uploads\/2026\/06\/1780653587_edirama_sd.webp?fit=1200%2C675&ssl=1&resize=1050%2C600 3x"},"classes":[]}],"_links":{"self":[{"href":"https:\/\/www.shqiperia.com\/blog\/wp-json\/wp\/v2\/posts\/100863","targetHints":{"allow":["GET"]}}],"collection":[{"href":"https:\/\/www.shqiperia.com\/blog\/wp-json\/wp\/v2\/posts"}],"about":[{"href":"https:\/\/www.shqiperia.com\/blog\/wp-json\/wp\/v2\/types\/post"}],"author":[{"embeddable":true,"href":"https:\/\/www.shqiperia.com\/blog\/wp-json\/wp\/v2\/users\/9"}],"replies":[{"embeddable":true,"href":"https:\/\/www.shqiperia.com\/blog\/wp-json\/wp\/v2\/comments?post=100863"}],"version-history":[{"count":1,"href":"https:\/\/www.shqiperia.com\/blog\/wp-json\/wp\/v2\/posts\/100863\/revisions"}],"predecessor-version":[{"id":100865,"href":"https:\/\/www.shqiperia.com\/blog\/wp-json\/wp\/v2\/posts\/100863\/revisions\/100865"}],"wp:featuredmedia":[{"embeddable":true,"href":"https:\/\/www.shqiperia.com\/blog\/wp-json\/wp\/v2\/media\/100864"}],"wp:attachment":[{"href":"https:\/\/www.shqiperia.com\/blog\/wp-json\/wp\/v2\/media?parent=100863"}],"wp:term":[{"taxonomy":"category","embeddable":true,"href":"https:\/\/www.shqiperia.com\/blog\/wp-json\/wp\/v2\/categories?post=100863"},{"taxonomy":"post_tag","embeddable":true,"href":"https:\/\/www.shqiperia.com\/blog\/wp-json\/wp\/v2\/tags?post=100863"}],"curies":[{"name":"wp","href":"https:\/\/api.w.org\/{rel}","templated":true}]}}