{"id":100856,"date":"2026-06-01T07:05:25","date_gmt":"2026-06-01T07:05:25","guid":{"rendered":"https:\/\/www.shqiperia.com\/blog\/?p=100856"},"modified":"2026-06-01T07:05:25","modified_gmt":"2026-06-01T07:05:25","slug":"sistemi-ia-i-zhvilluar-nga-insait-parashikon-rrezikun-e-zjarreve-ne-evrope","status":"publish","type":"post","link":"https:\/\/www.shqiperia.com\/blog\/sistemi-ia-i-zhvilluar-nga-insait-parashikon-rrezikun-e-zjarreve-ne-evrope\/","title":{"rendered":"Sistemi IA i zhvilluar nga INSAIT parashikon rrezikun e zjarreve n\u00eb Evrop\u00eb"},"content":{"rendered":"<p data-a11y-orig-inline=\"\" data-a11y-base-fs=\"18\"><img data-recalc-dims=\"1\" loading=\"lazy\" decoding=\"async\" data-attachment-id=\"100857\" data-permalink=\"https:\/\/www.shqiperia.com\/blog\/sistemi-ia-i-zhvilluar-nga-insait-parashikon-rrezikun-e-zjarreve-ne-evrope\/640-0-firescope-1780249144\/\" data-orig-file=\"https:\/\/i0.wp.com\/www.shqiperia.com\/blog\/wp-content\/uploads\/2026\/06\/640-0-firescope-1780249144.jpeg?fit=640%2C360&amp;ssl=1\" data-orig-size=\"640,360\" data-comments-opened=\"1\" data-image-meta=\"{&quot;aperture&quot;:&quot;0&quot;,&quot;credit&quot;:&quot;&quot;,&quot;camera&quot;:&quot;&quot;,&quot;caption&quot;:&quot;&quot;,&quot;created_timestamp&quot;:&quot;0&quot;,&quot;copyright&quot;:&quot;&quot;,&quot;focal_length&quot;:&quot;0&quot;,&quot;iso&quot;:&quot;0&quot;,&quot;shutter_speed&quot;:&quot;0&quot;,&quot;title&quot;:&quot;&quot;,&quot;orientation&quot;:&quot;0&quot;}\" data-image-title=\"-640-0-firescope-1780249144\" data-image-description=\"\" data-image-caption=\"\" data-medium-file=\"https:\/\/i0.wp.com\/www.shqiperia.com\/blog\/wp-content\/uploads\/2026\/06\/640-0-firescope-1780249144.jpeg?fit=300%2C169&amp;ssl=1\" data-large-file=\"https:\/\/i0.wp.com\/www.shqiperia.com\/blog\/wp-content\/uploads\/2026\/06\/640-0-firescope-1780249144.jpeg?fit=640%2C360&amp;ssl=1\" class=\"alignnone  wp-image-100857\" alt=\"\" src=\"https:\/\/i0.wp.com\/www.shqiperia.com\/blog\/wp-content\/uploads\/2026\/06\/640-0-firescope-1780249144.jpeg?resize=724%2C408&#038;ssl=1\" width=\"724\" height=\"408\" srcset=\"https:\/\/i0.wp.com\/www.shqiperia.com\/blog\/wp-content\/uploads\/2026\/06\/640-0-firescope-1780249144.jpeg?resize=300%2C169&amp;ssl=1 300w, https:\/\/i0.wp.com\/www.shqiperia.com\/blog\/wp-content\/uploads\/2026\/06\/640-0-firescope-1780249144.jpeg?resize=450%2C253&amp;ssl=1 450w, https:\/\/i0.wp.com\/www.shqiperia.com\/blog\/wp-content\/uploads\/2026\/06\/640-0-firescope-1780249144.jpeg?resize=600%2C338&amp;ssl=1 600w, https:\/\/i0.wp.com\/www.shqiperia.com\/blog\/wp-content\/uploads\/2026\/06\/640-0-firescope-1780249144.jpeg?resize=400%2C225&amp;ssl=1 400w, https:\/\/i0.wp.com\/www.shqiperia.com\/blog\/wp-content\/uploads\/2026\/06\/640-0-firescope-1780249144.jpeg?w=640&amp;ssl=1 640w\" sizes=\"auto, (max-width: 724px) 100vw, 724px\" \/><\/p>\n<p data-a11y-orig-inline=\"\" data-a11y-base-fs=\"18\">1 Qershor 2026<\/p>\n<p data-a11y-orig-inline=\"\" data-a11y-base-fs=\"18\">Instituti i Shkencave Kompjuterike, Inteligjenc\u00ebs Artificiale dhe Teknologjive (INSAIT) pran\u00eb \u201cSofia University\u201d ka prezantuar \u201cFireScope AI\u201d, sistemin e par\u00eb t\u00eb inteligjenc\u00ebs artificiale q\u00eb parashikon rrezikun e zjarreve n\u00eb Evrop\u00eb me rezolucion t\u00eb lart\u00eb dhe me shpjegime t\u00eb kuptueshme p\u00ebr njer\u00ebzit.<\/p>\n<p data-a11y-orig-inline=\"\" data-a11y-base-fs=\"18\">Sistemi vjen n\u00eb nj\u00eb koh\u00eb kur rreziku i zjarreve pyjore n\u00eb Evrop\u00eb po rritet.<\/p>\n<p data-a11y-orig-inline=\"\" data-a11y-base-fs=\"18\">Sipas \u201cEuropean Environment Agency,\u201d zjarret n\u00eb pyje shkaktojn\u00eb d\u00ebme prej rreth 2,5 miliard\u00eb eurosh n\u00eb vit n\u00eb Bashkimin Evropian, nd\u00ebrsa World Meteorological Organization paralajm\u00ebron se ndryshimet klimatike do ta shtojn\u00eb m\u00eb tej k\u00ebt\u00eb rrezik.<\/p>\n<p data-a11y-orig-inline=\"\" data-a11y-base-fs=\"18\">\u201cFireScope AI\u201d u mund\u00ebson vendeve evropiane t\u00eb p\u00ebrqendrojn\u00eb m\u00eb mir\u00eb masat parandaluese, p\u00ebrgatitjen ndaj emergjencave, planifikimin e p\u00ebrdorimit t\u00eb tok\u00ebs dhe strategjit\u00eb e p\u00ebrshtatjes ndaj ndryshimeve klimatike, duke identifikuar zonat ku zjarret kan\u00eb m\u00eb shum\u00eb gjasa t\u00eb shp\u00ebrthejn\u00eb dhe t\u00eb shkaktojn\u00eb d\u00ebme t\u00eb m\u00ebdha.<\/p>\n<p data-a11y-orig-inline=\"\" data-a11y-base-fs=\"18\">Sipas njoftimit, \u201cFireScope AI\u201d tejkalon n\u00eb performanc\u00eb modelet e p\u00ebrgjithshme t\u00eb inteligjenc\u00ebs artificiale si GPT-5, si dhe metodat tradicionale t\u00eb vler\u00ebsimit t\u00eb rrezikut, si Fire Weather Index.<\/p>\n<p data-a11y-orig-inline=\"\" data-a11y-base-fs=\"18\">Sistemi kombinon imazhet satelitore me t\u00eb dh\u00ebnat klimatike p\u00ebr t\u00eb krijuar harta t\u00eb vazhdueshme t\u00eb rrezikut.<\/p>\n<p data-a11y-orig-inline=\"\" data-a11y-base-fs=\"18\">Ai analizon dend\u00ebsin\u00eb dhe tharjen e bim\u00ebsis\u00eb, tendencat sezonale t\u00eb that\u00ebsir\u00ebs, modelet e er\u00ebs dhe nd\u00ebrveprime m\u00eb komplekse, si p\u00ebrputhja e val\u00ebve t\u00eb t\u00eb nxehtit me er\u00ebrat, relievin dhe mbules\u00ebn bimore.<\/p>\n","protected":false},"excerpt":{"rendered":"<p>1 Qershor 2026 Instituti i Shkencave Kompjuterike, Inteligjenc\u00ebs Artificiale dhe Teknologjive (INSAIT) pran\u00eb \u201cSofia University\u201d ka prezantuar \u201cFireScope AI\u201d, sistemin e par\u00eb t\u00eb inteligjenc\u00ebs artificiale q\u00eb parashikon rrezikun e zjarreve n\u00eb Evrop\u00eb me rezolucion t\u00eb lart\u00eb dhe me shpjegime t\u00eb kuptueshme p\u00ebr njer\u00ebzit. Sistemi vjen n\u00eb nj\u00eb koh\u00eb kur rreziku i zjarreve pyjore n\u00eb Evrop\u00eb [&hellip;]<\/p>\n","protected":false},"author":9,"featured_media":100857,"comment_status":"open","ping_status":"open","sticky":false,"template":"","format":"standard","meta":{"jetpack_post_was_ever_published":false,"_jetpack_newsletter_access":"","_jetpack_dont_email_post_to_subs":false,"_jetpack_newsletter_tier_id":0,"_jetpack_memberships_contains_paywalled_content":false,"_jetpack_memberships_contains_paid_content":false,"footnotes":"","jetpack_publicize_message":"","jetpack_publicize_feature_enabled":true,"jetpack_social_post_already_shared":true,"jetpack_social_options":{"image_generator_settings":{"template":"highway","default_image_id":0,"font":"","enabled":false},"version":2}},"categories":[27,2,35],"tags":[],"class_list":["post-100856","post","type-post","status-publish","format-standard","has-post-thumbnail","hentry","category-blogu-i-udhetarit","category-politika","category-shoqerore"],"jetpack_publicize_connections":[],"jetpack_featured_media_url":"https:\/\/i0.wp.com\/www.shqiperia.com\/blog\/wp-content\/uploads\/2026\/06\/640-0-firescope-1780249144.jpeg?fit=640%2C360&ssl=1","jetpack_sharing_enabled":true,"jetpack_shortlink":"https:\/\/wp.me\/p5Z6wp-qeI","jetpack-related-posts":[{"id":100576,"url":"https:\/\/www.shqiperia.com\/blog\/spanja-shpall-planin-gjigant-kunder-zjarreve-drone-avione-dhe-sisteme-te-avancuara-ne-vijen-e-pare\/","url_meta":{"origin":100856,"position":0},"title":"Spanja shpall planin gjigant kund\u00ebr zjarreve\/ Dron\u00eb, avion\u00eb dhe sisteme t\u00eb avancuara n\u00eb vij\u00ebn e par\u00eb","author":"Kurt Farka","date":"May 22, 2026","format":false,"excerpt":"22 Maji 2026 Kryeministri i Spanj\u00ebs, Pedro S\u00e1nchez, ka prezantuar nj\u00eb plan t\u00eb ri t\u00eb gjer\u00eb p\u00ebr luft\u00ebn kund\u00ebr zjarreve n\u00eb pyje, pas nj\u00eb viti q\u00eb u sh\u00ebnua nga d\u00ebme t\u00eb m\u00ebdha dhe sip\u00ebrfaqe rekord t\u00eb djegura. Sipas t\u00eb dh\u00ebnave zyrtare, Spanja p\u00ebrjetoi n\u00eb vitin 2025 ver\u00ebn m\u00eb t\u00eb nxeht\u00eb\u2026","rel":"","context":"In &quot;Blogu i Udh\u00ebtarit&quot;","block_context":{"text":"Blogu i Udh\u00ebtarit","link":"https:\/\/www.shqiperia.com\/blog\/category\/blogu-i-udhetarit\/"},"img":{"alt_text":"","src":"https:\/\/i0.wp.com\/www.shqiperia.com\/blog\/wp-content\/uploads\/2026\/05\/zjarret.jpg?fit=850%2C456&ssl=1&resize=350%2C200","width":350,"height":200,"srcset":"https:\/\/i0.wp.com\/www.shqiperia.com\/blog\/wp-content\/uploads\/2026\/05\/zjarret.jpg?fit=850%2C456&ssl=1&resize=350%2C200 1x, https:\/\/i0.wp.com\/www.shqiperia.com\/blog\/wp-content\/uploads\/2026\/05\/zjarret.jpg?fit=850%2C456&ssl=1&resize=525%2C300 1.5x, https:\/\/i0.wp.com\/www.shqiperia.com\/blog\/wp-content\/uploads\/2026\/05\/zjarret.jpg?fit=850%2C456&ssl=1&resize=700%2C400 2x"},"classes":[]},{"id":103874,"url":"https:\/\/www.shqiperia.com\/blog\/rama-gusht-sfidues-na-gjen-me-te-forte-dhe-te-pergatitur\/","url_meta":{"origin":100856,"position":1},"title":"Rama: Gusht sfidues, na gjen m\u00eb t\u00eb fort\u00eb dhe t\u00eb p\u00ebrgatitur.","author":"Kurt Farka","date":"August 6, 2026","format":false,"excerpt":"6 Gusht 2026 Kryeministri Edi Rama ka publikuar pamje nga shuarja e zjarreve n\u00eb Shqip\u00ebri, teksa tashm\u00eb \u00ebsht\u00eb v\u00ebn\u00eb n\u00eb ndihm\u00eb edhe avioni i par\u00eb zjarrfik\u00ebs. Teksa e konsideron gushtin sfidues sa i p\u00ebrket vatrave aktive n\u00eb vend, Rama shprehet se kjo periudh\u00eb i gjen m\u00eb t\u00eb p\u00ebrgatitur. \u201cAvioni i\u2026","rel":"","context":"In &quot;Blogu i Udh\u00ebtarit&quot;","block_context":{"text":"Blogu i Udh\u00ebtarit","link":"https:\/\/www.shqiperia.com\/blog\/category\/blogu-i-udhetarit\/"},"img":{"alt_text":"","src":"https:\/\/i0.wp.com\/www.shqiperia.com\/blog\/wp-content\/uploads\/2026\/08\/766207653_1591053072751726_1201528077781176015_n.jpg?fit=874%2C769&ssl=1&resize=350%2C200","width":350,"height":200,"srcset":"https:\/\/i0.wp.com\/www.shqiperia.com\/blog\/wp-content\/uploads\/2026\/08\/766207653_1591053072751726_1201528077781176015_n.jpg?fit=874%2C769&ssl=1&resize=350%2C200 1x, https:\/\/i0.wp.com\/www.shqiperia.com\/blog\/wp-content\/uploads\/2026\/08\/766207653_1591053072751726_1201528077781176015_n.jpg?fit=874%2C769&ssl=1&resize=525%2C300 1.5x, https:\/\/i0.wp.com\/www.shqiperia.com\/blog\/wp-content\/uploads\/2026\/08\/766207653_1591053072751726_1201528077781176015_n.jpg?fit=874%2C769&ssl=1&resize=700%2C400 2x"},"classes":[]},{"id":102564,"url":"https:\/\/www.shqiperia.com\/blog\/arben-malaj-kritika-rames-ti-jeton-ne-kopshtin-e-edenit-si-faraonet\/","url_meta":{"origin":100856,"position":2},"title":"Arben Malaj kritika Ram\u00ebs: &#8211; Ti jeton n\u00eb \u2018Kopshtin e Edenit\u2019 si faraon\u00ebt","author":"Kurt Farka","date":"July 12, 2026","format":false,"excerpt":"12 Korrik 2026 Ish-ministri i Financave dhe ekonomisti Arben Malaj ka reaguar ndaj vendimit t\u00eb qeveris\u00eb p\u00ebr financimin me 4 mln euro p\u00ebr koncertin e reperit amerikan Kanye West, duke kritikuar ashp\u00ebr kryeministrin Edi Rama. N\u00eb nj\u00eb postim n\u00eb rrjetet sociale, Malaj shprehet se pretendimet p\u00ebr promovimin e Shqip\u00ebris\u00eb p\u00ebrmes\u2026","rel":"","context":"In &quot;Blogu i Udh\u00ebtarit&quot;","block_context":{"text":"Blogu i Udh\u00ebtarit","link":"https:\/\/www.shqiperia.com\/blog\/category\/blogu-i-udhetarit\/"},"img":{"alt_text":"","src":"https:\/\/i0.wp.com\/www.shqiperia.com\/blog\/wp-content\/uploads\/2026\/07\/mala-rama-protesta-433x300-1.jpg?fit=433%2C300&ssl=1&resize=350%2C200","width":350,"height":200},"classes":[]},{"id":103583,"url":"https:\/\/www.shqiperia.com\/blog\/evropa-pervelohet-nga-i-nxehti-temperaturat-shkojne-ne-41c-alarm-per-zjrret-dhe-krizen-e-ujit\/","url_meta":{"origin":100856,"position":3},"title":"Evropa &#8220;p\u00ebrv\u00eblohet&#8221; nga i nxehti\/ Temperaturat shkojn\u00eb n\u00eb 41\u00b0C, alarm p\u00ebr zj*rret dhe kriz\u00ebn e ujit","author":"Kurt Farka","date":"August 1, 2026","format":false,"excerpt":"1 Gusht 2026 Nj\u00eb val\u00eb e re e t\u00eb nxehtit ka p\u00ebrfshir\u00eb Evrop\u00ebn Qendrore, me temperaturat q\u00eb pritet t\u00eb arrijn\u00eb deri n\u00eb 41 grad\u00eb Celsius n\u00eb dit\u00ebt n\u00eb vijim. P\u00ebrball\u00eb kushteve ekstreme t\u00eb motit, autoritetet kan\u00eb shtuar masat e emergjenc\u00ebs p\u00ebr t\u00eb p\u00ebrballuar rrezikun e zjarreve, munges\u00ebn e ujit dhe\u2026","rel":"","context":"In &quot;Blogu i Udh\u00ebtarit&quot;","block_context":{"text":"Blogu i Udh\u00ebtarit","link":"https:\/\/www.shqiperia.com\/blog\/category\/blogu-i-udhetarit\/"},"img":{"alt_text":"","src":"https:\/\/i0.wp.com\/www.shqiperia.com\/blog\/wp-content\/uploads\/2026\/08\/646-462-hot-1785566434.png?fit=646%2C462&ssl=1&resize=350%2C200","width":350,"height":200,"srcset":"https:\/\/i0.wp.com\/www.shqiperia.com\/blog\/wp-content\/uploads\/2026\/08\/646-462-hot-1785566434.png?fit=646%2C462&ssl=1&resize=350%2C200 1x, https:\/\/i0.wp.com\/www.shqiperia.com\/blog\/wp-content\/uploads\/2026\/08\/646-462-hot-1785566434.png?fit=646%2C462&ssl=1&resize=525%2C300 1.5x"},"classes":[]},{"id":81783,"url":"https:\/\/www.shqiperia.com\/blog\/risi-ne-kuvend-shpallet-tenderi-me-shumen-marramendese-per-zbardhjen-nga-inteligjenca-artificiale-te-fjalimeve-te-politikaneve\/","url_meta":{"origin":100856,"position":4},"title":"Risi n\u00eb Kuvend, shpallet tenderi me shum\u00ebn marramend\u00ebse p\u00ebr zbardhjen nga Inteligjenca Artificiale t\u00eb fjalimeve t\u00eb politikan\u00ebve","author":"Kurt Farka","date":"June 11, 2024","format":false,"excerpt":"11 Qershor 2024 Fjalimet e deputet\u00ebve n\u00eb Kuvend do t\u00eb zbardhen p\u00ebrmes inteligjenc\u00ebs artificiale. M\u00ebsohet se Kuvendi ka shpallur nj\u00eb tender p\u00ebr nd\u00ebrtimin e nj\u00eb platform\u00eb t\u00eb re e cila do t\u00eb transkriptoj\u00eb t\u00eb gjitha takimet q\u00eb jan\u00eb pjes\u00eb e aktivitetit parlamentar si seanc\u00eb plenare, mbledhje komisionesh parlamentare dhe \u00e7do\u2026","rel":"","context":"In &quot;Blogu i Udh\u00ebtarit&quot;","block_context":{"text":"Blogu i Udh\u00ebtarit","link":"https:\/\/www.shqiperia.com\/blog\/category\/blogu-i-udhetarit\/"},"img":{"alt_text":"","src":"https:\/\/i0.wp.com\/www.shqiperia.com\/blog\/wp-content\/uploads\/2024\/06\/800-0-6668211873d91.jpg?fit=800%2C445&ssl=1&resize=350%2C200","width":350,"height":200,"srcset":"https:\/\/i0.wp.com\/www.shqiperia.com\/blog\/wp-content\/uploads\/2024\/06\/800-0-6668211873d91.jpg?fit=800%2C445&ssl=1&resize=350%2C200 1x, https:\/\/i0.wp.com\/www.shqiperia.com\/blog\/wp-content\/uploads\/2024\/06\/800-0-6668211873d91.jpg?fit=800%2C445&ssl=1&resize=525%2C300 1.5x, https:\/\/i0.wp.com\/www.shqiperia.com\/blog\/wp-content\/uploads\/2024\/06\/800-0-6668211873d91.jpg?fit=800%2C445&ssl=1&resize=700%2C400 2x"},"classes":[]},{"id":104457,"url":"https:\/\/www.shqiperia.com\/blog\/pamje-apokaliptike-ne-tirane-rendohet-situata-e-zjarreve-ne-prisken-e-madhe-era-favorizon-perhapjen-e-flakeve\/","url_meta":{"origin":100856,"position":5},"title":"PAMJE APOKALIPTIKE N\u00cb TIRAN\u00cb! &#8211; R\u00ebndohet situata e zjarreve n\u00eb Prisk\u00ebn e Madhe, era favorizon p\u00ebrhapjen e flak\u00ebve","author":"Kurt Farka","date":"August 14, 2026","format":false,"excerpt":"14 Gusht 2026 Situata e zjarreve n\u00eb zon\u00ebn e Prisk\u00ebs s\u00eb Madhe n\u00eb Tiran\u00eb \u00ebsht\u00eb p\u00ebrkeq\u00ebsuar, nd\u00ebrsa era po favorizon p\u00ebrhapjen e flak\u00ebve. Vatra vijon t\u00eb jet\u00eb aktive dhe tymi \u00ebsht\u00eb p\u00ebrhapur n\u00eb zon\u00ebn p\u00ebrreth. Pamjet e siguruara p\u00ebr Ora News tregojn\u00eb flak\u00ebt q\u00eb p\u00ebrhapen n\u00eb sip\u00ebrfaqe t\u00eb gjelb\u00ebruara, nd\u00ebrsa\u2026","rel":"","context":"In &quot;Blogu i Udh\u00ebtarit&quot;","block_context":{"text":"Blogu i Udh\u00ebtarit","link":"https:\/\/www.shqiperia.com\/blog\/category\/blogu-i-udhetarit\/"},"img":{"alt_text":"","src":"https:\/\/i0.wp.com\/www.shqiperia.com\/blog\/wp-content\/uploads\/2026\/08\/640-0-1abaae941c849ef496e061500054e84f.jpg?fit=640%2C450&ssl=1&resize=350%2C200","width":350,"height":200,"srcset":"https:\/\/i0.wp.com\/www.shqiperia.com\/blog\/wp-content\/uploads\/2026\/08\/640-0-1abaae941c849ef496e061500054e84f.jpg?fit=640%2C450&ssl=1&resize=350%2C200 1x, https:\/\/i0.wp.com\/www.shqiperia.com\/blog\/wp-content\/uploads\/2026\/08\/640-0-1abaae941c849ef496e061500054e84f.jpg?fit=640%2C450&ssl=1&resize=525%2C300 1.5x"},"classes":[]}],"_links":{"self":[{"href":"https:\/\/www.shqiperia.com\/blog\/wp-json\/wp\/v2\/posts\/100856","targetHints":{"allow":["GET"]}}],"collection":[{"href":"https:\/\/www.shqiperia.com\/blog\/wp-json\/wp\/v2\/posts"}],"about":[{"href":"https:\/\/www.shqiperia.com\/blog\/wp-json\/wp\/v2\/types\/post"}],"author":[{"embeddable":true,"href":"https:\/\/www.shqiperia.com\/blog\/wp-json\/wp\/v2\/users\/9"}],"replies":[{"embeddable":true,"href":"https:\/\/www.shqiperia.com\/blog\/wp-json\/wp\/v2\/comments?post=100856"}],"version-history":[{"count":1,"href":"https:\/\/www.shqiperia.com\/blog\/wp-json\/wp\/v2\/posts\/100856\/revisions"}],"predecessor-version":[{"id":100858,"href":"https:\/\/www.shqiperia.com\/blog\/wp-json\/wp\/v2\/posts\/100856\/revisions\/100858"}],"wp:featuredmedia":[{"embeddable":true,"href":"https:\/\/www.shqiperia.com\/blog\/wp-json\/wp\/v2\/media\/100857"}],"wp:attachment":[{"href":"https:\/\/www.shqiperia.com\/blog\/wp-json\/wp\/v2\/media?parent=100856"}],"wp:term":[{"taxonomy":"category","embeddable":true,"href":"https:\/\/www.shqiperia.com\/blog\/wp-json\/wp\/v2\/categories?post=100856"},{"taxonomy":"post_tag","embeddable":true,"href":"https:\/\/www.shqiperia.com\/blog\/wp-json\/wp\/v2\/tags?post=100856"}],"curies":[{"name":"wp","href":"https:\/\/api.w.org\/{rel}","templated":true}]}}