{"id":100850,"date":"2026-06-01T06:55:47","date_gmt":"2026-06-01T06:55:47","guid":{"rendered":"https:\/\/www.shqiperia.com\/blog\/?p=100850"},"modified":"2026-06-01T06:55:47","modified_gmt":"2026-06-01T06:55:47","slug":"kompania-e-dhunes-ne-zvernec-e-akuzuar-ne-te-shkuaren-per-pengmarrje","status":"publish","type":"post","link":"https:\/\/www.shqiperia.com\/blog\/kompania-e-dhunes-ne-zvernec-e-akuzuar-ne-te-shkuaren-per-pengmarrje\/","title":{"rendered":"Kompania e dhun\u00ebs n\u00eb Zv\u00ebrnec, e akuzuar n\u00eb t\u00eb shkuar\u00ebn p\u00ebr pengmarrje"},"content":{"rendered":"<p><img data-recalc-dims=\"1\" loading=\"lazy\" decoding=\"async\" data-attachment-id=\"100851\" data-permalink=\"https:\/\/www.shqiperia.com\/blog\/kompania-e-dhunes-ne-zvernec-e-akuzuar-ne-te-shkuaren-per-pengmarrje\/640-0-0346123bd12eca35a02491de0ac0f2b3\/\" data-orig-file=\"https:\/\/i0.wp.com\/www.shqiperia.com\/blog\/wp-content\/uploads\/2026\/06\/640-0-0346123bd12eca35a02491de0ac0f2b3.jpg?fit=640%2C480&amp;ssl=1\" data-orig-size=\"640,480\" data-comments-opened=\"1\" data-image-meta=\"{&quot;aperture&quot;:&quot;0&quot;,&quot;credit&quot;:&quot;&quot;,&quot;camera&quot;:&quot;&quot;,&quot;caption&quot;:&quot;&quot;,&quot;created_timestamp&quot;:&quot;0&quot;,&quot;copyright&quot;:&quot;&quot;,&quot;focal_length&quot;:&quot;0&quot;,&quot;iso&quot;:&quot;0&quot;,&quot;shutter_speed&quot;:&quot;0&quot;,&quot;title&quot;:&quot;&quot;,&quot;orientation&quot;:&quot;0&quot;}\" data-image-title=\"640-0-0346123bd12eca35a02491de0ac0f2b3\" data-image-description=\"\" data-image-caption=\"\" data-medium-file=\"https:\/\/i0.wp.com\/www.shqiperia.com\/blog\/wp-content\/uploads\/2026\/06\/640-0-0346123bd12eca35a02491de0ac0f2b3.jpg?fit=300%2C225&amp;ssl=1\" data-large-file=\"https:\/\/i0.wp.com\/www.shqiperia.com\/blog\/wp-content\/uploads\/2026\/06\/640-0-0346123bd12eca35a02491de0ac0f2b3.jpg?fit=640%2C480&amp;ssl=1\" class=\"alignnone  wp-image-100851\" alt=\"\" src=\"https:\/\/i0.wp.com\/www.shqiperia.com\/blog\/wp-content\/uploads\/2026\/06\/640-0-0346123bd12eca35a02491de0ac0f2b3.jpg?resize=583%2C437&#038;ssl=1\" width=\"583\" height=\"437\" srcset=\"https:\/\/i0.wp.com\/www.shqiperia.com\/blog\/wp-content\/uploads\/2026\/06\/640-0-0346123bd12eca35a02491de0ac0f2b3.jpg?resize=300%2C225&amp;ssl=1 300w, https:\/\/i0.wp.com\/www.shqiperia.com\/blog\/wp-content\/uploads\/2026\/06\/640-0-0346123bd12eca35a02491de0ac0f2b3.jpg?resize=450%2C338&amp;ssl=1 450w, https:\/\/i0.wp.com\/www.shqiperia.com\/blog\/wp-content\/uploads\/2026\/06\/640-0-0346123bd12eca35a02491de0ac0f2b3.jpg?resize=600%2C450&amp;ssl=1 600w, https:\/\/i0.wp.com\/www.shqiperia.com\/blog\/wp-content\/uploads\/2026\/06\/640-0-0346123bd12eca35a02491de0ac0f2b3.jpg?resize=400%2C300&amp;ssl=1 400w, https:\/\/i0.wp.com\/www.shqiperia.com\/blog\/wp-content\/uploads\/2026\/06\/640-0-0346123bd12eca35a02491de0ac0f2b3.jpg?w=640&amp;ssl=1 640w\" sizes=\"auto, (max-width: 583px) 100vw, 583px\" \/><\/p>\n<p>1 Qershor 2026<\/p>\n<p>N\u00eb pamje t\u00eb par\u00eb, \u201cMyrto Security\u201d sh.p.k shfaqet n\u00eb regjistrat e shtetit si nj\u00eb histori suksesi korporativ: nj\u00eb kompani sigurie fizike q\u00eb absorbom miliarda lek\u00eb nga buxheti i shtetit, duke fituar kontrata ekskluzive p\u00ebr ruajtjen e spitaleve, nd\u00ebrmarrjeve publike dhe operator\u00ebve strategjik\u00eb t\u00eb energjis\u00eb si OSSH.<\/p>\n<p>Por pas fasad\u00ebs s\u00eb nj\u00eb perandorie financiare t\u00eb ushqyer me parat\u00eb e taksapaguesve shqiptar\u00eb, fshihet nj\u00eb realitet trondit\u00ebs. Ky \u00ebsht\u00eb rr\u00ebfimi kronologjik i nj\u00eb sage investigative ku nd\u00ebrthuren lidhjet e ngushta, zaptimi me dhun\u00eb i tokave bujq\u00ebsore, p\u00ebrplasjet e p\u00ebrgjakshme brenda llojit dhe nj\u00eb ngjarje makab\u00ebr: rr\u00ebmbimi dhe zhdukja pa gjurm\u00eb e nj\u00eb njeriu.<\/p>\n<p><strong>Si u ushqye perandoria e \u201cBlet\u00ebs s\u00eb Art\u00eb\u201d t\u00eb Korrupsionit me parat\u00eb e OSHEE<\/strong><\/p>\n<p>Rr\u00ebnj\u00ebt e fuqis\u00eb financiare t\u00eb k\u00ebtij oktapodi shtrihen thell\u00eb n\u00eb zyrat e pushtetit. Q\u00eb n\u00eb vitet 2015\u20132016, partit\u00eb politike opozitare denonconin me emra dhe shifra at\u00eb q\u00eb quhej \u201ck\u00ebrba\u00e7i ndaj t\u00eb varf\u00ebrve dhe qesja e hapur p\u00ebr miqt\u00eb\u201d. Nd\u00ebrsa qytetar\u00ebt e thjesht\u00eb burgoseshin p\u00ebr fatura t\u00eb papaguara prej 2 mij\u00eb lek\u00ebsh t\u00eb vjetra, Korporata e Shp\u00ebrndarjes s\u00eb Energjis\u00eb Elektrike (OSHEE) operonte me skema t\u00eb pastra favorizimi.<\/p>\n<p>N\u00eb drit\u00ebn e dokumenteve t\u00eb asaj kohe, OSHEE kishte p\u00ebrs\u00ebritur dhjet\u00ebra procedura tenderuese jasht\u00eb \u00e7do logjike ligjore p\u00ebr ruajtjen e objekteve rajonale. Mes p\u00ebrfituesve kryesor\u00eb renditej\u00a0Hysni Myrtaj, asokohe an\u00ebtar i k\u00ebshillit bashkiak t\u00eb Fierit n\u00ebn sigl\u00ebn e LSI-s\u00eb (m\u00eb von\u00eb pjes\u00eb e makineris\u00eb s\u00eb pushtetit). Vet\u00ebm n\u00eb nj\u00eb val\u00eb prokurimesh t\u00eb dyshimta, kompania e lidhur me t\u00eb p\u00ebrfshinte qindra milion\u00eb lek\u00eb n\u00eb kontrata ekskluzive.<\/p>\n<p>Sipas t\u00eb dh\u00ebnave t\u00eb thelluara t\u00eb thesarit dhe monitorimit t\u00eb kontratave publike, nd\u00ebr vite perandoria \u201cMyrto Security\u201d (duke p\u00ebrfshir\u00eb edhe shoq\u00ebrit\u00eb q\u00eb ka p\u00ebrthithur rrug\u00ebs) ka kapur shifra marramend\u00ebse:<\/p>\n<p>\u2013<em>Sektori i Nd\u00ebrmarrjeve Publike<\/em>:\u00a0Mbi\u00a01.26 miliard\u00eb lek\u00eb\u00a0n\u00eb kontrata t\u00eb fituara, shpesh n\u00eb konsorciume t\u00eb m\u00ebdha me operator\u00eb t\u00eb tjer\u00eb (si\u00a0Flena RB, Vrana, Vaso, etj.), duke krijuar nj\u00eb monopol t\u00eb v\u00ebrtet\u00eb t\u00eb ruajtjes s\u00eb aseteve strategjike.<\/p>\n<p>\u2013<em>Sektori i Sh\u00ebndet\u00ebsis\u00eb<\/em>:\u00a0Ofertues i pandalsh\u00ebm n\u00eb spitalet psikiatrike t\u00eb Vlor\u00ebs e Elbasanit, QSUT, dhe drejtorit\u00eb rajonale, me vler\u00eb totale mbi\u00a0122 milion\u00eb lek\u00eb.<\/p>\n<p>Kulmi i k\u00ebsaj sag\u00eb prokurimesh publike u vulos me nj\u00eb dokument zyrtar t\u00eb dat\u00ebs\u00a015 gusht 2023, ku \u201cMyrto Security\u201d u shpall fituese e tenderit me num\u00ebr reference\u00a0REF-73667-06-26-2023. Nj\u00eb Marr\u00ebveshje Kuad\u00ebr 3-vje\u00e7are me vler\u00eb plot\u00a0141,972,447 lek\u00eb pa TVSH\u00a0p\u00ebr sh\u00ebrbimin e ruajtjes fizike t\u00eb nd\u00ebrtesave dhe aseteve t\u00eb Drejtoris\u00eb Rajonale t\u00eb OSSH Berat dhe FSHU Berat. Parat\u00eb publike rridhnin lum\u00eb, por paralelisht me to, rridhte edhe paligjshm\u00ebria n\u00eb terren.<\/p>\n<p><strong>Shtatori i Zi (2019) \u2013 Rr\u00ebmbim, zhdukje dhe heshtje mafioze<\/strong><\/p>\n<p>Kur arkat e kompanis\u00eb mbusheshin nga parat\u00eb e shtetit, brenda mureve t\u00eb familjes Myrtaj shp\u00ebrtheu nj\u00eb luft\u00eb e eg\u00ebr, e cila mori p\u00ebrmasa kriminale. N\u00eb mes t\u00eb muajit shtator t\u00eb vitit 2019, qyteti i Fierit u trondit nga nj\u00eb prej ngjarjeve m\u00eb enigmatike dhe m\u00eb t\u00eb r\u00ebnda t\u00eb kronik\u00ebs s\u00eb zez\u00eb.<\/p>\n<p>M\u00eb\u00a017 shtator 2019, shtetasi\u00a0Fatjon Myrtaj\u00a0u zhduk pa l\u00ebn\u00eb asnj\u00eb gjurm\u00eb. P\u00ebr tri dit\u00eb me radh\u00eb, familjar\u00ebt e tij p\u00ebrjetuan ankthin e tmerrsh\u00ebm t\u00eb mosdijes, p\u00ebrpara se t\u2019i drejtoheshin Policis\u00eb s\u00eb Fierit m\u00eb\u00a020 shtator\u00a0p\u00ebr t\u00eb b\u00ebr\u00eb denoncimin zyrtar. Por d\u00ebshmia e tyre nuk ishte thjesht nj\u00eb thirrje p\u00ebr ndihm\u00eb; ajo ishte nj\u00eb akuz\u00eb e drejtp\u00ebrdrejt\u00eb dhe e prer\u00eb. Familjar\u00ebt ngrit\u00ebn gishtin e akuz\u00ebs drejt njer\u00ebzve t\u00eb tyre t\u00eb gjakut:\u00a0Perlat Myrtaj, nj\u00eb prej drejtuesve kryesor\u00eb t\u00eb \u201cMyrto Security\u201d, dhe\u00a0Ladjon Myrtaj.<\/p>\n<p>Skenari i zhvillimit t\u00eb ngjarjeve ngjan me nj\u00eb skenar t\u00eb past\u00ebr t\u00eb bot\u00ebs s\u00eb krimit t\u00eb organizuar:<\/p>\n<p><em>E Premtja e 20 Shtatori<\/em>t:\u00a0Policia e Fierit, duke vler\u00ebsuar d\u00ebshmit\u00eb dhe provat e para procedurale, l\u00ebvizi n\u00eb m\u00ebnyr\u00eb hermetike. Pa asnj\u00eb njoftim p\u00ebr mediat, uniformat blu ndaluan \u201cme iniciativ\u00eb\u201d zyrtarin e lart\u00eb t\u00eb kompanis\u00eb s\u00eb siguris\u00eb. Heshtja e policis\u00eb ishte mbyt\u00ebse, duke tentuar t\u00eb mbante t\u00eb mbyllur skandalin q\u00eb prekte nj\u00eb biznesmen me ndikim.<\/p>\n<p><em>E Shtuna e 21 Shtatorit<\/em>:\u00a0Gazetaria investigative \u00e7au murin e heshtjes. Agjencit\u00eb e lajmeve raportuan ekskluzivisht se nj\u00eb histori rr\u00ebmbimi dhe zhdukjeje personi kishte \u00e7uar prapa hekurave nj\u00eb nga kokat e \u201cMyrto Security\u201d.<\/p>\n<p><em>E diela e 22 Shtatorit:<\/em>\u00a0Policia u detyrua t\u00eb dor\u00ebzohej p\u00ebrpara presionit publik dhe shp\u00ebrndau njoftimin zyrtar, duke konfirmuar prangosjen e Perlat dhe Ladjon Myrtajt si t\u00eb dyshuar kryesor\u00eb p\u00ebr pengmarrjen e kush\u00ebririt t\u00eb tyre.<\/p>\n<p>Motivi? Nj\u00eb konflikt i thell\u00eb dhe i err\u00ebt familjar ku ishte p\u00ebrfshir\u00eb edhe bashk\u00ebshortja e nj\u00eb prej t\u00eb ndaluarve. \u00c7\u00ebshtja kaloi me urgjenc\u00eb tek Prokuroria p\u00ebr Krime t\u00eb R\u00ebnda n\u00eb Tiran\u00eb, si organ i vet\u00ebm kompetent p\u00ebr t\u00eb hetuar vepr\u00ebn penale t\u00eb \u201crr\u00ebmbimit t\u00eb personit\u201d. Dy t\u00eb ndaluarit mohuan me forc\u00eb akuzat, por fati i Fatjon Myrtajt mbeti i mbuluar nga misteri i nj\u00eb heshtjeje mafioze. Nj\u00eb kompani q\u00eb paguhej p\u00ebr t\u00eb ruajtur jet\u00eb njer\u00ebzish dhe institucionesh, dyshohej tashm\u00eb se kishte gllab\u00ebruar jet\u00ebn e nj\u00eb familjari t\u00eb saj.<\/p>\n<p><strong>Kanali i Levanit (Tetor 2025) \u2013 Zaptim me bekimin e Ministris\u00eb<\/strong><\/p>\n<p>Skenari i dhun\u00ebs, zaptimit dhe p\u00ebrdorimit t\u00eb pushtetit p\u00ebr q\u00ebllime personale u p\u00ebrs\u00ebrit me t\u00eb nj\u00ebjt\u00ebn brutalitet vite m\u00eb von\u00eb, duke d\u00ebshmuar se imuniteti i k\u00ebsaj familjeje ndaj ligjit mbetej i papreksh\u00ebm. M\u00eb\u00a03 tetor 2025, fshati Bashkim n\u00eb Levan t\u00eb Fierit u kthye n\u00eb nj\u00eb zon\u00eb lufte sociale.<\/p>\n<p>Dhjet\u00ebra banor\u00eb t\u00eb zon\u00ebs u ngrit\u00ebn n\u00eb nj\u00eb protest\u00eb t\u00eb d\u00ebshp\u00ebruar, duke bllokuar mjetet e r\u00ebnda dhe duke akuzuar drejtp\u00ebrdrejt biznesmenin\u00a0Hysni Myrtaj\u00a0se po u zbatonte tokat bujq\u00ebsore. Banor\u00ebt, t\u00eb indinjuar, deklaruan se Myrtaj nuk po k\u00ebnaqej vet\u00ebm me sip\u00ebrfaqet e m\u00ebdha djerr\u00eb q\u00eb ata i p\u00ebrdornin si kullota p\u00ebr blegtorin\u00eb prej tre dekadash, por kishte shtrir\u00eb thonjt\u00eb edhe mbi tokat e tyre private, t\u00eb p\u00ebrfituara rregullisht me Ligjin 7501.<\/p>\n<p>P\u00ebrgjigja e biznesmenit ishte arroganca tipike e nj\u00eb njeriu q\u00eb ka pas shpin\u00ebs vul\u00ebn e shtetit. I kontaktuar nga mediat, Myrtaj nxori \u201ckart\u00ebn e paprekshm\u00ebris\u00eb\u201d: nj\u00eb kontrat\u00eb ekskluzive t\u00eb n\u00ebnshkruar me Ministrin\u00eb e Bujq\u00ebsis\u00eb p\u00ebr t\u00eb shfryt\u00ebzuar tok\u00ebn shtet\u00ebrore p\u00ebr nj\u00eb afat prej\u00a099 vjet\u00ebsh.<\/p>\n<p>Sipas tij, ai kishte mbjell\u00eb tashm\u00eb\u00a014 hektar\u00eb me sheg\u00eb\u00a0dhe po nd\u00ebrhynte p\u00ebr t\u00eb kultivuar edhe\u00a06 hektar\u00eb t\u00eb tjer\u00eb\u00a0\u2013 pik\u00ebrisht sip\u00ebrfaqja q\u00eb ndezi fitilin e konfliktit me banor\u00ebt q\u00eb e shfryt\u00ebzonin at\u00eb tok\u00eb prej 30 vitesh.<\/p>\n<p>Nd\u00ebrsa banor\u00ebt e mbetur pa buk\u00ebn e goj\u00ebs depozitonin kall\u00ebzime n\u00eb Policis\u00eb e Fierit dhe k\u00ebrkonin nd\u00ebrhyrjen emergjente t\u00eb Kadastr\u00ebs dhe Bashkis\u00eb Fier p\u00ebr ndarjen e kufijve, makineria e biznesit t\u00eb tij vazhdonte p\u00ebrpara, e mbrojtur nga muret e padukshme t\u00eb kontratave 99-vje\u00e7are t\u00eb dh\u00ebna nga zyrat e Tiran\u00ebs.<\/p>\n<p><strong>Prapaskenat e Zv\u00ebrnecit dhe Pish\u00eb Poros \u2013 Kur shteti mbron t\u00eb fortin<\/strong><\/p>\n<p>Gjat\u00eb t\u00eb nj\u00ebjt\u00ebs periudh\u00eb t\u00eb trazuar t\u00eb vjesht\u00ebs s\u00eb vitit 2019, nd\u00ebrsa Fieri ziente nga historia e zhdukjes, zona bregdetare dhe pyjore e Vlor\u00ebs (Zv\u00ebrneci dhe Pish\u00eb Poro) u kthye n\u00eb nj\u00eb aren\u00eb p\u00ebrplasjesh civile. Banor\u00ebt lokal\u00eb dhe aktivist\u00ebt u ngrit\u00ebn n\u00eb protesta masive kund\u00ebr nd\u00ebrhyrjeve abuzive, zaptimit t\u00eb hap\u00ebsirave publike dhe d\u00ebmtimit t\u00eb zonave t\u00eb mbrojtura ekologjike nga klient\u00ebt e pushtetit.<\/p>\n<p>Por reagimi i shtetit tregoi qart\u00eb se kujt i sh\u00ebrbente policia. Gjat\u00eb protestave n\u00eb Zv\u00ebrnec, strukturat e Policis\u00eb s\u00eb Shtetit p\u00ebrdor\u00ebn dor\u00ebn e hekurt ndaj qytetar\u00ebve, duke kryer ndalime t\u00eb paligjshme me synim frik\u00ebsimin e mas\u00ebs.<\/p>\n<p>Skandali mori p\u00ebrmasa institucionale dhe Drejtoria e P\u00ebrgjithsh\u00ebme e Policis\u00eb u detyrua t\u00eb nd\u00ebrhynte pas nj\u00eb kaosi informativ.<\/p>\n<p>Pezullimi i bujsh\u00ebm:\u00a0Drejtori i Policis\u00eb s\u00eb Qarkut Vlor\u00eb u pezullua nga detyra pasi raportoi gabim (ose tentoi t\u00eb fshehte) t\u00eb dh\u00ebnat mbi ndalimin e paligjsh\u00ebm t\u00eb nj\u00eb qytetari gjat\u00eb protest\u00ebs n\u00eb Zv\u00ebrnec.<br \/>\nKy detaj ekspozoi nj\u00eb t\u00eb v\u00ebrtet\u00eb t\u00eb hidhur: segmentet e policis\u00eb rajonale shpesh funksiononin si trupa private n\u00eb sh\u00ebrbim t\u00eb oligarkis\u00eb dhe bizneseve t\u00eb lidhura me qeverin\u00eb, duke manipuluar raportet zyrtare p\u00ebr t\u00eb mbrojtur interesat e zaptuesve t\u00eb tokave dhe p\u00ebr t\u00eb shtypur z\u00ebrin e qytetar\u00ebve.<\/p>\n<p><strong>Nj\u00eb struktur\u00eb q\u00eb sfidon Drejt\u00ebsin\u00eb<\/strong><\/p>\n<p>Dosja e \u201cMyrto Security\u201d dhe e njer\u00ebzve q\u00eb fshihen pas saj nuk \u00ebsht\u00eb thjesht nj\u00eb histori suksesi me tendera publik\u00eb, as thjesht nj\u00eb kronik\u00eb e izoluar zaptimi apo konflikti familjar.<\/p>\n<p>Ajo \u00ebsht\u00eb pasqyra e past\u00ebr e nj\u00eb sistemi t\u00eb kalbur:<\/p>\n<p>-Ku parat\u00eb e energjis\u00eb q\u00eb u merren qytetar\u00ebve me k\u00ebrba\u00e7, shkojn\u00eb p\u00ebr t\u00eb paguar fatura miliardere t\u00eb kompanive t\u00eb siguris\u00eb privat\u00eb t\u00eb lidhura me politik\u00ebn.<\/p>\n<p>-Ku drejtuesit e k\u00ebtyre kompanive akuzohen p\u00ebr rr\u00ebmbime dhe zhdukje personash brenda llojit, nd\u00ebrsa zyrat e shtetit vazhdojn\u00eb t\u2019u besojn\u00eb ruajtjen e institucioneve m\u00eb t\u00eb larta publike.<\/p>\n<p>-Ku policia pezullon drejtor\u00ebt e saj sepse dhunojn\u00eb qytetar\u00ebt n\u00ebp\u00ebr protesta si n\u00eb Zv\u00ebrnec, por mbetet e pafuqishme p\u00ebrpara kontratave 99-vje\u00e7are q\u00eb Ministria e Bujq\u00ebsis\u00eb u fal biznesmen\u00ebve p\u00ebr t\u00eb zbythur fshatar\u00ebt nga tokat e tyre n\u00eb Levan.<\/p>\n<p>Drejt\u00ebsia ka p\u00ebrpara nj\u00eb sfid\u00eb t\u00eb madhe: A do t\u00eb guxoj\u00eb t\u00eb \u00e7montoj\u00eb k\u00ebt\u00eb struktur\u00eb mafioze q\u00eb ushqehet nga buxheti i shtetit, apo do t\u00eb lejoj\u00eb q\u00eb parat\u00eb publike t\u00eb vazhdojn\u00eb t\u00eb mbulojn\u00eb gjurm\u00ebt e zaptimit t\u00eb tokave dhe zhdukjes s\u00eb njer\u00ebzve? P\u00ebrgjigjja mbetet e shkruar n\u00eb dosjet q\u00eb presin n\u00eb sirtar\u00ebt e prokuroris\u00eb.<\/p>\n","protected":false},"excerpt":{"rendered":"<p>1 Qershor 2026 N\u00eb pamje t\u00eb par\u00eb, \u201cMyrto Security\u201d sh.p.k shfaqet n\u00eb regjistrat e shtetit si nj\u00eb histori suksesi korporativ: nj\u00eb kompani sigurie fizike q\u00eb absorbom miliarda lek\u00eb nga buxheti i shtetit, duke fituar kontrata ekskluzive p\u00ebr ruajtjen e spitaleve, nd\u00ebrmarrjeve publike dhe operator\u00ebve strategjik\u00eb t\u00eb energjis\u00eb si OSSH. Por pas fasad\u00ebs s\u00eb nj\u00eb perandorie [&hellip;]<\/p>\n","protected":false},"author":9,"featured_media":100851,"comment_status":"open","ping_status":"open","sticky":false,"template":"","format":"standard","meta":{"jetpack_post_was_ever_published":false,"_jetpack_newsletter_access":"","_jetpack_dont_email_post_to_subs":false,"_jetpack_newsletter_tier_id":0,"_jetpack_memberships_contains_paywalled_content":false,"_jetpack_memberships_contains_paid_content":false,"footnotes":"","jetpack_publicize_message":"","jetpack_publicize_feature_enabled":true,"jetpack_social_post_already_shared":true,"jetpack_social_options":{"image_generator_settings":{"template":"highway","default_image_id":0,"font":"","enabled":false},"version":2}},"categories":[85,1,35],"tags":[],"class_list":["post-100850","post","type-post","status-publish","format-standard","has-post-thumbnail","hentry","category-histori","category-njoftime-shtypi","category-shoqerore"],"jetpack_publicize_connections":[],"jetpack_featured_media_url":"https:\/\/i0.wp.com\/www.shqiperia.com\/blog\/wp-content\/uploads\/2026\/06\/640-0-0346123bd12eca35a02491de0ac0f2b3.jpg?fit=640%2C480&ssl=1","jetpack_sharing_enabled":true,"jetpack_shortlink":"https:\/\/wp.me\/p5Z6wp-qeC","jetpack-related-posts":[{"id":104379,"url":"https:\/\/www.shqiperia.com\/blog\/klsh-per-turizmin-e-blendi-gonxhes-abuzimet-me-tenderat-e-marketingut-kaos-me-licencat-dhe-lejet\/","url_meta":{"origin":100850,"position":0},"title":"KLSH p\u00ebr turizmin e Blendi Gonxhes, abuzimet me tenderat e marketingut, kaos me licencat dhe lejet\u2026","author":"Kurt Farka","date":"August 13, 2026","format":false,"excerpt":"13 Gusht 2026 Nd\u00ebrsa ministri i Turizmit, Kultur\u00ebs dhe Sportit, Blendi Gonxhja vazhdon t\u00eb shes\u00eb n\u00eb daljet e tij publike fushata luksoze marketingu dhe t\u2019i prezantoj\u00eb shqiptar\u00ebve nj\u00eb \u201cboom turistik\u201d p\u00ebrrallor, raportet zyrtare t\u00eb Kontrollit t\u00eb Lart\u00eb t\u00eb Shtetit (KLSH) e kan\u00eb nxjerr\u00eb lakuriq t\u00eb v\u00ebrtet\u00ebn. Pas fasad\u00ebs me reformatime\u2026","rel":"","context":"In &quot;Blogu i Udh\u00ebtarit&quot;","block_context":{"text":"Blogu i Udh\u00ebtarit","link":"https:\/\/www.shqiperia.com\/blog\/category\/blogu-i-udhetarit\/"},"img":{"alt_text":"","src":"https:\/\/i0.wp.com\/www.shqiperia.com\/blog\/wp-content\/uploads\/2026\/08\/hbb-682x570-1.jpg?fit=682%2C438&ssl=1&resize=350%2C200","width":350,"height":200,"srcset":"https:\/\/i0.wp.com\/www.shqiperia.com\/blog\/wp-content\/uploads\/2026\/08\/hbb-682x570-1.jpg?fit=682%2C438&ssl=1&resize=350%2C200 1x, https:\/\/i0.wp.com\/www.shqiperia.com\/blog\/wp-content\/uploads\/2026\/08\/hbb-682x570-1.jpg?fit=682%2C438&ssl=1&resize=525%2C300 1.5x"},"classes":[]},{"id":103745,"url":"https:\/\/www.shqiperia.com\/blog\/histori-suksesi-sipas-edi-rames-aksh-i-eshte-nje-histori-suksesi-dhe-nje-model-qe-duhet-ndjekur-nga-europa\/","url_meta":{"origin":100850,"position":1},"title":"\u2018Histori suksesi\u2019. &#8211; Sipas Edi Ram\u00ebs, AKSH-i \u00ebsht\u00eb nj\u00eb histori suksesi dhe nj\u00eb model q\u00eb duhet ndjekur nga Europa.","author":"Kurt Farka","date":"August 4, 2026","format":false,"excerpt":"4 Gusht 2026 Nga Grigels Mu\u00e7ollari Diferenca mes propagand\u00ebs dhe realitetit \u00ebsht\u00eb b\u00ebr\u00eb nj\u00eb tipar i qeverisjes 13-vje\u00e7are t\u00eb Edi Ram\u00ebs. Premtimet dhe deklaratat e tij jan\u00eb rr\u00ebzuar vazhdimisht nga faktet. Rasti i fundit lidhet me t\u00eb shum\u00ebk\u00ebrkuarin Ermal Beqiri, nj\u00eb em\u00ebr q\u00eb sipas hetimeve t\u00eb SPAK-ut del n\u00eb qend\u00ebr\u2026","rel":"","context":"In &quot;Blogu i Udh\u00ebtarit&quot;","block_context":{"text":"Blogu i Udh\u00ebtarit","link":"https:\/\/www.shqiperia.com\/blog\/category\/blogu-i-udhetarit\/"},"img":{"alt_text":"","src":"https:\/\/i0.wp.com\/www.shqiperia.com\/blog\/wp-content\/uploads\/2026\/08\/auto_grrr1785780086.jpg?fit=900%2C635&ssl=1&resize=350%2C200","width":350,"height":200,"srcset":"https:\/\/i0.wp.com\/www.shqiperia.com\/blog\/wp-content\/uploads\/2026\/08\/auto_grrr1785780086.jpg?fit=900%2C635&ssl=1&resize=350%2C200 1x, https:\/\/i0.wp.com\/www.shqiperia.com\/blog\/wp-content\/uploads\/2026\/08\/auto_grrr1785780086.jpg?fit=900%2C635&ssl=1&resize=525%2C300 1.5x, https:\/\/i0.wp.com\/www.shqiperia.com\/blog\/wp-content\/uploads\/2026\/08\/auto_grrr1785780086.jpg?fit=900%2C635&ssl=1&resize=700%2C400 2x"},"classes":[]},{"id":105649,"url":"https:\/\/www.shqiperia.com\/blog\/charteri-personal-i-edi-rames-coi-ne-grope-te-zeze-air-albanian-e-sinan-idrizit-eurocontrol-padit-kompanine-per-borxhet-e-pashlyera\/","url_meta":{"origin":100850,"position":2},"title":"Charteri personal i Edi Ram\u00ebs \u00e7oi n\u00eb grop\u00eb t\u00eb zez\u00eb \u201cAir Albanian\u201d e Sinan Idrizit, EuroControl padit kompanin\u00eb p\u00ebr borxhet e pashlyera","author":"Kurt Farka","date":"September 1, 2026","format":false,"excerpt":"1 Shtator 2026 Kompania \u201cAir Albania\u201d e Sinan Idrizit \u00ebsht\u00eb zhytur n\u00eb nj\u00eb grop\u00eb t\u00eb thell\u00eb financiare, duke l\u00ebn\u00eb pas nj\u00eb mal me borxhe t\u00eb pashlyera ndaj partner\u00ebve nd\u00ebrkomb\u00ebtar\u00eb. Vikti\u200cma m\u00eb e fundit e k\u00ebsaj shembjeje financiare \u00ebsht\u00eb Eurocontrol, Organizata Europiane p\u00ebr Sigurin\u00eb e Navigimit Ajror. Kjo e fundit ka\u2026","rel":"","context":"In &quot;Blogu i Udh\u00ebtarit&quot;","block_context":{"text":"Blogu i Udh\u00ebtarit","link":"https:\/\/www.shqiperia.com\/blog\/category\/blogu-i-udhetarit\/"},"img":{"alt_text":"","src":"https:\/\/i0.wp.com\/www.shqiperia.com\/blog\/wp-content\/uploads\/2026\/09\/640-360-foto-9-6a968883d2c6c.jpg?fit=640%2C360&ssl=1&resize=350%2C200","width":350,"height":200,"srcset":"https:\/\/i0.wp.com\/www.shqiperia.com\/blog\/wp-content\/uploads\/2026\/09\/640-360-foto-9-6a968883d2c6c.jpg?fit=640%2C360&ssl=1&resize=350%2C200 1x, https:\/\/i0.wp.com\/www.shqiperia.com\/blog\/wp-content\/uploads\/2026\/09\/640-360-foto-9-6a968883d2c6c.jpg?fit=640%2C360&ssl=1&resize=525%2C300 1.5x"},"classes":[]},{"id":104116,"url":"https:\/\/www.shqiperia.com\/blog\/i-mbushja-arkat-bosh-me-libra-qe-te-ruhej-pesha-si-vidheshin-parate-me-kile-brenda-bankes-se-shqiperise-vijimi-i-nje-procesi\/","url_meta":{"origin":100850,"position":3},"title":"\u201cI mbushja arkat bosh me libra q\u00eb t\u00eb ruhej pesha\u201d! Si vidheshin parat\u00eb me kile brenda Bank\u00ebs s\u00eb Shqip\u00ebris\u00eb, vijimi i nj\u00eb procesi","author":"Kurt Farka","date":"August 10, 2026","format":false,"excerpt":"10 Gusht 2026 Nga Gazeta Dita \u00c7\u00ebshtja penale e grabitjes s\u00eb Bank\u00ebs s\u00eb Shqip\u00ebris\u00eb, ndodhur p\u00ebrmbi nj\u00eb dekad\u00eb m\u00eb par\u00eb, \u00ebsht\u00eb mbyllur, por lufta civile p\u00ebr kthimin e nj\u00eb pjese t\u00eb shum\u00ebs s\u00eb vjedhur vazhdon. Dy gjykata civile kan\u00eb urdh\u00ebruar dy nga t\u00eb akuzuarit, ish-punonj\u00ebs t\u00eb Bank\u00ebs s\u00eb Shqip\u00ebris\u00eb, q\u00eb\u2026","rel":"","context":"In &quot;Blogu i Udh\u00ebtarit&quot;","block_context":{"text":"Blogu i Udh\u00ebtarit","link":"https:\/\/www.shqiperia.com\/blog\/category\/blogu-i-udhetarit\/"},"img":{"alt_text":"","src":"https:\/\/i0.wp.com\/www.shqiperia.com\/blog\/wp-content\/uploads\/2026\/08\/Ardian-Fullani.jpg?fit=720%2C587&ssl=1&resize=350%2C200","width":350,"height":200,"srcset":"https:\/\/i0.wp.com\/www.shqiperia.com\/blog\/wp-content\/uploads\/2026\/08\/Ardian-Fullani.jpg?fit=720%2C587&ssl=1&resize=350%2C200 1x, https:\/\/i0.wp.com\/www.shqiperia.com\/blog\/wp-content\/uploads\/2026\/08\/Ardian-Fullani.jpg?fit=720%2C587&ssl=1&resize=525%2C300 1.5x, https:\/\/i0.wp.com\/www.shqiperia.com\/blog\/wp-content\/uploads\/2026\/08\/Ardian-Fullani.jpg?fit=720%2C587&ssl=1&resize=700%2C400 2x"},"classes":[]},{"id":104818,"url":"https:\/\/www.shqiperia.com\/blog\/makinat-toyota-te-bojatisura-nga-arjeta-puca-ja-si-do-te-shperdoroje-edi-rama-financimet-amerikane-prej-300-milione-dollare-per-te-pasuruar-ron\/","url_meta":{"origin":100850,"position":4},"title":"Makinat Toyota t\u00eb bojatisura nga Arjeta Puca. &#8211; Ja si do t\u00eb shp\u00ebrdoroj\u00eb Edi Rama financimet amerikane prej 300 milion\u00eb dollar\u00eb p\u00ebr t\u00eb pasuruar Ron .","author":"Kurt Farka","date":"August 20, 2026","format":false,"excerpt":"20 Gusht 2026 Nj\u00eb nga skandalet m\u00eb t\u00eb m\u00ebdha financiare dhe politike ka shp\u00ebrthyer publikisht lidhur me menaxhimin e fondeve t\u00eb mbrojtjes dhe prokurimet p\u00ebr Forcat e Armatosura, Policin\u00eb dhe Emergjencat Civile. N\u00eb qend\u00ebr t\u00eb k\u00ebsaj afere \u00ebsht\u00eb prezantimi ceremonial nga Kryeministri Edi Rama i 40 mjeteve t\u00eb para taktike,\u2026","rel":"","context":"In &quot;Blogu i Udh\u00ebtarit&quot;","block_context":{"text":"Blogu i Udh\u00ebtarit","link":"https:\/\/www.shqiperia.com\/blog\/category\/blogu-i-udhetarit\/"},"img":{"alt_text":"","src":"https:\/\/i0.wp.com\/www.shqiperia.com\/blog\/wp-content\/uploads\/2026\/08\/screenshot-2026-08-20-105728-6a86c0f6269dc.jpg?fit=483%2C280&ssl=1&resize=350%2C200","width":350,"height":200},"classes":[]},{"id":100361,"url":"https:\/\/www.shqiperia.com\/blog\/arrestohet-senatori-meksikan-i-lidhur-me-sinaloan-urdhri-14157-i-trump-rrezikon-edi-ramen\/","url_meta":{"origin":100850,"position":5},"title":"Arrestohet senatori meksikan i lidhur me Sinaloan, urdhri 14157 i Trump rrezikon Edi Ram\u00ebn","author":"Kurt Farka","date":"May 17, 2026","format":false,"excerpt":"17 Maji 2026 Numri i urdhrit ekzekutiv t\u00eb Donald Trump q\u00eb i konsideron kartelet e drog\u00ebs si organizata terroriste \u00ebsht\u00eb Executive Order 14157, i n\u00ebnshkruar m\u00eb 20 janar 2025. Ky urdh\u00ebr krijoi nj\u00eb mekaniz\u00ebm ligjor p\u00ebr t\u2019i trajtuar kartelet si k\u00ebrc\u00ebnim t\u00eb siguris\u00eb komb\u00ebtare dhe p\u00ebr t\u2019i p\u00ebrfshir\u00eb n\u00eb list\u00ebn\u2026","rel":"","context":"In &quot;Blogu i Udh\u00ebtarit&quot;","block_context":{"text":"Blogu i Udh\u00ebtarit","link":"https:\/\/www.shqiperia.com\/blog\/category\/blogu-i-udhetarit\/"},"img":{"alt_text":"","src":"https:\/\/i0.wp.com\/www.shqiperia.com\/blog\/wp-content\/uploads\/2026\/05\/new-1100x570-1.png?fit=1100%2C570&ssl=1&resize=350%2C200","width":350,"height":200,"srcset":"https:\/\/i0.wp.com\/www.shqiperia.com\/blog\/wp-content\/uploads\/2026\/05\/new-1100x570-1.png?fit=1100%2C570&ssl=1&resize=350%2C200 1x, https:\/\/i0.wp.com\/www.shqiperia.com\/blog\/wp-content\/uploads\/2026\/05\/new-1100x570-1.png?fit=1100%2C570&ssl=1&resize=525%2C300 1.5x, https:\/\/i0.wp.com\/www.shqiperia.com\/blog\/wp-content\/uploads\/2026\/05\/new-1100x570-1.png?fit=1100%2C570&ssl=1&resize=700%2C400 2x, https:\/\/i0.wp.com\/www.shqiperia.com\/blog\/wp-content\/uploads\/2026\/05\/new-1100x570-1.png?fit=1100%2C570&ssl=1&resize=1050%2C600 3x"},"classes":[]}],"_links":{"self":[{"href":"https:\/\/www.shqiperia.com\/blog\/wp-json\/wp\/v2\/posts\/100850","targetHints":{"allow":["GET"]}}],"collection":[{"href":"https:\/\/www.shqiperia.com\/blog\/wp-json\/wp\/v2\/posts"}],"about":[{"href":"https:\/\/www.shqiperia.com\/blog\/wp-json\/wp\/v2\/types\/post"}],"author":[{"embeddable":true,"href":"https:\/\/www.shqiperia.com\/blog\/wp-json\/wp\/v2\/users\/9"}],"replies":[{"embeddable":true,"href":"https:\/\/www.shqiperia.com\/blog\/wp-json\/wp\/v2\/comments?post=100850"}],"version-history":[{"count":1,"href":"https:\/\/www.shqiperia.com\/blog\/wp-json\/wp\/v2\/posts\/100850\/revisions"}],"predecessor-version":[{"id":100852,"href":"https:\/\/www.shqiperia.com\/blog\/wp-json\/wp\/v2\/posts\/100850\/revisions\/100852"}],"wp:featuredmedia":[{"embeddable":true,"href":"https:\/\/www.shqiperia.com\/blog\/wp-json\/wp\/v2\/media\/100851"}],"wp:attachment":[{"href":"https:\/\/www.shqiperia.com\/blog\/wp-json\/wp\/v2\/media?parent=100850"}],"wp:term":[{"taxonomy":"category","embeddable":true,"href":"https:\/\/www.shqiperia.com\/blog\/wp-json\/wp\/v2\/categories?post=100850"},{"taxonomy":"post_tag","embeddable":true,"href":"https:\/\/www.shqiperia.com\/blog\/wp-json\/wp\/v2\/tags?post=100850"}],"curies":[{"name":"wp","href":"https:\/\/api.w.org\/{rel}","templated":true}]}}