{"id":100846,"date":"2026-06-01T06:53:25","date_gmt":"2026-06-01T06:53:25","guid":{"rendered":"https:\/\/www.shqiperia.com\/blog\/?p=100846"},"modified":"2026-06-01T06:53:25","modified_gmt":"2026-06-01T06:53:25","slug":"muralet-ne-ish-fabriken-e-sodes-dhe-zverneci-ne-daren-e-atyre-qe-cdo-gjeje-ia-dine-cmimin-por-asgjeje-vleren","status":"publish","type":"post","link":"https:\/\/www.shqiperia.com\/blog\/muralet-ne-ish-fabriken-e-sodes-dhe-zverneci-ne-daren-e-atyre-qe-cdo-gjeje-ia-dine-cmimin-por-asgjeje-vleren\/","title":{"rendered":"Muralet n\u00eb ish-fabrik\u00ebn e Sod\u00ebs dhe Zv\u00ebrneci n\u00eb dar\u00ebn e atyre q\u00eb \u00e7do gj\u00ebje ia din\u00eb \u00e7mimin, por asgj\u00ebje vler\u00ebn"},"content":{"rendered":"<p><img data-recalc-dims=\"1\" loading=\"lazy\" decoding=\"async\" data-attachment-id=\"100847\" data-permalink=\"https:\/\/www.shqiperia.com\/blog\/muralet-ne-ish-fabriken-e-sodes-dhe-zverneci-ne-daren-e-atyre-qe-cdo-gjeje-ia-dine-cmimin-por-asgjeje-vleren\/screenshot_20260531_232734_gmail-1-1536x1277\/\" data-orig-file=\"https:\/\/i0.wp.com\/www.shqiperia.com\/blog\/wp-content\/uploads\/2026\/06\/Screenshot_20260531_232734_Gmail-1-1536x1277-1.jpg?fit=1536%2C1277&amp;ssl=1\" data-orig-size=\"1536,1277\" data-comments-opened=\"1\" data-image-meta=\"{&quot;aperture&quot;:&quot;0&quot;,&quot;credit&quot;:&quot;&quot;,&quot;camera&quot;:&quot;&quot;,&quot;caption&quot;:&quot;&quot;,&quot;created_timestamp&quot;:&quot;0&quot;,&quot;copyright&quot;:&quot;&quot;,&quot;focal_length&quot;:&quot;0&quot;,&quot;iso&quot;:&quot;0&quot;,&quot;shutter_speed&quot;:&quot;0&quot;,&quot;title&quot;:&quot;&quot;,&quot;orientation&quot;:&quot;1&quot;}\" data-image-title=\"Screenshot_20260531_232734_Gmail-1-1536&#215;1277\" data-image-description=\"\" data-image-caption=\"\" data-medium-file=\"https:\/\/i0.wp.com\/www.shqiperia.com\/blog\/wp-content\/uploads\/2026\/06\/Screenshot_20260531_232734_Gmail-1-1536x1277-1.jpg?fit=300%2C249&amp;ssl=1\" data-large-file=\"https:\/\/i0.wp.com\/www.shqiperia.com\/blog\/wp-content\/uploads\/2026\/06\/Screenshot_20260531_232734_Gmail-1-1536x1277-1.jpg?fit=1024%2C851&amp;ssl=1\" class=\"alignnone  wp-image-100847\" alt=\"\" src=\"https:\/\/i0.wp.com\/www.shqiperia.com\/blog\/wp-content\/uploads\/2026\/06\/Screenshot_20260531_232734_Gmail-1-1536x1277-1.jpg?resize=513%2C426&#038;ssl=1\" width=\"513\" height=\"426\" srcset=\"https:\/\/i0.wp.com\/www.shqiperia.com\/blog\/wp-content\/uploads\/2026\/06\/Screenshot_20260531_232734_Gmail-1-1536x1277-1.jpg?resize=300%2C249&amp;ssl=1 300w, https:\/\/i0.wp.com\/www.shqiperia.com\/blog\/wp-content\/uploads\/2026\/06\/Screenshot_20260531_232734_Gmail-1-1536x1277-1.jpg?resize=1024%2C851&amp;ssl=1 1024w, https:\/\/i0.wp.com\/www.shqiperia.com\/blog\/wp-content\/uploads\/2026\/06\/Screenshot_20260531_232734_Gmail-1-1536x1277-1.jpg?resize=768%2C639&amp;ssl=1 768w, https:\/\/i0.wp.com\/www.shqiperia.com\/blog\/wp-content\/uploads\/2026\/06\/Screenshot_20260531_232734_Gmail-1-1536x1277-1.jpg?resize=450%2C374&amp;ssl=1 450w, https:\/\/i0.wp.com\/www.shqiperia.com\/blog\/wp-content\/uploads\/2026\/06\/Screenshot_20260531_232734_Gmail-1-1536x1277-1.jpg?resize=600%2C499&amp;ssl=1 600w, https:\/\/i0.wp.com\/www.shqiperia.com\/blog\/wp-content\/uploads\/2026\/06\/Screenshot_20260531_232734_Gmail-1-1536x1277-1.jpg?resize=1500%2C1247&amp;ssl=1 1500w, https:\/\/i0.wp.com\/www.shqiperia.com\/blog\/wp-content\/uploads\/2026\/06\/Screenshot_20260531_232734_Gmail-1-1536x1277-1.jpg?resize=1300%2C1081&amp;ssl=1 1300w, https:\/\/i0.wp.com\/www.shqiperia.com\/blog\/wp-content\/uploads\/2026\/06\/Screenshot_20260531_232734_Gmail-1-1536x1277-1.jpg?resize=400%2C333&amp;ssl=1 400w, https:\/\/i0.wp.com\/www.shqiperia.com\/blog\/wp-content\/uploads\/2026\/06\/Screenshot_20260531_232734_Gmail-1-1536x1277-1.jpg?w=1536&amp;ssl=1 1536w\" sizes=\"auto, (max-width: 513px) 100vw, 513px\" \/><\/p>\n<p><strong>1 Qershor 2026<\/strong><\/p>\n<p><strong>Nga Bojken Sinaj<\/strong><\/p>\n<p>Ndoshta nuk \u00ebsht\u00eb rast\u00ebsi q\u00eb muralet e sindikalistit dhe ambientalistit brazilian Chico Mendes (i ekzekutuar n\u00eb fund t\u00eb viteve \u201980 nga interesat e m\u00ebdha t\u00eb korporatave shum\u00ebkomb\u00ebshe t\u00eb blegtoris\u00eb q\u00eb po shpyll\u00ebzonin Amazon\u00ebn p\u00ebr m\u00eb shum\u00eb tok\u00eb e fitim) gjenden n\u00eb fasadat e ish fabrik\u00ebs s\u00eb Sod\u00ebs, n\u00eb rrug\u00ebn mes Vlor\u00ebs dhe Zv\u00ebrnecit.<\/p>\n<p>Chico Mendes ishte i bindur se ambientalizmi, pa luft\u00eb klasore, \u00ebsht\u00eb kopshtari.<\/p>\n<p>Po aty ndodhet edhe murali i Prof.Lek\u00eb Gjiknurit, autorit t\u00eb artikullit t\u00eb par\u00eb mbi mbrojtjen e mjedisit n\u00eb Kushtetut\u00ebn e Shqip\u00ebris\u00eb. Edhe kjo ndoshta nuk \u00ebsht\u00eb rast\u00ebsi.<\/p>\n<p>Ajo q\u00eb po ndodh sot n\u00eb Nart\u00eb e Zv\u00ebrnec nuk \u00ebsht\u00eb vet\u00ebm \u00e7\u00ebshtje mjedisi, por pushteti, klase, territori dhe dinjiteti.<br \/>\nVlora nuk e ka pranuar kurr\u00eb leht\u00eb n\u00ebnshtrimin. \u00cbsht\u00eb qytet kryengrit\u00ebs, me kujtes\u00eb historike, me lidhje t\u00eb fort\u00eb me detin, pun\u00ebn dhe iden\u00eb e liris\u00eb. Prandaj ajo q\u00eb po ndodh sot aty ka nj\u00eb dometh\u00ebnie edhe m\u00eb t\u00eb r\u00ebnd\u00eb.<\/p>\n<p>Dhe p\u00ebrgjigjja cinike e pushtetit se \u201c\u00ebsht\u00eb pron\u00eb private\u201d, tregon pik\u00ebrisht thelbin e problemit. Nuk ka r\u00ebnd\u00ebsi vet\u00ebm kujt i p\u00ebrket formalisht toka, sidomos kur shpesh b\u00ebhet fjal\u00eb p\u00ebr figura t\u00eb lidhura me oligarkin\u00eb, klientelizmin dhe tranzicionin grabitqar shqiptar.<\/p>\n<p>Problemi \u00ebsht\u00eb vet\u00eb ideologjia q\u00eb e trajton territorin, natyr\u00ebn, qytetin dhe historin\u00eb si mall tregu.<\/p>\n<p>Kjo \u00ebsht\u00eb logjika neoliberale q\u00eb ka dominuar tranzicionin shqiptar ku \u00e7do gj\u00eb privatizohet, \u00e7do gj\u00eb shitet, \u00e7do gj\u00eb kthehet n\u00eb resort, kull\u00eb, koncesion apo instrument fitimi. Publikja shihet si penges\u00eb, komuniteti si bezdi, historia si di\u00e7ka pa vler\u00eb ekonomike.<\/p>\n<p>N\u00eb Shqip\u00ebri kjo ideologji ka marr\u00eb form\u00ebn e saj m\u00eb agresive me turistifikim e neveritsh\u00ebm, betonizim, shpopullim, dekomb\u00ebtarizim estetik e kulturor dhe glorifikim t\u00eb luksit bosh si model shoq\u00ebror.<\/p>\n<p>Nga ana tjet\u00ebr, oligarkia dhe interesat e err\u00ebta riciklohen e legjitimohen vazhdimisht brenda sistemit, nd\u00ebrsa varf\u00ebria trajtohet gjithnj\u00eb e m\u00eb shum\u00eb si problem i vet\u00eb t\u00eb varf\u00ebrve. T\u00eb fort\u00ebt b\u00ebhen partner\u00eb strategjik\u00eb; njer\u00ebzit e zakonsh\u00ebm trajtohen si penges\u00eb.<\/p>\n<p>Nd\u00ebrkoh\u00eb, qeveria mb\u00ebshtet politikisht Izraelin edhe gjenocidin n\u00eb Gaza, financon kompani izraeliane t\u00eb siguris\u00eb dhe survejimit, dhe pranon projektin racist t\u00eb Melonit p\u00ebr emigrant\u00ebt (duke harruar vuajtjet e diaspor\u00ebs son\u00eb n\u00eb emigrim), duke e kthyer Shqip\u00ebrin\u00eb n\u00eb periferi t\u00eb bindur t\u00eb Europ\u00ebs m\u00eb reaksionare.<\/p>\n<p><img data-recalc-dims=\"1\" loading=\"lazy\" decoding=\"async\" data-attachment-id=\"100848\" data-permalink=\"https:\/\/www.shqiperia.com\/blog\/muralet-ne-ish-fabriken-e-sodes-dhe-zverneci-ne-daren-e-atyre-qe-cdo-gjeje-ia-dine-cmimin-por-asgjeje-vleren\/screenshot_20260531_232803_gmail-1\/\" data-orig-file=\"https:\/\/i0.wp.com\/www.shqiperia.com\/blog\/wp-content\/uploads\/2026\/06\/Screenshot_20260531_232803_Gmail-1.jpg?fit=720%2C261&amp;ssl=1\" data-orig-size=\"720,261\" data-comments-opened=\"1\" data-image-meta=\"{&quot;aperture&quot;:&quot;0&quot;,&quot;credit&quot;:&quot;&quot;,&quot;camera&quot;:&quot;&quot;,&quot;caption&quot;:&quot;&quot;,&quot;created_timestamp&quot;:&quot;0&quot;,&quot;copyright&quot;:&quot;&quot;,&quot;focal_length&quot;:&quot;0&quot;,&quot;iso&quot;:&quot;0&quot;,&quot;shutter_speed&quot;:&quot;0&quot;,&quot;title&quot;:&quot;&quot;,&quot;orientation&quot;:&quot;1&quot;}\" data-image-title=\"Screenshot_20260531_232803_Gmail-1\" data-image-description=\"\" data-image-caption=\"\" data-medium-file=\"https:\/\/i0.wp.com\/www.shqiperia.com\/blog\/wp-content\/uploads\/2026\/06\/Screenshot_20260531_232803_Gmail-1.jpg?fit=300%2C109&amp;ssl=1\" data-large-file=\"https:\/\/i0.wp.com\/www.shqiperia.com\/blog\/wp-content\/uploads\/2026\/06\/Screenshot_20260531_232803_Gmail-1.jpg?fit=720%2C261&amp;ssl=1\" class=\"alignnone  wp-image-100848\" alt=\"\" src=\"https:\/\/i0.wp.com\/www.shqiperia.com\/blog\/wp-content\/uploads\/2026\/06\/Screenshot_20260531_232803_Gmail-1.jpg?resize=952%2C346&#038;ssl=1\" width=\"952\" height=\"346\" srcset=\"https:\/\/i0.wp.com\/www.shqiperia.com\/blog\/wp-content\/uploads\/2026\/06\/Screenshot_20260531_232803_Gmail-1.jpg?resize=300%2C109&amp;ssl=1 300w, https:\/\/i0.wp.com\/www.shqiperia.com\/blog\/wp-content\/uploads\/2026\/06\/Screenshot_20260531_232803_Gmail-1.jpg?resize=450%2C163&amp;ssl=1 450w, https:\/\/i0.wp.com\/www.shqiperia.com\/blog\/wp-content\/uploads\/2026\/06\/Screenshot_20260531_232803_Gmail-1.jpg?resize=600%2C218&amp;ssl=1 600w, https:\/\/i0.wp.com\/www.shqiperia.com\/blog\/wp-content\/uploads\/2026\/06\/Screenshot_20260531_232803_Gmail-1.jpg?resize=400%2C145&amp;ssl=1 400w, https:\/\/i0.wp.com\/www.shqiperia.com\/blog\/wp-content\/uploads\/2026\/06\/Screenshot_20260531_232803_Gmail-1.jpg?w=720&amp;ssl=1 720w\" sizes=\"auto, (max-width: 952px) 100vw, 952px\" \/><\/p>\n<p>Besoj se ka ardhur koha t\u00eb ndalet kjo doktrin\u00eb e kapitalizmit-kitsch, e bazuar mbi nj\u00eb p\u00ebrzierje betoni, propagande, autoritarizmi, privatizimi total dhe shkat\u00ebrrimi social, ku gjith\u00e7ka ka \u00e7mim dhe shum\u00eb pak gj\u00ebra kan\u00eb m\u00eb vler\u00eb.<\/p>\n<p>Kjo nuk ka t\u00eb b\u00ebj\u00eb me demokracin\u00eb. Ky \u00ebsht\u00eb menaxhim neoliberal i rr\u00ebnimit dhe receta \u00ebsht\u00eb e njohur tashm\u00eb: servil\u00eb me t\u00eb fort\u00ebt, t\u00eb eg\u00ebr me t\u00eb dob\u00ebtit.<\/p>\n<p><strong>Botuar n\u00eb DITA<\/strong><\/p>\n<p><em>Muralet e Chico Mendes dhe Lek\u00eb Gjiknurit (bashk\u00eblidhur) erdh\u00ebn si rezultat i nj\u00eb prej projekteve mjedisore ku autori \u00ebsht\u00eb angazhuar, pas konsultimeve dhe bashk\u00ebveprimit me komunitetet vendase n\u00eb Vlor\u00eb.<\/em><\/p>\n","protected":false},"excerpt":{"rendered":"<p>1 Qershor 2026 Nga Bojken Sinaj Ndoshta nuk \u00ebsht\u00eb rast\u00ebsi q\u00eb muralet e sindikalistit dhe ambientalistit brazilian Chico Mendes (i ekzekutuar n\u00eb fund t\u00eb viteve \u201980 nga interesat e m\u00ebdha t\u00eb korporatave shum\u00ebkomb\u00ebshe t\u00eb blegtoris\u00eb q\u00eb po shpyll\u00ebzonin Amazon\u00ebn p\u00ebr m\u00eb shum\u00eb tok\u00eb e fitim) gjenden n\u00eb fasadat e ish fabrik\u00ebs s\u00eb Sod\u00ebs, n\u00eb rrug\u00ebn [&hellip;]<\/p>\n","protected":false},"author":9,"featured_media":100847,"comment_status":"open","ping_status":"open","sticky":false,"template":"","format":"standard","meta":{"jetpack_post_was_ever_published":false,"_jetpack_newsletter_access":"","_jetpack_dont_email_post_to_subs":false,"_jetpack_newsletter_tier_id":0,"_jetpack_memberships_contains_paywalled_content":false,"_jetpack_memberships_contains_paid_content":false,"footnotes":"","jetpack_publicize_message":"","jetpack_publicize_feature_enabled":true,"jetpack_social_post_already_shared":true,"jetpack_social_options":{"image_generator_settings":{"template":"highway","default_image_id":0,"font":"","enabled":false},"version":2}},"categories":[27,35],"tags":[],"class_list":["post-100846","post","type-post","status-publish","format-standard","has-post-thumbnail","hentry","category-blogu-i-udhetarit","category-shoqerore"],"jetpack_publicize_connections":[],"jetpack_featured_media_url":"https:\/\/i0.wp.com\/www.shqiperia.com\/blog\/wp-content\/uploads\/2026\/06\/Screenshot_20260531_232734_Gmail-1-1536x1277-1.jpg?fit=1536%2C1277&ssl=1","jetpack_sharing_enabled":true,"jetpack_shortlink":"https:\/\/wp.me\/p5Z6wp-qey","jetpack-related-posts":[{"id":101975,"url":"https:\/\/www.shqiperia.com\/blog\/tellalli-dhe-monologuesi-por-ekonomia-nuk-funksionon-me-slogane\/","url_meta":{"origin":100846,"position":0},"title":"Tellalli dhe monologuesi. &#8211; Por ekonomia nuk funksionon me slogane.","author":"Kurt Farka","date":"June 29, 2026","format":false,"excerpt":"29 Qershor 2026 Editorial \/ Qeveria sheh nj\u00eb Shqip\u00ebri q\u00eb po zhvillohet dita-dit\u00ebs. Protestat jan\u00eb keqkuptime nga ata q\u00eb nuk e kuptojn\u00eb zhvillimin. Pak\u00ebnaq\u00ebsit\u00eb jan\u00eb ekzagjerime. Bizneset, ndoshta, nuk po i lexojn\u00eb si duhet sukseset. Ndoshta korrupsioni \u00ebsht\u00eb thjesht perceptim. Ndoshta burokracia \u00ebsht\u00eb nj\u00eb form\u00eb moderne efikasiteti. Ndoshta konkurrenca e\u2026","rel":"","context":"In &quot;Blogu i Udh\u00ebtarit&quot;","block_context":{"text":"Blogu i Udh\u00ebtarit","link":"https:\/\/www.shqiperia.com\/blog\/category\/blogu-i-udhetarit\/"},"img":{"alt_text":"","src":"https:\/\/i0.wp.com\/www.shqiperia.com\/blog\/wp-content\/uploads\/2026\/06\/megafoni-realistici-background-banner-web-modello-struttura-segnale-diffusore-concetto-di-attenzione-dell-annuncio-vettore-281381702.webp?fit=1200%2C980&ssl=1&resize=350%2C200","width":350,"height":200,"srcset":"https:\/\/i0.wp.com\/www.shqiperia.com\/blog\/wp-content\/uploads\/2026\/06\/megafoni-realistici-background-banner-web-modello-struttura-segnale-diffusore-concetto-di-attenzione-dell-annuncio-vettore-281381702.webp?fit=1200%2C980&ssl=1&resize=350%2C200 1x, https:\/\/i0.wp.com\/www.shqiperia.com\/blog\/wp-content\/uploads\/2026\/06\/megafoni-realistici-background-banner-web-modello-struttura-segnale-diffusore-concetto-di-attenzione-dell-annuncio-vettore-281381702.webp?fit=1200%2C980&ssl=1&resize=525%2C300 1.5x, https:\/\/i0.wp.com\/www.shqiperia.com\/blog\/wp-content\/uploads\/2026\/06\/megafoni-realistici-background-banner-web-modello-struttura-segnale-diffusore-concetto-di-attenzione-dell-annuncio-vettore-281381702.webp?fit=1200%2C980&ssl=1&resize=700%2C400 2x, https:\/\/i0.wp.com\/www.shqiperia.com\/blog\/wp-content\/uploads\/2026\/06\/megafoni-realistici-background-banner-web-modello-struttura-segnale-diffusore-concetto-di-attenzione-dell-annuncio-vettore-281381702.webp?fit=1200%2C980&ssl=1&resize=1050%2C600 3x"},"classes":[]},{"id":100588,"url":"https:\/\/www.shqiperia.com\/blog\/jonathan-pano-shpopullimi-nuk-eshte-rastesi-por-nje-axhende-e-qeverise\/","url_meta":{"origin":100846,"position":1},"title":"Jonathan Pano: &#8211; Shpopullimi nuk \u00ebsht\u00eb rast\u00ebsi, por nj\u00eb axhend\u00eb e qeveris\u00eb","author":"Kurt Farka","date":"May 22, 2026","format":false,"excerpt":"22 Maji 2026 I ftuar n\u00eb nj\u00eb studio televizive Jonathan Pano, an\u00ebtar i K\u00ebshillit Bashkiak t\u00eb Tiran\u00ebs nga radh\u00ebt e opozit\u00ebs, ngriti alarmin p\u00ebr ritmet e shpopullimit n\u00eb Shqip\u00ebri, duke iu referuar t\u00eb dh\u00ebnave t\u00eb Eurostat dhe analizave t\u00eb ekspert\u00ebve t\u00eb demografis\u00eb. Sipas Panos, raportimet p\u00ebr rreth 29 mij\u00eb persona\u2026","rel":"","context":"In &quot;Blogu i Udh\u00ebtarit&quot;","block_context":{"text":"Blogu i Udh\u00ebtarit","link":"https:\/\/www.shqiperia.com\/blog\/category\/blogu-i-udhetarit\/"},"img":{"alt_text":"","src":"https:\/\/i0.wp.com\/www.shqiperia.com\/blog\/wp-content\/uploads\/2026\/05\/nfk.jpg?fit=773%2C528&ssl=1&resize=350%2C200","width":350,"height":200,"srcset":"https:\/\/i0.wp.com\/www.shqiperia.com\/blog\/wp-content\/uploads\/2026\/05\/nfk.jpg?fit=773%2C528&ssl=1&resize=350%2C200 1x, https:\/\/i0.wp.com\/www.shqiperia.com\/blog\/wp-content\/uploads\/2026\/05\/nfk.jpg?fit=773%2C528&ssl=1&resize=525%2C300 1.5x, https:\/\/i0.wp.com\/www.shqiperia.com\/blog\/wp-content\/uploads\/2026\/05\/nfk.jpg?fit=773%2C528&ssl=1&resize=700%2C400 2x"},"classes":[]},{"id":103642,"url":"https:\/\/www.shqiperia.com\/blog\/protestuesja-ne-nuk-harrojme-se-edi-rama-na-shiti-shqiperine-dhe-na-beri-popull-refugjatesh\/","url_meta":{"origin":100846,"position":2},"title":"Protestuesja: &#8211; Ne nuk harrojm\u00eb se Edi Rama na shiti Shqip\u00ebrin\u00eb dhe na b\u00ebri popull refugjat\u00ebsh","author":"Kurt Farka","date":"August 2, 2026","format":false,"excerpt":"2 Gusht 2026 Nj\u00eb shqiptare me banim n\u00eb Itali iu bashkua sot protest\u00ebs para kryeministris\u00eb p\u00ebr t\u00eb k\u00ebrkuar dor\u00ebheqjen e kryeministrit Edi Rama. Protestuesja b\u00ebri me faj Edi Ram\u00ebn p\u00ebr shpopullimin e vendit nd\u00ebrsa i b\u00ebri thirrje diaspor\u00ebs t\u00eb solidarizohet me protestuesit p\u00ebr t\u00eb larguar kryeministrin \u201c Ne nuk e\u2026","rel":"","context":"In &quot;Blogu i Udh\u00ebtarit&quot;","block_context":{"text":"Blogu i Udh\u00ebtarit","link":"https:\/\/www.shqiperia.com\/blog\/category\/blogu-i-udhetarit\/"},"img":{"alt_text":"","src":"https:\/\/i0.wp.com\/www.shqiperia.com\/blog\/wp-content\/uploads\/2026\/08\/Refugjat-t.webp?fit=780%2C470&ssl=1&resize=350%2C200","width":350,"height":200,"srcset":"https:\/\/i0.wp.com\/www.shqiperia.com\/blog\/wp-content\/uploads\/2026\/08\/Refugjat-t.webp?fit=780%2C470&ssl=1&resize=350%2C200 1x, https:\/\/i0.wp.com\/www.shqiperia.com\/blog\/wp-content\/uploads\/2026\/08\/Refugjat-t.webp?fit=780%2C470&ssl=1&resize=525%2C300 1.5x, https:\/\/i0.wp.com\/www.shqiperia.com\/blog\/wp-content\/uploads\/2026\/08\/Refugjat-t.webp?fit=780%2C470&ssl=1&resize=700%2C400 2x"},"classes":[]},{"id":104799,"url":"https:\/\/www.shqiperia.com\/blog\/nuk-e-njohim-kosoven-rama-i-shkruan-zelenskyt-nacionalistet-folkloriste-reaguan-kunder-por-ne-nuk-ndikohemi\/","url_meta":{"origin":100846,"position":3},"title":"\u201cNuk e njohim Kosov\u00ebn\u201d, Rama i shkruan Zelenskyt: &#8211; Nacionalist\u00ebt folklorist\u00eb reaguan kund\u00ebr, por ne nuk ndikohemi","author":"Kurt Farka","date":"August 20, 2026","format":false,"excerpt":"20 Gusht 2026 Kryeministri Edi Rama ka reaguar pas deklarat\u00ebs s\u00eb presidentit ukrainas Volodymyr Zelensky n\u00eb Beograd, ku ky i fundit u shpreh se Ukraina nuk do ta njoh\u00eb Kosov\u00ebn. N\u00eb nj\u00eb postim n\u00eb rrjetin social X, Rama mbron vijimin e mb\u00ebshtetjes s\u00eb Shqip\u00ebris\u00eb p\u00ebr Ukrain\u00ebn, duke theksuar se q\u00ebndrimi\u2026","rel":"","context":"In &quot;Blogu i Udh\u00ebtarit&quot;","block_context":{"text":"Blogu i Udh\u00ebtarit","link":"https:\/\/www.shqiperia.com\/blog\/category\/blogu-i-udhetarit\/"},"img":{"alt_text":"","src":"https:\/\/i0.wp.com\/www.shqiperia.com\/blog\/wp-content\/uploads\/2026\/08\/a-photo-of-albanian-pm-edi-rama-and-volodymyr-zelensky-from-v0-evns0j46enzd1-e1786624552662-2.webp?fit=970%2C720&ssl=1&resize=350%2C200","width":350,"height":200,"srcset":"https:\/\/i0.wp.com\/www.shqiperia.com\/blog\/wp-content\/uploads\/2026\/08\/a-photo-of-albanian-pm-edi-rama-and-volodymyr-zelensky-from-v0-evns0j46enzd1-e1786624552662-2.webp?fit=970%2C720&ssl=1&resize=350%2C200 1x, https:\/\/i0.wp.com\/www.shqiperia.com\/blog\/wp-content\/uploads\/2026\/08\/a-photo-of-albanian-pm-edi-rama-and-volodymyr-zelensky-from-v0-evns0j46enzd1-e1786624552662-2.webp?fit=970%2C720&ssl=1&resize=525%2C300 1.5x, https:\/\/i0.wp.com\/www.shqiperia.com\/blog\/wp-content\/uploads\/2026\/08\/a-photo-of-albanian-pm-edi-rama-and-volodymyr-zelensky-from-v0-evns0j46enzd1-e1786624552662-2.webp?fit=970%2C720&ssl=1&resize=700%2C400 2x"},"classes":[]},{"id":105523,"url":"https:\/\/www.shqiperia.com\/blog\/trajneri-maran-nuk-kam-frike-nga-veshtiresite-shqiperia-i-ka-te-gjitha-letrat-nuk-flet-per-lojtaret\/","url_meta":{"origin":100846,"position":4},"title":"Trajneri Maran: &#8211; Nuk kam frik\u00eb nga v\u00ebshtir\u00ebsit\u00eb, Shqip\u00ebria i ka t\u00eb gjitha letrat, Nuk flet per lojtaret","author":"Kurt Farka","date":"August 30, 2026","format":false,"excerpt":"30 Gusht 2026 Trajneri i Komb\u00ebtares shqiptare, Rolando Maran, flet ekskluzivisht p\u00ebr Top Channel n\u00eb nj\u00eb intervist\u00eb me gazetarin Endi Tufa, ku prek t\u00eb gjitha temat e aktualitetit t\u00eb kuqezinjve n\u00eb prag t\u00eb nisjes s\u00eb ndeshjeve zyrtare. Maran flet p\u00ebr periudh\u00ebn e gjat\u00eb t\u00eb p\u00ebrgatitjeve, ndryshimet e shumta n\u00eb skuadrat\u2026","rel":"","context":"In &quot;Njoftime Shtypi&quot;","block_context":{"text":"Njoftime Shtypi","link":"https:\/\/www.shqiperia.com\/blog\/category\/njoftime-shtypi\/"},"img":{"alt_text":"","src":"https:\/\/i0.wp.com\/www.shqiperia.com\/blog\/wp-content\/uploads\/2026\/08\/Rolando-Maran.webp?fit=800%2C450&ssl=1&resize=350%2C200","width":350,"height":200,"srcset":"https:\/\/i0.wp.com\/www.shqiperia.com\/blog\/wp-content\/uploads\/2026\/08\/Rolando-Maran.webp?fit=800%2C450&ssl=1&resize=350%2C200 1x, https:\/\/i0.wp.com\/www.shqiperia.com\/blog\/wp-content\/uploads\/2026\/08\/Rolando-Maran.webp?fit=800%2C450&ssl=1&resize=525%2C300 1.5x, https:\/\/i0.wp.com\/www.shqiperia.com\/blog\/wp-content\/uploads\/2026\/08\/Rolando-Maran.webp?fit=800%2C450&ssl=1&resize=700%2C400 2x"},"classes":[]},{"id":100272,"url":"https:\/\/www.shqiperia.com\/blog\/berat-buzhale-integrimi-i-shqiperise-po-bllokohet-nga-korrupsioni\/","url_meta":{"origin":100846,"position":5},"title":"Berat Buzhale: &#8211; Integrimi i Shqiperise po bllokohet nga korrupsioni","author":"Kurt Farka","date":"May 15, 2026","format":false,"excerpt":"15 Maji 2026 Gazetari Berat Buzhala, i ftuar n\u00eb nje studio televizive, ka komentuar rezolut\u00ebn p\u00ebr integrimin europian t\u00eb Shqip\u00ebris\u00eb dhe ecurin\u00eb e procesit t\u00eb an\u00ebtar\u00ebsimit n\u00eb Bashkimin Europian. Buzhala ngriti pyetjen n\u00ebse vendimi p\u00ebr votimin e rezolut\u00ebs nga opozita dhe mazhoranca ka qen\u00eb i drejt\u00eb, duke theksuar se n\u00eb\u2026","rel":"","context":"In &quot;Politika&quot;","block_context":{"text":"Politika","link":"https:\/\/www.shqiperia.com\/blog\/category\/politika\/"},"img":{"alt_text":"","src":"https:\/\/i0.wp.com\/www.shqiperia.com\/blog\/wp-content\/uploads\/2026\/05\/Berat-Buzhala.jpg?fit=1200%2C637&ssl=1&resize=350%2C200","width":350,"height":200,"srcset":"https:\/\/i0.wp.com\/www.shqiperia.com\/blog\/wp-content\/uploads\/2026\/05\/Berat-Buzhala.jpg?fit=1200%2C637&ssl=1&resize=350%2C200 1x, https:\/\/i0.wp.com\/www.shqiperia.com\/blog\/wp-content\/uploads\/2026\/05\/Berat-Buzhala.jpg?fit=1200%2C637&ssl=1&resize=525%2C300 1.5x, https:\/\/i0.wp.com\/www.shqiperia.com\/blog\/wp-content\/uploads\/2026\/05\/Berat-Buzhala.jpg?fit=1200%2C637&ssl=1&resize=700%2C400 2x, https:\/\/i0.wp.com\/www.shqiperia.com\/blog\/wp-content\/uploads\/2026\/05\/Berat-Buzhala.jpg?fit=1200%2C637&ssl=1&resize=1050%2C600 3x"},"classes":[]}],"_links":{"self":[{"href":"https:\/\/www.shqiperia.com\/blog\/wp-json\/wp\/v2\/posts\/100846","targetHints":{"allow":["GET"]}}],"collection":[{"href":"https:\/\/www.shqiperia.com\/blog\/wp-json\/wp\/v2\/posts"}],"about":[{"href":"https:\/\/www.shqiperia.com\/blog\/wp-json\/wp\/v2\/types\/post"}],"author":[{"embeddable":true,"href":"https:\/\/www.shqiperia.com\/blog\/wp-json\/wp\/v2\/users\/9"}],"replies":[{"embeddable":true,"href":"https:\/\/www.shqiperia.com\/blog\/wp-json\/wp\/v2\/comments?post=100846"}],"version-history":[{"count":1,"href":"https:\/\/www.shqiperia.com\/blog\/wp-json\/wp\/v2\/posts\/100846\/revisions"}],"predecessor-version":[{"id":100849,"href":"https:\/\/www.shqiperia.com\/blog\/wp-json\/wp\/v2\/posts\/100846\/revisions\/100849"}],"wp:featuredmedia":[{"embeddable":true,"href":"https:\/\/www.shqiperia.com\/blog\/wp-json\/wp\/v2\/media\/100847"}],"wp:attachment":[{"href":"https:\/\/www.shqiperia.com\/blog\/wp-json\/wp\/v2\/media?parent=100846"}],"wp:term":[{"taxonomy":"category","embeddable":true,"href":"https:\/\/www.shqiperia.com\/blog\/wp-json\/wp\/v2\/categories?post=100846"},{"taxonomy":"post_tag","embeddable":true,"href":"https:\/\/www.shqiperia.com\/blog\/wp-json\/wp\/v2\/tags?post=100846"}],"curies":[{"name":"wp","href":"https:\/\/api.w.org\/{rel}","templated":true}]}}