{"id":100842,"date":"2026-06-01T05:32:49","date_gmt":"2026-06-01T05:32:49","guid":{"rendered":"https:\/\/www.shqiperia.com\/blog\/?p=100842"},"modified":"2026-06-01T05:32:49","modified_gmt":"2026-06-01T05:32:49","slug":"bluzezinjte-bluzezinjte-jane-trima-se-ska-shtet-ose-ose-shteti-eshte-i-bluzezinjve","status":"publish","type":"post","link":"https:\/\/www.shqiperia.com\/blog\/bluzezinjte-bluzezinjte-jane-trima-se-ska-shtet-ose-ose-shteti-eshte-i-bluzezinjve\/","title":{"rendered":"Bluzezinjt\u00eb. Bluz\u00ebzinjt\u00eb jane trima se ska shtet, Ose ose shteti \u00ebsht\u00eb i bluzezinjve"},"content":{"rendered":"<div><img data-recalc-dims=\"1\" loading=\"lazy\" decoding=\"async\" data-attachment-id=\"100843\" data-permalink=\"https:\/\/www.shqiperia.com\/blog\/bluzezinjte-bluzezinjte-jane-trima-se-ska-shtet-ose-ose-shteti-eshte-i-bluzezinjve\/710538034_10163280991718195_3653273256972975675_n\/\" data-orig-file=\"https:\/\/i0.wp.com\/www.shqiperia.com\/blog\/wp-content\/uploads\/2026\/06\/710538034_10163280991718195_3653273256972975675_n.jpg?fit=808%2C575&amp;ssl=1\" data-orig-size=\"808,575\" data-comments-opened=\"1\" data-image-meta=\"{&quot;aperture&quot;:&quot;0&quot;,&quot;credit&quot;:&quot;&quot;,&quot;camera&quot;:&quot;&quot;,&quot;caption&quot;:&quot;&quot;,&quot;created_timestamp&quot;:&quot;0&quot;,&quot;copyright&quot;:&quot;&quot;,&quot;focal_length&quot;:&quot;0&quot;,&quot;iso&quot;:&quot;0&quot;,&quot;shutter_speed&quot;:&quot;0&quot;,&quot;title&quot;:&quot;&quot;,&quot;orientation&quot;:&quot;0&quot;}\" data-image-title=\"710538034_10163280991718195_3653273256972975675_n\" data-image-description=\"\" data-image-caption=\"\" data-medium-file=\"https:\/\/i0.wp.com\/www.shqiperia.com\/blog\/wp-content\/uploads\/2026\/06\/710538034_10163280991718195_3653273256972975675_n.jpg?fit=300%2C213&amp;ssl=1\" data-large-file=\"https:\/\/i0.wp.com\/www.shqiperia.com\/blog\/wp-content\/uploads\/2026\/06\/710538034_10163280991718195_3653273256972975675_n.jpg?fit=808%2C575&amp;ssl=1\" class=\"alignnone  wp-image-100843\" alt=\"\" src=\"https:\/\/i0.wp.com\/www.shqiperia.com\/blog\/wp-content\/uploads\/2026\/06\/710538034_10163280991718195_3653273256972975675_n.jpg?resize=601%2C427&#038;ssl=1\" width=\"601\" height=\"427\" srcset=\"https:\/\/i0.wp.com\/www.shqiperia.com\/blog\/wp-content\/uploads\/2026\/06\/710538034_10163280991718195_3653273256972975675_n.jpg?resize=300%2C213&amp;ssl=1 300w, https:\/\/i0.wp.com\/www.shqiperia.com\/blog\/wp-content\/uploads\/2026\/06\/710538034_10163280991718195_3653273256972975675_n.jpg?resize=768%2C547&amp;ssl=1 768w, https:\/\/i0.wp.com\/www.shqiperia.com\/blog\/wp-content\/uploads\/2026\/06\/710538034_10163280991718195_3653273256972975675_n.jpg?resize=450%2C320&amp;ssl=1 450w, https:\/\/i0.wp.com\/www.shqiperia.com\/blog\/wp-content\/uploads\/2026\/06\/710538034_10163280991718195_3653273256972975675_n.jpg?resize=600%2C427&amp;ssl=1 600w, https:\/\/i0.wp.com\/www.shqiperia.com\/blog\/wp-content\/uploads\/2026\/06\/710538034_10163280991718195_3653273256972975675_n.jpg?resize=400%2C285&amp;ssl=1 400w, https:\/\/i0.wp.com\/www.shqiperia.com\/blog\/wp-content\/uploads\/2026\/06\/710538034_10163280991718195_3653273256972975675_n.jpg?w=808&amp;ssl=1 808w\" sizes=\"auto, (max-width: 601px) 100vw, 601px\" \/><\/div>\n<div>1 Qershor 2026<\/div>\n<div>Bluzezinjt\u00eb<\/div>\n<div>Kur shteti yt \u00ebshte aty por ska takat t\u00eb t\u00eb ruaj\u00eb , bluz\u00ebzinjt\u00eb do b\u00ebjn\u00eb ct\u00eb duan me ty<\/div>\n<div>Ata do t\u00eb rr\u00ebmbejn\u00eb e t\u00ebrheqin zvarr\u00eb ty, n\u00ebn\u00ebn gruan, vajz\u00ebn , dhe mos fol se po e deshen ata , cfar\u00eb \u00ebsht\u00eb e jotja ka qen\u00eb e tyre.<\/div>\n<div>Ka qen\u00eb e tyre dhe pik\u00eb dhe ndaj nje shtet i t\u00ebre do vihet n\u00eb radh\u00eb q\u00eb t\u00eb shpik\u00eb hipotekat fluturuese, kufinjte q\u00eb fshihen me nj\u00eb t\u00eb p\u00ebrshtyr\u00eb, ti ske ske tok\u00eb , ske sht\u00ebpi, ske t\u00eb kaluar, ske histori.<\/div>\n<div>Ske asgje.<\/div>\n<div>T\u00eb drejt\u00eb prone fare<\/div>\n<div>Te drejt\u00eb atdheu jo e jo, cfar\u00eb \u00ebshte kjo fjal\u00eb . Po e desh\u00ebn ata r\u00ebra b\u00ebhet tok\u00eb e punueshme , pyll, livadh. Malet i b\u00ebjn\u00eb me paketa. Fushat i b\u00ebjn\u00eb me nj\u00eb euro . Cfar\u00eb quhet shtet\u00ebrore q\u00eb do t\u00eb thot\u00eb mos e prek se \u00ebsht\u00eb edhe e imja, n\u00eb fakt ka qene e tyre para se vet\u00eb shteti te krijohej. \u00cbsht\u00eb e thjeshte fare..<\/div>\n<div>Po e deshen bluz\u00ebzinjt\u00eb do ta marrin , kush je ti q\u00eb mendon, q\u00eb ke kujtese , qe guxon. U b\u00ebre ti !<\/div>\n<div>Bluz\u00ebzinjt\u00eb jane trima se ska shtet<\/div>\n<div>Ose ose shteti \u00ebsht\u00eb i bluzezinjve<\/div>\n<div>Bluz\u00ebzinjt\u00eb jan\u00eb mjeshtra.<\/div>\n<div>Bluzezinjt\u00eb jane te fort\u00eb .<\/div>\n<div>Jan\u00eb t\u00eb shpejt\u00eb<\/div>\n<div>Bluz\u00ebzinjt\u00eb kan\u00eb fuqi<\/div>\n<div>Mbas nj\u00eb proteste bluz\u00ebzinjt\u00eb zgjojn\u00eb ministrin e brendshem, i cili shkruan status q\u00eb holle holle justifikon ata me konceptin e prones private. Ct\u00eb b\u00ebj\u00eb i shkreti minist\u00ebr i brendsh\u00ebm, se kapi kot kollaren kur i lexuan emrin p\u00ebr ne kabinet.<\/div>\n<div>Bluzezinjt\u00eb ngren\u00eb t\u00eb vdekurit nga varri<\/div>\n<div>E b\u00ebjn\u00eb kryetaren e bashkise t\u00eb vrapoj\u00eb n\u00eb Greqi e t\u00eb kthehet ne Vlor\u00eb<\/div>\n<div>Bluzezinjte em\u00ebrojn\u00eb e shkarkojne drejtor\u00eb 6 mujor\u00eb hipotekash q\u00eb mbivendosin prona, ta b\u00ebjn\u00eb detin tok\u00eb e Zv\u00ebrnecin &#8221; na ishte dikur q\u00eb ska qene asnj\u00ebher\u00eb&#8221;<\/div>\n<div>E b\u00ebjn\u00eb gjykat\u00ebn t\u00eb te zvarris\u00eb 200 vjet, e prokurorine t\u00eb t\u00eb thot\u00eb &#8221; c\u00ebshtja \u00ebshte parashkruar&#8221;<\/div>\n<div>Bluz\u00ebzinjt\u00eb zgjojn\u00eb policin\u00eb e Vlor\u00ebs q\u00eb arreston nj\u00ebrin prej tyre , pastaj nj\u00eb tjet\u00ebr duhet t\u00eb thot\u00eb se po rishikohet licensa e policise private , dhe m\u00eb tej na tregojn\u00eb p\u00ebrralla me mbret<\/div>\n<div>Bluz\u00ebzinjt\u00eb vijn\u00eb me makina me targa false, xhama t\u00eb zinj. Asnj\u00eb nuk i kontrollon. Asnj\u00eb nuk i sheh kur ta p\u00ebrplasin grishtin turinjve. Po qe nevoja mbajne arm\u00eb e kapele. Natyrisht q\u00eb ta kuptosh ti se sa trima jane<\/div>\n<div>Dhe kur t\u00eb vijn\u00eb ata kujto sa shum\u00eb habiteshe kur n\u00eb eposin e Kreshnik\u00ebve lexoje p\u00ebr bajlozin e zi. &#8230;<\/div>\n<div>Ai fshat me fshat k\u00ebrkonte vajzat m\u00eb t\u00eb bukura, ose n\u00eb t\u00eb kund\u00ebrt&#8230;&#8230;..!<\/div>\n","protected":false},"excerpt":{"rendered":"<p>1 Qershor 2026 Bluzezinjt\u00eb Kur shteti yt \u00ebshte aty por ska takat t\u00eb t\u00eb ruaj\u00eb , bluz\u00ebzinjt\u00eb do b\u00ebjn\u00eb ct\u00eb duan me ty Ata do t\u00eb rr\u00ebmbejn\u00eb e t\u00ebrheqin zvarr\u00eb ty, n\u00ebn\u00ebn gruan, vajz\u00ebn , dhe mos fol se po e deshen ata , cfar\u00eb \u00ebsht\u00eb e jotja ka qen\u00eb e tyre. Ka qen\u00eb e [&hellip;]<\/p>\n","protected":false},"author":9,"featured_media":100843,"comment_status":"open","ping_status":"open","sticky":false,"template":"","format":"standard","meta":{"jetpack_post_was_ever_published":false,"_jetpack_newsletter_access":"","_jetpack_dont_email_post_to_subs":false,"_jetpack_newsletter_tier_id":0,"_jetpack_memberships_contains_paywalled_content":false,"_jetpack_memberships_contains_paid_content":false,"footnotes":"","jetpack_publicize_message":"","jetpack_publicize_feature_enabled":true,"jetpack_social_post_already_shared":true,"jetpack_social_options":{"image_generator_settings":{"template":"highway","default_image_id":0,"font":"","enabled":false},"version":2}},"categories":[27,1,2,35],"tags":[],"class_list":["post-100842","post","type-post","status-publish","format-standard","has-post-thumbnail","hentry","category-blogu-i-udhetarit","category-njoftime-shtypi","category-politika","category-shoqerore"],"jetpack_publicize_connections":[],"jetpack_featured_media_url":"https:\/\/i0.wp.com\/www.shqiperia.com\/blog\/wp-content\/uploads\/2026\/06\/710538034_10163280991718195_3653273256972975675_n.jpg?fit=808%2C575&ssl=1","jetpack_sharing_enabled":true,"jetpack_shortlink":"https:\/\/wp.me\/p5Z6wp-qeu","jetpack-related-posts":[{"id":102173,"url":"https:\/\/www.shqiperia.com\/blog\/shteti-i-kapur-prova-eshte-aruba-lubonja-ne-vend-te-arrestojne-ramen-per-korrupsionin-ndalojne-protestuesit-pse-hodhen-veze-balla-provokoi\/","url_meta":{"origin":100842,"position":0},"title":"\u201cShteti i kapur, prova \u00ebsht\u00eb Aruba\u201d- Lubonja: N\u00eb vend t\u00eb arrestojn\u00eb Ram\u00ebn p\u00ebr korrupsionin, ndalojn\u00eb protestuesit pse hodh\u00ebn vez\u00eb! Balla provokoi","author":"Kurt Farka","date":"July 2, 2026","format":false,"excerpt":"2 Korrik 2026 Analisti Fatos Lubonja komentoi protest\u00ebn e qytetar\u00ebve dhe aktivist\u00ebve sot para parlamentit, ku Policia ushtroi dhun\u00eb me gaz lotsjell\u00ebs, spraj me piper dhe topa uji, duke shoq\u00ebruar edhe t\u00eb pakt\u00ebn 20 prej tyre me forc\u00eb. Ai e d\u00ebnoi k\u00ebt\u00eb dhun\u00eb policore dhe shtet\u00ebrore, duke b\u00ebr\u00eb p\u00ebrgjegj\u00ebse qeverin\u00eb,\u2026","rel":"","context":"In &quot;Blogu i Udh\u00ebtarit&quot;","block_context":{"text":"Blogu i Udh\u00ebtarit","link":"https:\/\/www.shqiperia.com\/blog\/category\/blogu-i-udhetarit\/"},"img":{"alt_text":"","src":"https:\/\/i0.wp.com\/www.shqiperia.com\/blog\/wp-content\/uploads\/2026\/07\/fatos-lubonja.jpg?fit=700%2C375&ssl=1&resize=350%2C200","width":350,"height":200,"srcset":"https:\/\/i0.wp.com\/www.shqiperia.com\/blog\/wp-content\/uploads\/2026\/07\/fatos-lubonja.jpg?fit=700%2C375&ssl=1&resize=350%2C200 1x, https:\/\/i0.wp.com\/www.shqiperia.com\/blog\/wp-content\/uploads\/2026\/07\/fatos-lubonja.jpg?fit=700%2C375&ssl=1&resize=525%2C300 1.5x, https:\/\/i0.wp.com\/www.shqiperia.com\/blog\/wp-content\/uploads\/2026\/07\/fatos-lubonja.jpg?fit=700%2C375&ssl=1&resize=700%2C400 2x"},"classes":[]},{"id":101004,"url":"https:\/\/www.shqiperia.com\/blog\/thirrja-e-forte-nga-protesta-per-te-rinjte-mos-u-largoni-nga-shqiperia-duhet-te-ike-rama-studentet-nderrojne-qeverine\/","url_meta":{"origin":100842,"position":1},"title":"Thirrja e fort\u00eb nga protesta p\u00ebr t\u00eb rinjt\u00eb: Mos u largoni nga Shqip\u00ebria, duhet t\u00eb ik\u00eb Rama! Student\u00ebt nd\u00ebrrojn\u00eb qeverin\u00eb!","author":"Kurt Farka","date":"June 3, 2026","format":false,"excerpt":"3 Qershor 2026 Thirrje t\u00eb forta vijn\u00eb nga protesta para Kryeministris\u00eb q\u00eb po mbahet kund\u00ebr projektit t\u00eb Zv\u00ebrnecit dhe jo vet\u00ebm. Nj\u00eb i ri iu ka b\u00ebr\u00eb thirrje shqiptar\u00ebve q\u00eb t\u00eb mos ikin nga vendi i tyre, nd\u00ebrsa ai q\u00eb duhet t\u00eb ik\u00eb \u00ebsht\u00eb vet\u00ebm Rama Madje ai ta se\u2026","rel":"","context":"In &quot;Kultura&quot;","block_context":{"text":"Kultura","link":"https:\/\/www.shqiperia.com\/blog\/category\/kultura\/"},"img":{"alt_text":"","src":"https:\/\/i0.wp.com\/www.shqiperia.com\/blog\/wp-content\/uploads\/2026\/06\/protesta-zvernces.jpeg?fit=675%2C450&ssl=1&resize=350%2C200","width":350,"height":200,"srcset":"https:\/\/i0.wp.com\/www.shqiperia.com\/blog\/wp-content\/uploads\/2026\/06\/protesta-zvernces.jpeg?fit=675%2C450&ssl=1&resize=350%2C200 1x, https:\/\/i0.wp.com\/www.shqiperia.com\/blog\/wp-content\/uploads\/2026\/06\/protesta-zvernces.jpeg?fit=675%2C450&ssl=1&resize=525%2C300 1.5x"},"classes":[]},{"id":100272,"url":"https:\/\/www.shqiperia.com\/blog\/berat-buzhale-integrimi-i-shqiperise-po-bllokohet-nga-korrupsioni\/","url_meta":{"origin":100842,"position":2},"title":"Berat Buzhale: &#8211; Integrimi i Shqiperise po bllokohet nga korrupsioni","author":"Kurt Farka","date":"May 15, 2026","format":false,"excerpt":"15 Maji 2026 Gazetari Berat Buzhala, i ftuar n\u00eb nje studio televizive, ka komentuar rezolut\u00ebn p\u00ebr integrimin europian t\u00eb Shqip\u00ebris\u00eb dhe ecurin\u00eb e procesit t\u00eb an\u00ebtar\u00ebsimit n\u00eb Bashkimin Europian. Buzhala ngriti pyetjen n\u00ebse vendimi p\u00ebr votimin e rezolut\u00ebs nga opozita dhe mazhoranca ka qen\u00eb i drejt\u00eb, duke theksuar se n\u00eb\u2026","rel":"","context":"In &quot;Politika&quot;","block_context":{"text":"Politika","link":"https:\/\/www.shqiperia.com\/blog\/category\/politika\/"},"img":{"alt_text":"","src":"https:\/\/i0.wp.com\/www.shqiperia.com\/blog\/wp-content\/uploads\/2026\/05\/Berat-Buzhala.jpg?fit=1200%2C637&ssl=1&resize=350%2C200","width":350,"height":200,"srcset":"https:\/\/i0.wp.com\/www.shqiperia.com\/blog\/wp-content\/uploads\/2026\/05\/Berat-Buzhala.jpg?fit=1200%2C637&ssl=1&resize=350%2C200 1x, https:\/\/i0.wp.com\/www.shqiperia.com\/blog\/wp-content\/uploads\/2026\/05\/Berat-Buzhala.jpg?fit=1200%2C637&ssl=1&resize=525%2C300 1.5x, https:\/\/i0.wp.com\/www.shqiperia.com\/blog\/wp-content\/uploads\/2026\/05\/Berat-Buzhala.jpg?fit=1200%2C637&ssl=1&resize=700%2C400 2x, https:\/\/i0.wp.com\/www.shqiperia.com\/blog\/wp-content\/uploads\/2026\/05\/Berat-Buzhala.jpg?fit=1200%2C637&ssl=1&resize=1050%2C600 3x"},"classes":[]},{"id":104807,"url":"https:\/\/www.shqiperia.com\/blog\/grid-rroji-ngre-alarmin-kryeministri-i-ka-bere-gati-te-gjitha-letrat-skenari-qe-pritet-te-zbatohet-ne-shtator-dhe-levizjet-ne-qeveri-grid-rroji\/","url_meta":{"origin":100842,"position":3},"title":"Grid Rroji ngre alarmin, kryeministri i ka b\u00ebr\u00eb gati t\u00eb gjitha letrat, skenari q\u00eb pritet t\u00eb zbatohet n\u00eb shtator dhe l\u00ebvizjet n\u00eb qeveri   Grid Rroji,","author":"Kurt Farka","date":"August 20, 2026","format":false,"excerpt":"20 Gusht 2026 Grid Rroji, pedagog i shkencave politike n\u00eb universitetin CUNY-New York ka hedhur akuza t\u00eb forta ndaj kryeministrit Edi Rama, duke u ndalur te takimi i tij s\u00eb fundmi me kryebashkiak\u00ebt n\u00eb Ku\u00e7 t\u00eb Vlor\u00ebs dhe te nj\u00eb deklarat\u00eb e tij p\u00ebr qytetin. Sipas Rrojit, kryeministri e sheh\u2026","rel":"","context":"In &quot;Blogu i Udh\u00ebtarit&quot;","block_context":{"text":"Blogu i Udh\u00ebtarit","link":"https:\/\/www.shqiperia.com\/blog\/category\/blogu-i-udhetarit\/"},"img":{"alt_text":"","src":"https:\/\/i0.wp.com\/www.shqiperia.com\/blog\/wp-content\/uploads\/2026\/08\/screenshot-2026-08-20-110356-6a86c1ee6ac98.jpg?fit=462%2C304&ssl=1&resize=350%2C200","width":350,"height":200},"classes":[]},{"id":101662,"url":"https:\/\/www.shqiperia.com\/blog\/lajm-arkiv-shteti-mysliman-i-rames-nje-mikroshtet-per-bektashinjte-brenda-tiranes\/","url_meta":{"origin":100842,"position":4},"title":"Lajm Arkiv: &#8211; Shteti mysliman i Rames  &#8211; Nj\u00eb mikroshtet p\u00ebr bektashinjt\u00eb brenda Tiran\u00ebs","author":"Kurt Farka","date":"June 21, 2026","format":false,"excerpt":"21 Shtator 2024 New York Times i ka kushtuar nj\u00eb artikull mund\u00ebsis\u00eb s\u00eb krijimit t\u00eb nj\u00eb shteti t\u00eb stilit t\u00eb Vatikanit n\u00eb Shqip\u00ebri. Sipas NYT kryeministri Edi Rama d\u00ebshiron t\u2019u jap\u00eb an\u00ebtar\u00ebve t\u00eb Bektashinjve enklav\u00ebn e tyre t\u00eb stilit t\u00eb Vatikanit si nj\u00eb m\u00ebnyr\u00eb p\u00ebr t\u00eb promovuar toleranc\u00ebn fetare. Kleriku\u2026","rel":"","context":"In &quot;Blogu i Udh\u00ebtarit&quot;","block_context":{"text":"Blogu i Udh\u00ebtarit","link":"https:\/\/www.shqiperia.com\/blog\/category\/blogu-i-udhetarit\/"},"img":{"alt_text":"","src":"https:\/\/i0.wp.com\/www.shqiperia.com\/blog\/wp-content\/uploads\/2026\/06\/Rama-Baba-Mondi-1.jpg?fit=753%2C450&ssl=1&resize=350%2C200","width":350,"height":200,"srcset":"https:\/\/i0.wp.com\/www.shqiperia.com\/blog\/wp-content\/uploads\/2026\/06\/Rama-Baba-Mondi-1.jpg?fit=753%2C450&ssl=1&resize=350%2C200 1x, https:\/\/i0.wp.com\/www.shqiperia.com\/blog\/wp-content\/uploads\/2026\/06\/Rama-Baba-Mondi-1.jpg?fit=753%2C450&ssl=1&resize=525%2C300 1.5x, https:\/\/i0.wp.com\/www.shqiperia.com\/blog\/wp-content\/uploads\/2026\/06\/Rama-Baba-Mondi-1.jpg?fit=753%2C450&ssl=1&resize=700%2C400 2x"},"classes":[]},{"id":105559,"url":"https:\/\/www.shqiperia.com\/blog\/rikthimi-i-kalit-te-qyqes-dhe-nje-lajm-i-madh-nga-ministria-e-mjedisit\/","url_meta":{"origin":100842,"position":5},"title":"\u201cRikthimi i Kalit te Qyqes dhe nj\u00eb lajm i madh nga Ministria e Mjedisit\u201d","author":"Kurt Farka","date":"August 31, 2026","format":false,"excerpt":"31 Gusht 2026 \u00cbsht\u00eb e diel. Gusht. Vapa ka z\u00ebn\u00eb vend mbi Shqip\u00ebri me at\u00eb k\u00ebmb\u00ebnguljen e nj\u00eb zyrtari t\u00eb sot\u00ebm q\u00eb nuk di kur duhet t\u00eb largohet. Gjinkallat, t\u00eb cilat duket se nuk e kan\u00eb marr\u00eb ende vesh lajmin e ardhjes s\u00eb vjesht\u00ebs, vazhdojn\u00eb koncertin e tyre t\u00eb paduruesh\u00ebm.\u2026","rel":"","context":"In &quot;Blogu i Udh\u00ebtarit&quot;","block_context":{"text":"Blogu i Udh\u00ebtarit","link":"https:\/\/www.shqiperia.com\/blog\/category\/blogu-i-udhetarit\/"},"img":{"alt_text":"","src":"https:\/\/i0.wp.com\/www.shqiperia.com\/blog\/wp-content\/uploads\/2026\/08\/640-0-6f5b8eac8647006ae543b153b0c727c1.jpg?fit=640%2C327&ssl=1&resize=350%2C200","width":350,"height":200,"srcset":"https:\/\/i0.wp.com\/www.shqiperia.com\/blog\/wp-content\/uploads\/2026\/08\/640-0-6f5b8eac8647006ae543b153b0c727c1.jpg?fit=640%2C327&ssl=1&resize=350%2C200 1x, https:\/\/i0.wp.com\/www.shqiperia.com\/blog\/wp-content\/uploads\/2026\/08\/640-0-6f5b8eac8647006ae543b153b0c727c1.jpg?fit=640%2C327&ssl=1&resize=525%2C300 1.5x"},"classes":[]}],"_links":{"self":[{"href":"https:\/\/www.shqiperia.com\/blog\/wp-json\/wp\/v2\/posts\/100842","targetHints":{"allow":["GET"]}}],"collection":[{"href":"https:\/\/www.shqiperia.com\/blog\/wp-json\/wp\/v2\/posts"}],"about":[{"href":"https:\/\/www.shqiperia.com\/blog\/wp-json\/wp\/v2\/types\/post"}],"author":[{"embeddable":true,"href":"https:\/\/www.shqiperia.com\/blog\/wp-json\/wp\/v2\/users\/9"}],"replies":[{"embeddable":true,"href":"https:\/\/www.shqiperia.com\/blog\/wp-json\/wp\/v2\/comments?post=100842"}],"version-history":[{"count":1,"href":"https:\/\/www.shqiperia.com\/blog\/wp-json\/wp\/v2\/posts\/100842\/revisions"}],"predecessor-version":[{"id":100844,"href":"https:\/\/www.shqiperia.com\/blog\/wp-json\/wp\/v2\/posts\/100842\/revisions\/100844"}],"wp:featuredmedia":[{"embeddable":true,"href":"https:\/\/www.shqiperia.com\/blog\/wp-json\/wp\/v2\/media\/100843"}],"wp:attachment":[{"href":"https:\/\/www.shqiperia.com\/blog\/wp-json\/wp\/v2\/media?parent=100842"}],"wp:term":[{"taxonomy":"category","embeddable":true,"href":"https:\/\/www.shqiperia.com\/blog\/wp-json\/wp\/v2\/categories?post=100842"},{"taxonomy":"post_tag","embeddable":true,"href":"https:\/\/www.shqiperia.com\/blog\/wp-json\/wp\/v2\/tags?post=100842"}],"curies":[{"name":"wp","href":"https:\/\/api.w.org\/{rel}","templated":true}]}}