{"id":100839,"date":"2026-06-01T05:19:03","date_gmt":"2026-06-01T05:19:03","guid":{"rendered":"https:\/\/www.shqiperia.com\/blog\/?p=100839"},"modified":"2026-06-01T05:19:03","modified_gmt":"2026-06-01T05:19:03","slug":"protesta-qytetare-ne-tirane-shqiperia-nuk-shitet","status":"publish","type":"post","link":"https:\/\/www.shqiperia.com\/blog\/protesta-qytetare-ne-tirane-shqiperia-nuk-shitet\/","title":{"rendered":"Protesta Qytetare ne Tirane: &#8211; Shqip\u00ebria nuk shitet."},"content":{"rendered":"<div id=\"attachment_100807\" style=\"width: 660px\" class=\"wp-caption alignnone\"><img data-recalc-dims=\"1\" loading=\"lazy\" decoding=\"async\" aria-describedby=\"caption-attachment-100807\" data-attachment-id=\"100807\" data-permalink=\"https:\/\/www.shqiperia.com\/blog\/album-foto-filluan-protestat-qytetare\/protsta-popullore-kunder-ndertimit-ne-zonat-e-mrojtura-5\/\" data-orig-file=\"https:\/\/i0.wp.com\/www.shqiperia.com\/blog\/wp-content\/uploads\/2026\/05\/Protsta-popullore-kunder-ndertimit-ne-zonat-e-Mrojtura-5.jpeg?fit=1280%2C853&amp;ssl=1\" data-orig-size=\"1280,853\" data-comments-opened=\"1\" data-image-meta=\"{&quot;aperture&quot;:&quot;0&quot;,&quot;credit&quot;:&quot;&quot;,&quot;camera&quot;:&quot;&quot;,&quot;caption&quot;:&quot;&quot;,&quot;created_timestamp&quot;:&quot;0&quot;,&quot;copyright&quot;:&quot;&quot;,&quot;focal_length&quot;:&quot;0&quot;,&quot;iso&quot;:&quot;0&quot;,&quot;shutter_speed&quot;:&quot;0&quot;,&quot;title&quot;:&quot;&quot;,&quot;orientation&quot;:&quot;0&quot;}\" data-image-title=\"Protsta popullore kunder ndertimit ne zonat e Mbrojtura\" data-image-description=\"\" data-image-caption=\"&lt;p&gt;Protsta popullore kunder ndertimit ne zonat e Mrojtura&lt;\/p&gt;\n\" data-medium-file=\"https:\/\/i0.wp.com\/www.shqiperia.com\/blog\/wp-content\/uploads\/2026\/05\/Protsta-popullore-kunder-ndertimit-ne-zonat-e-Mrojtura-5.jpeg?fit=300%2C200&amp;ssl=1\" data-large-file=\"https:\/\/i0.wp.com\/www.shqiperia.com\/blog\/wp-content\/uploads\/2026\/05\/Protsta-popullore-kunder-ndertimit-ne-zonat-e-Mrojtura-5.jpeg?fit=1024%2C682&amp;ssl=1\" class=\" wp-image-100807\" alt=\"\" src=\"https:\/\/i0.wp.com\/www.shqiperia.com\/blog\/wp-content\/uploads\/2026\/05\/Protsta-popullore-kunder-ndertimit-ne-zonat-e-Mrojtura-5.jpeg?resize=650%2C433&#038;ssl=1\" width=\"650\" height=\"433\" srcset=\"https:\/\/i0.wp.com\/www.shqiperia.com\/blog\/wp-content\/uploads\/2026\/05\/Protsta-popullore-kunder-ndertimit-ne-zonat-e-Mrojtura-5.jpeg?resize=300%2C200&amp;ssl=1 300w, https:\/\/i0.wp.com\/www.shqiperia.com\/blog\/wp-content\/uploads\/2026\/05\/Protsta-popullore-kunder-ndertimit-ne-zonat-e-Mrojtura-5.jpeg?resize=1024%2C682&amp;ssl=1 1024w, https:\/\/i0.wp.com\/www.shqiperia.com\/blog\/wp-content\/uploads\/2026\/05\/Protsta-popullore-kunder-ndertimit-ne-zonat-e-Mrojtura-5.jpeg?resize=768%2C512&amp;ssl=1 768w, https:\/\/i0.wp.com\/www.shqiperia.com\/blog\/wp-content\/uploads\/2026\/05\/Protsta-popullore-kunder-ndertimit-ne-zonat-e-Mrojtura-5.jpeg?resize=600%2C400&amp;ssl=1 600w, https:\/\/i0.wp.com\/www.shqiperia.com\/blog\/wp-content\/uploads\/2026\/05\/Protsta-popullore-kunder-ndertimit-ne-zonat-e-Mrojtura-5.jpeg?resize=450%2C300&amp;ssl=1 450w, https:\/\/i0.wp.com\/www.shqiperia.com\/blog\/wp-content\/uploads\/2026\/05\/Protsta-popullore-kunder-ndertimit-ne-zonat-e-Mrojtura-5.jpeg?resize=400%2C267&amp;ssl=1 400w, https:\/\/i0.wp.com\/www.shqiperia.com\/blog\/wp-content\/uploads\/2026\/05\/Protsta-popullore-kunder-ndertimit-ne-zonat-e-Mrojtura-5.jpeg?w=1280&amp;ssl=1 1280w\" sizes=\"auto, (max-width: 650px) 100vw, 650px\" \/><p id=\"caption-attachment-100807\" class=\"wp-caption-text\">Protsta popullore kunder ndertimit ne zonat e Mrojtura<\/p><\/div>\n<p>1 Qershor 2026<\/p>\n<p>Protestuesit therrisni: &#8211; Se mjaft ne roberi o e mjera Shqiperi. &#8230;<\/p>\n<p>\u00cbsht\u00eb mbajtur dje protesta n\u00eb Tiran\u00eb kund\u00ebr nd\u00ebrtimeve n\u00eb zonat e mbrojtura, p\u00ebr m\u00eb shum\u00eb se dy or\u00eb.<\/p>\n<p>Qytetar\u00eb t\u00eb shumt\u00eb jan\u00eb b\u00ebr\u00eb bashk\u00eb nd\u00ebrsa k\u00ebrkojn\u00eb anulimin e projektit. Protestuesit njoftuan se protesta do t\u00eb zhvillohet s\u00ebrish dit\u00ebn e nes\u00ebrme n\u00eb or\u00ebn 18:00.<\/p>\n<p>Fillimisht protesta nisi n\u00eb Ministrin\u00eb e Brendshme, nd\u00ebrsa m\u00eb pas protestuesit u zhvendos\u00ebn drejt Kryeministris\u00eb,.<\/p>\n","protected":false},"excerpt":{"rendered":"<p>1 Qershor 2026 Protestuesit therrisni: &#8211; Se mjaft ne roberi o e mjera Shqiperi. &#8230; \u00cbsht\u00eb mbajtur dje protesta n\u00eb Tiran\u00eb kund\u00ebr nd\u00ebrtimeve n\u00eb zonat e mbrojtura, p\u00ebr m\u00eb shum\u00eb se dy or\u00eb. Qytetar\u00eb t\u00eb shumt\u00eb jan\u00eb b\u00ebr\u00eb bashk\u00eb nd\u00ebrsa k\u00ebrkojn\u00eb anulimin e projektit. Protestuesit njoftuan se protesta do t\u00eb zhvillohet s\u00ebrish dit\u00ebn e nes\u00ebrme [&hellip;]<\/p>\n","protected":false},"author":9,"featured_media":0,"comment_status":"open","ping_status":"open","sticky":false,"template":"","format":"standard","meta":{"jetpack_post_was_ever_published":false,"_jetpack_newsletter_access":"","_jetpack_dont_email_post_to_subs":false,"_jetpack_newsletter_tier_id":0,"_jetpack_memberships_contains_paywalled_content":false,"_jetpack_memberships_contains_paid_content":false,"footnotes":"","jetpack_publicize_message":"","jetpack_publicize_feature_enabled":true,"jetpack_social_post_already_shared":true,"jetpack_social_options":{"image_generator_settings":{"template":"highway","default_image_id":0,"font":"","enabled":false},"version":2}},"categories":[27,10,1,2,35],"tags":[],"class_list":["post-100839","post","type-post","status-publish","format-standard","hentry","category-blogu-i-udhetarit","category-kultura","category-njoftime-shtypi","category-politika","category-shoqerore"],"jetpack_publicize_connections":[],"jetpack_featured_media_url":"","jetpack_sharing_enabled":true,"jetpack_shortlink":"https:\/\/wp.me\/p5Z6wp-qer","jetpack-related-posts":[{"id":103106,"url":"https:\/\/www.shqiperia.com\/blog\/revolta-ne-diten-e-53-te-kunder-qeverise-shqiptaret-kerkojne-doreheqjen-e-panegociueshme-te-rames-dhe-kastes-politike\/","url_meta":{"origin":100839,"position":0},"title":"Revolta n\u00eb dit\u00ebn e 53-t\u00eb kund\u00ebr qeveris\u00eb\/ Shqiptar\u00ebt k\u00ebrkojn\u00eb dor\u00ebheqjen e panegociueshme t\u00eb Ram\u00ebs dhe kast\u00ebs politike","author":"Kurt Farka","date":"July 22, 2026","format":false,"excerpt":"22 Korrik 2026 L\u00ebvizja qytetare kund\u00ebr qeveris\u00eb vijon edhe sot n\u00eb Tiran\u00eb, u mbajt protesta e 53-t\u00eb radhazi me k\u00ebrkes\u00ebn kryesore p\u00ebr dor\u00ebheqjen e kryeministrit Edi Rama dhe largimin e qeveris\u00eb. Ashtu si n\u00eb dit\u00ebt e m\u00ebparshme, protesta pritet t\u00eb nis\u00eb n\u00eb or\u00ebn 19:00, n\u00eb sheshin \u201cSk\u00ebnderbej\u201d, ku m\u00eb pas\u2026","rel":"","context":"In &quot;Blogu i Udh\u00ebtarit&quot;","block_context":{"text":"Blogu i Udh\u00ebtarit","link":"https:\/\/www.shqiperia.com\/blog\/category\/blogu-i-udhetarit\/"},"img":{"alt_text":"","src":"https:\/\/i0.wp.com\/www.shqiperia.com\/blog\/wp-content\/uploads\/2026\/07\/protesta-e-4-korrikut1.jpg?fit=832%2C556&ssl=1&resize=350%2C200","width":350,"height":200,"srcset":"https:\/\/i0.wp.com\/www.shqiperia.com\/blog\/wp-content\/uploads\/2026\/07\/protesta-e-4-korrikut1.jpg?fit=832%2C556&ssl=1&resize=350%2C200 1x, https:\/\/i0.wp.com\/www.shqiperia.com\/blog\/wp-content\/uploads\/2026\/07\/protesta-e-4-korrikut1.jpg?fit=832%2C556&ssl=1&resize=525%2C300 1.5x, https:\/\/i0.wp.com\/www.shqiperia.com\/blog\/wp-content\/uploads\/2026\/07\/protesta-e-4-korrikut1.jpg?fit=832%2C556&ssl=1&resize=700%2C400 2x"},"classes":[]},{"id":105418,"url":"https:\/\/www.shqiperia.com\/blog\/protesta-qytetare-kunder-qeverisjes-pjesmarrje-masive-thirrjet-gjate-marshimit-revolucio\/","url_meta":{"origin":100839,"position":1},"title":"Protesta qytetare kund\u00ebr qeverisjes, pjesmarrje masive, thirrjet gjat\u00eb marshimit: Revolucio","author":"Kurt Farka","date":"August 29, 2026","format":false,"excerpt":"29 Gusht 2026 Megjithse data 28 gusht ishte nj\u00eb nga dit\u00ebt me t\u00eb nxehta t\u00eb kasaj vere pjesmarrja n\u00eb protest\u00ebn e dit\u00ebs s\u00eb 90 ishte masive. Marshimi i qytetar\u00ebve n\u00eb dit\u00ebn e 90-t\u00eb t\u00eb protest\u00ebs ka vijuar n\u00eb rrug\u00ebt e Tiran\u00ebs, me protestuesit q\u00eb kan\u00eb p\u00ebrcjell\u00eb mesazhet e tyre kund\u00ebr\u2026","rel":"","context":"In &quot;Blogu i Udh\u00ebtarit&quot;","block_context":{"text":"Blogu i Udh\u00ebtarit","link":"https:\/\/www.shqiperia.com\/blog\/category\/blogu-i-udhetarit\/"},"img":{"alt_text":"","src":"https:\/\/i0.wp.com\/www.shqiperia.com\/blog\/wp-content\/uploads\/2026\/08\/Protesta-28-Gusht-2026.jpeg?fit=800%2C450&ssl=1&resize=350%2C200","width":350,"height":200,"srcset":"https:\/\/i0.wp.com\/www.shqiperia.com\/blog\/wp-content\/uploads\/2026\/08\/Protesta-28-Gusht-2026.jpeg?fit=800%2C450&ssl=1&resize=350%2C200 1x, https:\/\/i0.wp.com\/www.shqiperia.com\/blog\/wp-content\/uploads\/2026\/08\/Protesta-28-Gusht-2026.jpeg?fit=800%2C450&ssl=1&resize=525%2C300 1.5x, https:\/\/i0.wp.com\/www.shqiperia.com\/blog\/wp-content\/uploads\/2026\/08\/Protesta-28-Gusht-2026.jpeg?fit=800%2C450&ssl=1&resize=700%2C400 2x"},"classes":[]},{"id":104342,"url":"https:\/\/www.shqiperia.com\/blog\/doreheqje-protesta-e-75-te-antiqeveritare-qytetaret-sfidojne-ramen-dhe-temperaturat-perveluese\/","url_meta":{"origin":100839,"position":2},"title":"\u201cDor\u00ebheqje!\u201d-Protesta e 75-t\u00eb antiqeveritare\/ Qytetar\u00ebt sfidojn\u00eb Ram\u00ebn dhe temperaturat p\u00ebrv\u00ebluese","author":"Kurt Farka","date":"August 13, 2026","format":false,"excerpt":"13 Gusht 2026 K\u00ebt\u00eb t\u00eb enjte, 13 gusht, pritet t\u00eb zhvillohet n\u00eb Tiran\u00eb protesta e 75-t\u00eb, n\u00eb vijim t\u00eb protestave t\u00eb p\u00ebrditshme t\u00eb zhvilluara prej jav\u00ebsh. Protestuesit pritet t\u00eb mblidhen s\u00ebrish n\u00eb kryeqytet, nd\u00ebrsa n\u00eb fokus mbeten k\u00ebrkesat e tyre politike dhe qytetare. Protesta pritet t\u00eb shoq\u00ebrohet me marshim dhe\u2026","rel":"","context":"In &quot;Blogu i Udh\u00ebtarit&quot;","block_context":{"text":"Blogu i Udh\u00ebtarit","link":"https:\/\/www.shqiperia.com\/blog\/category\/blogu-i-udhetarit\/"},"img":{"alt_text":"","src":"https:\/\/i0.wp.com\/www.shqiperia.com\/blog\/wp-content\/uploads\/2026\/08\/protestaaaaaaaaaaaaaaa.jpg?fit=673%2C450&ssl=1&resize=350%2C200","width":350,"height":200,"srcset":"https:\/\/i0.wp.com\/www.shqiperia.com\/blog\/wp-content\/uploads\/2026\/08\/protestaaaaaaaaaaaaaaa.jpg?fit=673%2C450&ssl=1&resize=350%2C200 1x, https:\/\/i0.wp.com\/www.shqiperia.com\/blog\/wp-content\/uploads\/2026\/08\/protestaaaaaaaaaaaaaaa.jpg?fit=673%2C450&ssl=1&resize=525%2C300 1.5x"},"classes":[]},{"id":103852,"url":"https:\/\/www.shqiperia.com\/blog\/sot-dita-e-67-e-protestes-kunder-rames\/","url_meta":{"origin":100839,"position":3},"title":"Sot dita e 67 e protest\u00ebs kund\u00ebr Ram\u00ebs","author":"Kurt Farka","date":"August 5, 2026","format":false,"excerpt":"5 Gusht 2026 Dita e 67-t\u00eb e protest\u00ebs, qytetar\u00ebt marshojn\u00eb s\u00ebrish drejt Kryeministris\u00eb: \u201cRama, jep dor\u00ebheqjen\u201d Protesta qytetare kund\u00ebr qeveris\u00eb hyn sot n\u00eb dit\u00ebn e 67-t\u00eb radhazi, nd\u00ebrsa qytetar\u00ebt pritet t\u00eb mblidhen s\u00ebrish n\u00eb mbr\u00ebmje n\u00eb sheshin \u201cSk\u00ebnderbej\u201d. Pas grumbullimit n\u00eb shesh, protestuesit do t\u00eb marshojn\u00eb drejt Kryeministris\u00eb, ku do\u2026","rel":"","context":"In &quot;Blogu i Udh\u00ebtarit&quot;","block_context":{"text":"Blogu i Udh\u00ebtarit","link":"https:\/\/www.shqiperia.com\/blog\/category\/blogu-i-udhetarit\/"},"img":{"alt_text":"","src":"https:\/\/i0.wp.com\/www.shqiperia.com\/blog\/wp-content\/uploads\/2026\/08\/auto_Protesta-foto-masive11785863100.jpg?fit=900%2C506&ssl=1&resize=350%2C200","width":350,"height":200,"srcset":"https:\/\/i0.wp.com\/www.shqiperia.com\/blog\/wp-content\/uploads\/2026\/08\/auto_Protesta-foto-masive11785863100.jpg?fit=900%2C506&ssl=1&resize=350%2C200 1x, https:\/\/i0.wp.com\/www.shqiperia.com\/blog\/wp-content\/uploads\/2026\/08\/auto_Protesta-foto-masive11785863100.jpg?fit=900%2C506&ssl=1&resize=525%2C300 1.5x, https:\/\/i0.wp.com\/www.shqiperia.com\/blog\/wp-content\/uploads\/2026\/08\/auto_Protesta-foto-masive11785863100.jpg?fit=900%2C506&ssl=1&resize=700%2C400 2x"},"classes":[]},{"id":100955,"url":"https:\/\/www.shqiperia.com\/blog\/anulim-projekti-dhe-doreheqje-e-rames-protesta-qytetare\/","url_meta":{"origin":100839,"position":4},"title":"\u201cAnulim projekti dhe dor\u00ebheqje e Ram\u00ebs\u201d\/ Protesta Qytetare","author":"Kurt Farka","date":"June 2, 2026","format":false,"excerpt":"2 Qershor 2026 Pas tre or\u00ebsh, \u00ebsht\u00eb mbyllur protesta e tret\u00eb qytetare e zhvilluar n\u00eb Tiran\u00eb kund\u00ebr projektit t\u00eb nd\u00ebrtimit n\u00eb zon\u00ebn e mbrojtur t\u00eb Zv\u00ebrnecit. Tubimi u mbajt n\u00eb Bulevardin \u201cD\u00ebshmor\u00ebt e Kombit\u201d dhe para Kryemninistris\u00eb, ku protestuesit p\u00ebrs\u00ebrit\u00ebn kund\u00ebrshtimin e tyre ndaj projektit, duke k\u00ebrkuar anulimin e tij\u2026","rel":"","context":"In &quot;Blogu i Udh\u00ebtarit&quot;","block_context":{"text":"Blogu i Udh\u00ebtarit","link":"https:\/\/www.shqiperia.com\/blog\/category\/blogu-i-udhetarit\/"},"img":{"alt_text":"","src":"https:\/\/i0.wp.com\/www.shqiperia.com\/blog\/wp-content\/uploads\/2026\/06\/WhatsApp-Image-2026-06-02-at-21.14.58-1-675x450-1.jpeg?fit=675%2C450&ssl=1&resize=350%2C200","width":350,"height":200,"srcset":"https:\/\/i0.wp.com\/www.shqiperia.com\/blog\/wp-content\/uploads\/2026\/06\/WhatsApp-Image-2026-06-02-at-21.14.58-1-675x450-1.jpeg?fit=675%2C450&ssl=1&resize=350%2C200 1x, https:\/\/i0.wp.com\/www.shqiperia.com\/blog\/wp-content\/uploads\/2026\/06\/WhatsApp-Image-2026-06-02-at-21.14.58-1-675x450-1.jpeg?fit=675%2C450&ssl=1&resize=525%2C300 1.5x"},"classes":[]},{"id":102845,"url":"https:\/\/www.shqiperia.com\/blog\/protesta-kunder-qeverise-qytetaret-ne-shengjin-marshojne-ne-mbeshtetje-te-tubimeve-ne-tirane\/","url_meta":{"origin":100839,"position":5},"title":"Protesta kund\u00ebr qeveris\u00eb, qytetar\u00ebt n\u00eb Sh\u00ebngjin marshojn\u00eb n\u00eb mb\u00ebshtetje t\u00eb tubimeve n\u00eb Tiran\u00eb","author":"Kurt Farka","date":"July 18, 2026","format":false,"excerpt":"18 Korrik 2026 Edhe n\u00eb Sh\u00ebngjin jan\u00eb zhvilluar thirrje n\u00eb mb\u00ebshtetje t\u00eb protestave q\u00eb prej m\u00eb shum\u00eb se nj\u00eb muaji po mbahen n\u00eb kryeqytet kund\u00ebr qeveris\u00eb. Qytetar\u00eb t\u00eb mbledhur p\u00ebrgjat\u00eb sh\u00ebtitores s\u00eb qytetit kan\u00eb zhvilluar nj\u00eb marshim paq\u00ebsor, duke ftuar banor\u00ebt dhe pushuesit t\u2019u bashkohen tubimeve t\u00eb p\u00ebrditshme n\u00eb Tiran\u00eb.\u2026","rel":"","context":"In &quot;Blogu i Udh\u00ebtarit&quot;","block_context":{"text":"Blogu i Udh\u00ebtarit","link":"https:\/\/www.shqiperia.com\/blog\/category\/blogu-i-udhetarit\/"},"img":{"alt_text":"","src":"https:\/\/i0.wp.com\/www.shqiperia.com\/blog\/wp-content\/uploads\/2026\/07\/Screenshot-2026-07-17-211403.jpg?fit=829%2C452&ssl=1&resize=350%2C200","width":350,"height":200,"srcset":"https:\/\/i0.wp.com\/www.shqiperia.com\/blog\/wp-content\/uploads\/2026\/07\/Screenshot-2026-07-17-211403.jpg?fit=829%2C452&ssl=1&resize=350%2C200 1x, https:\/\/i0.wp.com\/www.shqiperia.com\/blog\/wp-content\/uploads\/2026\/07\/Screenshot-2026-07-17-211403.jpg?fit=829%2C452&ssl=1&resize=525%2C300 1.5x, https:\/\/i0.wp.com\/www.shqiperia.com\/blog\/wp-content\/uploads\/2026\/07\/Screenshot-2026-07-17-211403.jpg?fit=829%2C452&ssl=1&resize=700%2C400 2x"},"classes":[]}],"_links":{"self":[{"href":"https:\/\/www.shqiperia.com\/blog\/wp-json\/wp\/v2\/posts\/100839","targetHints":{"allow":["GET"]}}],"collection":[{"href":"https:\/\/www.shqiperia.com\/blog\/wp-json\/wp\/v2\/posts"}],"about":[{"href":"https:\/\/www.shqiperia.com\/blog\/wp-json\/wp\/v2\/types\/post"}],"author":[{"embeddable":true,"href":"https:\/\/www.shqiperia.com\/blog\/wp-json\/wp\/v2\/users\/9"}],"replies":[{"embeddable":true,"href":"https:\/\/www.shqiperia.com\/blog\/wp-json\/wp\/v2\/comments?post=100839"}],"version-history":[{"count":1,"href":"https:\/\/www.shqiperia.com\/blog\/wp-json\/wp\/v2\/posts\/100839\/revisions"}],"predecessor-version":[{"id":100840,"href":"https:\/\/www.shqiperia.com\/blog\/wp-json\/wp\/v2\/posts\/100839\/revisions\/100840"}],"wp:attachment":[{"href":"https:\/\/www.shqiperia.com\/blog\/wp-json\/wp\/v2\/media?parent=100839"}],"wp:term":[{"taxonomy":"category","embeddable":true,"href":"https:\/\/www.shqiperia.com\/blog\/wp-json\/wp\/v2\/categories?post=100839"},{"taxonomy":"post_tag","embeddable":true,"href":"https:\/\/www.shqiperia.com\/blog\/wp-json\/wp\/v2\/tags?post=100839"}],"curies":[{"name":"wp","href":"https:\/\/api.w.org\/{rel}","templated":true}]}}