{"id":100832,"date":"2026-06-01T05:08:42","date_gmt":"2026-06-01T05:08:42","guid":{"rendered":"https:\/\/www.shqiperia.com\/blog\/?p=100832"},"modified":"2026-06-01T05:11:52","modified_gmt":"2026-06-01T05:11:52","slug":"dikush-duhet-te-njoftoje-kete-klounin-per-ekzistencen-e-ligjit-nr-nr-8743-date-22-2-2001-per-pronat-e-paluajtshme-te-shtetit","status":"publish","type":"post","link":"https:\/\/www.shqiperia.com\/blog\/dikush-duhet-te-njoftoje-kete-klounin-per-ekzistencen-e-ligjit-nr-nr-8743-date-22-2-2001-per-pronat-e-paluajtshme-te-shtetit\/","title":{"rendered":"&#8220;Dikush duhet t\u00eb njoftoj\u00eb k\u00ebt\u00eb klounin p\u00ebr ekzistenc\u00ebn e ligjit nr. Nr.8743, dat\u00eb 22.2.2001 &#8220;P\u00cbR PRONAT E PALUAJTSHME T\u00cb SHTETIT&#8221;."},"content":{"rendered":"<div class=\"xdj266r x14z9mp xat24cr x1lziwak x1vvkbs\">\n<div>\n<div><img data-recalc-dims=\"1\" loading=\"lazy\" decoding=\"async\" data-attachment-id=\"100834\" data-permalink=\"https:\/\/www.shqiperia.com\/blog\/dikush-duhet-te-njoftoje-kete-klounin-per-ekzistencen-e-ligjit-nr-nr-8743-date-22-2-2001-per-pronat-e-paluajtshme-te-shtetit\/ministri-lamallari\/\" data-orig-file=\"https:\/\/i0.wp.com\/www.shqiperia.com\/blog\/wp-content\/uploads\/2026\/06\/Ministri-Lamallari.png?fit=900%2C580&amp;ssl=1\" data-orig-size=\"900,580\" data-comments-opened=\"1\" data-image-meta=\"{&quot;aperture&quot;:&quot;0&quot;,&quot;credit&quot;:&quot;&quot;,&quot;camera&quot;:&quot;&quot;,&quot;caption&quot;:&quot;&quot;,&quot;created_timestamp&quot;:&quot;0&quot;,&quot;copyright&quot;:&quot;&quot;,&quot;focal_length&quot;:&quot;0&quot;,&quot;iso&quot;:&quot;0&quot;,&quot;shutter_speed&quot;:&quot;0&quot;,&quot;title&quot;:&quot;&quot;,&quot;orientation&quot;:&quot;0&quot;}\" data-image-title=\"Ministri Lamallari\" data-image-description=\"\" data-image-caption=\"\" data-medium-file=\"https:\/\/i0.wp.com\/www.shqiperia.com\/blog\/wp-content\/uploads\/2026\/06\/Ministri-Lamallari.png?fit=300%2C193&amp;ssl=1\" data-large-file=\"https:\/\/i0.wp.com\/www.shqiperia.com\/blog\/wp-content\/uploads\/2026\/06\/Ministri-Lamallari.png?fit=900%2C580&amp;ssl=1\" class=\"alignnone wp-image-100834\" alt=\"\" src=\"https:\/\/i0.wp.com\/www.shqiperia.com\/blog\/wp-content\/uploads\/2026\/06\/Ministri-Lamallari.png?resize=566%2C364&#038;ssl=1\" width=\"566\" height=\"364\" srcset=\"https:\/\/i0.wp.com\/www.shqiperia.com\/blog\/wp-content\/uploads\/2026\/06\/Ministri-Lamallari.png?resize=300%2C193&amp;ssl=1 300w, https:\/\/i0.wp.com\/www.shqiperia.com\/blog\/wp-content\/uploads\/2026\/06\/Ministri-Lamallari.png?resize=768%2C495&amp;ssl=1 768w, https:\/\/i0.wp.com\/www.shqiperia.com\/blog\/wp-content\/uploads\/2026\/06\/Ministri-Lamallari.png?resize=450%2C290&amp;ssl=1 450w, https:\/\/i0.wp.com\/www.shqiperia.com\/blog\/wp-content\/uploads\/2026\/06\/Ministri-Lamallari.png?resize=600%2C387&amp;ssl=1 600w, https:\/\/i0.wp.com\/www.shqiperia.com\/blog\/wp-content\/uploads\/2026\/06\/Ministri-Lamallari.png?resize=400%2C258&amp;ssl=1 400w, https:\/\/i0.wp.com\/www.shqiperia.com\/blog\/wp-content\/uploads\/2026\/06\/Ministri-Lamallari.png?w=900&amp;ssl=1 900w\" sizes=\"auto, (max-width: 566px) 100vw, 566px\" \/><\/div>\n<div>1 Qershor 2026<\/div>\n<div>Nga Gjergj Erebara<\/div>\n<div>Dikush duhet t\u00eb njoftoj\u00eb k\u00ebt\u00eb klounin p\u00ebr ekzistenc\u00ebn e ligjit nr. Nr.8743, dat\u00eb 22.2.2001 &#8220;P\u00cbR PRONAT E PALUAJTSHME T\u00cb SHTETIT&#8221;.<\/div>\n<div>Bregu i detit, i liqenit, i lagun\u00ebs, rrug\u00ebt etj., jan\u00eb pron\u00eb publike. N\u00ebse ta ka vjedhur krimi me dokumente t\u00eb falsifikura, ke detyr\u00eb t\u00eb rivendos\u00ebsh pron\u00ebsin\u00eb publike, jo t\u00eb b\u00ebsh budallain.<\/div>\n<\/div>\n<div>***<\/div>\n<div>Ministri i Brendsh\u00ebm reagon p\u00ebr Zv\u00ebrnecin: Tok\u00eb t\u00ebr\u00ebsisht private, s\u2019kemi falur asgj\u00eb<\/div>\n<\/div>\n<div class=\"x14z9mp xat24cr x1lziwak x1vvkbs xtlvy1s\">\n<div>Reagimi i plot\u00eb i ministrit:<\/div>\n<\/div>\n<div class=\"x14z9mp xat24cr x1lziwak x1vvkbs xtlvy1s\">\n<div>1. Projekti i Zv\u00ebrnecit lidhet me nj\u00eb tok\u00eb t\u00ebr\u00ebsisht private dhe qeveria shqiptare as ka falur tok\u00eb, as ka tok\u00eb p\u00ebr t\u00eb falur &#8211; jo vet\u00ebm sepse ne nuk i kemi falur ndonj\u00ebher\u00eb tok\u00eb askujt, po edhe sepse n\u00eb k\u00ebt\u00eb rast ajo pron\u00eb u \u00ebsht\u00eb kthyer pronar\u00ebve dhe \u00ebsht\u00eb regjistruar n\u00eb hipotek\u00eb, vite p\u00ebrpara sesa ne t\u00eb vinim n\u00eb qeveri.<\/div>\n<div>2. Po n\u00ebse prona \u00ebsht\u00eb private, rojet private t\u00eb pron\u00ebs nuk kan\u00eb asnj\u00eb t\u00eb drejt\u00eb t\u00eb p\u00ebrdorin forc\u00eb ndaj. &#8230;<img data-recalc-dims=\"1\" loading=\"lazy\" decoding=\"async\" data-attachment-id=\"100833\" data-permalink=\"https:\/\/www.shqiperia.com\/blog\/dikush-duhet-te-njoftoje-kete-klounin-per-ekzistencen-e-ligjit-nr-nr-8743-date-22-2-2001-per-pronat-e-paluajtshme-te-shtetit\/screenshot-12\/\" data-orig-file=\"https:\/\/i0.wp.com\/www.shqiperia.com\/blog\/wp-content\/uploads\/2026\/06\/710799652_10162271696671750_2951765875009463663_n.jpg?fit=1170%2C1371&amp;ssl=1\" data-orig-size=\"1170,1371\" data-comments-opened=\"1\" data-image-meta=\"{&quot;aperture&quot;:&quot;0&quot;,&quot;credit&quot;:&quot;&quot;,&quot;camera&quot;:&quot;&quot;,&quot;caption&quot;:&quot;Screenshot&quot;,&quot;created_timestamp&quot;:&quot;0&quot;,&quot;copyright&quot;:&quot;&quot;,&quot;focal_length&quot;:&quot;0&quot;,&quot;iso&quot;:&quot;0&quot;,&quot;shutter_speed&quot;:&quot;0&quot;,&quot;title&quot;:&quot;Screenshot&quot;,&quot;orientation&quot;:&quot;0&quot;}\" data-image-title=\"Screenshot\" data-image-description=\"\" data-image-caption=\"&lt;p&gt;Screenshot&lt;\/p&gt;\n\" data-medium-file=\"https:\/\/i0.wp.com\/www.shqiperia.com\/blog\/wp-content\/uploads\/2026\/06\/710799652_10162271696671750_2951765875009463663_n.jpg?fit=256%2C300&amp;ssl=1\" data-large-file=\"https:\/\/i0.wp.com\/www.shqiperia.com\/blog\/wp-content\/uploads\/2026\/06\/710799652_10162271696671750_2951765875009463663_n.jpg?fit=874%2C1024&amp;ssl=1\" class=\" wp-image-100833\" alt=\"\" src=\"https:\/\/i0.wp.com\/www.shqiperia.com\/blog\/wp-content\/uploads\/2026\/06\/710799652_10162271696671750_2951765875009463663_n.jpg?resize=704%2C825&#038;ssl=1\" width=\"704\" height=\"825\" srcset=\"https:\/\/i0.wp.com\/www.shqiperia.com\/blog\/wp-content\/uploads\/2026\/06\/710799652_10162271696671750_2951765875009463663_n.jpg?resize=256%2C300&amp;ssl=1 256w, https:\/\/i0.wp.com\/www.shqiperia.com\/blog\/wp-content\/uploads\/2026\/06\/710799652_10162271696671750_2951765875009463663_n.jpg?resize=874%2C1024&amp;ssl=1 874w, https:\/\/i0.wp.com\/www.shqiperia.com\/blog\/wp-content\/uploads\/2026\/06\/710799652_10162271696671750_2951765875009463663_n.jpg?resize=768%2C900&amp;ssl=1 768w, https:\/\/i0.wp.com\/www.shqiperia.com\/blog\/wp-content\/uploads\/2026\/06\/710799652_10162271696671750_2951765875009463663_n.jpg?resize=450%2C527&amp;ssl=1 450w, https:\/\/i0.wp.com\/www.shqiperia.com\/blog\/wp-content\/uploads\/2026\/06\/710799652_10162271696671750_2951765875009463663_n.jpg?resize=600%2C703&amp;ssl=1 600w, https:\/\/i0.wp.com\/www.shqiperia.com\/blog\/wp-content\/uploads\/2026\/06\/710799652_10162271696671750_2951765875009463663_n.jpg?resize=400%2C469&amp;ssl=1 400w, https:\/\/i0.wp.com\/www.shqiperia.com\/blog\/wp-content\/uploads\/2026\/06\/710799652_10162271696671750_2951765875009463663_n.jpg?w=1170&amp;ssl=1 1170w\" sizes=\"auto, (max-width: 704px) 100vw, 704px\" \/><\/div>\n<div>Screenshot<\/div>\n<div><\/div>\n<\/div>\n","protected":false},"excerpt":{"rendered":"<p>1 Qershor 2026 Nga Gjergj Erebara Dikush duhet t\u00eb njoftoj\u00eb k\u00ebt\u00eb klounin p\u00ebr ekzistenc\u00ebn e ligjit nr. Nr.8743, dat\u00eb 22.2.2001 &#8220;P\u00cbR PRONAT E PALUAJTSHME T\u00cb SHTETIT&#8221;. Bregu i detit, i liqenit, i lagun\u00ebs, rrug\u00ebt etj., jan\u00eb pron\u00eb publike. N\u00ebse ta ka vjedhur krimi me dokumente t\u00eb falsifikura, ke detyr\u00eb t\u00eb rivendos\u00ebsh pron\u00ebsin\u00eb publike, jo t\u00eb [&hellip;]<\/p>\n","protected":false},"author":9,"featured_media":100833,"comment_status":"open","ping_status":"open","sticky":false,"template":"","format":"standard","meta":{"jetpack_post_was_ever_published":false,"_jetpack_newsletter_access":"","_jetpack_dont_email_post_to_subs":false,"_jetpack_newsletter_tier_id":0,"_jetpack_memberships_contains_paywalled_content":false,"_jetpack_memberships_contains_paid_content":false,"footnotes":"","jetpack_publicize_message":"","jetpack_publicize_feature_enabled":true,"jetpack_social_post_already_shared":true,"jetpack_social_options":{"image_generator_settings":{"template":"highway","default_image_id":0,"font":"","enabled":false},"version":2}},"categories":[27,1,2,14,35],"tags":[],"class_list":["post-100832","post","type-post","status-publish","format-standard","has-post-thumbnail","hentry","category-blogu-i-udhetarit","category-njoftime-shtypi","category-politika","category-press-releases","category-shoqerore"],"jetpack_publicize_connections":[],"jetpack_featured_media_url":"https:\/\/i0.wp.com\/www.shqiperia.com\/blog\/wp-content\/uploads\/2026\/06\/710799652_10162271696671750_2951765875009463663_n.jpg?fit=1170%2C1371&ssl=1","jetpack_sharing_enabled":true,"jetpack_shortlink":"https:\/\/wp.me\/p5Z6wp-qek","jetpack-related-posts":[{"id":104832,"url":"https:\/\/www.shqiperia.com\/blog\/gjyqtaret-ne-sherbim-te-pushtetit-denoncimi-sokolet-e-partise-i-falin-familjes-rama-9-mije-m%c2%b2-toke-ne-surrel-kryetarja\/","url_meta":{"origin":100832,"position":0},"title":"&#8216;Gjyqtar\u00ebt, n\u00eb sh\u00ebrbim t\u00eb pushtetit&#8217;, denoncimi: &#8216;Sokol\u00ebt e partis\u00eb&#8217; i falin familjes Rama 9 mij\u00eb m\u00b2 tok\u00eb n\u00eb Surrel   Kryetarja","author":"Kurt Farka","date":"August 20, 2026","format":false,"excerpt":"20 Gusht 2026 Kryetarja e Komisionit t\u00eb Apelimit n\u00eb PD, Adriana Kalaja, ka reaguar pas vendimit t\u00eb Gjykat\u00ebs s\u00eb Lart\u00eb lidhur me \u00e7\u00ebshtjen e 9 mij\u00eb metrave katror\u00eb tok\u00eb n\u00eb Surrel, duke e cil\u00ebsuar at\u00eb si nj\u00eb tjet\u00ebr goditje ndaj shtetit t\u00eb s\u00eb drejt\u00ebs dhe parimeve t\u00eb ligjshm\u00ebris\u00eb. Kalaja akuzon\u2026","rel":"","context":"In &quot;Blogu i Udh\u00ebtarit&quot;","block_context":{"text":"Blogu i Udh\u00ebtarit","link":"https:\/\/www.shqiperia.com\/blog\/category\/blogu-i-udhetarit\/"},"img":{"alt_text":"","src":"https:\/\/i0.wp.com\/www.shqiperia.com\/blog\/wp-content\/uploads\/2026\/08\/800-0-rama-dhe-surreli-6a86f19d57ad0.jpg?fit=800%2C451&ssl=1&resize=350%2C200","width":350,"height":200,"srcset":"https:\/\/i0.wp.com\/www.shqiperia.com\/blog\/wp-content\/uploads\/2026\/08\/800-0-rama-dhe-surreli-6a86f19d57ad0.jpg?fit=800%2C451&ssl=1&resize=350%2C200 1x, https:\/\/i0.wp.com\/www.shqiperia.com\/blog\/wp-content\/uploads\/2026\/08\/800-0-rama-dhe-surreli-6a86f19d57ad0.jpg?fit=800%2C451&ssl=1&resize=525%2C300 1.5x, https:\/\/i0.wp.com\/www.shqiperia.com\/blog\/wp-content\/uploads\/2026\/08\/800-0-rama-dhe-surreli-6a86f19d57ad0.jpg?fit=800%2C451&ssl=1&resize=700%2C400 2x"},"classes":[]},{"id":102118,"url":"https:\/\/www.shqiperia.com\/blog\/premtoi-terheqje-te-ligjit-por-rama-sapo-ka-firmosur-1-milion-m2-toke-ne-vlore-per-biznesmenin-turk-qe-ka-si-imazh-aktorin-e-famshem-te-telenovelave\/","url_meta":{"origin":100832,"position":1},"title":"Premtoi t\u00ebrheqje t\u00eb ligjit por Rama sapo ka firmosur 1 milion m2 tok\u00eb n\u00eb Vlor\u00eb p\u00ebr biznesmenin turk q\u00eb ka si imazh aktorin e famsh\u00ebm t\u00eb telenovelave","author":"Kurt Farka","date":"July 2, 2026","format":false,"excerpt":"2 Korrik 2026 Nga Erisa Kryeziu Nd\u00ebrsa qeveria premton shfuqizimin e ligjit p\u00ebr investimet strategjike, vijon t\u2019u jap\u00eb sip\u00ebrfaqe t\u00eb m\u00ebdha toke investitor\u00ebve strategjik\u00eb Nj\u00eb vendim i K\u00ebshillit t\u00eb Ministrave, q\u00eb mban dat\u00ebn e djeshme, transferon 88,5 hektar\u00eb tok\u00eb Ministris\u00eb s\u00eb Ekonomis\u00eb, p\u00ebr t\u2019ia v\u00ebn\u00eb n\u00eb dispozicion kompanis\u00eb RAMS Albania\u2026","rel":"","context":"In &quot;Blogu i Udh\u00ebtarit&quot;","block_context":{"text":"Blogu i Udh\u00ebtarit","link":"https:\/\/www.shqiperia.com\/blog\/category\/blogu-i-udhetarit\/"},"img":{"alt_text":"","src":"https:\/\/i0.wp.com\/www.shqiperia.com\/blog\/wp-content\/uploads\/2026\/07\/Screenshot_20260701_212118_Gallery-1.jpg?fit=720%2C520&ssl=1&resize=350%2C200","width":350,"height":200,"srcset":"https:\/\/i0.wp.com\/www.shqiperia.com\/blog\/wp-content\/uploads\/2026\/07\/Screenshot_20260701_212118_Gallery-1.jpg?fit=720%2C520&ssl=1&resize=350%2C200 1x, https:\/\/i0.wp.com\/www.shqiperia.com\/blog\/wp-content\/uploads\/2026\/07\/Screenshot_20260701_212118_Gallery-1.jpg?fit=720%2C520&ssl=1&resize=525%2C300 1.5x, https:\/\/i0.wp.com\/www.shqiperia.com\/blog\/wp-content\/uploads\/2026\/07\/Screenshot_20260701_212118_Gallery-1.jpg?fit=720%2C520&ssl=1&resize=700%2C400 2x"},"classes":[]},{"id":102521,"url":"https:\/\/www.shqiperia.com\/blog\/juristi-romeo-kara-i-plas-skandalin-fatmir-xhafajt-kushtetuta-ndalon-kontrollin-e-klsh-ja-pse-kuvendi-nuk-ka-asnje\/","url_meta":{"origin":100832,"position":2},"title":"Juristi Romeo Kara i plas skandalin Fatmir Xhafajt: &#8211; Kushtetuta ndalon kontrollin e KLSH, ja pse Kuvendi nuk ka asnj\u00eb\u2026","author":"Kurt Farka","date":"July 12, 2026","format":false,"excerpt":"12 Korrik 2026 Raportet e fundit t\u00eb Kontrollit t\u00eb Lart\u00eb t\u00eb Shtetit (KLSH) duket se kan\u00eb shkaktuar nervoziz\u00ebm n\u00eb radh\u00ebt e mazhoranc\u00ebs. Kryeministri Edi Rama \u00ebsht\u00eb irrituar nga konstatimet e auditimeve, t\u00eb cilat kan\u00eb zbuluar abuzime n\u00eb nj\u00eb s\u00ebr\u00eb institucionesh shtet\u00ebrore. P\u00ebr pasoj\u00eb, n\u00eb sken\u00eb \u00ebsht\u00eb rikthyer nj\u00eb nga figurat\u2026","rel":"","context":"In &quot;Blogu i Udh\u00ebtarit&quot;","block_context":{"text":"Blogu i Udh\u00ebtarit","link":"https:\/\/www.shqiperia.com\/blog\/category\/blogu-i-udhetarit\/"},"img":{"alt_text":"","src":"https:\/\/i0.wp.com\/www.shqiperia.com\/blog\/wp-content\/uploads\/2026\/07\/IMG_1986-1140x570-1.jpeg?fit=1140%2C570&ssl=1&resize=350%2C200","width":350,"height":200,"srcset":"https:\/\/i0.wp.com\/www.shqiperia.com\/blog\/wp-content\/uploads\/2026\/07\/IMG_1986-1140x570-1.jpeg?fit=1140%2C570&ssl=1&resize=350%2C200 1x, https:\/\/i0.wp.com\/www.shqiperia.com\/blog\/wp-content\/uploads\/2026\/07\/IMG_1986-1140x570-1.jpeg?fit=1140%2C570&ssl=1&resize=525%2C300 1.5x, https:\/\/i0.wp.com\/www.shqiperia.com\/blog\/wp-content\/uploads\/2026\/07\/IMG_1986-1140x570-1.jpeg?fit=1140%2C570&ssl=1&resize=700%2C400 2x, https:\/\/i0.wp.com\/www.shqiperia.com\/blog\/wp-content\/uploads\/2026\/07\/IMG_1986-1140x570-1.jpeg?fit=1140%2C570&ssl=1&resize=1050%2C600 3x"},"classes":[]},{"id":100182,"url":"https:\/\/www.shqiperia.com\/blog\/si-iu-fal-porti-i-durresit-alabbarit-lala-zbulon-prapaskenat-e-marreveshjes-miliardere-ja-cfare-pritet-te-ndodhe\/","url_meta":{"origin":100832,"position":3},"title":"\u201cSi iu \u201cfal\u201d Porti i Durr\u00ebsit Alabbarit?\u201d, Lala zbulon prapaskenat e marr\u00ebveshjes miliardere: Ja \u00e7far\u00eb pritet t\u00eb ndodh\u00eb","author":"Kurt Farka","date":"May 12, 2026","format":false,"excerpt":"12 Maji 2026 PROCEDURA E PORTIT T\u00cb DURR\u00cbSIT Historia e dh\u00ebnies s\u00eb Portit t\u00eb Durr\u00ebsit p\u00ebr nd\u00ebrtimin e nj\u00eb marine jahtesh, ka nisur q\u00eb her\u00ebt n\u00eb mandatin e par\u00eb kur socialist\u00ebt erdh\u00ebn n\u00eb pushtet. M\u00eb 25 N\u00ebntor 2015, qeveria shqiptare, miratoi nj\u00eb marr\u00ebveshje me Emiratet e Bashkuara Arabe, p\u00ebr nxitjen\u2026","rel":"","context":"In &quot;Blogu i Udh\u00ebtarit&quot;","block_context":{"text":"Blogu i Udh\u00ebtarit","link":"https:\/\/www.shqiperia.com\/blog\/category\/blogu-i-udhetarit\/"},"img":{"alt_text":"","src":"https:\/\/i0.wp.com\/www.shqiperia.com\/blog\/wp-content\/uploads\/2026\/05\/md6-768x439-1.jpg?fit=768%2C439&ssl=1&resize=350%2C200","width":350,"height":200,"srcset":"https:\/\/i0.wp.com\/www.shqiperia.com\/blog\/wp-content\/uploads\/2026\/05\/md6-768x439-1.jpg?fit=768%2C439&ssl=1&resize=350%2C200 1x, https:\/\/i0.wp.com\/www.shqiperia.com\/blog\/wp-content\/uploads\/2026\/05\/md6-768x439-1.jpg?fit=768%2C439&ssl=1&resize=525%2C300 1.5x, https:\/\/i0.wp.com\/www.shqiperia.com\/blog\/wp-content\/uploads\/2026\/05\/md6-768x439-1.jpg?fit=768%2C439&ssl=1&resize=700%2C400 2x"},"classes":[]},{"id":101457,"url":"https:\/\/www.shqiperia.com\/blog\/hetim-doreheqja-nuk-mjafton-qarri-rama-nuk-duhet-te-numeroje-me-as-paret-as-pronat-dhe-as-votat-e-shqiptareve\/","url_meta":{"origin":100832,"position":4},"title":"\u2018Hetim &#8211; Dor\u00ebheqja nuk mjafton\u2019, Qarri: Rama nuk duhet t\u00eb num\u00ebroj\u00eb m\u00eb as paret, as pronat dhe as votat e shqiptar\u00ebve","author":"Kurt Farka","date":"June 13, 2026","format":false,"excerpt":"Gazetari Flavio Qarri ka ngritur pesh\u00eb turm\u00ebn e protestuesve me akuza t\u00eb r\u00ebnda ndaj qeveris\u00eb. Duke theksuar se flet si nj\u00eb familjar me 35 t\u00eb af\u00ebrm n\u00eb emigrim, ai preku plag\u00ebn m\u00eb t\u00eb thell\u00eb t\u00eb shoq\u00ebris\u00eb shqiptare: shpopullimin e vendit. P\u00ebrmes nj\u00eb historie rr\u00ebqeth\u00ebse personale, ku tregonte se si nj\u00eb\u2026","rel":"","context":"In &quot;Blogu i Udh\u00ebtarit&quot;","block_context":{"text":"Blogu i Udh\u00ebtarit","link":"https:\/\/www.shqiperia.com\/blog\/category\/blogu-i-udhetarit\/"},"img":{"alt_text":"","src":"https:\/\/i0.wp.com\/www.shqiperia.com\/blog\/wp-content\/uploads\/2026\/06\/auto_Screenshot_2026-06-13_1933551781372853.png?fit=900%2C473&ssl=1&resize=350%2C200","width":350,"height":200,"srcset":"https:\/\/i0.wp.com\/www.shqiperia.com\/blog\/wp-content\/uploads\/2026\/06\/auto_Screenshot_2026-06-13_1933551781372853.png?fit=900%2C473&ssl=1&resize=350%2C200 1x, https:\/\/i0.wp.com\/www.shqiperia.com\/blog\/wp-content\/uploads\/2026\/06\/auto_Screenshot_2026-06-13_1933551781372853.png?fit=900%2C473&ssl=1&resize=525%2C300 1.5x, https:\/\/i0.wp.com\/www.shqiperia.com\/blog\/wp-content\/uploads\/2026\/06\/auto_Screenshot_2026-06-13_1933551781372853.png?fit=900%2C473&ssl=1&resize=700%2C400 2x"},"classes":[]},{"id":102065,"url":"https:\/\/www.shqiperia.com\/blog\/shteti-i-rrumit-spak-mbyll-hetimin-per-tjetersimin-e-tokave-ne-bregdetin-e-durresit-687-mije-m2-me-vlere-16-milione-euro\/","url_meta":{"origin":100832,"position":5},"title":"\u201cShteti i Rrumit\u201d: SPAK mbyll hetimin p\u00ebr tjet\u00ebrsimin e tokave n\u00eb bregdetin e Durr\u00ebsit, 687 mij\u00eb m2 me vler\u00eb 16 milion\u00eb euro","author":"Kurt Farka","date":"June 30, 2026","format":false,"excerpt":"30 Qershor 2026 Prokuroria e Posa\u00e7me akuzon Aleksand\u00ebr Lahon, i njohur ndryshe si Rrumi, v\u00ebllan\u00eb e tij, Vullnet Mu\u00e7a dhe gjasht\u00eb t\u00eb pandehur t\u00eb tjer\u00eb p\u00ebr nj\u00eb skem\u00eb masive falsifikimi t\u00eb shtrir\u00eb nd\u00ebr vite me tokat nga Shijaku deri te Kepi i Rodonit t\u00eb llogaritura n\u00eb vler\u00ebn e 16 milion\u00eb\u2026","rel":"","context":"In &quot;Blogu i Udh\u00ebtarit&quot;","block_context":{"text":"Blogu i Udh\u00ebtarit","link":"https:\/\/www.shqiperia.com\/blog\/category\/blogu-i-udhetarit\/"},"img":{"alt_text":"","src":"https:\/\/i0.wp.com\/www.shqiperia.com\/blog\/wp-content\/uploads\/2026\/06\/Kepi-2-1140x761-1.jpg?fit=1140%2C761&ssl=1&resize=350%2C200","width":350,"height":200,"srcset":"https:\/\/i0.wp.com\/www.shqiperia.com\/blog\/wp-content\/uploads\/2026\/06\/Kepi-2-1140x761-1.jpg?fit=1140%2C761&ssl=1&resize=350%2C200 1x, https:\/\/i0.wp.com\/www.shqiperia.com\/blog\/wp-content\/uploads\/2026\/06\/Kepi-2-1140x761-1.jpg?fit=1140%2C761&ssl=1&resize=525%2C300 1.5x, https:\/\/i0.wp.com\/www.shqiperia.com\/blog\/wp-content\/uploads\/2026\/06\/Kepi-2-1140x761-1.jpg?fit=1140%2C761&ssl=1&resize=700%2C400 2x, https:\/\/i0.wp.com\/www.shqiperia.com\/blog\/wp-content\/uploads\/2026\/06\/Kepi-2-1140x761-1.jpg?fit=1140%2C761&ssl=1&resize=1050%2C600 3x"},"classes":[]}],"_links":{"self":[{"href":"https:\/\/www.shqiperia.com\/blog\/wp-json\/wp\/v2\/posts\/100832","targetHints":{"allow":["GET"]}}],"collection":[{"href":"https:\/\/www.shqiperia.com\/blog\/wp-json\/wp\/v2\/posts"}],"about":[{"href":"https:\/\/www.shqiperia.com\/blog\/wp-json\/wp\/v2\/types\/post"}],"author":[{"embeddable":true,"href":"https:\/\/www.shqiperia.com\/blog\/wp-json\/wp\/v2\/users\/9"}],"replies":[{"embeddable":true,"href":"https:\/\/www.shqiperia.com\/blog\/wp-json\/wp\/v2\/comments?post=100832"}],"version-history":[{"count":4,"href":"https:\/\/www.shqiperia.com\/blog\/wp-json\/wp\/v2\/posts\/100832\/revisions"}],"predecessor-version":[{"id":100838,"href":"https:\/\/www.shqiperia.com\/blog\/wp-json\/wp\/v2\/posts\/100832\/revisions\/100838"}],"wp:featuredmedia":[{"embeddable":true,"href":"https:\/\/www.shqiperia.com\/blog\/wp-json\/wp\/v2\/media\/100833"}],"wp:attachment":[{"href":"https:\/\/www.shqiperia.com\/blog\/wp-json\/wp\/v2\/media?parent=100832"}],"wp:term":[{"taxonomy":"category","embeddable":true,"href":"https:\/\/www.shqiperia.com\/blog\/wp-json\/wp\/v2\/categories?post=100832"},{"taxonomy":"post_tag","embeddable":true,"href":"https:\/\/www.shqiperia.com\/blog\/wp-json\/wp\/v2\/tags?post=100832"}],"curies":[{"name":"wp","href":"https:\/\/api.w.org\/{rel}","templated":true}]}}