{"id":100823,"date":"2026-06-01T04:48:58","date_gmt":"2026-06-01T04:48:58","guid":{"rendered":"https:\/\/www.shqiperia.com\/blog\/?p=100823"},"modified":"2026-06-01T04:48:58","modified_gmt":"2026-06-01T04:48:58","slug":"pas-protestave-ne-zvernec-hiqet-teli-me-gjemba","status":"publish","type":"post","link":"https:\/\/www.shqiperia.com\/blog\/pas-protestave-ne-zvernec-hiqet-teli-me-gjemba\/","title":{"rendered":"Pas Protestave, n\u00eb Zv\u00ebrnec hiqet teli me gjemba"},"content":{"rendered":"<div class=\"firstP\">\n<p><img data-recalc-dims=\"1\" loading=\"lazy\" decoding=\"async\" data-attachment-id=\"100824\" data-permalink=\"https:\/\/www.shqiperia.com\/blog\/pas-protestave-ne-zvernec-hiqet-teli-me-gjemba\/img_1433-750x536\/\" data-orig-file=\"https:\/\/i0.wp.com\/www.shqiperia.com\/blog\/wp-content\/uploads\/2026\/06\/IMG_1433-750x536-1.jpeg?fit=750%2C536&amp;ssl=1\" data-orig-size=\"750,536\" data-comments-opened=\"1\" data-image-meta=\"{&quot;aperture&quot;:&quot;0&quot;,&quot;credit&quot;:&quot;&quot;,&quot;camera&quot;:&quot;&quot;,&quot;caption&quot;:&quot;&quot;,&quot;created_timestamp&quot;:&quot;0&quot;,&quot;copyright&quot;:&quot;&quot;,&quot;focal_length&quot;:&quot;0&quot;,&quot;iso&quot;:&quot;0&quot;,&quot;shutter_speed&quot;:&quot;0&quot;,&quot;title&quot;:&quot;&quot;,&quot;orientation&quot;:&quot;0&quot;}\" data-image-title=\"IMG_1433-750&#215;536\" data-image-description=\"\" data-image-caption=\"\" data-medium-file=\"https:\/\/i0.wp.com\/www.shqiperia.com\/blog\/wp-content\/uploads\/2026\/06\/IMG_1433-750x536-1.jpeg?fit=300%2C214&amp;ssl=1\" data-large-file=\"https:\/\/i0.wp.com\/www.shqiperia.com\/blog\/wp-content\/uploads\/2026\/06\/IMG_1433-750x536-1.jpeg?fit=750%2C536&amp;ssl=1\" class=\"alignnone  wp-image-100824\" alt=\"\" src=\"https:\/\/i0.wp.com\/www.shqiperia.com\/blog\/wp-content\/uploads\/2026\/06\/IMG_1433-750x536-1.jpeg?resize=512%2C365&#038;ssl=1\" width=\"512\" height=\"365\" srcset=\"https:\/\/i0.wp.com\/www.shqiperia.com\/blog\/wp-content\/uploads\/2026\/06\/IMG_1433-750x536-1.jpeg?resize=300%2C214&amp;ssl=1 300w, https:\/\/i0.wp.com\/www.shqiperia.com\/blog\/wp-content\/uploads\/2026\/06\/IMG_1433-750x536-1.jpeg?resize=450%2C322&amp;ssl=1 450w, https:\/\/i0.wp.com\/www.shqiperia.com\/blog\/wp-content\/uploads\/2026\/06\/IMG_1433-750x536-1.jpeg?resize=600%2C429&amp;ssl=1 600w, https:\/\/i0.wp.com\/www.shqiperia.com\/blog\/wp-content\/uploads\/2026\/06\/IMG_1433-750x536-1.jpeg?resize=400%2C286&amp;ssl=1 400w, https:\/\/i0.wp.com\/www.shqiperia.com\/blog\/wp-content\/uploads\/2026\/06\/IMG_1433-750x536-1.jpeg?w=750&amp;ssl=1 750w\" sizes=\"auto, (max-width: 512px) 100vw, 512px\" \/><\/p>\n<p>1 Qershor 2026<\/p>\n<p>Teli me gjemba i cili ndodhej i bashk\u00ebngjitur me telin rrethues n\u00eb kantierit ku po zhvillohen punime n\u00eb Zv\u00ebrnec, \u00ebsht\u00eb hequr k\u00ebt\u00eb t\u00eb diel.<\/p>\n<\/div>\n<p>Kjo vjen pas incidentit t\u00eb dhunshme nj\u00eb dit\u00eb m\u00eb par\u00eb, ku qytetar\u00eb kan\u00eb protestuar kund\u00ebr nd\u00ebrtimeve n\u00eb k\u00ebt\u00eb zon\u00eb me pretendime p\u00ebr probleme n\u00eb \u00e7\u00ebshtjet e pron\u00ebsis\u00eb.<\/p>\n<p>Nd\u00ebrkoh\u00eb n\u00eb lidhje me incidentin e dhunsh\u00ebm gjat\u00eb protest\u00ebs, ku nj\u00eb qytetar u dhunua nga policia private q\u00eb mbronte kantierin, ka reaguar edhe ministri i Pun\u00ebve t\u00eb Brendshme, Besfort Lamallari.<\/p>\n<p>Lamallari thekson se nuk ishte e papranueshme vet\u00ebm sjellja e rojeve private, po edhe indiferenca e pajustifikueshme e policis\u00eb s\u00eb pranishme n\u00eb vend.<\/p>\n<p>Sakaq policia ka arrestuar roj\u00ebn private q\u00eb u p\u00ebrplas me protestuesin n\u00eb Zv\u00ebrnec. Gerald Biba akuzohet p\u00ebr veprat penale \u201cHeqja e paligjshme e liris\u00eb\u201d dhe \u201cPlagosja e leht\u00eb me dashje\u201d.<\/p>\n<p>Sipas policis\u00eb, 32-vje\u00e7ari goditi me grusht nj\u00eb person dhe m\u00eb pas, n\u00eb bashk\u00ebpunim me dy persona t\u00eb tjer\u00eb t\u00eb proceduar penalisht, e t\u00ebrhoqi me forc\u00eb, duke i shkaktuar d\u00ebmtime t\u00eb lehta trupore.<\/p>\n<p class=\"last\"><strong>Top Channel<\/strong><\/p>\n","protected":false},"excerpt":{"rendered":"<p>1 Qershor 2026 Teli me gjemba i cili ndodhej i bashk\u00ebngjitur me telin rrethues n\u00eb kantierit ku po zhvillohen punime n\u00eb Zv\u00ebrnec, \u00ebsht\u00eb hequr k\u00ebt\u00eb t\u00eb diel. Kjo vjen pas incidentit t\u00eb dhunshme nj\u00eb dit\u00eb m\u00eb par\u00eb, ku qytetar\u00eb kan\u00eb protestuar kund\u00ebr nd\u00ebrtimeve n\u00eb k\u00ebt\u00eb zon\u00eb me pretendime p\u00ebr probleme n\u00eb \u00e7\u00ebshtjet e pron\u00ebsis\u00eb. Nd\u00ebrkoh\u00eb [&hellip;]<\/p>\n","protected":false},"author":9,"featured_media":100824,"comment_status":"open","ping_status":"open","sticky":false,"template":"","format":"standard","meta":{"jetpack_post_was_ever_published":false,"_jetpack_newsletter_access":"","_jetpack_dont_email_post_to_subs":false,"_jetpack_newsletter_tier_id":0,"_jetpack_memberships_contains_paywalled_content":false,"_jetpack_memberships_contains_paid_content":false,"footnotes":"","jetpack_publicize_message":"","jetpack_publicize_feature_enabled":true,"jetpack_social_post_already_shared":true,"jetpack_social_options":{"image_generator_settings":{"template":"highway","default_image_id":0,"font":"","enabled":false},"version":2}},"categories":[27,1,35],"tags":[],"class_list":["post-100823","post","type-post","status-publish","format-standard","has-post-thumbnail","hentry","category-blogu-i-udhetarit","category-njoftime-shtypi","category-shoqerore"],"jetpack_publicize_connections":[],"jetpack_featured_media_url":"https:\/\/i0.wp.com\/www.shqiperia.com\/blog\/wp-content\/uploads\/2026\/06\/IMG_1433-750x536-1.jpeg?fit=750%2C536&ssl=1","jetpack_sharing_enabled":true,"jetpack_shortlink":"https:\/\/wp.me\/p5Z6wp-qeb","jetpack-related-posts":[{"id":100773,"url":"https:\/\/www.shqiperia.com\/blog\/cfare-ndodhi-ne-zvernec-protesta-kunder-rrethimit-te-2-6-milione-m%c2%b2-ne-zonen-e-mbrojtur-pishe-poro-narte-dhe-reagimet\/","url_meta":{"origin":100823,"position":0},"title":"\u00c7far\u00eb ndodhi n\u00eb Zv\u00ebrnec: Protesta kund\u00ebr rrethimit t\u00eb 2.6 milion\u00eb m\u00b2 n\u00eb zon\u00ebn e mbrojtur Pish\u00eb Poro-Nart\u00eb dhe reagimet","author":"Kurt Farka","date":"May 31, 2026","format":false,"excerpt":"31 Maji 2026 Nj\u00eb protest\u00eb e organizuar kund\u00ebr rrethimit t\u00eb zon\u00ebs s\u00eb mbrojtur n\u00eb Pish\u00eb Poro-Nart\u00eb u p\u00ebrshkall\u00ebzua t\u00eb shtun\u00ebn n\u00eb incidente t\u00eb dhunshme, pasi punonj\u00ebs t\u00eb nj\u00eb kompanie private sigurie u p\u00ebrplas\u00ebn fizikisht me banor\u00eb t\u00eb Zv\u00ebrnecit dhe aktivist\u00eb mjedisor\u00eb. Pamjet e publikuara n\u00eb rrjetet sociale tregojn\u00eb nj\u00eb protestues\u2026","rel":"","context":"In &quot;Blogu i Udh\u00ebtarit&quot;","block_context":{"text":"Blogu i Udh\u00ebtarit","link":"https:\/\/www.shqiperia.com\/blog\/category\/blogu-i-udhetarit\/"},"img":{"alt_text":"","src":"https:\/\/i0.wp.com\/www.shqiperia.com\/blog\/wp-content\/uploads\/2026\/05\/Screenshot-nga-video-te-publikuara-nga-aktiviste-qe-tregojne-policine-private-duke-hequr-zvarre-nje-protestues-1.webp?fit=776%2C571&ssl=1&resize=350%2C200","width":350,"height":200,"srcset":"https:\/\/i0.wp.com\/www.shqiperia.com\/blog\/wp-content\/uploads\/2026\/05\/Screenshot-nga-video-te-publikuara-nga-aktiviste-qe-tregojne-policine-private-duke-hequr-zvarre-nje-protestues-1.webp?fit=776%2C571&ssl=1&resize=350%2C200 1x, https:\/\/i0.wp.com\/www.shqiperia.com\/blog\/wp-content\/uploads\/2026\/05\/Screenshot-nga-video-te-publikuara-nga-aktiviste-qe-tregojne-policine-private-duke-hequr-zvarre-nje-protestues-1.webp?fit=776%2C571&ssl=1&resize=525%2C300 1.5x, https:\/\/i0.wp.com\/www.shqiperia.com\/blog\/wp-content\/uploads\/2026\/05\/Screenshot-nga-video-te-publikuara-nga-aktiviste-qe-tregojne-policine-private-duke-hequr-zvarre-nje-protestues-1.webp?fit=776%2C571&ssl=1&resize=700%2C400 2x"},"classes":[]},{"id":103830,"url":"https:\/\/www.shqiperia.com\/blog\/prokuroria-e-vlores-nis-hetimet-per-punime-te-paligjshme-ne-zvernec-nuk-ka-ende-persona-nen-hetim-per-akuza\/","url_meta":{"origin":100823,"position":1},"title":"Prokuroria e Vlor\u00ebs nis hetimet p\u00ebr punime t\u00eb paligjshme n\u00eb Zv\u00ebrnec: &#8211; Nuk ka ende persona n\u00ebn hetim p\u00ebr akuza","author":"Kurt Farka","date":"August 5, 2026","format":false,"excerpt":"Nga Vladimir Karaj Prokuroria e Vlor\u00ebs ka nisur zyrtarisht hetimet p\u00ebr nd\u00ebrhyrjet e paligjshme dhe d\u00ebmtimin e mjedisit n\u00eb zon\u00ebn e mbrojtur t\u00eb Zv\u00ebrnecit, ku planifikohet nd\u00ebrtimi i nj\u00eb resorti luksoz t\u00eb lidhur me familjar\u00ebt e presidentit amerikan, Donald Trump. Tre muaj pasi makinerit\u00eb e r\u00ebnda nd\u00ebrhyn\u00eb n\u00eb zon\u00ebn e\u2026","rel":"","context":"In &quot;Blogu i Udh\u00ebtarit&quot;","block_context":{"text":"Blogu i Udh\u00ebtarit","link":"https:\/\/www.shqiperia.com\/blog\/category\/blogu-i-udhetarit\/"},"img":{"alt_text":"","src":"https:\/\/i0.wp.com\/www.shqiperia.com\/blog\/wp-content\/uploads\/2026\/08\/710537798_1387786336707150_2485825779914567109_n-1-750x422-1.jpg?fit=750%2C422&ssl=1&resize=350%2C200","width":350,"height":200,"srcset":"https:\/\/i0.wp.com\/www.shqiperia.com\/blog\/wp-content\/uploads\/2026\/08\/710537798_1387786336707150_2485825779914567109_n-1-750x422-1.jpg?fit=750%2C422&ssl=1&resize=350%2C200 1x, https:\/\/i0.wp.com\/www.shqiperia.com\/blog\/wp-content\/uploads\/2026\/08\/710537798_1387786336707150_2485825779914567109_n-1-750x422-1.jpg?fit=750%2C422&ssl=1&resize=525%2C300 1.5x, https:\/\/i0.wp.com\/www.shqiperia.com\/blog\/wp-content\/uploads\/2026\/08\/710537798_1387786336707150_2485825779914567109_n-1-750x422-1.jpg?fit=750%2C422&ssl=1&resize=700%2C400 2x"},"classes":[]},{"id":101050,"url":"https:\/\/www.shqiperia.com\/blog\/rama-perplaset-me-gazetaren-e-cnn-per-projektin-ne-zvernec-po-me-akuzon-per-lajm-te-rreme-do-me-degjosh-apo-jo\/","url_meta":{"origin":100823,"position":2},"title":"Rama p\u00ebrplaset me gazetaren e CNN p\u00ebr projektin n\u00eb Zv\u00ebrnec: &#8211; Po m\u00eb akuzon p\u00ebr lajm t\u00eb rrem\u00eb! &#8211; Do m\u00eb d\u00ebgjosh apo jo\u2026","author":"Kurt Farka","date":"June 3, 2026","format":false,"excerpt":"3 Qershor 2026 Kryeministri Edi Rama foli sot n\u00eb nj\u00eb intervist\u00eb p\u00ebr CNN International, ku u pyet p\u00ebr projektin n\u00eb Zv\u00ebrnec. Gjat\u00eb fjal\u00ebs s\u00eb tij Rama u p\u00ebrplas edhe me gazetaren e cila e pyeste vazhdimisht\u00eb p\u00ebr projektin, nd\u00ebrsa kryeministri thekson se nuk ka asnj\u00eb projekt dhe k\u00ebto jan\u00eb lajme\u2026","rel":"","context":"In &quot;Kultura&quot;","block_context":{"text":"Kultura","link":"https:\/\/www.shqiperia.com\/blog\/category\/kultura\/"},"img":{"alt_text":"","src":"https:\/\/i0.wp.com\/www.shqiperia.com\/blog\/wp-content\/uploads\/2026\/06\/Edi-Rama-2.jpg?fit=780%2C440&ssl=1&resize=350%2C200","width":350,"height":200,"srcset":"https:\/\/i0.wp.com\/www.shqiperia.com\/blog\/wp-content\/uploads\/2026\/06\/Edi-Rama-2.jpg?fit=780%2C440&ssl=1&resize=350%2C200 1x, https:\/\/i0.wp.com\/www.shqiperia.com\/blog\/wp-content\/uploads\/2026\/06\/Edi-Rama-2.jpg?fit=780%2C440&ssl=1&resize=525%2C300 1.5x, https:\/\/i0.wp.com\/www.shqiperia.com\/blog\/wp-content\/uploads\/2026\/06\/Edi-Rama-2.jpg?fit=780%2C440&ssl=1&resize=700%2C400 2x"},"classes":[]},{"id":100738,"url":"https:\/\/www.shqiperia.com\/blog\/kush-fshihet-pas-resortit-te-familjes-trump-ne-shqiperi\/","url_meta":{"origin":100823,"position":3},"title":"Kush fshihet pas resortit t\u00eb familjes Trump n\u00eb Shqip\u00ebri","author":"Kurt Farka","date":"May 30, 2026","format":false,"excerpt":"30 Maji 2026 Dhjet\u00ebra banor\u00eb vendas dhe aktivist\u00eb u mblodh\u00ebn t\u00eb shtun\u00ebn, m\u00eb 23 maj, n\u00eb lagun\u00ebn e Nart\u00ebs p\u00ebr t\u00eb protestuar kund\u00ebr rrethimit me tela me gjemba t\u00eb plazhit t\u00eb Pish\u00eb Poros \u2013 pjes\u00eb e peizazhit t\u00eb mbrojtur natyror Vjos\u00eb-Nart\u00eb \u2013 nga nj\u00eb kompani nd\u00ebrtimi, e cila ka siguruar\u2026","rel":"","context":"In &quot;Blogu i Udh\u00ebtarit&quot;","block_context":{"text":"Blogu i Udh\u00ebtarit","link":"https:\/\/www.shqiperia.com\/blog\/category\/blogu-i-udhetarit\/"},"img":{"alt_text":"","src":"https:\/\/i0.wp.com\/www.shqiperia.com\/blog\/wp-content\/uploads\/2026\/05\/Screenshot-2026-05-29-144945.jpg?fit=1200%2C789&ssl=1&resize=350%2C200","width":350,"height":200,"srcset":"https:\/\/i0.wp.com\/www.shqiperia.com\/blog\/wp-content\/uploads\/2026\/05\/Screenshot-2026-05-29-144945.jpg?fit=1200%2C789&ssl=1&resize=350%2C200 1x, https:\/\/i0.wp.com\/www.shqiperia.com\/blog\/wp-content\/uploads\/2026\/05\/Screenshot-2026-05-29-144945.jpg?fit=1200%2C789&ssl=1&resize=525%2C300 1.5x, https:\/\/i0.wp.com\/www.shqiperia.com\/blog\/wp-content\/uploads\/2026\/05\/Screenshot-2026-05-29-144945.jpg?fit=1200%2C789&ssl=1&resize=700%2C400 2x, https:\/\/i0.wp.com\/www.shqiperia.com\/blog\/wp-content\/uploads\/2026\/05\/Screenshot-2026-05-29-144945.jpg?fit=1200%2C789&ssl=1&resize=1050%2C600 3x"},"classes":[]},{"id":101982,"url":"https:\/\/www.shqiperia.com\/blog\/plaget-e-buldozereve-mbi-folene-e-zogjve-te-eger-ne-zvernec\/","url_meta":{"origin":100823,"position":4},"title":"Plag\u00ebt e buldozer\u00ebve mbi \u2018Folen\u00eb e Zogjve t\u00eb Eg\u00ebr\u2019 n\u00eb Zv\u00ebrnec","author":"Kurt Farka","date":"June 29, 2026","format":false,"excerpt":"30 Qershor 2026 Parakalimi i buldozer\u00ebve deri nj\u00eb muaj m\u00eb par\u00eb n\u00eb zon\u00ebn e mbrojtur Pish\u00eb Poro \u2013 Nart\u00eb duket ende si nj\u00eb plag\u00eb e fresk\u00ebt mbi peizazh. N\u00eb disa zona gjenden gur\u00eb t\u00eb thyer t\u00eb hedhur mbi r\u00ebr\u00eb, gjurm\u00eb gomash, barishte t\u00eb shtypura dhe pem\u00eb e deg\u00eb t\u00eb rr\u00ebzuara\u2026","rel":"","context":"In &quot;Blogu i Udh\u00ebtarit&quot;","block_context":{"text":"Blogu i Udh\u00ebtarit","link":"https:\/\/www.shqiperia.com\/blog\/category\/blogu-i-udhetarit\/"},"img":{"alt_text":"","src":"https:\/\/i0.wp.com\/www.shqiperia.com\/blog\/wp-content\/uploads\/2026\/06\/Gjurmet-e-kamioneve-1-1.jpg?fit=1150%2C871&ssl=1&resize=350%2C200","width":350,"height":200,"srcset":"https:\/\/i0.wp.com\/www.shqiperia.com\/blog\/wp-content\/uploads\/2026\/06\/Gjurmet-e-kamioneve-1-1.jpg?fit=1150%2C871&ssl=1&resize=350%2C200 1x, https:\/\/i0.wp.com\/www.shqiperia.com\/blog\/wp-content\/uploads\/2026\/06\/Gjurmet-e-kamioneve-1-1.jpg?fit=1150%2C871&ssl=1&resize=525%2C300 1.5x, https:\/\/i0.wp.com\/www.shqiperia.com\/blog\/wp-content\/uploads\/2026\/06\/Gjurmet-e-kamioneve-1-1.jpg?fit=1150%2C871&ssl=1&resize=700%2C400 2x, https:\/\/i0.wp.com\/www.shqiperia.com\/blog\/wp-content\/uploads\/2026\/06\/Gjurmet-e-kamioneve-1-1.jpg?fit=1150%2C871&ssl=1&resize=1050%2C600 3x"},"classes":[]},{"id":100792,"url":"https:\/\/www.shqiperia.com\/blog\/revolucioni-i-zvernecit-dhe-aleanca-e-dyshimte-mes-politikes-dhe-qarqeve-antishqiptare\/","url_meta":{"origin":100823,"position":5},"title":"Revolucioni i Zv\u00ebrnecit dhe  aleanca e  dyshimt\u00eb mes politik\u00ebs dhe qarqeve antishqiptare","author":"Kurt Farka","date":"May 31, 2026","format":false,"excerpt":"31 Maji 2026 Protesta e Zv\u00ebrnecit \u00ebsht\u00eb shnd\u00ebrruar n\u00eb nj\u00eb tragjikomedi ku nd\u00ebrthuren brenda interesa antishqiptare, politike por dhe biznesesh t\u00eb cil\u00ebt ndjejn\u00eb konkurrenc\u00ebn. Protesta e Zv\u00ebrnecit \u00ebsht\u00eb shnd\u00ebrruar n\u00eb nj\u00eb tragjikomedi ku nd\u00ebrthuren brenda interesa antishqiptare, politike por dhe biznesesh t\u00eb cil\u00ebt ndjejn\u00eb konkurrenc\u00ebn e nj\u00eb investimi q\u00eb do\u2026","rel":"","context":"In &quot;Blogu i Udh\u00ebtarit&quot;","block_context":{"text":"Blogu i Udh\u00ebtarit","link":"https:\/\/www.shqiperia.com\/blog\/category\/blogu-i-udhetarit\/"},"img":{"alt_text":"","src":"https:\/\/i0.wp.com\/www.shqiperia.com\/blog\/wp-content\/uploads\/2026\/05\/Protesta-ne-Zvernec.png?fit=1200%2C630&ssl=1&resize=350%2C200","width":350,"height":200,"srcset":"https:\/\/i0.wp.com\/www.shqiperia.com\/blog\/wp-content\/uploads\/2026\/05\/Protesta-ne-Zvernec.png?fit=1200%2C630&ssl=1&resize=350%2C200 1x, https:\/\/i0.wp.com\/www.shqiperia.com\/blog\/wp-content\/uploads\/2026\/05\/Protesta-ne-Zvernec.png?fit=1200%2C630&ssl=1&resize=525%2C300 1.5x, https:\/\/i0.wp.com\/www.shqiperia.com\/blog\/wp-content\/uploads\/2026\/05\/Protesta-ne-Zvernec.png?fit=1200%2C630&ssl=1&resize=700%2C400 2x, https:\/\/i0.wp.com\/www.shqiperia.com\/blog\/wp-content\/uploads\/2026\/05\/Protesta-ne-Zvernec.png?fit=1200%2C630&ssl=1&resize=1050%2C600 3x"},"classes":[]}],"_links":{"self":[{"href":"https:\/\/www.shqiperia.com\/blog\/wp-json\/wp\/v2\/posts\/100823","targetHints":{"allow":["GET"]}}],"collection":[{"href":"https:\/\/www.shqiperia.com\/blog\/wp-json\/wp\/v2\/posts"}],"about":[{"href":"https:\/\/www.shqiperia.com\/blog\/wp-json\/wp\/v2\/types\/post"}],"author":[{"embeddable":true,"href":"https:\/\/www.shqiperia.com\/blog\/wp-json\/wp\/v2\/users\/9"}],"replies":[{"embeddable":true,"href":"https:\/\/www.shqiperia.com\/blog\/wp-json\/wp\/v2\/comments?post=100823"}],"version-history":[{"count":1,"href":"https:\/\/www.shqiperia.com\/blog\/wp-json\/wp\/v2\/posts\/100823\/revisions"}],"predecessor-version":[{"id":100825,"href":"https:\/\/www.shqiperia.com\/blog\/wp-json\/wp\/v2\/posts\/100823\/revisions\/100825"}],"wp:featuredmedia":[{"embeddable":true,"href":"https:\/\/www.shqiperia.com\/blog\/wp-json\/wp\/v2\/media\/100824"}],"wp:attachment":[{"href":"https:\/\/www.shqiperia.com\/blog\/wp-json\/wp\/v2\/media?parent=100823"}],"wp:term":[{"taxonomy":"category","embeddable":true,"href":"https:\/\/www.shqiperia.com\/blog\/wp-json\/wp\/v2\/categories?post=100823"},{"taxonomy":"post_tag","embeddable":true,"href":"https:\/\/www.shqiperia.com\/blog\/wp-json\/wp\/v2\/tags?post=100823"}],"curies":[{"name":"wp","href":"https:\/\/api.w.org\/{rel}","templated":true}]}}