{"id":100806,"date":"2026-05-31T19:48:21","date_gmt":"2026-05-31T19:48:21","guid":{"rendered":"https:\/\/www.shqiperia.com\/blog\/?p=100806"},"modified":"2026-05-31T19:49:20","modified_gmt":"2026-05-31T19:49:20","slug":"album-foto-filluan-protestat-qytetare","status":"publish","type":"post","link":"https:\/\/www.shqiperia.com\/blog\/album-foto-filluan-protestat-qytetare\/","title":{"rendered":"Album Foto: &#8211; Filluan Protestat Qytetare."},"content":{"rendered":"<div id=\"attachment_100807\" style=\"width: 777px\" class=\"wp-caption alignnone\"><img data-recalc-dims=\"1\" loading=\"lazy\" decoding=\"async\" aria-describedby=\"caption-attachment-100807\" data-attachment-id=\"100807\" data-permalink=\"https:\/\/www.shqiperia.com\/blog\/album-foto-filluan-protestat-qytetare\/protsta-popullore-kunder-ndertimit-ne-zonat-e-mrojtura-5\/\" data-orig-file=\"https:\/\/i0.wp.com\/www.shqiperia.com\/blog\/wp-content\/uploads\/2026\/05\/Protsta-popullore-kunder-ndertimit-ne-zonat-e-Mrojtura-5.jpeg?fit=1280%2C853&amp;ssl=1\" data-orig-size=\"1280,853\" data-comments-opened=\"1\" data-image-meta=\"{&quot;aperture&quot;:&quot;0&quot;,&quot;credit&quot;:&quot;&quot;,&quot;camera&quot;:&quot;&quot;,&quot;caption&quot;:&quot;&quot;,&quot;created_timestamp&quot;:&quot;0&quot;,&quot;copyright&quot;:&quot;&quot;,&quot;focal_length&quot;:&quot;0&quot;,&quot;iso&quot;:&quot;0&quot;,&quot;shutter_speed&quot;:&quot;0&quot;,&quot;title&quot;:&quot;&quot;,&quot;orientation&quot;:&quot;0&quot;}\" data-image-title=\"Protsta popullore kunder ndertimit ne zonat e Mbrojtura\" data-image-description=\"\" data-image-caption=\"&lt;p&gt;Protsta popullore kunder ndertimit ne zonat e Mrojtura&lt;\/p&gt;\n\" data-medium-file=\"https:\/\/i0.wp.com\/www.shqiperia.com\/blog\/wp-content\/uploads\/2026\/05\/Protsta-popullore-kunder-ndertimit-ne-zonat-e-Mrojtura-5.jpeg?fit=300%2C200&amp;ssl=1\" data-large-file=\"https:\/\/i0.wp.com\/www.shqiperia.com\/blog\/wp-content\/uploads\/2026\/05\/Protsta-popullore-kunder-ndertimit-ne-zonat-e-Mrojtura-5.jpeg?fit=1024%2C682&amp;ssl=1\" class=\" wp-image-100807\" alt=\"\" src=\"https:\/\/i0.wp.com\/www.shqiperia.com\/blog\/wp-content\/uploads\/2026\/05\/Protsta-popullore-kunder-ndertimit-ne-zonat-e-Mrojtura-5.jpeg?resize=767%2C511&#038;ssl=1\" width=\"767\" height=\"511\" srcset=\"https:\/\/i0.wp.com\/www.shqiperia.com\/blog\/wp-content\/uploads\/2026\/05\/Protsta-popullore-kunder-ndertimit-ne-zonat-e-Mrojtura-5.jpeg?resize=300%2C200&amp;ssl=1 300w, https:\/\/i0.wp.com\/www.shqiperia.com\/blog\/wp-content\/uploads\/2026\/05\/Protsta-popullore-kunder-ndertimit-ne-zonat-e-Mrojtura-5.jpeg?resize=1024%2C682&amp;ssl=1 1024w, https:\/\/i0.wp.com\/www.shqiperia.com\/blog\/wp-content\/uploads\/2026\/05\/Protsta-popullore-kunder-ndertimit-ne-zonat-e-Mrojtura-5.jpeg?resize=768%2C512&amp;ssl=1 768w, https:\/\/i0.wp.com\/www.shqiperia.com\/blog\/wp-content\/uploads\/2026\/05\/Protsta-popullore-kunder-ndertimit-ne-zonat-e-Mrojtura-5.jpeg?resize=600%2C400&amp;ssl=1 600w, https:\/\/i0.wp.com\/www.shqiperia.com\/blog\/wp-content\/uploads\/2026\/05\/Protsta-popullore-kunder-ndertimit-ne-zonat-e-Mrojtura-5.jpeg?resize=450%2C300&amp;ssl=1 450w, https:\/\/i0.wp.com\/www.shqiperia.com\/blog\/wp-content\/uploads\/2026\/05\/Protsta-popullore-kunder-ndertimit-ne-zonat-e-Mrojtura-5.jpeg?resize=400%2C267&amp;ssl=1 400w, https:\/\/i0.wp.com\/www.shqiperia.com\/blog\/wp-content\/uploads\/2026\/05\/Protsta-popullore-kunder-ndertimit-ne-zonat-e-Mrojtura-5.jpeg?w=1280&amp;ssl=1 1280w\" sizes=\"auto, (max-width: 767px) 100vw, 767px\" \/><p id=\"caption-attachment-100807\" class=\"wp-caption-text\">Protsta popullore kunder ndertimit ne zonat e Mrojtura<\/p><\/div>\n<p>31 Maji 2026<\/p>\n<p>Sot ne Tirane per dy ore rrjesht eshte organizuar nje proteste e organizuar nga qytetaret. Si duket do kemi perseritjen e protestave popullore kunder Armeve Kimime.<\/p>\n<div id=\"attachment_100808\" style=\"width: 990px\" class=\"wp-caption alignnone\"><img data-recalc-dims=\"1\" loading=\"lazy\" decoding=\"async\" aria-describedby=\"caption-attachment-100808\" data-attachment-id=\"100808\" data-permalink=\"https:\/\/www.shqiperia.com\/blog\/album-foto-filluan-protestat-qytetare\/protsta-popullore-kunder-ndertimit-ne-zonat-e-mbrojtura-4\/\" data-orig-file=\"https:\/\/i0.wp.com\/www.shqiperia.com\/blog\/wp-content\/uploads\/2026\/05\/Protsta-popullore-kunder-ndertimit-ne-zonat-e-Mbrojtura-4.jpeg?fit=1280%2C853&amp;ssl=1\" data-orig-size=\"1280,853\" data-comments-opened=\"1\" data-image-meta=\"{&quot;aperture&quot;:&quot;0&quot;,&quot;credit&quot;:&quot;&quot;,&quot;camera&quot;:&quot;&quot;,&quot;caption&quot;:&quot;&quot;,&quot;created_timestamp&quot;:&quot;0&quot;,&quot;copyright&quot;:&quot;&quot;,&quot;focal_length&quot;:&quot;0&quot;,&quot;iso&quot;:&quot;0&quot;,&quot;shutter_speed&quot;:&quot;0&quot;,&quot;title&quot;:&quot;&quot;,&quot;orientation&quot;:&quot;0&quot;}\" data-image-title=\"Protsta popullore kunder ndertimit ne zonat e Mbrojtura\" data-image-description=\"\" data-image-caption=\"&lt;p&gt;Protsta popullore kunder ndertimit ne zonat e Mbrojtura&lt;\/p&gt;\n\" data-medium-file=\"https:\/\/i0.wp.com\/www.shqiperia.com\/blog\/wp-content\/uploads\/2026\/05\/Protsta-popullore-kunder-ndertimit-ne-zonat-e-Mbrojtura-4.jpeg?fit=300%2C200&amp;ssl=1\" data-large-file=\"https:\/\/i0.wp.com\/www.shqiperia.com\/blog\/wp-content\/uploads\/2026\/05\/Protsta-popullore-kunder-ndertimit-ne-zonat-e-Mbrojtura-4.jpeg?fit=1024%2C682&amp;ssl=1\" class=\" wp-image-100808\" alt=\"\" src=\"https:\/\/i0.wp.com\/www.shqiperia.com\/blog\/wp-content\/uploads\/2026\/05\/Protsta-popullore-kunder-ndertimit-ne-zonat-e-Mbrojtura-4.jpeg?resize=980%2C653&#038;ssl=1\" width=\"980\" height=\"653\" srcset=\"https:\/\/i0.wp.com\/www.shqiperia.com\/blog\/wp-content\/uploads\/2026\/05\/Protsta-popullore-kunder-ndertimit-ne-zonat-e-Mbrojtura-4.jpeg?resize=300%2C200&amp;ssl=1 300w, https:\/\/i0.wp.com\/www.shqiperia.com\/blog\/wp-content\/uploads\/2026\/05\/Protsta-popullore-kunder-ndertimit-ne-zonat-e-Mbrojtura-4.jpeg?resize=1024%2C682&amp;ssl=1 1024w, https:\/\/i0.wp.com\/www.shqiperia.com\/blog\/wp-content\/uploads\/2026\/05\/Protsta-popullore-kunder-ndertimit-ne-zonat-e-Mbrojtura-4.jpeg?resize=768%2C512&amp;ssl=1 768w, https:\/\/i0.wp.com\/www.shqiperia.com\/blog\/wp-content\/uploads\/2026\/05\/Protsta-popullore-kunder-ndertimit-ne-zonat-e-Mbrojtura-4.jpeg?resize=600%2C400&amp;ssl=1 600w, https:\/\/i0.wp.com\/www.shqiperia.com\/blog\/wp-content\/uploads\/2026\/05\/Protsta-popullore-kunder-ndertimit-ne-zonat-e-Mbrojtura-4.jpeg?resize=450%2C300&amp;ssl=1 450w, https:\/\/i0.wp.com\/www.shqiperia.com\/blog\/wp-content\/uploads\/2026\/05\/Protsta-popullore-kunder-ndertimit-ne-zonat-e-Mbrojtura-4.jpeg?resize=400%2C267&amp;ssl=1 400w, https:\/\/i0.wp.com\/www.shqiperia.com\/blog\/wp-content\/uploads\/2026\/05\/Protsta-popullore-kunder-ndertimit-ne-zonat-e-Mbrojtura-4.jpeg?w=1280&amp;ssl=1 1280w\" sizes=\"auto, (max-width: 980px) 100vw, 980px\" \/><p id=\"caption-attachment-100808\" class=\"wp-caption-text\">Protsta popullore kunder ndertimit ne zonat e Mbrojtura<\/p><\/div>\n<p>Po japim foto nga kjo proteste ku nuk pati lamuj partiak: Vetem Flamuri Kombetar.<\/p>\n<div id=\"attachment_100809\" style=\"width: 808px\" class=\"wp-caption alignnone\"><img data-recalc-dims=\"1\" loading=\"lazy\" decoding=\"async\" aria-describedby=\"caption-attachment-100809\" data-attachment-id=\"100809\" data-permalink=\"https:\/\/www.shqiperia.com\/blog\/album-foto-filluan-protestat-qytetare\/protsta-popullore-kunder-ndertimit-ne-zonat-e-mbrojtura-2\/\" data-orig-file=\"https:\/\/i0.wp.com\/www.shqiperia.com\/blog\/wp-content\/uploads\/2026\/05\/Protsta-popullore-kunder-ndertimit-ne-zonat-e-Mbrojtura-2.jpg?fit=1080%2C956&amp;ssl=1\" data-orig-size=\"1080,956\" data-comments-opened=\"1\" data-image-meta=\"{&quot;aperture&quot;:&quot;0&quot;,&quot;credit&quot;:&quot;&quot;,&quot;camera&quot;:&quot;&quot;,&quot;caption&quot;:&quot;&quot;,&quot;created_timestamp&quot;:&quot;0&quot;,&quot;copyright&quot;:&quot;&quot;,&quot;focal_length&quot;:&quot;0&quot;,&quot;iso&quot;:&quot;0&quot;,&quot;shutter_speed&quot;:&quot;0&quot;,&quot;title&quot;:&quot;&quot;,&quot;orientation&quot;:&quot;0&quot;}\" data-image-title=\"Protsta popullore kunder ndertimit ne zonat e Mbrojtura\" data-image-description=\"\" data-image-caption=\"&lt;p&gt;Protsta popullore kunder ndertimit ne zonat e Mbrojtura &lt;\/p&gt;\n\" data-medium-file=\"https:\/\/i0.wp.com\/www.shqiperia.com\/blog\/wp-content\/uploads\/2026\/05\/Protsta-popullore-kunder-ndertimit-ne-zonat-e-Mbrojtura-2.jpg?fit=300%2C266&amp;ssl=1\" data-large-file=\"https:\/\/i0.wp.com\/www.shqiperia.com\/blog\/wp-content\/uploads\/2026\/05\/Protsta-popullore-kunder-ndertimit-ne-zonat-e-Mbrojtura-2.jpg?fit=1024%2C906&amp;ssl=1\" class=\" wp-image-100809\" alt=\"\" src=\"https:\/\/i0.wp.com\/www.shqiperia.com\/blog\/wp-content\/uploads\/2026\/05\/Protsta-popullore-kunder-ndertimit-ne-zonat-e-Mbrojtura-2.jpg?resize=798%2C708&#038;ssl=1\" width=\"798\" height=\"708\" srcset=\"https:\/\/i0.wp.com\/www.shqiperia.com\/blog\/wp-content\/uploads\/2026\/05\/Protsta-popullore-kunder-ndertimit-ne-zonat-e-Mbrojtura-2.jpg?resize=300%2C266&amp;ssl=1 300w, https:\/\/i0.wp.com\/www.shqiperia.com\/blog\/wp-content\/uploads\/2026\/05\/Protsta-popullore-kunder-ndertimit-ne-zonat-e-Mbrojtura-2.jpg?resize=768%2C680&amp;ssl=1 768w, https:\/\/i0.wp.com\/www.shqiperia.com\/blog\/wp-content\/uploads\/2026\/05\/Protsta-popullore-kunder-ndertimit-ne-zonat-e-Mbrojtura-2.jpg?resize=450%2C398&amp;ssl=1 450w, https:\/\/i0.wp.com\/www.shqiperia.com\/blog\/wp-content\/uploads\/2026\/05\/Protsta-popullore-kunder-ndertimit-ne-zonat-e-Mbrojtura-2.jpg?resize=600%2C531&amp;ssl=1 600w, https:\/\/i0.wp.com\/www.shqiperia.com\/blog\/wp-content\/uploads\/2026\/05\/Protsta-popullore-kunder-ndertimit-ne-zonat-e-Mbrojtura-2.jpg?resize=400%2C354&amp;ssl=1 400w\" sizes=\"auto, (max-width: 798px) 100vw, 798px\" \/><p id=\"caption-attachment-100809\" class=\"wp-caption-text\">Protsta popullore kunder ndertimit ne zonat e Mbrojtura.<\/p><\/div>\n<div id=\"attachment_100811\" style=\"width: 826px\" class=\"wp-caption alignnone\"><img data-recalc-dims=\"1\" loading=\"lazy\" decoding=\"async\" aria-describedby=\"caption-attachment-100811\" data-attachment-id=\"100811\" data-permalink=\"https:\/\/www.shqiperia.com\/blog\/album-foto-filluan-protestat-qytetare\/protsta-popullore-kunder-ndertimit-ne-zonat-e-mbrojtura-3-2\/\" data-orig-file=\"https:\/\/i0.wp.com\/www.shqiperia.com\/blog\/wp-content\/uploads\/2026\/05\/Protsta-popullore-kunder-ndertimit-ne-zonat-e-Mbrojtura-3-1.jpeg?fit=1280%2C853&amp;ssl=1\" data-orig-size=\"1280,853\" data-comments-opened=\"1\" data-image-meta=\"{&quot;aperture&quot;:&quot;0&quot;,&quot;credit&quot;:&quot;&quot;,&quot;camera&quot;:&quot;&quot;,&quot;caption&quot;:&quot;&quot;,&quot;created_timestamp&quot;:&quot;0&quot;,&quot;copyright&quot;:&quot;&quot;,&quot;focal_length&quot;:&quot;0&quot;,&quot;iso&quot;:&quot;0&quot;,&quot;shutter_speed&quot;:&quot;0&quot;,&quot;title&quot;:&quot;&quot;,&quot;orientation&quot;:&quot;0&quot;}\" data-image-title=\"Protsta popullore kunder ndertimit ne zonat e Mbrojtura (3)\" data-image-description=\"\" data-image-caption=\"&lt;p&gt;Protsta popullore kunder ndertimit ne zonat e Mbrojtura &lt;\/p&gt;\n\" data-medium-file=\"https:\/\/i0.wp.com\/www.shqiperia.com\/blog\/wp-content\/uploads\/2026\/05\/Protsta-popullore-kunder-ndertimit-ne-zonat-e-Mbrojtura-3-1.jpeg?fit=300%2C200&amp;ssl=1\" data-large-file=\"https:\/\/i0.wp.com\/www.shqiperia.com\/blog\/wp-content\/uploads\/2026\/05\/Protsta-popullore-kunder-ndertimit-ne-zonat-e-Mbrojtura-3-1.jpeg?fit=1024%2C682&amp;ssl=1\" class=\" wp-image-100811\" alt=\"\" src=\"https:\/\/i0.wp.com\/www.shqiperia.com\/blog\/wp-content\/uploads\/2026\/05\/Protsta-popullore-kunder-ndertimit-ne-zonat-e-Mbrojtura-3-1.jpeg?resize=816%2C544&#038;ssl=1\" width=\"816\" height=\"544\" srcset=\"https:\/\/i0.wp.com\/www.shqiperia.com\/blog\/wp-content\/uploads\/2026\/05\/Protsta-popullore-kunder-ndertimit-ne-zonat-e-Mbrojtura-3-1.jpeg?resize=300%2C200&amp;ssl=1 300w, https:\/\/i0.wp.com\/www.shqiperia.com\/blog\/wp-content\/uploads\/2026\/05\/Protsta-popullore-kunder-ndertimit-ne-zonat-e-Mbrojtura-3-1.jpeg?resize=1024%2C682&amp;ssl=1 1024w, https:\/\/i0.wp.com\/www.shqiperia.com\/blog\/wp-content\/uploads\/2026\/05\/Protsta-popullore-kunder-ndertimit-ne-zonat-e-Mbrojtura-3-1.jpeg?resize=768%2C512&amp;ssl=1 768w, https:\/\/i0.wp.com\/www.shqiperia.com\/blog\/wp-content\/uploads\/2026\/05\/Protsta-popullore-kunder-ndertimit-ne-zonat-e-Mbrojtura-3-1.jpeg?resize=600%2C400&amp;ssl=1 600w, https:\/\/i0.wp.com\/www.shqiperia.com\/blog\/wp-content\/uploads\/2026\/05\/Protsta-popullore-kunder-ndertimit-ne-zonat-e-Mbrojtura-3-1.jpeg?resize=450%2C300&amp;ssl=1 450w, https:\/\/i0.wp.com\/www.shqiperia.com\/blog\/wp-content\/uploads\/2026\/05\/Protsta-popullore-kunder-ndertimit-ne-zonat-e-Mbrojtura-3-1.jpeg?resize=400%2C267&amp;ssl=1 400w, https:\/\/i0.wp.com\/www.shqiperia.com\/blog\/wp-content\/uploads\/2026\/05\/Protsta-popullore-kunder-ndertimit-ne-zonat-e-Mbrojtura-3-1.jpeg?w=1280&amp;ssl=1 1280w\" sizes=\"auto, (max-width: 816px) 100vw, 816px\" \/><p id=\"caption-attachment-100811\" class=\"wp-caption-text\">Protsta popullore kunder ndertimit ne zonat e Mbrojtura.<\/p><\/div>\n<div id=\"attachment_100812\" style=\"width: 813px\" class=\"wp-caption alignnone\"><img data-recalc-dims=\"1\" loading=\"lazy\" decoding=\"async\" aria-describedby=\"caption-attachment-100812\" data-attachment-id=\"100812\" data-permalink=\"https:\/\/www.shqiperia.com\/blog\/album-foto-filluan-protestat-qytetare\/protsta-popullore-kunder-ndertimit-ne-zonat-e-mbrojtura\/\" data-orig-file=\"https:\/\/i0.wp.com\/www.shqiperia.com\/blog\/wp-content\/uploads\/2026\/05\/0-1.jpg?fit=480%2C360&amp;ssl=1\" data-orig-size=\"480,360\" data-comments-opened=\"1\" data-image-meta=\"{&quot;aperture&quot;:&quot;0&quot;,&quot;credit&quot;:&quot;&quot;,&quot;camera&quot;:&quot;&quot;,&quot;caption&quot;:&quot;&quot;,&quot;created_timestamp&quot;:&quot;0&quot;,&quot;copyright&quot;:&quot;&quot;,&quot;focal_length&quot;:&quot;0&quot;,&quot;iso&quot;:&quot;0&quot;,&quot;shutter_speed&quot;:&quot;0&quot;,&quot;title&quot;:&quot;&quot;,&quot;orientation&quot;:&quot;0&quot;}\" data-image-title=\"Protsta popullore kunder ndertimit ne zonat e Mbrojtura\" data-image-description=\"\" data-image-caption=\"&lt;p&gt;Protsta popullore kunder ndertimit ne zonat e Mbrojtura &lt;\/p&gt;\n\" data-medium-file=\"https:\/\/i0.wp.com\/www.shqiperia.com\/blog\/wp-content\/uploads\/2026\/05\/0-1.jpg?fit=300%2C225&amp;ssl=1\" data-large-file=\"https:\/\/i0.wp.com\/www.shqiperia.com\/blog\/wp-content\/uploads\/2026\/05\/0-1.jpg?fit=480%2C360&amp;ssl=1\" class=\" wp-image-100812\" alt=\"\" src=\"https:\/\/i0.wp.com\/www.shqiperia.com\/blog\/wp-content\/uploads\/2026\/05\/0-1.jpg?resize=803%2C602&#038;ssl=1\" width=\"803\" height=\"602\" srcset=\"https:\/\/i0.wp.com\/www.shqiperia.com\/blog\/wp-content\/uploads\/2026\/05\/0-1.jpg?resize=300%2C225&amp;ssl=1 300w, https:\/\/i0.wp.com\/www.shqiperia.com\/blog\/wp-content\/uploads\/2026\/05\/0-1.jpg?resize=450%2C338&amp;ssl=1 450w, https:\/\/i0.wp.com\/www.shqiperia.com\/blog\/wp-content\/uploads\/2026\/05\/0-1.jpg?resize=400%2C300&amp;ssl=1 400w, https:\/\/i0.wp.com\/www.shqiperia.com\/blog\/wp-content\/uploads\/2026\/05\/0-1.jpg?w=480&amp;ssl=1 480w\" sizes=\"auto, (max-width: 803px) 100vw, 803px\" \/><p id=\"caption-attachment-100812\" class=\"wp-caption-text\">Protsta popullore kunder ndertimit ne zonat e Mbrojtura.<\/p><\/div>\n<div id=\"attachment_100813\" style=\"width: 820px\" class=\"wp-caption alignnone\"><img data-recalc-dims=\"1\" loading=\"lazy\" decoding=\"async\" aria-describedby=\"caption-attachment-100813\" data-attachment-id=\"100813\" data-permalink=\"https:\/\/www.shqiperia.com\/blog\/album-foto-filluan-protestat-qytetare\/protsta-popullore-kunder-ndertimit-ne-zonat-e-mbrojtura-5\/\" data-orig-file=\"https:\/\/i0.wp.com\/www.shqiperia.com\/blog\/wp-content\/uploads\/2026\/05\/Protsta-popullore-kunder-ndertimit-ne-zonat-e-Mbrojtura.jpg?fit=1080%2C930&amp;ssl=1\" data-orig-size=\"1080,930\" data-comments-opened=\"1\" data-image-meta=\"{&quot;aperture&quot;:&quot;0&quot;,&quot;credit&quot;:&quot;&quot;,&quot;camera&quot;:&quot;&quot;,&quot;caption&quot;:&quot;&quot;,&quot;created_timestamp&quot;:&quot;0&quot;,&quot;copyright&quot;:&quot;&quot;,&quot;focal_length&quot;:&quot;0&quot;,&quot;iso&quot;:&quot;0&quot;,&quot;shutter_speed&quot;:&quot;0&quot;,&quot;title&quot;:&quot;&quot;,&quot;orientation&quot;:&quot;0&quot;}\" data-image-title=\"Protsta popullore kunder ndertimit ne zonat e Mbrojtura\" data-image-description=\"\" data-image-caption=\"&lt;p&gt;Protsta popullore kunder ndertimit ne zonat e Mbrojtura &lt;\/p&gt;\n\" data-medium-file=\"https:\/\/i0.wp.com\/www.shqiperia.com\/blog\/wp-content\/uploads\/2026\/05\/Protsta-popullore-kunder-ndertimit-ne-zonat-e-Mbrojtura.jpg?fit=300%2C258&amp;ssl=1\" data-large-file=\"https:\/\/i0.wp.com\/www.shqiperia.com\/blog\/wp-content\/uploads\/2026\/05\/Protsta-popullore-kunder-ndertimit-ne-zonat-e-Mbrojtura.jpg?fit=1024%2C882&amp;ssl=1\" class=\" wp-image-100813\" alt=\"\" src=\"https:\/\/i0.wp.com\/www.shqiperia.com\/blog\/wp-content\/uploads\/2026\/05\/Protsta-popullore-kunder-ndertimit-ne-zonat-e-Mbrojtura.jpg?resize=810%2C697&#038;ssl=1\" width=\"810\" height=\"697\" srcset=\"https:\/\/i0.wp.com\/www.shqiperia.com\/blog\/wp-content\/uploads\/2026\/05\/Protsta-popullore-kunder-ndertimit-ne-zonat-e-Mbrojtura.jpg?resize=300%2C258&amp;ssl=1 300w, https:\/\/i0.wp.com\/www.shqiperia.com\/blog\/wp-content\/uploads\/2026\/05\/Protsta-popullore-kunder-ndertimit-ne-zonat-e-Mbrojtura.jpg?resize=1024%2C882&amp;ssl=1 1024w, https:\/\/i0.wp.com\/www.shqiperia.com\/blog\/wp-content\/uploads\/2026\/05\/Protsta-popullore-kunder-ndertimit-ne-zonat-e-Mbrojtura.jpg?resize=768%2C661&amp;ssl=1 768w, https:\/\/i0.wp.com\/www.shqiperia.com\/blog\/wp-content\/uploads\/2026\/05\/Protsta-popullore-kunder-ndertimit-ne-zonat-e-Mbrojtura.jpg?resize=450%2C388&amp;ssl=1 450w, https:\/\/i0.wp.com\/www.shqiperia.com\/blog\/wp-content\/uploads\/2026\/05\/Protsta-popullore-kunder-ndertimit-ne-zonat-e-Mbrojtura.jpg?resize=600%2C517&amp;ssl=1 600w, https:\/\/i0.wp.com\/www.shqiperia.com\/blog\/wp-content\/uploads\/2026\/05\/Protsta-popullore-kunder-ndertimit-ne-zonat-e-Mbrojtura.jpg?resize=400%2C344&amp;ssl=1 400w, https:\/\/i0.wp.com\/www.shqiperia.com\/blog\/wp-content\/uploads\/2026\/05\/Protsta-popullore-kunder-ndertimit-ne-zonat-e-Mbrojtura.jpg?w=1080&amp;ssl=1 1080w\" sizes=\"auto, (max-width: 810px) 100vw, 810px\" \/><p id=\"caption-attachment-100813\" class=\"wp-caption-text\">Protsta popullore kunder ndertimit ne zonat e Mbrojtura<\/p><\/div>\n","protected":false},"excerpt":{"rendered":"<p>31 Maji 2026 Sot ne Tirane per dy ore rrjesht eshte organizuar nje proteste e organizuar nga qytetaret. Si duket do kemi perseritjen e protestave popullore kunder Armeve Kimime. Po japim foto nga kjo proteste ku nuk pati lamuj partiak: Vetem Flamuri Kombetar.<\/p>\n","protected":false},"author":9,"featured_media":100807,"comment_status":"open","ping_status":"open","sticky":false,"template":"","format":"standard","meta":{"jetpack_post_was_ever_published":false,"_jetpack_newsletter_access":"","_jetpack_dont_email_post_to_subs":false,"_jetpack_newsletter_tier_id":0,"_jetpack_memberships_contains_paywalled_content":false,"_jetpack_memberships_contains_paid_content":false,"footnotes":"","jetpack_publicize_message":"","jetpack_publicize_feature_enabled":true,"jetpack_social_post_already_shared":true,"jetpack_social_options":{"image_generator_settings":{"template":"highway","default_image_id":0,"font":"","enabled":false},"version":2}},"categories":[27,10,1,2,35],"tags":[],"class_list":["post-100806","post","type-post","status-publish","format-standard","has-post-thumbnail","hentry","category-blogu-i-udhetarit","category-kultura","category-njoftime-shtypi","category-politika","category-shoqerore"],"jetpack_publicize_connections":[],"jetpack_featured_media_url":"https:\/\/i0.wp.com\/www.shqiperia.com\/blog\/wp-content\/uploads\/2026\/05\/Protsta-popullore-kunder-ndertimit-ne-zonat-e-Mrojtura-5.jpeg?fit=1280%2C853&ssl=1","jetpack_sharing_enabled":true,"jetpack_shortlink":"https:\/\/wp.me\/p5Z6wp-qdU","jetpack-related-posts":[{"id":100839,"url":"https:\/\/www.shqiperia.com\/blog\/protesta-qytetare-ne-tirane-shqiperia-nuk-shitet\/","url_meta":{"origin":100806,"position":0},"title":"Protesta Qytetare ne Tirane: &#8211; Shqip\u00ebria nuk shitet.","author":"Kurt Farka","date":"June 1, 2026","format":false,"excerpt":"1 Qershor 2026 Protestuesit therrisni: - Se mjaft ne roberi o e mjera Shqiperi. ... \u00cbsht\u00eb mbajtur dje protesta n\u00eb Tiran\u00eb kund\u00ebr nd\u00ebrtimeve n\u00eb zonat e mbrojtura, p\u00ebr m\u00eb shum\u00eb se dy or\u00eb. Qytetar\u00eb t\u00eb shumt\u00eb jan\u00eb b\u00ebr\u00eb bashk\u00eb nd\u00ebrsa k\u00ebrkojn\u00eb anulimin e projektit. Protestuesit njoftuan se protesta do t\u00eb\u2026","rel":"","context":"In &quot;Blogu i Udh\u00ebtarit&quot;","block_context":{"text":"Blogu i Udh\u00ebtarit","link":"https:\/\/www.shqiperia.com\/blog\/category\/blogu-i-udhetarit\/"},"img":{"alt_text":"","src":"https:\/\/i0.wp.com\/www.shqiperia.com\/blog\/wp-content\/uploads\/2026\/05\/Protsta-popullore-kunder-ndertimit-ne-zonat-e-Mrojtura-5-300x200.jpeg?resize=350%2C200&ssl=1","width":350,"height":200,"srcset":"https:\/\/i0.wp.com\/www.shqiperia.com\/blog\/wp-content\/uploads\/2026\/05\/Protsta-popullore-kunder-ndertimit-ne-zonat-e-Mrojtura-5-300x200.jpeg?resize=350%2C200&ssl=1 1x, https:\/\/i0.wp.com\/www.shqiperia.com\/blog\/wp-content\/uploads\/2026\/05\/Protsta-popullore-kunder-ndertimit-ne-zonat-e-Mrojtura-5-300x200.jpeg?resize=525%2C300&ssl=1 1.5x"},"classes":[]},{"id":101407,"url":"https:\/\/www.shqiperia.com\/blog\/socialistet-e-vertete-jane-ne-proteste-jo-ne-antimitingun-e-organizuar-nga-pushteti-arta-dade-shuplake-rames-kerkon-te-tjetersoje-ps-revolta-edhe-kunder-zaptimi\/","url_meta":{"origin":100806,"position":1},"title":"\u201cShqip\u00ebria nuk shitet\u201d\/ Sot protesta e 13-t\u00eb, mij\u00ebra qytetar\u00eb k\u00ebrkojn\u00eb dor\u00ebheqjen e Ram\u00ebs","author":"Kurt Farka","date":"June 12, 2026","format":false,"excerpt":"Mbahet sot n\u00eb Tiran\u00eb protesta e 13 ku qytetar\u00ebt k\u00ebrkojn\u00eb largimin e qeveris\u00eb dhe dor\u00ebheqjen e kryeministrit Edi Rama. Ashtu si edhe n\u00eb protestat e m\u00ebparshme, grumbullimi do t\u00eb nis\u00eb n\u00eb sheshin \u201cSk\u00ebnderbej\u201d dhe m\u00eb pas do t\u00eb marshohet drejt Kryeministris\u00eb. Prej 12 dit\u00ebsh qytetar\u00ebt k\u00ebrkojn\u00eb largimin e qeveris\u00eb dhe\u2026","rel":"","context":"In &quot;Blogu i Udh\u00ebtarit&quot;","block_context":{"text":"Blogu i Udh\u00ebtarit","link":"https:\/\/www.shqiperia.com\/blog\/category\/blogu-i-udhetarit\/"},"img":{"alt_text":"","src":"https:\/\/i0.wp.com\/www.shqiperia.com\/blog\/wp-content\/uploads\/2026\/06\/protestaa.jpg?fit=768%2C432&ssl=1&resize=350%2C200","width":350,"height":200,"srcset":"https:\/\/i0.wp.com\/www.shqiperia.com\/blog\/wp-content\/uploads\/2026\/06\/protestaa.jpg?fit=768%2C432&ssl=1&resize=350%2C200 1x, https:\/\/i0.wp.com\/www.shqiperia.com\/blog\/wp-content\/uploads\/2026\/06\/protestaa.jpg?fit=768%2C432&ssl=1&resize=525%2C300 1.5x, https:\/\/i0.wp.com\/www.shqiperia.com\/blog\/wp-content\/uploads\/2026\/06\/protestaa.jpg?fit=768%2C432&ssl=1&resize=700%2C400 2x"},"classes":[]},{"id":101438,"url":"https:\/\/www.shqiperia.com\/blog\/ju-erdhi-fundi-hajduteve-protesta-kunder-resortit-ne-rrjoll-banoret-cajne-rrethimin-dhe-futen-ne-kantier\/","url_meta":{"origin":100806,"position":2},"title":"\u201cJu erdhi fundi hajdut\u00ebve!\u201d\/ Protesta kund\u00ebr resortit n\u00eb Rrjoll, banor\u00ebt \u201c\u00e7ajn\u00eb\u201d rrethimin dhe futen n\u00eb kantier","author":"Kurt Farka","date":"June 13, 2026","format":false,"excerpt":"Banor\u00ebt e Rrjollit vijojn\u00eb me rezistenc\u00ebn e tyre, nd\u00ebrsa jan\u00eb hedhur s\u00ebrish n\u00eb protest\u00eb. Pasi kan\u00eb \u00e7ar\u00eb nj\u00eb pjes\u00eb t\u00eb rrethimit t\u00eb vendosur nga firma e nd\u00ebrtimit, banor\u00ebt jan\u00eb futur n\u00eb kantier, nd\u00ebrsa kan\u00eb vijuar p\u00ebrplasjet me policin\u00eb. Madje n\u00eb disa momente ka pasur dhe p\u00ebrplasje mes tyre, dhe akuza\u2026","rel":"","context":"In &quot;Blogu i Udh\u00ebtarit&quot;","block_context":{"text":"Blogu i Udh\u00ebtarit","link":"https:\/\/www.shqiperia.com\/blog\/category\/blogu-i-udhetarit\/"},"img":{"alt_text":"","src":"https:\/\/i0.wp.com\/www.shqiperia.com\/blog\/wp-content\/uploads\/2026\/06\/600-388-56cd5e97dbb1095c5403554436073a55.jpg?fit=600%2C388&ssl=1&resize=350%2C200","width":350,"height":200,"srcset":"https:\/\/i0.wp.com\/www.shqiperia.com\/blog\/wp-content\/uploads\/2026\/06\/600-388-56cd5e97dbb1095c5403554436073a55.jpg?fit=600%2C388&ssl=1&resize=350%2C200 1x, https:\/\/i0.wp.com\/www.shqiperia.com\/blog\/wp-content\/uploads\/2026\/06\/600-388-56cd5e97dbb1095c5403554436073a55.jpg?fit=600%2C388&ssl=1&resize=525%2C300 1.5x"},"classes":[]},{"id":101543,"url":"https:\/\/www.shqiperia.com\/blog\/po-ndjekim-protestat-e-qytetareve-pe-kunder-rames-per-zvernecin-te-vendoset-moratorium-per-ndertimet-ne-zonat-e-mbrojtura-dhe-te-shfuqizohet-ligji-rezoluta\/","url_meta":{"origin":100806,"position":3},"title":"\u201cPo ndjekim protestat e qytetar\u00ebve\u201d, PE kund\u00ebr Ram\u00ebs p\u00ebr Zv\u00ebrnecin: T\u00eb vendoset moratorium p\u00ebr nd\u00ebrtimet n\u00eb zonat e mbrojtura dhe t\u00eb shfuqizohet ligji (Rezoluta)","author":"Kurt Farka","date":"June 17, 2026","format":false,"excerpt":"Parlamenti Europian i ka b\u00ebr\u00eb thirrje qeveris\u00eb shqiptare t\u00eb pezulloj\u00eb dh\u00ebnien e lejeve, zhvillimin e punimeve nd\u00ebrtimore dhe \u00e7do nd\u00ebrhyrje tjet\u00ebr zhvillimore n\u00eb zonat e mbrojtura. Kjo k\u00ebrkes\u00eb p\u00ebrfshihet n\u00eb amendamentin 17, t\u00eb shtuar n\u00eb pik\u00ebn 46 t\u00eb rezolut\u00ebs, i cili u miratua t\u00eb m\u00ebrkur\u00ebn gjat\u00eb votimit t\u00eb raportit vjetor\u2026","rel":"","context":"In &quot;Blogu i Udh\u00ebtarit&quot;","block_context":{"text":"Blogu i Udh\u00ebtarit","link":"https:\/\/www.shqiperia.com\/blog\/category\/blogu-i-udhetarit\/"},"img":{"alt_text":"","src":"https:\/\/i0.wp.com\/www.shqiperia.com\/blog\/wp-content\/uploads\/2026\/06\/640-0-1709129359xedi-rama-625-300x228.jpg?resize=350%2C200&ssl=1","width":350,"height":200},"classes":[]},{"id":100816,"url":"https:\/\/www.shqiperia.com\/blog\/protesta-qytetare-zhvendoset-nga-ministria-e-brendshme-te-kryeministria\/","url_meta":{"origin":100806,"position":4},"title":"Protesta Qytetare zhvendoset nga Ministria e Brendshme te Kryeministria","author":"Kurt Farka","date":"May 31, 2026","format":false,"excerpt":"31 Maji 2026 Qytetar\u00eb t\u00eb shum\u00eb jan\u00eb mbledhur p\u00ebrpara Ministris\u00eb s\u00eb Brendshme. Protesta \u00ebsht\u00eb organizuar n\u00eb lidhje me ngjarjen n\u00eb Zv\u00ebrnec, pas dhun\u00ebs s\u00eb ndodhur ndaj qytetar\u00ebve q\u00eb protestonin n\u00eb Zv\u00ebrnec. Banor\u00ebt n\u00eb Zv\u00ebrnec kan\u00eb protestuar kund\u00ebr nd\u00ebrtimeve n\u00eb zon\u00ebn e mbrojtur, nd\u00ebrsa theksojn\u00eb se mbrojn\u00eb pron\u00ebn e tyre. N\u00eb\u2026","rel":"","context":"In &quot;Blogu i Udh\u00ebtarit&quot;","block_context":{"text":"Blogu i Udh\u00ebtarit","link":"https:\/\/www.shqiperia.com\/blog\/category\/blogu-i-udhetarit\/"},"img":{"alt_text":"","src":"https:\/\/i0.wp.com\/www.shqiperia.com\/blog\/wp-content\/uploads\/2026\/05\/Protesta-Qytetare.jpeg?fit=1200%2C800&ssl=1&resize=350%2C200","width":350,"height":200,"srcset":"https:\/\/i0.wp.com\/www.shqiperia.com\/blog\/wp-content\/uploads\/2026\/05\/Protesta-Qytetare.jpeg?fit=1200%2C800&ssl=1&resize=350%2C200 1x, https:\/\/i0.wp.com\/www.shqiperia.com\/blog\/wp-content\/uploads\/2026\/05\/Protesta-Qytetare.jpeg?fit=1200%2C800&ssl=1&resize=525%2C300 1.5x, https:\/\/i0.wp.com\/www.shqiperia.com\/blog\/wp-content\/uploads\/2026\/05\/Protesta-Qytetare.jpeg?fit=1200%2C800&ssl=1&resize=700%2C400 2x, https:\/\/i0.wp.com\/www.shqiperia.com\/blog\/wp-content\/uploads\/2026\/05\/Protesta-Qytetare.jpeg?fit=1200%2C800&ssl=1&resize=1050%2C600 3x"},"classes":[]},{"id":102306,"url":"https:\/\/www.shqiperia.com\/blog\/foto-rama-ne-burg-belinda-ne-burg-mesazhet-pikante-ne-protesten-e-37-kunder-kryeministrit-rruga-per-ne-be-kalon-nga-llogaridhenia\/","url_meta":{"origin":100806,"position":5},"title":"Foto \u201cRama n\u00eb burg, Belinda n\u00eb burg\u201d, mesazhet pikante n\u00eb protest\u00ebn e 37 kund\u00ebr kryeministrit: Rruga p\u00ebr n\u00eb BE kalon nga llogaridh\u00ebnia!","author":"Kurt Farka","date":"July 6, 2026","format":false,"excerpt":"6 Korrik 2026 10 Foto nga Protesta madheshtore, 6 Korrik Shqiptar\u00ebt nj\u00ebz\u00ebri k\u00ebrkojn\u00eb largimin e kryeministrit Edi Rama. \u201cQytetar\u00ebt kan\u00eb mbushur Bulevardin, nd\u00ebrsa b\u00ebjn\u00eb thirrje p\u00ebr dor\u00ebheqjen e kryeministrit, duke argumentuar edhe arsyet \u00a0p\u00ebrse dalin n\u00eb protest\u00eb, duke nisur nga korrupsioni, keqqeverisja dhe shum\u00eb t\u00eb tjera. N\u00eb k\u00ebt\u00eb protest\u00eb nuk\u2026","rel":"","context":"In &quot;Blogu i Udh\u00ebtarit&quot;","block_context":{"text":"Blogu i Udh\u00ebtarit","link":"https:\/\/www.shqiperia.com\/blog\/category\/blogu-i-udhetarit\/"},"img":{"alt_text":"","src":"https:\/\/i0.wp.com\/www.shqiperia.com\/blog\/wp-content\/uploads\/2026\/07\/5d478d92-c978-4b4e-827e-81adf632109e.jpg?fit=1200%2C900&ssl=1&resize=350%2C200","width":350,"height":200,"srcset":"https:\/\/i0.wp.com\/www.shqiperia.com\/blog\/wp-content\/uploads\/2026\/07\/5d478d92-c978-4b4e-827e-81adf632109e.jpg?fit=1200%2C900&ssl=1&resize=350%2C200 1x, https:\/\/i0.wp.com\/www.shqiperia.com\/blog\/wp-content\/uploads\/2026\/07\/5d478d92-c978-4b4e-827e-81adf632109e.jpg?fit=1200%2C900&ssl=1&resize=525%2C300 1.5x, https:\/\/i0.wp.com\/www.shqiperia.com\/blog\/wp-content\/uploads\/2026\/07\/5d478d92-c978-4b4e-827e-81adf632109e.jpg?fit=1200%2C900&ssl=1&resize=700%2C400 2x, https:\/\/i0.wp.com\/www.shqiperia.com\/blog\/wp-content\/uploads\/2026\/07\/5d478d92-c978-4b4e-827e-81adf632109e.jpg?fit=1200%2C900&ssl=1&resize=1050%2C600 3x"},"classes":[]}],"_links":{"self":[{"href":"https:\/\/www.shqiperia.com\/blog\/wp-json\/wp\/v2\/posts\/100806","targetHints":{"allow":["GET"]}}],"collection":[{"href":"https:\/\/www.shqiperia.com\/blog\/wp-json\/wp\/v2\/posts"}],"about":[{"href":"https:\/\/www.shqiperia.com\/blog\/wp-json\/wp\/v2\/types\/post"}],"author":[{"embeddable":true,"href":"https:\/\/www.shqiperia.com\/blog\/wp-json\/wp\/v2\/users\/9"}],"replies":[{"embeddable":true,"href":"https:\/\/www.shqiperia.com\/blog\/wp-json\/wp\/v2\/comments?post=100806"}],"version-history":[{"count":2,"href":"https:\/\/www.shqiperia.com\/blog\/wp-json\/wp\/v2\/posts\/100806\/revisions"}],"predecessor-version":[{"id":100815,"href":"https:\/\/www.shqiperia.com\/blog\/wp-json\/wp\/v2\/posts\/100806\/revisions\/100815"}],"wp:featuredmedia":[{"embeddable":true,"href":"https:\/\/www.shqiperia.com\/blog\/wp-json\/wp\/v2\/media\/100807"}],"wp:attachment":[{"href":"https:\/\/www.shqiperia.com\/blog\/wp-json\/wp\/v2\/media?parent=100806"}],"wp:term":[{"taxonomy":"category","embeddable":true,"href":"https:\/\/www.shqiperia.com\/blog\/wp-json\/wp\/v2\/categories?post=100806"},{"taxonomy":"post_tag","embeddable":true,"href":"https:\/\/www.shqiperia.com\/blog\/wp-json\/wp\/v2\/tags?post=100806"}],"curies":[{"name":"wp","href":"https:\/\/api.w.org\/{rel}","templated":true}]}}